{"id":7209,"date":"2016-05-11T09:42:17","date_gmt":"2016-05-11T07:42:17","guid":{"rendered":"http:\/\/www.tafeldeko.de\/news\/?p=7209"},"modified":"2022-11-09T11:04:50","modified_gmt":"2022-11-09T10:04:50","slug":"gartendeko-fuer-die-schoene-atmosphaere","status":"publish","type":"post","link":"https:\/\/www.tafeldeko.de\/news\/gartendeko-fuer-die-schoene-atmosphaere\/","title":{"rendered":"Gartendeko \u2013 f\u00fcr die sch\u00f6ne Atmosph\u00e4re"},"content":{"rendered":"<p>Die <strong>Gartendeko<\/strong> bietet eine wunderbare M\u00f6glichkeit, den Au\u00dfenbereich zu versch\u00f6nern. Es ist nicht nur der gepflegte Rasen oder das Blumenbeet, was einen sch\u00f6nen Garten ausmacht, sondern eben das Gesamte. Eine kleine Dekofigur hier und da, ein Blumentopf mit einer wundersch\u00f6n bl\u00fchenden Blume und vielleicht die Lichterkette am Wintergarten machen den Garten zu einer <strong>Wohlf\u00fchloase<\/strong> und einem Hingucker. Wer sich zu Hause auch im Au\u00dfenbereich wohlf\u00fchlen m\u00f6chte, wird Wert auf eine sch\u00f6ne Gartendeko legen.<\/p>\n<p><img decoding=\"async\" loading=\"lazy\" src=\"https:\/\/www.tafeldeko.de\/news\/wp-content\/uploads\/2016\/05\/20220613220031_IMG_64831-683x1024.jpg\" sizes=\"(max-width: 683px) 100vw, 683px\" srcset=\"https:\/\/www.tafeldeko.de\/news\/wp-content\/uploads\/2016\/05\/20220613220031_IMG_64831-683x1024.jpg 683w, https:\/\/www.tafeldeko.de\/news\/wp-content\/uploads\/2016\/05\/20220613220031_IMG_64831-200x300.jpg 200w, https:\/\/www.tafeldeko.de\/news\/wp-content\/uploads\/2016\/05\/20220613220031_IMG_64831-768x1152.jpg 768w, https:\/\/www.tafeldeko.de\/news\/wp-content\/uploads\/2016\/05\/20220613220031_IMG_64831-1024x1536.jpg 1024w, https:\/\/www.tafeldeko.de\/news\/wp-content\/uploads\/2016\/05\/20220613220031_IMG_64831-640x960.jpg 640w, https:\/\/www.tafeldeko.de\/news\/wp-content\/uploads\/2016\/05\/20220613220031_IMG_64831.jpg 1280w\" alt=\"\" width=\"683\" height=\"1024\" \/><\/p>\n<h2>Ideen f\u00fcr die Gartendeko<\/h2>\n<p>Gartendeko \u2013 was umfasst dieser Begriff \u00fcberhaupt? Im Grund genommen ist die Rasenfl\u00e4che und die Terrasse oder der Balkon ein Bestandteil der <strong>Gartendekoration<\/strong>. Auch der Wintergarten oder die kleine Holzh\u00fctte, die Hollywoodschaukel und die Sitzecke sind als eine Art Gartendeko zu bezeichnen. Dar\u00fcber hinaus bieten nat\u00fcrlich viele weitere Accessoires die M\u00f6glichkeit, dem Garten den pers\u00f6nlichen Charakter zu verleihen. So kann zum Beispiel die <strong>Sitzecke<\/strong> mit Pflanzk\u00fcbeln und bunten Sommerblumen eingefasst werden. Sitzt man dort und genie\u00dft das Wochenende oder den Feierabend, kommt durch die Deko vielleicht etwas Urlaubsstimmung auf.<br \/>\n<strong>Leuchten und Solarlampen<\/strong> bieten ebenfalls tolle M\u00f6glichkeiten, den Garten zu versch\u00f6nern. Leuchten in Form von Tieren oder in Kugelform verleihen dem Au\u00dfenbereich einen besonderen Charakter. Gerade in den Abendstunden wirkt die Beleuchtung des Gartens wundersch\u00f6n \u2013 ob man inmitten dieses Arrangements sitzt oder es von drinnen sehen kann. Auch <strong>Lichterketten<\/strong>, an Pavillons, Winterg\u00e4rten oder an B\u00e4umen angebracht, verleihen dem Au\u00dfenbereich ebenfalls eine tolle Atmosph\u00e4re.<br \/>\nBunte <strong>Dekofiguren<\/strong> k\u00f6nnen dem einen oder anderen Pl\u00e4tzchen im Gartenbereich einen tollen Hingucker verleihen. Das Bunte lockert nicht nur das Gesamtbild auf, sondern komplettiert das Ganze. Die Auswahl an Dekofiguren ist gro\u00df und da wird auch f\u00fcr Ihren Garten die passende Deko zu finden sein.<br \/>\nWundersch\u00f6n wirken auch <strong>Blumenrabatte<\/strong>, die, mit Steinen umfasst, einen ganz besonderen Blickfang darstellen. Kleine B\u00fcsche und Blumen bilden die Basis dieser Gartendeko. Wei\u00dfe Steine, in besonderer Form als Umrandung gelegt, lassen diese Art der Deko besonders aussehen.<br \/>\nDies waren nur einige wenige Ideen, wie die Gartendeko sich pr\u00e4sentieren kann.<\/p>\n<h2>Weitere Beitr\u00e4ge:<\/h2>\n<h2>Dekoartikel von A-Z<\/h2>\n<p><a href=\"https:\/\/www.tafeldeko.de\/tischdeko-artikel\/\"><br \/>\nJetzt entdecken <\/a><\/p>\n","protected":false},"excerpt":{"rendered":"<p>Die Gartendeko bietet eine wunderbare M\u00f6glichkeit, den Au\u00dfenbereich zu versch\u00f6nern. Es ist nicht nur der gepflegte Rasen oder das Blumenbeet, was einen sch\u00f6nen Garten ausmacht, sondern eben das Gesamte. Eine kleine Dekofigur hier und da, ein Blumentopf mit einer wundersch\u00f6n bl\u00fchenden Blume und vielleicht die Lichterkette am Wintergarten machen den Garten zu einer Wohlf\u00fchloase und [&hellip;]<\/p>\n","protected":false},"author":6,"featured_media":20815,"comment_status":"closed","ping_status":"closed","sticky":false,"template":"","format":"standard","meta":{"footnotes":""},"categories":[1],"tags":[],"yoast_head":"<!-- This site is optimized with the Yoast SEO plugin v20.4 - https:\/\/yoast.com\/wordpress\/plugins\/seo\/ -->\n<title>Gartendeko \u2013 f\u00fcr die sch\u00f6ne Atmosph\u00e4re - Tafeldeko<\/title>\n<meta name=\"description\" content=\"Wer sich zu Hause auch im Au\u00dfenbereich wohlf\u00fchlen m\u00f6chte, wird Wert auf eine sch\u00f6ne Gartendeko legen - Ideen finden Sie bei uns.\" \/>\n<meta name=\"robots\" content=\"index, follow, max-snippet:-1, max-image-preview:large, max-video-preview:-1\" \/>\n<link rel=\"canonical\" href=\"https:\/\/www.tafeldeko.de\/news\/gartendeko-fuer-die-schoene-atmosphaere\/\" \/>\n<meta property=\"og:locale\" content=\"de_DE\" \/>\n<meta property=\"og:type\" content=\"article\" \/>\n<meta property=\"og:title\" content=\"Gartendeko \u2013 f\u00fcr die sch\u00f6ne Atmosph\u00e4re - Tafeldeko\" \/>\n<meta property=\"og:description\" content=\"Wer sich zu Hause auch im Au\u00dfenbereich wohlf\u00fchlen m\u00f6chte, wird Wert auf eine sch\u00f6ne Gartendeko legen - Ideen finden Sie bei uns.\" \/>\n<meta property=\"og:url\" content=\"https:\/\/www.tafeldeko.de\/news\/gartendeko-fuer-die-schoene-atmosphaere\/\" \/>\n<meta property=\"og:site_name\" content=\"Tafeldeko\" \/>\n<meta property=\"article:publisher\" content=\"https:\/\/www.facebook.com\/pages\/Tafeldeko-einzigartige-Tischdekoration\/174202655894\" \/>\n<meta property=\"article:published_time\" content=\"2016-05-11T07:42:17+00:00\" \/>\n<meta property=\"article:modified_time\" content=\"2022-11-09T10:04:50+00:00\" \/>\n<meta property=\"og:image\" content=\"https:\/\/www.tafeldeko.de\/news\/wp-content\/uploads\/2016\/05\/20220613220031_IMG_64831.jpg\" \/>\n\t<meta property=\"og:image:width\" content=\"1280\" \/>\n\t<meta property=\"og:image:height\" content=\"1920\" \/>\n\t<meta property=\"og:image:type\" content=\"image\/jpeg\" \/>\n<meta name=\"author\" content=\"Tafeldeko Deko Team\" \/>\n<meta name=\"twitter:label1\" content=\"Verfasst von\" \/>\n\t<meta name=\"twitter:data1\" content=\"Tafeldeko Deko Team\" \/>\n\t<meta name=\"twitter:label2\" content=\"Gesch\u00e4tzte Lesezeit\" \/>\n\t<meta name=\"twitter:data2\" content=\"3 Minuten\" \/>\n<script type=\"application\/ld+json\" class=\"yoast-schema-graph\">{\"@context\":\"https:\/\/schema.org\",\"@graph\":[{\"@type\":\"WebPage\",\"@id\":\"https:\/\/www.tafeldeko.de\/news\/gartendeko-fuer-die-schoene-atmosphaere\/\",\"url\":\"https:\/\/www.tafeldeko.de\/news\/gartendeko-fuer-die-schoene-atmosphaere\/\",\"name\":\"Gartendeko \u2013 f\u00fcr die sch\u00f6ne Atmosph\u00e4re - Tafeldeko\",\"isPartOf\":{\"@id\":\"https:\/\/www.tafeldeko.de\/news\/#website\"},\"datePublished\":\"2016-05-11T07:42:17+00:00\",\"dateModified\":\"2022-11-09T10:04:50+00:00\",\"author\":{\"@id\":\"https:\/\/www.tafeldeko.de\/news\/#\/schema\/person\/dc309fbb6a3e380919fc08342c3cc233\"},\"description\":\"Wer sich zu Hause auch im Au\u00dfenbereich wohlf\u00fchlen m\u00f6chte, wird Wert auf eine sch\u00f6ne Gartendeko legen - Ideen finden Sie bei uns.\",\"breadcrumb\":{\"@id\":\"https:\/\/www.tafeldeko.de\/news\/gartendeko-fuer-die-schoene-atmosphaere\/#breadcrumb\"},\"inLanguage\":\"de-DE\",\"potentialAction\":[{\"@type\":\"ReadAction\",\"target\":[\"https:\/\/www.tafeldeko.de\/news\/gartendeko-fuer-die-schoene-atmosphaere\/\"]}]},{\"@type\":\"BreadcrumbList\",\"@id\":\"https:\/\/www.tafeldeko.de\/news\/gartendeko-fuer-die-schoene-atmosphaere\/#breadcrumb\",\"itemListElement\":[{\"@type\":\"ListItem\",\"position\":1,\"name\":\"Tafeldeko\",\"item\":\"https:\/\/www.tafeldeko.de\/news\/\"},{\"@type\":\"ListItem\",\"position\":2,\"name\":\"Alte Beitr\u00e4ge\",\"item\":\"https:\/\/www.tafeldeko.de\/news\/alte-beitraege\/\"},{\"@type\":\"ListItem\",\"position\":3,\"name\":\"Tischdeko - Blog\",\"item\":\"https:\/\/www.tafeldeko.de\/news\/alte-beitraege\/tischdeko-blog\/\"},{\"@type\":\"ListItem\",\"position\":4,\"name\":\"Gartendeko \u2013 f\u00fcr die sch\u00f6ne Atmosph\u00e4re\"}]},{\"@type\":\"WebSite\",\"@id\":\"https:\/\/www.tafeldeko.de\/news\/#website\",\"url\":\"https:\/\/www.tafeldeko.de\/news\/\",\"name\":\"Tafeldeko\",\"description\":\"Blog mit Tischdeko und Tischdekoration Ideen\",\"potentialAction\":[{\"@type\":\"SearchAction\",\"target\":{\"@type\":\"EntryPoint\",\"urlTemplate\":\"https:\/\/www.tafeldeko.de\/news\/?s={search_term_string}\"},\"query-input\":\"required name=search_term_string\"}],\"inLanguage\":\"de-DE\"},{\"@type\":\"Person\",\"@id\":\"https:\/\/www.tafeldeko.de\/news\/#\/schema\/person\/dc309fbb6a3e380919fc08342c3cc233\",\"name\":\"Tafeldeko Deko Team\",\"image\":{\"@type\":\"ImageObject\",\"inLanguage\":\"de-DE\",\"@id\":\"https:\/\/www.tafeldeko.de\/news\/#\/schema\/person\/image\/\",\"url\":\"https:\/\/secure.gravatar.com\/avatar\/1e962f4040dc9996f0d200db31598854?s=96&d=mm&r=g\",\"contentUrl\":\"https:\/\/secure.gravatar.com\/avatar\/1e962f4040dc9996f0d200db31598854?s=96&d=mm&r=g\",\"caption\":\"Tafeldeko Deko Team\"}}]}<\/script>\n<!-- \/ Yoast SEO plugin. -->","yoast_head_json":{"title":"Gartendeko \u2013 f\u00fcr die sch\u00f6ne Atmosph\u00e4re - Tafeldeko","description":"Wer sich zu Hause auch im Au\u00dfenbereich wohlf\u00fchlen m\u00f6chte, wird Wert auf eine sch\u00f6ne Gartendeko legen - Ideen finden Sie bei uns.","robots":{"index":"index","follow":"follow","max-snippet":"max-snippet:-1","max-image-preview":"max-image-preview:large","max-video-preview":"max-video-preview:-1"},"canonical":"https:\/\/www.tafeldeko.de\/news\/gartendeko-fuer-die-schoene-atmosphaere\/","og_locale":"de_DE","og_type":"article","og_title":"Gartendeko \u2013 f\u00fcr die sch\u00f6ne Atmosph\u00e4re - Tafeldeko","og_description":"Wer sich zu Hause auch im Au\u00dfenbereich wohlf\u00fchlen m\u00f6chte, wird Wert auf eine sch\u00f6ne Gartendeko legen - Ideen finden Sie bei uns.","og_url":"https:\/\/www.tafeldeko.de\/news\/gartendeko-fuer-die-schoene-atmosphaere\/","og_site_name":"Tafeldeko","article_publisher":"https:\/\/www.facebook.com\/pages\/Tafeldeko-einzigartige-Tischdekoration\/174202655894","article_published_time":"2016-05-11T07:42:17+00:00","article_modified_time":"2022-11-09T10:04:50+00:00","og_image":[{"width":1280,"height":1920,"url":"https:\/\/www.tafeldeko.de\/news\/wp-content\/uploads\/2016\/05\/20220613220031_IMG_64831.jpg","type":"image\/jpeg"}],"author":"Tafeldeko Deko Team","twitter_misc":{"Verfasst von":"Tafeldeko Deko Team","Gesch\u00e4tzte Lesezeit":"3 Minuten"},"schema":{"@context":"https:\/\/schema.org","@graph":[{"@type":"WebPage","@id":"https:\/\/www.tafeldeko.de\/news\/gartendeko-fuer-die-schoene-atmosphaere\/","url":"https:\/\/www.tafeldeko.de\/news\/gartendeko-fuer-die-schoene-atmosphaere\/","name":"Gartendeko \u2013 f\u00fcr die sch\u00f6ne Atmosph\u00e4re - Tafeldeko","isPartOf":{"@id":"https:\/\/www.tafeldeko.de\/news\/#website"},"datePublished":"2016-05-11T07:42:17+00:00","dateModified":"2022-11-09T10:04:50+00:00","author":{"@id":"https:\/\/www.tafeldeko.de\/news\/#\/schema\/person\/dc309fbb6a3e380919fc08342c3cc233"},"description":"Wer sich zu Hause auch im Au\u00dfenbereich wohlf\u00fchlen m\u00f6chte, wird Wert auf eine sch\u00f6ne Gartendeko legen - Ideen finden Sie bei uns.","breadcrumb":{"@id":"https:\/\/www.tafeldeko.de\/news\/gartendeko-fuer-die-schoene-atmosphaere\/#breadcrumb"},"inLanguage":"de-DE","potentialAction":[{"@type":"ReadAction","target":["https:\/\/www.tafeldeko.de\/news\/gartendeko-fuer-die-schoene-atmosphaere\/"]}]},{"@type":"BreadcrumbList","@id":"https:\/\/www.tafeldeko.de\/news\/gartendeko-fuer-die-schoene-atmosphaere\/#breadcrumb","itemListElement":[{"@type":"ListItem","position":1,"name":"Tafeldeko","item":"https:\/\/www.tafeldeko.de\/news\/"},{"@type":"ListItem","position":2,"name":"Alte Beitr\u00e4ge","item":"https:\/\/www.tafeldeko.de\/news\/alte-beitraege\/"},{"@type":"ListItem","position":3,"name":"Tischdeko - Blog","item":"https:\/\/www.tafeldeko.de\/news\/alte-beitraege\/tischdeko-blog\/"},{"@type":"ListItem","position":4,"name":"Gartendeko \u2013 f\u00fcr die sch\u00f6ne Atmosph\u00e4re"}]},{"@type":"WebSite","@id":"https:\/\/www.tafeldeko.de\/news\/#website","url":"https:\/\/www.tafeldeko.de\/news\/","name":"Tafeldeko","description":"Blog mit Tischdeko und Tischdekoration Ideen","potentialAction":[{"@type":"SearchAction","target":{"@type":"EntryPoint","urlTemplate":"https:\/\/www.tafeldeko.de\/news\/?s={search_term_string}"},"query-input":"required name=search_term_string"}],"inLanguage":"de-DE"},{"@type":"Person","@id":"https:\/\/www.tafeldeko.de\/news\/#\/schema\/person\/dc309fbb6a3e380919fc08342c3cc233","name":"Tafeldeko Deko Team","image":{"@type":"ImageObject","inLanguage":"de-DE","@id":"https:\/\/www.tafeldeko.de\/news\/#\/schema\/person\/image\/","url":"https:\/\/secure.gravatar.com\/avatar\/1e962f4040dc9996f0d200db31598854?s=96&d=mm&r=g","contentUrl":"https:\/\/secure.gravatar.com\/avatar\/1e962f4040dc9996f0d200db31598854?s=96&d=mm&r=g","caption":"Tafeldeko Deko Team"}}]}},"_links":{"self":[{"href":"https:\/\/www.tafeldeko.de\/news\/wp-json\/wp\/v2\/posts\/7209"}],"collection":[{"href":"https:\/\/www.tafeldeko.de\/news\/wp-json\/wp\/v2\/posts"}],"about":[{"href":"https:\/\/www.tafeldeko.de\/news\/wp-json\/wp\/v2\/types\/post"}],"author":[{"embeddable":true,"href":"https:\/\/www.tafeldeko.de\/news\/wp-json\/wp\/v2\/users\/6"}],"replies":[{"embeddable":true,"href":"https:\/\/www.tafeldeko.de\/news\/wp-json\/wp\/v2\/comments?post=7209"}],"version-history":[{"count":5,"href":"https:\/\/www.tafeldeko.de\/news\/wp-json\/wp\/v2\/posts\/7209\/revisions"}],"predecessor-version":[{"id":20819,"href":"https:\/\/www.tafeldeko.de\/news\/wp-json\/wp\/v2\/posts\/7209\/revisions\/20819"}],"wp:featuredmedia":[{"embeddable":true,"href":"https:\/\/www.tafeldeko.de\/news\/wp-json\/wp\/v2\/media\/20815"}],"wp:attachment":[{"href":"https:\/\/www.tafeldeko.de\/news\/wp-json\/wp\/v2\/media?parent=7209"}],"wp:term":[{"taxonomy":"category","embeddable":true,"href":"https:\/\/www.tafeldeko.de\/news\/wp-json\/wp\/v2\/categories?post=7209"},{"taxonomy":"post_tag","embeddable":true,"href":"https:\/\/www.tafeldeko.de\/news\/wp-json\/wp\/v2\/tags?post=7209"}],"curies":[{"name":"wp","href":"https:\/\/api.w.org\/{rel}","templated":true}]}}