{"id":718,"date":"2011-12-12T20:09:56","date_gmt":"2011-12-12T18:09:56","guid":{"rendered":"http:\/\/www.tafeldeko.de\/news\/?p=718"},"modified":"2011-12-12T20:09:56","modified_gmt":"2011-12-12T18:09:56","slug":"die-tischdeko-fuer-die-pyjama-party","status":"publish","type":"post","link":"https:\/\/www.tafeldeko.de\/news\/die-tischdeko-fuer-die-pyjama-party\/","title":{"rendered":"Die Tischdeko f\u00fcr die Pyjama-Party"},"content":{"rendered":"<div class=\"textumfliessenrechts\"><img decoding=\"async\" loading=\"lazy\" src=\"https:\/\/www.tafeldeko.de\/news\/media\/users\/schnurchristian\/kerze_im_glas.jpg\" alt=\"Kerze im Glas\" title=\"Kerze im Glas\" width=\"192\" height=\"192\" \/><br \/><a href=\"https:\/\/www.tafeldeko.de\/product_info.php\/products_id\/13352_Glas-Windlicht-Schmetterling-in-Rot--12-cm.html\" title=\"Tischdeko Pyjama-Party\"><b>Tischdeko Pyjama-Party<\/b><\/a><\/div>\n<p> Partys sind stets eine sch\u00f6ne M\u00f6glichkeit, bestimmte Anl\u00e4sse zu feiern. Gerade Geburtstage werden gerne in Form einer Party gefeiert, da bei diesen Anl\u00e4ssen die Feier an sich locker zugeht. Hochzeiten, Kommunionen und Konfirmationen sind hier schon etwas anders, sie werden feierlicher und edler angegangen.<br \/>\nH\u00e4ufig stellt man sich jedoch die Frage, wie man den <b><a href=\"https:\/\/www.tafeldeko.de\/index.php\/cat\/c50_Tischdeko-Geburtstag.html\" title=\"Geburtstag\">Geburtstag<\/a><\/b> feiern k\u00f6nnte. Jedes Jahr die gleiche Feier, die gleiche Tischdeko und die gleiche Deko an sich \u2013 das ist nicht gerade das, was man sich unter einer sch\u00f6nen Feier vorstellt.<br \/>\nEine Party mit einem bestimmten Motto ist immer sehr sch\u00f6n und interessant und vor allen Dingen auch vielf\u00e4ltig.<br \/>\nEs gibt verschiedene M\u00f6glichkeiten, die Party zu feiern.<br \/>\nMottoparty im Stil verschiedener Jahre, Halloween-Party, Oktoberfest oder auch eine <b>Pyjamaparty <\/b>sind auf jeden Fall interessante Varianten, die eine sch\u00f6ne Feier bescheren.<br \/>\nBei den Partys ist es passend, wenn die G\u00e4ste in entsprechender Kleidung ankommen, das hei\u00dft, bei der Pyjama-Party haben die G\u00e4ste Nachthemden und Schlafanz\u00fcge an, was allein schon das Erscheinungsbild sehr lustig macht. Werden der Raum und die Tische noch entsprechend gestaltet, ergibt sich ein perfektes Bild, das eine sch\u00f6ne Party verspricht. <\/p>\n<p><b>Wie kann die Dekoration f\u00fcr die Pyjama-Party aussehen?<\/b><br \/>\nEine tolle M\u00f6glichkeit, die absolut zum Thema \u201eSchlafen\u201c passt, sind die Kerzen im Glas als Lampe. Diese Kerzen \u00e4hneln den klassischen Nachttischlampen und sind somit die ideale Ausstattung f\u00fcr die Tischdeko der Pyjama-Party. In verschiedenen Farben k\u00f6nnen sie die Tische schm\u00fccken, oder man w\u00e4hlt die Farbe, die zu der Tischdeko im Gesamten passt.<br \/>\n<b><a href=\"https:\/\/www.tafeldeko.de\/index.php\/cat\/c1142_Geburtstag---Party.html\" title=\"Servietten\">Servietten<\/a><\/b>, farblich ebenfalls auf die Tischdeko abgestimmt, dienen als M\u00fcndt\u00fccher bei dieser Party. <b><a href=\"https:\/\/www.tafeldeko.de\/index.php\/cat\/c470_B%C3%A4nder.html\" title=\"Tischb\u00e4nder\">Tischb\u00e4nder<\/a><\/b>, Tischl\u00e4ufer, Organza, Sizoweb und andere Deko-Accessoires k\u00f6nnen die Mitte des Tisches schm\u00fccken, und dazu die Kerzen im Glas als Lampe ergibt ein sch\u00f6nes Bild.<br \/>\nGerade weil es bei der Pyjama-Party etwas d\u00e4mmeriger zugeht, sollten viele Kerzen auf den Tischen und sonstigem Mobiliar zu finden sein, wie beispielsweise den Stehtischen.<br \/>\nDie Pyjama-Party ist eine tolle Basis f\u00fcr eine tolle Party und mit entsprechender Tischdeko wundersch\u00f6n.<\/p>\n","protected":false},"excerpt":{"rendered":"<p>Partys sind stets eine sch\u00f6ne M\u00f6glichkeit, bestimmte Anl\u00e4sse zu feiern. Gerade Geburtstage werden gerne in Form einer Party gefeiert, da bei diesen Anl\u00e4ssen die Feier an sich locker zugeht. Hochzeiten, Kommunionen und Konfirmationen sind hier schon etwas anders, sie werden feierlicher und edler angegangen.<br \/>\nH\u00e4ufig stellt man sich jedoch die Frage, wie man den  feiern k\u00f6nnte. Jedes Jahr die gleiche Feier, die gleiche Tischdeko und die gleiche Deko an sich \u2013 das ist nicht gerade das, was man sich unter einer sch\u00f6nen Feier vorstellt.<br \/>\nEine Party mit einem bestimmten Motto ist immer sehr sch\u00f6n und interessant und vor allen Dingen auch vielf\u00e4ltig.<\/p>\n","protected":false},"author":2,"featured_media":719,"comment_status":"open","ping_status":"open","sticky":false,"template":"","format":"standard","meta":{"footnotes":""},"categories":[1],"tags":[],"yoast_head":"<!-- This site is optimized with the Yoast SEO plugin v20.4 - https:\/\/yoast.com\/wordpress\/plugins\/seo\/ -->\n<title>Die Tischdeko f\u00fcr die Pyjama-Party - Tafeldeko<\/title>\n<meta name=\"description\" content=\"Wie k&#xF6;nnen die Dekoration und die Tischdekoration f&#xFC;r die Pyjama-Party aussehen? Wir haben die Ideen und die Accessoires.\" \/>\n<meta name=\"robots\" content=\"index, follow, max-snippet:-1, max-image-preview:large, max-video-preview:-1\" \/>\n<link rel=\"canonical\" href=\"https:\/\/www.tafeldeko.de\/news\/die-tischdeko-fuer-die-pyjama-party\/\" \/>\n<meta property=\"og:locale\" content=\"de_DE\" \/>\n<meta property=\"og:type\" content=\"article\" \/>\n<meta property=\"og:title\" content=\"Die Tischdeko f\u00fcr die Pyjama-Party - Tafeldeko\" \/>\n<meta property=\"og:description\" content=\"Wie k&#xF6;nnen die Dekoration und die Tischdekoration f&#xFC;r die Pyjama-Party aussehen? Wir haben die Ideen und die Accessoires.\" \/>\n<meta property=\"og:url\" content=\"https:\/\/www.tafeldeko.de\/news\/die-tischdeko-fuer-die-pyjama-party\/\" \/>\n<meta property=\"og:site_name\" content=\"Tafeldeko\" \/>\n<meta property=\"article:publisher\" content=\"https:\/\/www.facebook.com\/pages\/Tafeldeko-einzigartige-Tischdekoration\/174202655894\" \/>\n<meta property=\"article:published_time\" content=\"2011-12-12T18:09:56+00:00\" \/>\n<meta property=\"og:image\" content=\"https:\/\/www.tafeldeko.de\/news\/wp-content\/uploads\/2014\/09\/kerze_im_glas.jpg\" \/>\n\t<meta property=\"og:image:width\" content=\"192\" \/>\n\t<meta property=\"og:image:height\" content=\"192\" \/>\n\t<meta property=\"og:image:type\" content=\"image\/jpeg\" \/>\n<meta name=\"author\" content=\"Christiane Stein\" \/>\n<meta name=\"twitter:label1\" content=\"Verfasst von\" \/>\n\t<meta name=\"twitter:data1\" content=\"Christiane Stein\" \/>\n\t<meta name=\"twitter:label2\" content=\"Gesch\u00e4tzte Lesezeit\" \/>\n\t<meta name=\"twitter:data2\" content=\"2 Minuten\" \/>\n<script type=\"application\/ld+json\" class=\"yoast-schema-graph\">{\"@context\":\"https:\/\/schema.org\",\"@graph\":[{\"@type\":\"WebPage\",\"@id\":\"https:\/\/www.tafeldeko.de\/news\/die-tischdeko-fuer-die-pyjama-party\/\",\"url\":\"https:\/\/www.tafeldeko.de\/news\/die-tischdeko-fuer-die-pyjama-party\/\",\"name\":\"Die Tischdeko f\u00fcr die Pyjama-Party - Tafeldeko\",\"isPartOf\":{\"@id\":\"https:\/\/www.tafeldeko.de\/news\/#website\"},\"datePublished\":\"2011-12-12T18:09:56+00:00\",\"dateModified\":\"2011-12-12T18:09:56+00:00\",\"author\":{\"@id\":\"https:\/\/www.tafeldeko.de\/news\/#\/schema\/person\/d2acd86447ed0b6336089a8ba83164a0\"},\"description\":\"Wie k&#xF6;nnen die Dekoration und die Tischdekoration f&#xFC;r die Pyjama-Party aussehen? Wir haben die Ideen und die Accessoires.\",\"breadcrumb\":{\"@id\":\"https:\/\/www.tafeldeko.de\/news\/die-tischdeko-fuer-die-pyjama-party\/#breadcrumb\"},\"inLanguage\":\"de-DE\",\"potentialAction\":[{\"@type\":\"ReadAction\",\"target\":[\"https:\/\/www.tafeldeko.de\/news\/die-tischdeko-fuer-die-pyjama-party\/\"]}]},{\"@type\":\"BreadcrumbList\",\"@id\":\"https:\/\/www.tafeldeko.de\/news\/die-tischdeko-fuer-die-pyjama-party\/#breadcrumb\",\"itemListElement\":[{\"@type\":\"ListItem\",\"position\":1,\"name\":\"Tafeldeko\",\"item\":\"https:\/\/www.tafeldeko.de\/news\/\"},{\"@type\":\"ListItem\",\"position\":2,\"name\":\"Alte Beitr\u00e4ge\",\"item\":\"https:\/\/www.tafeldeko.de\/news\/alte-beitraege\/\"},{\"@type\":\"ListItem\",\"position\":3,\"name\":\"Tischdeko - Blog\",\"item\":\"https:\/\/www.tafeldeko.de\/news\/alte-beitraege\/tischdeko-blog\/\"},{\"@type\":\"ListItem\",\"position\":4,\"name\":\"Die Tischdeko f\u00fcr die Pyjama-Party\"}]},{\"@type\":\"WebSite\",\"@id\":\"https:\/\/www.tafeldeko.de\/news\/#website\",\"url\":\"https:\/\/www.tafeldeko.de\/news\/\",\"name\":\"Tafeldeko\",\"description\":\"Blog mit Tischdeko und Tischdekoration Ideen\",\"potentialAction\":[{\"@type\":\"SearchAction\",\"target\":{\"@type\":\"EntryPoint\",\"urlTemplate\":\"https:\/\/www.tafeldeko.de\/news\/?s={search_term_string}\"},\"query-input\":\"required name=search_term_string\"}],\"inLanguage\":\"de-DE\"},{\"@type\":\"Person\",\"@id\":\"https:\/\/www.tafeldeko.de\/news\/#\/schema\/person\/d2acd86447ed0b6336089a8ba83164a0\",\"name\":\"Christiane Stein\",\"image\":{\"@type\":\"ImageObject\",\"inLanguage\":\"de-DE\",\"@id\":\"https:\/\/www.tafeldeko.de\/news\/#\/schema\/person\/image\/\",\"url\":\"https:\/\/secure.gravatar.com\/avatar\/2054729fbfd1ebc9d3cf1fd55361d0b6?s=96&d=mm&r=g\",\"contentUrl\":\"https:\/\/secure.gravatar.com\/avatar\/2054729fbfd1ebc9d3cf1fd55361d0b6?s=96&d=mm&r=g\",\"caption\":\"Christiane Stein\"}}]}<\/script>\n<!-- \/ Yoast SEO plugin. -->","yoast_head_json":{"title":"Die Tischdeko f\u00fcr die Pyjama-Party - Tafeldeko","description":"Wie k&#xF6;nnen die Dekoration und die Tischdekoration f&#xFC;r die Pyjama-Party aussehen? Wir haben die Ideen und die Accessoires.","robots":{"index":"index","follow":"follow","max-snippet":"max-snippet:-1","max-image-preview":"max-image-preview:large","max-video-preview":"max-video-preview:-1"},"canonical":"https:\/\/www.tafeldeko.de\/news\/die-tischdeko-fuer-die-pyjama-party\/","og_locale":"de_DE","og_type":"article","og_title":"Die Tischdeko f\u00fcr die Pyjama-Party - Tafeldeko","og_description":"Wie k&#xF6;nnen die Dekoration und die Tischdekoration f&#xFC;r die Pyjama-Party aussehen? Wir haben die Ideen und die Accessoires.","og_url":"https:\/\/www.tafeldeko.de\/news\/die-tischdeko-fuer-die-pyjama-party\/","og_site_name":"Tafeldeko","article_publisher":"https:\/\/www.facebook.com\/pages\/Tafeldeko-einzigartige-Tischdekoration\/174202655894","article_published_time":"2011-12-12T18:09:56+00:00","og_image":[{"width":192,"height":192,"url":"https:\/\/www.tafeldeko.de\/news\/wp-content\/uploads\/2014\/09\/kerze_im_glas.jpg","type":"image\/jpeg"}],"author":"Christiane Stein","twitter_misc":{"Verfasst von":"Christiane Stein","Gesch\u00e4tzte Lesezeit":"2 Minuten"},"schema":{"@context":"https:\/\/schema.org","@graph":[{"@type":"WebPage","@id":"https:\/\/www.tafeldeko.de\/news\/die-tischdeko-fuer-die-pyjama-party\/","url":"https:\/\/www.tafeldeko.de\/news\/die-tischdeko-fuer-die-pyjama-party\/","name":"Die Tischdeko f\u00fcr die Pyjama-Party - Tafeldeko","isPartOf":{"@id":"https:\/\/www.tafeldeko.de\/news\/#website"},"datePublished":"2011-12-12T18:09:56+00:00","dateModified":"2011-12-12T18:09:56+00:00","author":{"@id":"https:\/\/www.tafeldeko.de\/news\/#\/schema\/person\/d2acd86447ed0b6336089a8ba83164a0"},"description":"Wie k&#xF6;nnen die Dekoration und die Tischdekoration f&#xFC;r die Pyjama-Party aussehen? Wir haben die Ideen und die Accessoires.","breadcrumb":{"@id":"https:\/\/www.tafeldeko.de\/news\/die-tischdeko-fuer-die-pyjama-party\/#breadcrumb"},"inLanguage":"de-DE","potentialAction":[{"@type":"ReadAction","target":["https:\/\/www.tafeldeko.de\/news\/die-tischdeko-fuer-die-pyjama-party\/"]}]},{"@type":"BreadcrumbList","@id":"https:\/\/www.tafeldeko.de\/news\/die-tischdeko-fuer-die-pyjama-party\/#breadcrumb","itemListElement":[{"@type":"ListItem","position":1,"name":"Tafeldeko","item":"https:\/\/www.tafeldeko.de\/news\/"},{"@type":"ListItem","position":2,"name":"Alte Beitr\u00e4ge","item":"https:\/\/www.tafeldeko.de\/news\/alte-beitraege\/"},{"@type":"ListItem","position":3,"name":"Tischdeko - Blog","item":"https:\/\/www.tafeldeko.de\/news\/alte-beitraege\/tischdeko-blog\/"},{"@type":"ListItem","position":4,"name":"Die Tischdeko f\u00fcr die Pyjama-Party"}]},{"@type":"WebSite","@id":"https:\/\/www.tafeldeko.de\/news\/#website","url":"https:\/\/www.tafeldeko.de\/news\/","name":"Tafeldeko","description":"Blog mit Tischdeko und Tischdekoration Ideen","potentialAction":[{"@type":"SearchAction","target":{"@type":"EntryPoint","urlTemplate":"https:\/\/www.tafeldeko.de\/news\/?s={search_term_string}"},"query-input":"required name=search_term_string"}],"inLanguage":"de-DE"},{"@type":"Person","@id":"https:\/\/www.tafeldeko.de\/news\/#\/schema\/person\/d2acd86447ed0b6336089a8ba83164a0","name":"Christiane Stein","image":{"@type":"ImageObject","inLanguage":"de-DE","@id":"https:\/\/www.tafeldeko.de\/news\/#\/schema\/person\/image\/","url":"https:\/\/secure.gravatar.com\/avatar\/2054729fbfd1ebc9d3cf1fd55361d0b6?s=96&d=mm&r=g","contentUrl":"https:\/\/secure.gravatar.com\/avatar\/2054729fbfd1ebc9d3cf1fd55361d0b6?s=96&d=mm&r=g","caption":"Christiane Stein"}}]}},"_links":{"self":[{"href":"https:\/\/www.tafeldeko.de\/news\/wp-json\/wp\/v2\/posts\/718"}],"collection":[{"href":"https:\/\/www.tafeldeko.de\/news\/wp-json\/wp\/v2\/posts"}],"about":[{"href":"https:\/\/www.tafeldeko.de\/news\/wp-json\/wp\/v2\/types\/post"}],"author":[{"embeddable":true,"href":"https:\/\/www.tafeldeko.de\/news\/wp-json\/wp\/v2\/users\/2"}],"replies":[{"embeddable":true,"href":"https:\/\/www.tafeldeko.de\/news\/wp-json\/wp\/v2\/comments?post=718"}],"version-history":[{"count":0,"href":"https:\/\/www.tafeldeko.de\/news\/wp-json\/wp\/v2\/posts\/718\/revisions"}],"wp:featuredmedia":[{"embeddable":true,"href":"https:\/\/www.tafeldeko.de\/news\/wp-json\/wp\/v2\/media\/719"}],"wp:attachment":[{"href":"https:\/\/www.tafeldeko.de\/news\/wp-json\/wp\/v2\/media?parent=718"}],"wp:term":[{"taxonomy":"category","embeddable":true,"href":"https:\/\/www.tafeldeko.de\/news\/wp-json\/wp\/v2\/categories?post=718"},{"taxonomy":"post_tag","embeddable":true,"href":"https:\/\/www.tafeldeko.de\/news\/wp-json\/wp\/v2\/tags?post=718"}],"curies":[{"name":"wp","href":"https:\/\/api.w.org\/{rel}","templated":true}]}}