{"id":7164,"date":"2016-04-27T17:09:54","date_gmt":"2016-04-27T15:09:54","guid":{"rendered":"http:\/\/www.tafeldeko.de\/news\/?p=7164"},"modified":"2016-04-29T17:12:42","modified_gmt":"2016-04-29T15:12:42","slug":"geburtstagsgedicht-zum-runden","status":"publish","type":"post","link":"https:\/\/www.tafeldeko.de\/news\/geburtstagsgedicht-zum-runden\/","title":{"rendered":"Geburtstagsgedicht zum \u201eRunden\u201c"},"content":{"rendered":"<p>Ein runder Geburtstag ist ein sch\u00f6ner Anlass \u2013 wird dieser mit dem einen oder anderen <strong>Geburtstagsgedicht<\/strong> vers\u00fc\u00dft, kann dies als perfekt und sch\u00f6n bezeichnet werden. Ein Geburtstagsgedicht zum Geburtstag \u2013 ob rund oder nicht \u2013 hat was, denn es zeigt die Wertsch\u00e4tzung der Person, von der dieses Gedicht stammt. Selbst wenn das Gedicht zum Geburtstag \u201enur\u201c aus dem Internet kopiert wurde, es ist und bleibt eine tolle Geste gegen\u00fcber dem Geburtstagskind.<\/p>\n<h2>Ideen f\u00fcr das eine oder andere Geburtstagsgedicht<\/h2>\n<p>Es gibt verschiedene M\u00f6glichkeiten, ein Geburtstagsgedicht zu kreieren.<br \/>\nDie einfachste Variante ist die, dass man ein bereits fertiges Gedicht aus dem Internet heraussucht und dieses auf ein edles Blatt Papier oder eine <strong>Geburtstagskarte<\/strong> \u00fcbertr\u00e4gt. Nat\u00fcrlich kann das Gedicht etwas selektiert und angepasst, mit einer pers\u00f6nlichen Note gespickt werden. Vielleicht kann das eine oder andere \u00fcber das Geburtstagskind mit integriert werden und so kann sich das Ergebnis auf jeden Fall sehen lassen. Oftmals stellt man fest, dass, wenn man sozusagen ein Grundger\u00fcst eines Gedichtes hat, selbst daran werkeln kann und das eine oder andere in gereimter Form mit einbringt.<br \/>\nWer nat\u00fcrlich ganz mutig ist, kann das Geburtstagsgedicht zum Runden komplett selbst reimen. Dabei sollte man sich vor Beginn zusammentragen, welcher Inhalt in das Gedicht soll. Vielleicht kann man auch eine Kombination aus eigenem Gedicht und Gedicht aus dem Internet erschaffen.<br \/>\nSch\u00f6n ist es, wenn das Geburtstagsgedicht <strong>mit lustigen Versen<\/strong> abgerundet ist und der Einstieg schon den ersten Lacher bringt; beispielsweise so:<\/p>\n<p><em>\u201eZum Geburtstag hab ich ein ganz kurzes Gedicht,<\/em><br \/>\n<em> du bist jetzt ein Jahr \u00e4lter &#8211; ich noch nicht!<\/em><br \/>\n<em> Nein, so ungeschoren kommst du mir nicht davon,<\/em><br \/>\n<em> ein paar mehr Zeilen sind es schon.<\/em><\/p>\n<p><em>Vor 40 Jahren war der Tag gekommen,<\/em><br \/>\n<em> da hast du im Hause \u2026. das Zepter \u00fcbernommen.<\/em><br \/>\n<em> Deine Eltern hieltest du auf Trab,<\/em><br \/>\n<em> die liefen so manche Schuhsohle ab.<\/em><br \/>\n<em> Und selbst mit 40 Jahren \u2013 hier und heute,<\/em><br \/>\n<em> mischt du ordentlich auf die Leute.<\/em><br \/>\n<em> Doch wie dem auch sei,<\/em><br \/>\n<em> uns ist es einerlei.<\/em><br \/>\n<em> Bleib wie du bist, noch viele Jahre,<\/em><br \/>\n<em> deinen Humor dir bewahre,<\/em><br \/>\n<em> dann sehen wir uns in 40 Jahren nochmals hier,<\/em><br \/>\n<em> bei einem guten Glase Bier!<\/em><\/p>\n<p><em>Alles Gute zu deinem 40. Geburtstag.&#8221;<\/em><\/p>\n","protected":false},"excerpt":{"rendered":"<p>Ein runder Geburtstag ist ein sch\u00f6ner Anlass \u2013 wird dieser mit dem einen oder anderen Geburtstagsgedicht vers\u00fc\u00dft, kann dies als perfekt und sch\u00f6n bezeichnet werden. Ein Geburtstagsgedicht zum Geburtstag \u2013 ob rund oder nicht \u2013 hat was, denn es zeigt die Wertsch\u00e4tzung der Person, von der dieses Gedicht stammt. Selbst wenn das Gedicht zum Geburtstag [&hellip;]<\/p>\n","protected":false},"author":6,"featured_media":0,"comment_status":"closed","ping_status":"closed","sticky":false,"template":"","format":"standard","meta":{"footnotes":""},"categories":[1],"tags":[],"yoast_head":"<!-- This site is optimized with the Yoast SEO plugin v20.4 - https:\/\/yoast.com\/wordpress\/plugins\/seo\/ -->\n<title>Geburtstagsgedicht zum \u201eRunden\u201c - Tafeldeko<\/title>\n<meta name=\"description\" content=\"Sch\u00f6n ist es, wenn das Geburtstagsgedicht mit lustigen Versen abgerundet ist und der Einstieg schon den ersten Lacher bringt.\u00a0\" \/>\n<meta name=\"robots\" content=\"index, follow, max-snippet:-1, max-image-preview:large, max-video-preview:-1\" \/>\n<link rel=\"canonical\" href=\"https:\/\/www.tafeldeko.de\/news\/geburtstagsgedicht-zum-runden\/\" \/>\n<meta property=\"og:locale\" content=\"de_DE\" \/>\n<meta property=\"og:type\" content=\"article\" \/>\n<meta property=\"og:title\" content=\"Geburtstagsgedicht zum \u201eRunden\u201c - Tafeldeko\" \/>\n<meta property=\"og:description\" content=\"Sch\u00f6n ist es, wenn das Geburtstagsgedicht mit lustigen Versen abgerundet ist und der Einstieg schon den ersten Lacher bringt.\u00a0\" \/>\n<meta property=\"og:url\" content=\"https:\/\/www.tafeldeko.de\/news\/geburtstagsgedicht-zum-runden\/\" \/>\n<meta property=\"og:site_name\" content=\"Tafeldeko\" \/>\n<meta property=\"article:publisher\" content=\"https:\/\/www.facebook.com\/pages\/Tafeldeko-einzigartige-Tischdekoration\/174202655894\" \/>\n<meta property=\"article:published_time\" content=\"2016-04-27T15:09:54+00:00\" \/>\n<meta property=\"article:modified_time\" content=\"2016-04-29T15:12:42+00:00\" \/>\n<meta name=\"author\" content=\"Tafeldeko Deko Team\" \/>\n<meta name=\"twitter:label1\" content=\"Verfasst von\" \/>\n\t<meta name=\"twitter:data1\" content=\"Tafeldeko Deko Team\" \/>\n\t<meta name=\"twitter:label2\" content=\"Gesch\u00e4tzte Lesezeit\" \/>\n\t<meta name=\"twitter:data2\" content=\"2 Minuten\" \/>\n<script type=\"application\/ld+json\" class=\"yoast-schema-graph\">{\"@context\":\"https:\/\/schema.org\",\"@graph\":[{\"@type\":\"WebPage\",\"@id\":\"https:\/\/www.tafeldeko.de\/news\/geburtstagsgedicht-zum-runden\/\",\"url\":\"https:\/\/www.tafeldeko.de\/news\/geburtstagsgedicht-zum-runden\/\",\"name\":\"Geburtstagsgedicht zum \u201eRunden\u201c - Tafeldeko\",\"isPartOf\":{\"@id\":\"https:\/\/www.tafeldeko.de\/news\/#website\"},\"datePublished\":\"2016-04-27T15:09:54+00:00\",\"dateModified\":\"2016-04-29T15:12:42+00:00\",\"author\":{\"@id\":\"https:\/\/www.tafeldeko.de\/news\/#\/schema\/person\/dc309fbb6a3e380919fc08342c3cc233\"},\"description\":\"Sch\u00f6n ist es, wenn das Geburtstagsgedicht mit lustigen Versen abgerundet ist und der Einstieg schon den ersten Lacher bringt.\u00a0\",\"breadcrumb\":{\"@id\":\"https:\/\/www.tafeldeko.de\/news\/geburtstagsgedicht-zum-runden\/#breadcrumb\"},\"inLanguage\":\"de-DE\",\"potentialAction\":[{\"@type\":\"ReadAction\",\"target\":[\"https:\/\/www.tafeldeko.de\/news\/geburtstagsgedicht-zum-runden\/\"]}]},{\"@type\":\"BreadcrumbList\",\"@id\":\"https:\/\/www.tafeldeko.de\/news\/geburtstagsgedicht-zum-runden\/#breadcrumb\",\"itemListElement\":[{\"@type\":\"ListItem\",\"position\":1,\"name\":\"Tafeldeko\",\"item\":\"https:\/\/www.tafeldeko.de\/news\/\"},{\"@type\":\"ListItem\",\"position\":2,\"name\":\"Alte Beitr\u00e4ge\",\"item\":\"https:\/\/www.tafeldeko.de\/news\/alte-beitraege\/\"},{\"@type\":\"ListItem\",\"position\":3,\"name\":\"Tischdeko - Blog\",\"item\":\"https:\/\/www.tafeldeko.de\/news\/alte-beitraege\/tischdeko-blog\/\"},{\"@type\":\"ListItem\",\"position\":4,\"name\":\"Geburtstagsgedicht zum \u201eRunden\u201c\"}]},{\"@type\":\"WebSite\",\"@id\":\"https:\/\/www.tafeldeko.de\/news\/#website\",\"url\":\"https:\/\/www.tafeldeko.de\/news\/\",\"name\":\"Tafeldeko\",\"description\":\"Blog mit Tischdeko und Tischdekoration Ideen\",\"potentialAction\":[{\"@type\":\"SearchAction\",\"target\":{\"@type\":\"EntryPoint\",\"urlTemplate\":\"https:\/\/www.tafeldeko.de\/news\/?s={search_term_string}\"},\"query-input\":\"required name=search_term_string\"}],\"inLanguage\":\"de-DE\"},{\"@type\":\"Person\",\"@id\":\"https:\/\/www.tafeldeko.de\/news\/#\/schema\/person\/dc309fbb6a3e380919fc08342c3cc233\",\"name\":\"Tafeldeko Deko Team\",\"image\":{\"@type\":\"ImageObject\",\"inLanguage\":\"de-DE\",\"@id\":\"https:\/\/www.tafeldeko.de\/news\/#\/schema\/person\/image\/\",\"url\":\"https:\/\/secure.gravatar.com\/avatar\/1e962f4040dc9996f0d200db31598854?s=96&d=mm&r=g\",\"contentUrl\":\"https:\/\/secure.gravatar.com\/avatar\/1e962f4040dc9996f0d200db31598854?s=96&d=mm&r=g\",\"caption\":\"Tafeldeko Deko Team\"}}]}<\/script>\n<!-- \/ Yoast SEO plugin. -->","yoast_head_json":{"title":"Geburtstagsgedicht zum \u201eRunden\u201c - Tafeldeko","description":"Sch\u00f6n ist es, wenn das Geburtstagsgedicht mit lustigen Versen abgerundet ist und der Einstieg schon den ersten Lacher bringt.\u00a0","robots":{"index":"index","follow":"follow","max-snippet":"max-snippet:-1","max-image-preview":"max-image-preview:large","max-video-preview":"max-video-preview:-1"},"canonical":"https:\/\/www.tafeldeko.de\/news\/geburtstagsgedicht-zum-runden\/","og_locale":"de_DE","og_type":"article","og_title":"Geburtstagsgedicht zum \u201eRunden\u201c - Tafeldeko","og_description":"Sch\u00f6n ist es, wenn das Geburtstagsgedicht mit lustigen Versen abgerundet ist und der Einstieg schon den ersten Lacher bringt.\u00a0","og_url":"https:\/\/www.tafeldeko.de\/news\/geburtstagsgedicht-zum-runden\/","og_site_name":"Tafeldeko","article_publisher":"https:\/\/www.facebook.com\/pages\/Tafeldeko-einzigartige-Tischdekoration\/174202655894","article_published_time":"2016-04-27T15:09:54+00:00","article_modified_time":"2016-04-29T15:12:42+00:00","author":"Tafeldeko Deko Team","twitter_misc":{"Verfasst von":"Tafeldeko Deko Team","Gesch\u00e4tzte Lesezeit":"2 Minuten"},"schema":{"@context":"https:\/\/schema.org","@graph":[{"@type":"WebPage","@id":"https:\/\/www.tafeldeko.de\/news\/geburtstagsgedicht-zum-runden\/","url":"https:\/\/www.tafeldeko.de\/news\/geburtstagsgedicht-zum-runden\/","name":"Geburtstagsgedicht zum \u201eRunden\u201c - Tafeldeko","isPartOf":{"@id":"https:\/\/www.tafeldeko.de\/news\/#website"},"datePublished":"2016-04-27T15:09:54+00:00","dateModified":"2016-04-29T15:12:42+00:00","author":{"@id":"https:\/\/www.tafeldeko.de\/news\/#\/schema\/person\/dc309fbb6a3e380919fc08342c3cc233"},"description":"Sch\u00f6n ist es, wenn das Geburtstagsgedicht mit lustigen Versen abgerundet ist und der Einstieg schon den ersten Lacher bringt.\u00a0","breadcrumb":{"@id":"https:\/\/www.tafeldeko.de\/news\/geburtstagsgedicht-zum-runden\/#breadcrumb"},"inLanguage":"de-DE","potentialAction":[{"@type":"ReadAction","target":["https:\/\/www.tafeldeko.de\/news\/geburtstagsgedicht-zum-runden\/"]}]},{"@type":"BreadcrumbList","@id":"https:\/\/www.tafeldeko.de\/news\/geburtstagsgedicht-zum-runden\/#breadcrumb","itemListElement":[{"@type":"ListItem","position":1,"name":"Tafeldeko","item":"https:\/\/www.tafeldeko.de\/news\/"},{"@type":"ListItem","position":2,"name":"Alte Beitr\u00e4ge","item":"https:\/\/www.tafeldeko.de\/news\/alte-beitraege\/"},{"@type":"ListItem","position":3,"name":"Tischdeko - Blog","item":"https:\/\/www.tafeldeko.de\/news\/alte-beitraege\/tischdeko-blog\/"},{"@type":"ListItem","position":4,"name":"Geburtstagsgedicht zum \u201eRunden\u201c"}]},{"@type":"WebSite","@id":"https:\/\/www.tafeldeko.de\/news\/#website","url":"https:\/\/www.tafeldeko.de\/news\/","name":"Tafeldeko","description":"Blog mit Tischdeko und Tischdekoration Ideen","potentialAction":[{"@type":"SearchAction","target":{"@type":"EntryPoint","urlTemplate":"https:\/\/www.tafeldeko.de\/news\/?s={search_term_string}"},"query-input":"required name=search_term_string"}],"inLanguage":"de-DE"},{"@type":"Person","@id":"https:\/\/www.tafeldeko.de\/news\/#\/schema\/person\/dc309fbb6a3e380919fc08342c3cc233","name":"Tafeldeko Deko Team","image":{"@type":"ImageObject","inLanguage":"de-DE","@id":"https:\/\/www.tafeldeko.de\/news\/#\/schema\/person\/image\/","url":"https:\/\/secure.gravatar.com\/avatar\/1e962f4040dc9996f0d200db31598854?s=96&d=mm&r=g","contentUrl":"https:\/\/secure.gravatar.com\/avatar\/1e962f4040dc9996f0d200db31598854?s=96&d=mm&r=g","caption":"Tafeldeko Deko Team"}}]}},"_links":{"self":[{"href":"https:\/\/www.tafeldeko.de\/news\/wp-json\/wp\/v2\/posts\/7164"}],"collection":[{"href":"https:\/\/www.tafeldeko.de\/news\/wp-json\/wp\/v2\/posts"}],"about":[{"href":"https:\/\/www.tafeldeko.de\/news\/wp-json\/wp\/v2\/types\/post"}],"author":[{"embeddable":true,"href":"https:\/\/www.tafeldeko.de\/news\/wp-json\/wp\/v2\/users\/6"}],"replies":[{"embeddable":true,"href":"https:\/\/www.tafeldeko.de\/news\/wp-json\/wp\/v2\/comments?post=7164"}],"version-history":[{"count":1,"href":"https:\/\/www.tafeldeko.de\/news\/wp-json\/wp\/v2\/posts\/7164\/revisions"}],"predecessor-version":[{"id":7165,"href":"https:\/\/www.tafeldeko.de\/news\/wp-json\/wp\/v2\/posts\/7164\/revisions\/7165"}],"wp:attachment":[{"href":"https:\/\/www.tafeldeko.de\/news\/wp-json\/wp\/v2\/media?parent=7164"}],"wp:term":[{"taxonomy":"category","embeddable":true,"href":"https:\/\/www.tafeldeko.de\/news\/wp-json\/wp\/v2\/categories?post=7164"},{"taxonomy":"post_tag","embeddable":true,"href":"https:\/\/www.tafeldeko.de\/news\/wp-json\/wp\/v2\/tags?post=7164"}],"curies":[{"name":"wp","href":"https:\/\/api.w.org\/{rel}","templated":true}]}}