{"id":715,"date":"2011-11-24T18:46:09","date_gmt":"2011-11-24T16:46:09","guid":{"rendered":"http:\/\/www.tafeldeko.de\/news\/?p=715"},"modified":"2011-11-24T18:46:09","modified_gmt":"2011-11-24T16:46:09","slug":"tischdeko-fuer-die-apres-ski-party-mit-huettenkultur","status":"publish","type":"post","link":"https:\/\/www.tafeldeko.de\/news\/tischdeko-fuer-die-apres-ski-party-mit-huettenkultur\/","title":{"rendered":"Tischdeko f\u00fcr die Apres-Ski-Party mit H\u00fcttenkultur"},"content":{"rendered":"<div class=\"textumfliessenrechts\"><img decoding=\"async\" loading=\"lazy\" src=\"https:\/\/www.tafeldeko.de\/news\/media\/users\/schnurchristian\/holz_windlicht_edelweiss.jpg\" alt=\"Holz-Windlicht Edelweiss\" title=\"Holz-Windlicht Edelweiss\" width=\"160\" height=\"160\" \/><br \/><a href=\"https:\/\/www.tafeldeko.de\/product_info.php\/products_id\/10798_Glas-Teelichthalter-mit-Karoherz-in-Rot.html\" title=\"H\u00fcttenzauber-Tischdeko\"><b>H\u00fcttenzauber-Tischdeko<\/b><\/a><\/div>\n<p> Die Wintermonate \u2013 sehr beliebt bei Jung und Alt, vor allem dann, wenn es hei\u00dft: ab in den Skiurlaub. Wundersch\u00f6ne Tage im Schnee, mit Skifahren, Langlauf, Rodeln und vor allem mit dem allseits beliebten <b>H\u00fcttenzauber <\/b>sind w\u00e4hrend der Tage im Schnee sozusagen garantiert.<br \/>\nGerade die Apres-Ski-Partys, die Tag f\u00fcr Tag auf den H\u00fctten bei den Pisten gefeiert werden, versprechen gute Laune und einen sch\u00f6nen Abend, mit Spa\u00df und allerlei Alkohol.<br \/>\nDoch auch der Skiurlaub ist irgendwann zu Ende und man tritt wieder \u2013 vielleicht etwas traurig \u2013 die R\u00fcckreise an. Zu Hause angekommen, hat einem der Alltag wieder, man geht seiner t\u00e4glichen Arbeit nach und denkt ab und an mit Wehmut an diesen wundersch\u00f6nen Skiurlaub.<br \/>\nDoch wer sagt, dass man die H\u00fcttengaudi und den dazu geh\u00f6rigen H\u00fcttenzauber nur auf der H\u00fctten erleben darf?<br \/>\nFeiern Sie zu Hause mit Ihren Freunden eine Apres-Ski-Party \u2013 ganz nach der Party, die Sie im Skiurlaub erleben durften.<br \/>\nMit entsprechender Deko und passender Kleidung der G\u00e4ste gelingt die Apres-Ski-Party mit H\u00fcttenzauber auf jeden Fall. Die G\u00e4ste erscheinen in ihren Ski-Kleidern, und die Tische werden entsprechend dekoriert, dass allein durch den Anblick der Tischdeko bereits <b>echtes H\u00fcttenfeeling <\/b>aufkommt.<br \/>\nDie Tischdeko kann mit den Holz-Windlichtern mit Glas im Edelweissdekor aufgewertet werden. Die Deko bei der Apres-Ski-Party ist meist l\u00e4ndlich und rustikal und diese Holz-Windlichter im Edelweissdekor unterstreichen dies perfekt. Karierte Tischdecken oder Tischl\u00e4ufer, oder einfache karierte <b><a href=\"https:\/\/www.tafeldeko.de\/index.php\/cat\/c470_B%C3%A4nder.html\" title=\"Tischb\u00e4nder\">Tischb\u00e4nder<\/a><\/b> sind M\u00f6glichkeiten, die Tischdeko noch etwas rustikaler auszustatten.<br \/>\nBei der Apres-Ski-Party muss man nicht mit der Deko \u00fcbertreiben, es reicht vollkommen aus, wenn man den l\u00e4ndlichen und rustikalen Stil auf die Tische \u00fcbertr\u00e4gt, die Stimmung kommt von der musikalischen Untermalung und wohl auch reichlich Alkohol.<br \/>\nNat\u00fcrlich ist es perfekt, wenn es gerade passend geschneit hat und man neben der Deko im Innenbereich, die G\u00e4ste an einer selbst erbauten Schneebar verw\u00f6hnen kann. Gl\u00fchwein, Grog und andere Getr\u00e4nke sollten bei dieser Party auf keinen Fall fehlen.<br \/>\nH\u00fcttenkultur in den eigenen vier W\u00e4nden und eine tolle Apres-Ski-Party \u2013 und etwas <b>Urlaubsfeeling <\/b>kommt auf. <\/p>\n","protected":false},"excerpt":{"rendered":"<p>Die Wintermonate \u2013 sehr beliebt bei Jung und Alt, vor allem dann, wenn es hei\u00dft: ab in den Skiurlaub. Wundersch\u00f6ne Tage im Schnee, mit Skifahren, Langlauf, Rodeln und vor allem mit dem allseits beliebten H\u00fcttenzauber sind w\u00e4hrend der Tage im Schnee sozusagen garantiert.<br \/>\nGerade die Apres-Ski-Partys, die Tag f\u00fcr Tag auf den H\u00fctten bei den Pisten gefeiert werden, versprechen gute Laune und einen sch\u00f6nen Abend, mit Spa\u00df und allerlei Alkohol.<br \/>\nDoch auch der Skiurlaub ist irgendwann zu Ende und man tritt wieder \u2013 vielleicht etwas traurig \u2013 die R\u00fcckreise an. Zu Hause angekommen, hat einem der Alltag wieder, man geht seiner t\u00e4glichen Arbeit nach und denkt ab und an mit Wehmut an diesen wundersch\u00f6nen Skiurlaub.<br \/>\nDoch wer sagt, dass man die H\u00fcttengaudi und den dazu geh\u00f6rigen H\u00fcttenzauber nur auf der H\u00fctten erleben darf?<\/p>\n","protected":false},"author":2,"featured_media":712,"comment_status":"open","ping_status":"open","sticky":false,"template":"","format":"standard","meta":{"footnotes":""},"categories":[1],"tags":[],"yoast_head":"<!-- This site is optimized with the Yoast SEO plugin v20.4 - https:\/\/yoast.com\/wordpress\/plugins\/seo\/ -->\n<title>Tischdeko f\u00fcr die Apres-Ski-Party mit H\u00fcttenkultur - Tafeldeko<\/title>\n<meta name=\"description\" content=\"Die Deko bei der Apres-Ski-Party ist meist l&#xE4;ndlich und rustikal und diese Holz-Windlichter im Edelweissdekor unterstreichen dies perfekt.\" \/>\n<meta name=\"robots\" content=\"index, follow, max-snippet:-1, max-image-preview:large, max-video-preview:-1\" \/>\n<link rel=\"canonical\" href=\"https:\/\/www.tafeldeko.de\/news\/tischdeko-fuer-die-apres-ski-party-mit-huettenkultur\/\" \/>\n<meta property=\"og:locale\" content=\"de_DE\" \/>\n<meta property=\"og:type\" content=\"article\" \/>\n<meta property=\"og:title\" content=\"Tischdeko f\u00fcr die Apres-Ski-Party mit H\u00fcttenkultur - Tafeldeko\" \/>\n<meta property=\"og:description\" content=\"Die Deko bei der Apres-Ski-Party ist meist l&#xE4;ndlich und rustikal und diese Holz-Windlichter im Edelweissdekor unterstreichen dies perfekt.\" \/>\n<meta property=\"og:url\" content=\"https:\/\/www.tafeldeko.de\/news\/tischdeko-fuer-die-apres-ski-party-mit-huettenkultur\/\" \/>\n<meta property=\"og:site_name\" content=\"Tafeldeko\" \/>\n<meta property=\"article:publisher\" content=\"https:\/\/www.facebook.com\/pages\/Tafeldeko-einzigartige-Tischdekoration\/174202655894\" \/>\n<meta property=\"article:published_time\" content=\"2011-11-24T16:46:09+00:00\" \/>\n<meta property=\"og:image\" content=\"https:\/\/www.tafeldeko.de\/news\/wp-content\/uploads\/2014\/09\/holz_windlicht_edelweiss.jpg\" \/>\n\t<meta property=\"og:image:width\" content=\"160\" \/>\n\t<meta property=\"og:image:height\" content=\"160\" \/>\n\t<meta property=\"og:image:type\" content=\"image\/jpeg\" \/>\n<meta name=\"author\" content=\"Christiane Stein\" \/>\n<meta name=\"twitter:label1\" content=\"Verfasst von\" \/>\n\t<meta name=\"twitter:data1\" content=\"Christiane Stein\" \/>\n\t<meta name=\"twitter:label2\" content=\"Gesch\u00e4tzte Lesezeit\" \/>\n\t<meta name=\"twitter:data2\" content=\"2 Minuten\" \/>\n<script type=\"application\/ld+json\" class=\"yoast-schema-graph\">{\"@context\":\"https:\/\/schema.org\",\"@graph\":[{\"@type\":\"WebPage\",\"@id\":\"https:\/\/www.tafeldeko.de\/news\/tischdeko-fuer-die-apres-ski-party-mit-huettenkultur\/\",\"url\":\"https:\/\/www.tafeldeko.de\/news\/tischdeko-fuer-die-apres-ski-party-mit-huettenkultur\/\",\"name\":\"Tischdeko f\u00fcr die Apres-Ski-Party mit H\u00fcttenkultur - Tafeldeko\",\"isPartOf\":{\"@id\":\"https:\/\/www.tafeldeko.de\/news\/#website\"},\"datePublished\":\"2011-11-24T16:46:09+00:00\",\"dateModified\":\"2011-11-24T16:46:09+00:00\",\"author\":{\"@id\":\"https:\/\/www.tafeldeko.de\/news\/#\/schema\/person\/d2acd86447ed0b6336089a8ba83164a0\"},\"description\":\"Die Deko bei der Apres-Ski-Party ist meist l&#xE4;ndlich und rustikal und diese Holz-Windlichter im Edelweissdekor unterstreichen dies perfekt.\",\"breadcrumb\":{\"@id\":\"https:\/\/www.tafeldeko.de\/news\/tischdeko-fuer-die-apres-ski-party-mit-huettenkultur\/#breadcrumb\"},\"inLanguage\":\"de-DE\",\"potentialAction\":[{\"@type\":\"ReadAction\",\"target\":[\"https:\/\/www.tafeldeko.de\/news\/tischdeko-fuer-die-apres-ski-party-mit-huettenkultur\/\"]}]},{\"@type\":\"BreadcrumbList\",\"@id\":\"https:\/\/www.tafeldeko.de\/news\/tischdeko-fuer-die-apres-ski-party-mit-huettenkultur\/#breadcrumb\",\"itemListElement\":[{\"@type\":\"ListItem\",\"position\":1,\"name\":\"Tafeldeko\",\"item\":\"https:\/\/www.tafeldeko.de\/news\/\"},{\"@type\":\"ListItem\",\"position\":2,\"name\":\"Alte Beitr\u00e4ge\",\"item\":\"https:\/\/www.tafeldeko.de\/news\/alte-beitraege\/\"},{\"@type\":\"ListItem\",\"position\":3,\"name\":\"Tischdeko - Blog\",\"item\":\"https:\/\/www.tafeldeko.de\/news\/alte-beitraege\/tischdeko-blog\/\"},{\"@type\":\"ListItem\",\"position\":4,\"name\":\"Tischdeko f\u00fcr die Apres-Ski-Party mit H\u00fcttenkultur\"}]},{\"@type\":\"WebSite\",\"@id\":\"https:\/\/www.tafeldeko.de\/news\/#website\",\"url\":\"https:\/\/www.tafeldeko.de\/news\/\",\"name\":\"Tafeldeko\",\"description\":\"Blog mit Tischdeko und Tischdekoration Ideen\",\"potentialAction\":[{\"@type\":\"SearchAction\",\"target\":{\"@type\":\"EntryPoint\",\"urlTemplate\":\"https:\/\/www.tafeldeko.de\/news\/?s={search_term_string}\"},\"query-input\":\"required name=search_term_string\"}],\"inLanguage\":\"de-DE\"},{\"@type\":\"Person\",\"@id\":\"https:\/\/www.tafeldeko.de\/news\/#\/schema\/person\/d2acd86447ed0b6336089a8ba83164a0\",\"name\":\"Christiane Stein\",\"image\":{\"@type\":\"ImageObject\",\"inLanguage\":\"de-DE\",\"@id\":\"https:\/\/www.tafeldeko.de\/news\/#\/schema\/person\/image\/\",\"url\":\"https:\/\/secure.gravatar.com\/avatar\/2054729fbfd1ebc9d3cf1fd55361d0b6?s=96&d=mm&r=g\",\"contentUrl\":\"https:\/\/secure.gravatar.com\/avatar\/2054729fbfd1ebc9d3cf1fd55361d0b6?s=96&d=mm&r=g\",\"caption\":\"Christiane Stein\"}}]}<\/script>\n<!-- \/ Yoast SEO plugin. -->","yoast_head_json":{"title":"Tischdeko f\u00fcr die Apres-Ski-Party mit H\u00fcttenkultur - Tafeldeko","description":"Die Deko bei der Apres-Ski-Party ist meist l&#xE4;ndlich und rustikal und diese Holz-Windlichter im Edelweissdekor unterstreichen dies perfekt.","robots":{"index":"index","follow":"follow","max-snippet":"max-snippet:-1","max-image-preview":"max-image-preview:large","max-video-preview":"max-video-preview:-1"},"canonical":"https:\/\/www.tafeldeko.de\/news\/tischdeko-fuer-die-apres-ski-party-mit-huettenkultur\/","og_locale":"de_DE","og_type":"article","og_title":"Tischdeko f\u00fcr die Apres-Ski-Party mit H\u00fcttenkultur - Tafeldeko","og_description":"Die Deko bei der Apres-Ski-Party ist meist l&#xE4;ndlich und rustikal und diese Holz-Windlichter im Edelweissdekor unterstreichen dies perfekt.","og_url":"https:\/\/www.tafeldeko.de\/news\/tischdeko-fuer-die-apres-ski-party-mit-huettenkultur\/","og_site_name":"Tafeldeko","article_publisher":"https:\/\/www.facebook.com\/pages\/Tafeldeko-einzigartige-Tischdekoration\/174202655894","article_published_time":"2011-11-24T16:46:09+00:00","og_image":[{"width":160,"height":160,"url":"https:\/\/www.tafeldeko.de\/news\/wp-content\/uploads\/2014\/09\/holz_windlicht_edelweiss.jpg","type":"image\/jpeg"}],"author":"Christiane Stein","twitter_misc":{"Verfasst von":"Christiane Stein","Gesch\u00e4tzte Lesezeit":"2 Minuten"},"schema":{"@context":"https:\/\/schema.org","@graph":[{"@type":"WebPage","@id":"https:\/\/www.tafeldeko.de\/news\/tischdeko-fuer-die-apres-ski-party-mit-huettenkultur\/","url":"https:\/\/www.tafeldeko.de\/news\/tischdeko-fuer-die-apres-ski-party-mit-huettenkultur\/","name":"Tischdeko f\u00fcr die Apres-Ski-Party mit H\u00fcttenkultur - Tafeldeko","isPartOf":{"@id":"https:\/\/www.tafeldeko.de\/news\/#website"},"datePublished":"2011-11-24T16:46:09+00:00","dateModified":"2011-11-24T16:46:09+00:00","author":{"@id":"https:\/\/www.tafeldeko.de\/news\/#\/schema\/person\/d2acd86447ed0b6336089a8ba83164a0"},"description":"Die Deko bei der Apres-Ski-Party ist meist l&#xE4;ndlich und rustikal und diese Holz-Windlichter im Edelweissdekor unterstreichen dies perfekt.","breadcrumb":{"@id":"https:\/\/www.tafeldeko.de\/news\/tischdeko-fuer-die-apres-ski-party-mit-huettenkultur\/#breadcrumb"},"inLanguage":"de-DE","potentialAction":[{"@type":"ReadAction","target":["https:\/\/www.tafeldeko.de\/news\/tischdeko-fuer-die-apres-ski-party-mit-huettenkultur\/"]}]},{"@type":"BreadcrumbList","@id":"https:\/\/www.tafeldeko.de\/news\/tischdeko-fuer-die-apres-ski-party-mit-huettenkultur\/#breadcrumb","itemListElement":[{"@type":"ListItem","position":1,"name":"Tafeldeko","item":"https:\/\/www.tafeldeko.de\/news\/"},{"@type":"ListItem","position":2,"name":"Alte Beitr\u00e4ge","item":"https:\/\/www.tafeldeko.de\/news\/alte-beitraege\/"},{"@type":"ListItem","position":3,"name":"Tischdeko - Blog","item":"https:\/\/www.tafeldeko.de\/news\/alte-beitraege\/tischdeko-blog\/"},{"@type":"ListItem","position":4,"name":"Tischdeko f\u00fcr die Apres-Ski-Party mit H\u00fcttenkultur"}]},{"@type":"WebSite","@id":"https:\/\/www.tafeldeko.de\/news\/#website","url":"https:\/\/www.tafeldeko.de\/news\/","name":"Tafeldeko","description":"Blog mit Tischdeko und Tischdekoration Ideen","potentialAction":[{"@type":"SearchAction","target":{"@type":"EntryPoint","urlTemplate":"https:\/\/www.tafeldeko.de\/news\/?s={search_term_string}"},"query-input":"required name=search_term_string"}],"inLanguage":"de-DE"},{"@type":"Person","@id":"https:\/\/www.tafeldeko.de\/news\/#\/schema\/person\/d2acd86447ed0b6336089a8ba83164a0","name":"Christiane Stein","image":{"@type":"ImageObject","inLanguage":"de-DE","@id":"https:\/\/www.tafeldeko.de\/news\/#\/schema\/person\/image\/","url":"https:\/\/secure.gravatar.com\/avatar\/2054729fbfd1ebc9d3cf1fd55361d0b6?s=96&d=mm&r=g","contentUrl":"https:\/\/secure.gravatar.com\/avatar\/2054729fbfd1ebc9d3cf1fd55361d0b6?s=96&d=mm&r=g","caption":"Christiane Stein"}}]}},"_links":{"self":[{"href":"https:\/\/www.tafeldeko.de\/news\/wp-json\/wp\/v2\/posts\/715"}],"collection":[{"href":"https:\/\/www.tafeldeko.de\/news\/wp-json\/wp\/v2\/posts"}],"about":[{"href":"https:\/\/www.tafeldeko.de\/news\/wp-json\/wp\/v2\/types\/post"}],"author":[{"embeddable":true,"href":"https:\/\/www.tafeldeko.de\/news\/wp-json\/wp\/v2\/users\/2"}],"replies":[{"embeddable":true,"href":"https:\/\/www.tafeldeko.de\/news\/wp-json\/wp\/v2\/comments?post=715"}],"version-history":[{"count":0,"href":"https:\/\/www.tafeldeko.de\/news\/wp-json\/wp\/v2\/posts\/715\/revisions"}],"wp:featuredmedia":[{"embeddable":true,"href":"https:\/\/www.tafeldeko.de\/news\/wp-json\/wp\/v2\/media\/712"}],"wp:attachment":[{"href":"https:\/\/www.tafeldeko.de\/news\/wp-json\/wp\/v2\/media?parent=715"}],"wp:term":[{"taxonomy":"category","embeddable":true,"href":"https:\/\/www.tafeldeko.de\/news\/wp-json\/wp\/v2\/categories?post=715"},{"taxonomy":"post_tag","embeddable":true,"href":"https:\/\/www.tafeldeko.de\/news\/wp-json\/wp\/v2\/tags?post=715"}],"curies":[{"name":"wp","href":"https:\/\/api.w.org\/{rel}","templated":true}]}}