{"id":7134,"date":"2016-04-13T18:53:43","date_gmt":"2016-04-13T16:53:43","guid":{"rendered":"http:\/\/www.tafeldeko.de\/news\/?p=7134"},"modified":"2022-11-09T12:54:57","modified_gmt":"2022-11-09T11:54:57","slug":"sommerliche-deko-laedt-zu-gemeinsamen-stunden-ein","status":"publish","type":"post","link":"https:\/\/www.tafeldeko.de\/news\/sommerliche-deko-laedt-zu-gemeinsamen-stunden-ein\/","title":{"rendered":"Sommerliche Dekoration &#8211; l\u00e4dt zu gemeinsamen Stunden ein"},"content":{"rendered":"<p>Sobald es w\u00e4rmer wird und der Sommer n\u00e4her kommt, wird es auch Zeit f\u00fcr eine sommerliche Deko. Diese <strong>sommerliche Dekoration<\/strong> kann sich sowohl auf den Innen- als auch Au\u00dfenbereich beziehen. Ganz egal wo, eine sch\u00f6ne Dekoration findet immer eine Menge Zuspruch. Gemeinsame Stunden im Freien mit Freunden oder der Familie sind gerade zur Sommerzeit eine sch\u00f6ne Besch\u00e4ftigung und da tr\u00e4gt die Deko zu einem sch\u00f6nen und vor allem stimmigen Ambiente bei. Es sind eben die Kleinigkeiten im Leben, die zu etwas Besonderem werden und dazu z\u00e4hlt nun mal die sommerliche Dekoration auch dazu.<\/p>\n<p><img decoding=\"async\" loading=\"lazy\" src=\"https:\/\/www.tafeldeko.de\/news\/wp-content\/uploads\/2016\/04\/IMG_9485-1024x683.jpg\" sizes=\"(max-width: 800px) 100vw, 800px\" srcset=\"https:\/\/www.tafeldeko.de\/news\/wp-content\/uploads\/2016\/04\/IMG_9485-1024x683.jpg 1024w, https:\/\/www.tafeldeko.de\/news\/wp-content\/uploads\/2016\/04\/IMG_9485-300x200.jpg 300w, https:\/\/www.tafeldeko.de\/news\/wp-content\/uploads\/2016\/04\/IMG_9485-768x512.jpg 768w, https:\/\/www.tafeldeko.de\/news\/wp-content\/uploads\/2016\/04\/IMG_9485-1536x1024.jpg 1536w, https:\/\/www.tafeldeko.de\/news\/wp-content\/uploads\/2016\/04\/IMG_9485-2048x1365.jpg 2048w, https:\/\/www.tafeldeko.de\/news\/wp-content\/uploads\/2016\/04\/IMG_9485-640x427.jpg 640w\" alt=\"Sommerliche Dekoration\" width=\"800\" height=\"534\" \/><\/p>\n<h2>Die sommerliche Dekoration schimmert in ihrer vollen Pracht<\/h2>\n<p>Wer sowohl die Wohnung als auch seine Terrasse, seinen Garten oder Balkon auf Vordermann bringt, kann sich auf eine unvergessliche Sommerzeit freuen und diese Jahreszeit auf ganz besondere Art und Weise erleben.<br \/>\nWer eine umwerfend sch\u00f6ne Deko kreieren m\u00f6chte, der ben\u00f6tigt etwas <strong>Fingerspitzengef\u00fchl<\/strong>. Allerdings ist es eine Herausforderung, der sich jeder stellen kann. Falls man selbst keine Ideen hat, kann sich vom Internet inspirieren lassen. Viele Ideen ergeben sich jedoch w\u00e4hrend des Dekorieren von ganz alleine.<br \/>\nF\u00fcr die sommerliche Deko kann man beispielsweise zu kr\u00e4ftigen Farben, Mustermix, Kerzen in unterschiedlichen Gr\u00f6\u00dfen und Formen, Lichterketten, Solarleuchten, Windspielen, Deko-Figuren und vielem mehr greifen.<br \/>\nWelche dekorativen Accessoires letztlich ihren Platz finden, ist Geschmackssache. Fr\u00f6hlichkeit, Einzigartigkeit und Gem\u00fctlichkeit sind drei Worte, die bei der <strong>Deko im Sommer<\/strong> nicht zu kurz kommen sollten.<br \/>\nWie Sie feststellen, gibt es f\u00fcr die Deko zahlreiche Gestaltungsm\u00f6glichkeiten, die im Nu in die Tat umgesetzt werdeb k\u00f6nnen. Am Ende k\u00f6nnen Sie in einem selbst kreierten Wohlf\u00fchl-Paradies sch\u00f6ne Stunden verbringen und einfach nur entspannen. Auch Deko-Artikel, die Sie beispielsweise schon Zuhause hat, k\u00f6nnen mit wenigen Handgriffen aufgepeppt werden.<\/p>\n<h2>Weitere Beitr\u00e4ge:<\/h2>\n<h2>Dekoartikel von A-Z<\/h2>\n<p><a href=\"https:\/\/www.tafeldeko.de\/tischdeko-artikel\/\"><br \/>\nJetzt entdecken <\/a><\/p>\n","protected":false},"excerpt":{"rendered":"<p>Sobald es w\u00e4rmer wird und der Sommer n\u00e4her kommt, wird es auch Zeit f\u00fcr eine sommerliche Deko. Diese sommerliche Dekoration kann sich sowohl auf den Innen- als auch Au\u00dfenbereich beziehen. Ganz egal wo, eine sch\u00f6ne Dekoration findet immer eine Menge Zuspruch. Gemeinsame Stunden im Freien mit Freunden oder der Familie sind gerade zur Sommerzeit eine [&hellip;]<\/p>\n","protected":false},"author":6,"featured_media":20902,"comment_status":"closed","ping_status":"closed","sticky":false,"template":"","format":"standard","meta":{"footnotes":""},"categories":[1],"tags":[],"yoast_head":"<!-- This site is optimized with the Yoast SEO plugin v20.4 - https:\/\/yoast.com\/wordpress\/plugins\/seo\/ -->\n<title>Sommerliche Dekoration - l\u00e4dt zu gemeinsamen Stunden ein - Tafeldeko<\/title>\n<meta name=\"description\" content=\"Es sind eben die Kleinigkeiten im Leben, die zu etwas Besonderem werden und dazu z\u00e4hlt nun mal die sommerliche Dekoration auch dazu.\" \/>\n<meta name=\"robots\" content=\"index, follow, max-snippet:-1, max-image-preview:large, max-video-preview:-1\" \/>\n<link rel=\"canonical\" href=\"https:\/\/www.tafeldeko.de\/news\/sommerliche-deko-laedt-zu-gemeinsamen-stunden-ein\/\" \/>\n<meta property=\"og:locale\" content=\"de_DE\" \/>\n<meta property=\"og:type\" content=\"article\" \/>\n<meta property=\"og:title\" content=\"Sommerliche Dekoration - l\u00e4dt zu gemeinsamen Stunden ein - Tafeldeko\" \/>\n<meta property=\"og:description\" content=\"Es sind eben die Kleinigkeiten im Leben, die zu etwas Besonderem werden und dazu z\u00e4hlt nun mal die sommerliche Dekoration auch dazu.\" \/>\n<meta property=\"og:url\" content=\"https:\/\/www.tafeldeko.de\/news\/sommerliche-deko-laedt-zu-gemeinsamen-stunden-ein\/\" \/>\n<meta property=\"og:site_name\" content=\"Tafeldeko\" \/>\n<meta property=\"article:publisher\" content=\"https:\/\/www.facebook.com\/pages\/Tafeldeko-einzigartige-Tischdekoration\/174202655894\" \/>\n<meta property=\"article:published_time\" content=\"2016-04-13T16:53:43+00:00\" \/>\n<meta property=\"article:modified_time\" content=\"2022-11-09T11:54:57+00:00\" \/>\n<meta property=\"og:image\" content=\"https:\/\/www.tafeldeko.de\/news\/wp-content\/uploads\/2016\/04\/IMG_9485-scaled.jpg\" \/>\n\t<meta property=\"og:image:width\" content=\"2560\" \/>\n\t<meta property=\"og:image:height\" content=\"1707\" \/>\n\t<meta property=\"og:image:type\" content=\"image\/jpeg\" \/>\n<meta name=\"author\" content=\"Tafeldeko Deko Team\" \/>\n<meta name=\"twitter:label1\" content=\"Verfasst von\" \/>\n\t<meta name=\"twitter:data1\" content=\"Tafeldeko Deko Team\" \/>\n\t<meta name=\"twitter:label2\" content=\"Gesch\u00e4tzte Lesezeit\" \/>\n\t<meta name=\"twitter:data2\" content=\"2 Minuten\" \/>\n<script type=\"application\/ld+json\" class=\"yoast-schema-graph\">{\"@context\":\"https:\/\/schema.org\",\"@graph\":[{\"@type\":\"WebPage\",\"@id\":\"https:\/\/www.tafeldeko.de\/news\/sommerliche-deko-laedt-zu-gemeinsamen-stunden-ein\/\",\"url\":\"https:\/\/www.tafeldeko.de\/news\/sommerliche-deko-laedt-zu-gemeinsamen-stunden-ein\/\",\"name\":\"Sommerliche Dekoration - l\u00e4dt zu gemeinsamen Stunden ein - Tafeldeko\",\"isPartOf\":{\"@id\":\"https:\/\/www.tafeldeko.de\/news\/#website\"},\"datePublished\":\"2016-04-13T16:53:43+00:00\",\"dateModified\":\"2022-11-09T11:54:57+00:00\",\"author\":{\"@id\":\"https:\/\/www.tafeldeko.de\/news\/#\/schema\/person\/dc309fbb6a3e380919fc08342c3cc233\"},\"description\":\"Es sind eben die Kleinigkeiten im Leben, die zu etwas Besonderem werden und dazu z\u00e4hlt nun mal die sommerliche Dekoration auch dazu.\",\"breadcrumb\":{\"@id\":\"https:\/\/www.tafeldeko.de\/news\/sommerliche-deko-laedt-zu-gemeinsamen-stunden-ein\/#breadcrumb\"},\"inLanguage\":\"de-DE\",\"potentialAction\":[{\"@type\":\"ReadAction\",\"target\":[\"https:\/\/www.tafeldeko.de\/news\/sommerliche-deko-laedt-zu-gemeinsamen-stunden-ein\/\"]}]},{\"@type\":\"BreadcrumbList\",\"@id\":\"https:\/\/www.tafeldeko.de\/news\/sommerliche-deko-laedt-zu-gemeinsamen-stunden-ein\/#breadcrumb\",\"itemListElement\":[{\"@type\":\"ListItem\",\"position\":1,\"name\":\"Tafeldeko\",\"item\":\"https:\/\/www.tafeldeko.de\/news\/\"},{\"@type\":\"ListItem\",\"position\":2,\"name\":\"Alte Beitr\u00e4ge\",\"item\":\"https:\/\/www.tafeldeko.de\/news\/alte-beitraege\/\"},{\"@type\":\"ListItem\",\"position\":3,\"name\":\"Tischdeko - Blog\",\"item\":\"https:\/\/www.tafeldeko.de\/news\/alte-beitraege\/tischdeko-blog\/\"},{\"@type\":\"ListItem\",\"position\":4,\"name\":\"Sommerliche Dekoration &#8211; l\u00e4dt zu gemeinsamen Stunden ein\"}]},{\"@type\":\"WebSite\",\"@id\":\"https:\/\/www.tafeldeko.de\/news\/#website\",\"url\":\"https:\/\/www.tafeldeko.de\/news\/\",\"name\":\"Tafeldeko\",\"description\":\"Blog mit Tischdeko und Tischdekoration Ideen\",\"potentialAction\":[{\"@type\":\"SearchAction\",\"target\":{\"@type\":\"EntryPoint\",\"urlTemplate\":\"https:\/\/www.tafeldeko.de\/news\/?s={search_term_string}\"},\"query-input\":\"required name=search_term_string\"}],\"inLanguage\":\"de-DE\"},{\"@type\":\"Person\",\"@id\":\"https:\/\/www.tafeldeko.de\/news\/#\/schema\/person\/dc309fbb6a3e380919fc08342c3cc233\",\"name\":\"Tafeldeko Deko Team\",\"image\":{\"@type\":\"ImageObject\",\"inLanguage\":\"de-DE\",\"@id\":\"https:\/\/www.tafeldeko.de\/news\/#\/schema\/person\/image\/\",\"url\":\"https:\/\/secure.gravatar.com\/avatar\/1e962f4040dc9996f0d200db31598854?s=96&d=mm&r=g\",\"contentUrl\":\"https:\/\/secure.gravatar.com\/avatar\/1e962f4040dc9996f0d200db31598854?s=96&d=mm&r=g\",\"caption\":\"Tafeldeko Deko Team\"}}]}<\/script>\n<!-- \/ Yoast SEO plugin. -->","yoast_head_json":{"title":"Sommerliche Dekoration - l\u00e4dt zu gemeinsamen Stunden ein - Tafeldeko","description":"Es sind eben die Kleinigkeiten im Leben, die zu etwas Besonderem werden und dazu z\u00e4hlt nun mal die sommerliche Dekoration auch dazu.","robots":{"index":"index","follow":"follow","max-snippet":"max-snippet:-1","max-image-preview":"max-image-preview:large","max-video-preview":"max-video-preview:-1"},"canonical":"https:\/\/www.tafeldeko.de\/news\/sommerliche-deko-laedt-zu-gemeinsamen-stunden-ein\/","og_locale":"de_DE","og_type":"article","og_title":"Sommerliche Dekoration - l\u00e4dt zu gemeinsamen Stunden ein - Tafeldeko","og_description":"Es sind eben die Kleinigkeiten im Leben, die zu etwas Besonderem werden und dazu z\u00e4hlt nun mal die sommerliche Dekoration auch dazu.","og_url":"https:\/\/www.tafeldeko.de\/news\/sommerliche-deko-laedt-zu-gemeinsamen-stunden-ein\/","og_site_name":"Tafeldeko","article_publisher":"https:\/\/www.facebook.com\/pages\/Tafeldeko-einzigartige-Tischdekoration\/174202655894","article_published_time":"2016-04-13T16:53:43+00:00","article_modified_time":"2022-11-09T11:54:57+00:00","og_image":[{"width":2560,"height":1707,"url":"https:\/\/www.tafeldeko.de\/news\/wp-content\/uploads\/2016\/04\/IMG_9485-scaled.jpg","type":"image\/jpeg"}],"author":"Tafeldeko Deko Team","twitter_misc":{"Verfasst von":"Tafeldeko Deko Team","Gesch\u00e4tzte Lesezeit":"2 Minuten"},"schema":{"@context":"https:\/\/schema.org","@graph":[{"@type":"WebPage","@id":"https:\/\/www.tafeldeko.de\/news\/sommerliche-deko-laedt-zu-gemeinsamen-stunden-ein\/","url":"https:\/\/www.tafeldeko.de\/news\/sommerliche-deko-laedt-zu-gemeinsamen-stunden-ein\/","name":"Sommerliche Dekoration - l\u00e4dt zu gemeinsamen Stunden ein - Tafeldeko","isPartOf":{"@id":"https:\/\/www.tafeldeko.de\/news\/#website"},"datePublished":"2016-04-13T16:53:43+00:00","dateModified":"2022-11-09T11:54:57+00:00","author":{"@id":"https:\/\/www.tafeldeko.de\/news\/#\/schema\/person\/dc309fbb6a3e380919fc08342c3cc233"},"description":"Es sind eben die Kleinigkeiten im Leben, die zu etwas Besonderem werden und dazu z\u00e4hlt nun mal die sommerliche Dekoration auch dazu.","breadcrumb":{"@id":"https:\/\/www.tafeldeko.de\/news\/sommerliche-deko-laedt-zu-gemeinsamen-stunden-ein\/#breadcrumb"},"inLanguage":"de-DE","potentialAction":[{"@type":"ReadAction","target":["https:\/\/www.tafeldeko.de\/news\/sommerliche-deko-laedt-zu-gemeinsamen-stunden-ein\/"]}]},{"@type":"BreadcrumbList","@id":"https:\/\/www.tafeldeko.de\/news\/sommerliche-deko-laedt-zu-gemeinsamen-stunden-ein\/#breadcrumb","itemListElement":[{"@type":"ListItem","position":1,"name":"Tafeldeko","item":"https:\/\/www.tafeldeko.de\/news\/"},{"@type":"ListItem","position":2,"name":"Alte Beitr\u00e4ge","item":"https:\/\/www.tafeldeko.de\/news\/alte-beitraege\/"},{"@type":"ListItem","position":3,"name":"Tischdeko - Blog","item":"https:\/\/www.tafeldeko.de\/news\/alte-beitraege\/tischdeko-blog\/"},{"@type":"ListItem","position":4,"name":"Sommerliche Dekoration &#8211; l\u00e4dt zu gemeinsamen Stunden ein"}]},{"@type":"WebSite","@id":"https:\/\/www.tafeldeko.de\/news\/#website","url":"https:\/\/www.tafeldeko.de\/news\/","name":"Tafeldeko","description":"Blog mit Tischdeko und Tischdekoration Ideen","potentialAction":[{"@type":"SearchAction","target":{"@type":"EntryPoint","urlTemplate":"https:\/\/www.tafeldeko.de\/news\/?s={search_term_string}"},"query-input":"required name=search_term_string"}],"inLanguage":"de-DE"},{"@type":"Person","@id":"https:\/\/www.tafeldeko.de\/news\/#\/schema\/person\/dc309fbb6a3e380919fc08342c3cc233","name":"Tafeldeko Deko Team","image":{"@type":"ImageObject","inLanguage":"de-DE","@id":"https:\/\/www.tafeldeko.de\/news\/#\/schema\/person\/image\/","url":"https:\/\/secure.gravatar.com\/avatar\/1e962f4040dc9996f0d200db31598854?s=96&d=mm&r=g","contentUrl":"https:\/\/secure.gravatar.com\/avatar\/1e962f4040dc9996f0d200db31598854?s=96&d=mm&r=g","caption":"Tafeldeko Deko Team"}}]}},"_links":{"self":[{"href":"https:\/\/www.tafeldeko.de\/news\/wp-json\/wp\/v2\/posts\/7134"}],"collection":[{"href":"https:\/\/www.tafeldeko.de\/news\/wp-json\/wp\/v2\/posts"}],"about":[{"href":"https:\/\/www.tafeldeko.de\/news\/wp-json\/wp\/v2\/types\/post"}],"author":[{"embeddable":true,"href":"https:\/\/www.tafeldeko.de\/news\/wp-json\/wp\/v2\/users\/6"}],"replies":[{"embeddable":true,"href":"https:\/\/www.tafeldeko.de\/news\/wp-json\/wp\/v2\/comments?post=7134"}],"version-history":[{"count":12,"href":"https:\/\/www.tafeldeko.de\/news\/wp-json\/wp\/v2\/posts\/7134\/revisions"}],"predecessor-version":[{"id":20915,"href":"https:\/\/www.tafeldeko.de\/news\/wp-json\/wp\/v2\/posts\/7134\/revisions\/20915"}],"wp:featuredmedia":[{"embeddable":true,"href":"https:\/\/www.tafeldeko.de\/news\/wp-json\/wp\/v2\/media\/20902"}],"wp:attachment":[{"href":"https:\/\/www.tafeldeko.de\/news\/wp-json\/wp\/v2\/media?parent=7134"}],"wp:term":[{"taxonomy":"category","embeddable":true,"href":"https:\/\/www.tafeldeko.de\/news\/wp-json\/wp\/v2\/categories?post=7134"},{"taxonomy":"post_tag","embeddable":true,"href":"https:\/\/www.tafeldeko.de\/news\/wp-json\/wp\/v2\/tags?post=7134"}],"curies":[{"name":"wp","href":"https:\/\/api.w.org\/{rel}","templated":true}]}}