{"id":7113,"date":"2016-04-04T18:13:33","date_gmt":"2016-04-04T16:13:33","guid":{"rendered":"http:\/\/www.tafeldeko.de\/news\/?p=7113"},"modified":"2023-01-24T09:37:52","modified_gmt":"2023-01-24T08:37:52","slug":"tischdeko-brunch-glaenzend-schoen","status":"publish","type":"post","link":"https:\/\/www.tafeldeko.de\/news\/tischdeko-brunch-glaenzend-schoen\/","title":{"rendered":"Tischdeko Brunch \u2013 gl\u00e4nzend sch\u00f6n"},"content":{"rendered":"<p>Mit der <strong>Tischdeko Brunch gl\u00e4nzend sch\u00f6n<\/strong> k\u00f6nnen Sie Ihrem geselligen Beisammensein eine ausdrucksvolle und sch\u00f6ne Basis verleihen. Gerade an Sonn- und Feiertagen bietet sich ein Fest mit einem Brunch hervorragend an \u2013 man beginnt morgens in aller Ruhe und kann die Feierlichkeiten zum Sp\u00e4tnachmittag hin ausklingen lassen.<br \/>\nF\u00fcr die G\u00e4ste bietet der Brunch \u2013 eine Mischung aus <strong>Breakfast und Lunch<\/strong> \u2013 Abwechslung f\u00fcr den Gaumen, vom Fr\u00fchst\u00fcck geht man langsam zum Mittagessen \u00fcber. In punkto Essen bieten sich viele M\u00f6glichkeiten, ebenso wie bei der Tischdeko Brunch.<\/p>\n<p><img decoding=\"async\" loading=\"lazy\" src=\"https:\/\/www.tafeldeko.de\/news\/wp-content\/uploads\/2016\/04\/glaslinsen_gruen.jpg\" sizes=\"(max-width: 250px) 100vw, 250px\" srcset=\"https:\/\/www.tafeldeko.de\/news\/wp-content\/uploads\/2016\/04\/glaslinsen_gruen.jpg 250w, https:\/\/www.tafeldeko.de\/news\/wp-content\/uploads\/2016\/04\/glaslinsen_gruen-150x150.jpg 150w\" alt=\"Tischdeko Brunch\" width=\"250\" height=\"250\" \/><\/p>\n<h2>Ideen f\u00fcr die glanzvolle Tischdeko Brunch gl\u00e4nzend sch\u00f6n<\/h2>\n<p>Die Tischdeko zum Brunch sollte eine sch\u00f6ne Basis bilden \u2013 und dazu braucht man allzu viel. Mit den entsprechenden Elementen kann man im Handumdrehen eine ausdrucksstarke <a href=\"https:\/\/www.tafeldeko.de\" target=\"_blank\" rel=\"noopener\"><strong>Tischdekoration<\/strong><\/a> arrangieren.<\/p>\n<h3>Glanzvolle Tischdeko mit Glaslinsen<\/h3>\n<p>Glanzvoll und farbenfroh \u2013 eine tolle M\u00f6glichkeit, die Tischdeko zum Brunch gl\u00e4nzend sch\u00f6n zu kreieren. Mit den Glaslinsen mit Acryl Bl\u00fcten und Schmetterlingen in Gelb\/Gr\u00fcn k\u00f6nnen Sie wundersch\u00f6ne und vor allem gl\u00e4nzende Akzente setzen. Verteilen Sie die Glaslinsen einfach in der Tischmitte \u2013 fertig. Eine andere Variante ist die, dass Sie einige der Glaslinsen in eine Glasvase oder ein Windlicht geben, so dass der Boden bedeckt ist. Darauf k\u00f6nnen Sie \u2013 bei der Glasvase eine Blume und beim Windlicht eine Kerze \u2013 arrangieren. Ein toller <strong>Hingucker<\/strong>, der schnell gezaubert ist.<br \/>\nOder nehmen Sie eine flache Glasschale, bef\u00fcllen Sie diese mit den Linsen und Wasser, dazu w\u00e4hlen Sie Schwimmkerzen und einzelne kleine Bl\u00fcten und fertig ist das Arrangement.<\/p>\n<h3>Glanzvoll mit Spiegelgranulat<\/h3>\n<p>Spiegelgranulat bietet ebenfalls viele M\u00f6glichkeiten, eine Tischdekoration zu perfektionieren. Dieses Granulat kann ebenfalls in Vasen, Gl\u00e4sern oder Schalen oder auf dem Tisch arrangiert werden. Einfach und schnell, aber mit einem glamour\u00f6sen Ergebnis.<\/p>\n<p>Ob Glaslinsen, Spiegelgranulat, <strong>Glas Deko Nuggets<\/strong> oder andere Accessoires \u2013 sie versch\u00f6nern jede Art von Dekoration, lockern etwas auf und bringen tolle Akzente ein. Vor allem das \u201ewie\u201c diese Elemente eingesetzt werden, ist sehr abwechslungsreich. Und garantiert werden Ihnen eigene Ideen einfallen, wie Sie mit Glaslinsen und Co dekorieren k\u00f6nnen.<\/p>\n<h2>Weitere Beitr\u00e4ge:<\/h2>\n<h2>Dekoartikel von A-Z<\/h2>\n<p><a href=\"https:\/\/www.tafeldeko.de\/tischdeko-artikel\/\"><br \/>\nJetzt entdecken <\/a><\/p>\n","protected":false},"excerpt":{"rendered":"<p>Mit der Tischdeko Brunch gl\u00e4nzend sch\u00f6n k\u00f6nnen Sie Ihrem geselligen Beisammensein eine ausdrucksvolle und sch\u00f6ne Basis verleihen. Gerade an Sonn- und Feiertagen bietet sich ein Fest mit einem Brunch hervorragend an \u2013 man beginnt morgens in aller Ruhe und kann die Feierlichkeiten zum Sp\u00e4tnachmittag hin ausklingen lassen. F\u00fcr die G\u00e4ste bietet der Brunch \u2013 eine [&hellip;]<\/p>\n","protected":false},"author":6,"featured_media":7114,"comment_status":"closed","ping_status":"closed","sticky":false,"template":"","format":"standard","meta":{"footnotes":""},"categories":[1],"tags":[],"yoast_head":"<!-- This site is optimized with the Yoast SEO plugin v20.4 - https:\/\/yoast.com\/wordpress\/plugins\/seo\/ -->\n<title>Tischdeko Brunch \u2013 gl\u00e4nzend sch\u00f6n - Tafeldeko<\/title>\n<meta name=\"description\" content=\"Mit den Glaslinsen mit Acryl Bl\u00fcten und Schmetterlingen in Gelb\/Gr\u00fcn k\u00f6nnen Sie wundersch\u00f6ne Akzente in die Tischdeko Brunch gl\u00e4nzend sch\u00f6n...\" \/>\n<meta name=\"robots\" content=\"index, follow, max-snippet:-1, max-image-preview:large, max-video-preview:-1\" \/>\n<link rel=\"canonical\" href=\"https:\/\/www.tafeldeko.de\/news\/tischdeko-brunch-glaenzend-schoen\/\" \/>\n<meta property=\"og:locale\" content=\"de_DE\" \/>\n<meta property=\"og:type\" content=\"article\" \/>\n<meta property=\"og:title\" content=\"Tischdeko Brunch \u2013 gl\u00e4nzend sch\u00f6n - Tafeldeko\" \/>\n<meta property=\"og:description\" content=\"Mit den Glaslinsen mit Acryl Bl\u00fcten und Schmetterlingen in Gelb\/Gr\u00fcn k\u00f6nnen Sie wundersch\u00f6ne Akzente in die Tischdeko Brunch gl\u00e4nzend sch\u00f6n...\" \/>\n<meta property=\"og:url\" content=\"https:\/\/www.tafeldeko.de\/news\/tischdeko-brunch-glaenzend-schoen\/\" \/>\n<meta property=\"og:site_name\" content=\"Tafeldeko\" \/>\n<meta property=\"article:publisher\" content=\"https:\/\/www.facebook.com\/pages\/Tafeldeko-einzigartige-Tischdekoration\/174202655894\" \/>\n<meta property=\"article:published_time\" content=\"2016-04-04T16:13:33+00:00\" \/>\n<meta property=\"article:modified_time\" content=\"2023-01-24T08:37:52+00:00\" \/>\n<meta property=\"og:image\" content=\"https:\/\/www.tafeldeko.de\/news\/wp-content\/uploads\/2016\/04\/glaslinsen_gruen.jpg\" \/>\n\t<meta property=\"og:image:width\" content=\"250\" \/>\n\t<meta property=\"og:image:height\" content=\"250\" \/>\n\t<meta property=\"og:image:type\" content=\"image\/jpeg\" \/>\n<meta name=\"author\" content=\"Tafeldeko Deko Team\" \/>\n<meta name=\"twitter:label1\" content=\"Verfasst von\" \/>\n\t<meta name=\"twitter:data1\" content=\"Tafeldeko Deko Team\" \/>\n\t<meta name=\"twitter:label2\" content=\"Gesch\u00e4tzte Lesezeit\" \/>\n\t<meta name=\"twitter:data2\" content=\"3 Minuten\" \/>\n<script type=\"application\/ld+json\" class=\"yoast-schema-graph\">{\"@context\":\"https:\/\/schema.org\",\"@graph\":[{\"@type\":\"WebPage\",\"@id\":\"https:\/\/www.tafeldeko.de\/news\/tischdeko-brunch-glaenzend-schoen\/\",\"url\":\"https:\/\/www.tafeldeko.de\/news\/tischdeko-brunch-glaenzend-schoen\/\",\"name\":\"Tischdeko Brunch \u2013 gl\u00e4nzend sch\u00f6n - Tafeldeko\",\"isPartOf\":{\"@id\":\"https:\/\/www.tafeldeko.de\/news\/#website\"},\"datePublished\":\"2016-04-04T16:13:33+00:00\",\"dateModified\":\"2023-01-24T08:37:52+00:00\",\"author\":{\"@id\":\"https:\/\/www.tafeldeko.de\/news\/#\/schema\/person\/dc309fbb6a3e380919fc08342c3cc233\"},\"description\":\"Mit den Glaslinsen mit Acryl Bl\u00fcten und Schmetterlingen in Gelb\/Gr\u00fcn k\u00f6nnen Sie wundersch\u00f6ne Akzente in die Tischdeko Brunch gl\u00e4nzend sch\u00f6n...\",\"breadcrumb\":{\"@id\":\"https:\/\/www.tafeldeko.de\/news\/tischdeko-brunch-glaenzend-schoen\/#breadcrumb\"},\"inLanguage\":\"de-DE\",\"potentialAction\":[{\"@type\":\"ReadAction\",\"target\":[\"https:\/\/www.tafeldeko.de\/news\/tischdeko-brunch-glaenzend-schoen\/\"]}]},{\"@type\":\"BreadcrumbList\",\"@id\":\"https:\/\/www.tafeldeko.de\/news\/tischdeko-brunch-glaenzend-schoen\/#breadcrumb\",\"itemListElement\":[{\"@type\":\"ListItem\",\"position\":1,\"name\":\"Tafeldeko\",\"item\":\"https:\/\/www.tafeldeko.de\/news\/\"},{\"@type\":\"ListItem\",\"position\":2,\"name\":\"Alte Beitr\u00e4ge\",\"item\":\"https:\/\/www.tafeldeko.de\/news\/alte-beitraege\/\"},{\"@type\":\"ListItem\",\"position\":3,\"name\":\"Tischdeko - Blog\",\"item\":\"https:\/\/www.tafeldeko.de\/news\/alte-beitraege\/tischdeko-blog\/\"},{\"@type\":\"ListItem\",\"position\":4,\"name\":\"Tischdeko Brunch \u2013 gl\u00e4nzend sch\u00f6n\"}]},{\"@type\":\"WebSite\",\"@id\":\"https:\/\/www.tafeldeko.de\/news\/#website\",\"url\":\"https:\/\/www.tafeldeko.de\/news\/\",\"name\":\"Tafeldeko\",\"description\":\"Blog mit Tischdeko und Tischdekoration Ideen\",\"potentialAction\":[{\"@type\":\"SearchAction\",\"target\":{\"@type\":\"EntryPoint\",\"urlTemplate\":\"https:\/\/www.tafeldeko.de\/news\/?s={search_term_string}\"},\"query-input\":\"required name=search_term_string\"}],\"inLanguage\":\"de-DE\"},{\"@type\":\"Person\",\"@id\":\"https:\/\/www.tafeldeko.de\/news\/#\/schema\/person\/dc309fbb6a3e380919fc08342c3cc233\",\"name\":\"Tafeldeko Deko Team\",\"image\":{\"@type\":\"ImageObject\",\"inLanguage\":\"de-DE\",\"@id\":\"https:\/\/www.tafeldeko.de\/news\/#\/schema\/person\/image\/\",\"url\":\"https:\/\/secure.gravatar.com\/avatar\/1e962f4040dc9996f0d200db31598854?s=96&d=mm&r=g\",\"contentUrl\":\"https:\/\/secure.gravatar.com\/avatar\/1e962f4040dc9996f0d200db31598854?s=96&d=mm&r=g\",\"caption\":\"Tafeldeko Deko Team\"}}]}<\/script>\n<!-- \/ Yoast SEO plugin. -->","yoast_head_json":{"title":"Tischdeko Brunch \u2013 gl\u00e4nzend sch\u00f6n - Tafeldeko","description":"Mit den Glaslinsen mit Acryl Bl\u00fcten und Schmetterlingen in Gelb\/Gr\u00fcn k\u00f6nnen Sie wundersch\u00f6ne Akzente in die Tischdeko Brunch gl\u00e4nzend sch\u00f6n...","robots":{"index":"index","follow":"follow","max-snippet":"max-snippet:-1","max-image-preview":"max-image-preview:large","max-video-preview":"max-video-preview:-1"},"canonical":"https:\/\/www.tafeldeko.de\/news\/tischdeko-brunch-glaenzend-schoen\/","og_locale":"de_DE","og_type":"article","og_title":"Tischdeko Brunch \u2013 gl\u00e4nzend sch\u00f6n - Tafeldeko","og_description":"Mit den Glaslinsen mit Acryl Bl\u00fcten und Schmetterlingen in Gelb\/Gr\u00fcn k\u00f6nnen Sie wundersch\u00f6ne Akzente in die Tischdeko Brunch gl\u00e4nzend sch\u00f6n...","og_url":"https:\/\/www.tafeldeko.de\/news\/tischdeko-brunch-glaenzend-schoen\/","og_site_name":"Tafeldeko","article_publisher":"https:\/\/www.facebook.com\/pages\/Tafeldeko-einzigartige-Tischdekoration\/174202655894","article_published_time":"2016-04-04T16:13:33+00:00","article_modified_time":"2023-01-24T08:37:52+00:00","og_image":[{"width":250,"height":250,"url":"https:\/\/www.tafeldeko.de\/news\/wp-content\/uploads\/2016\/04\/glaslinsen_gruen.jpg","type":"image\/jpeg"}],"author":"Tafeldeko Deko Team","twitter_misc":{"Verfasst von":"Tafeldeko Deko Team","Gesch\u00e4tzte Lesezeit":"3 Minuten"},"schema":{"@context":"https:\/\/schema.org","@graph":[{"@type":"WebPage","@id":"https:\/\/www.tafeldeko.de\/news\/tischdeko-brunch-glaenzend-schoen\/","url":"https:\/\/www.tafeldeko.de\/news\/tischdeko-brunch-glaenzend-schoen\/","name":"Tischdeko Brunch \u2013 gl\u00e4nzend sch\u00f6n - Tafeldeko","isPartOf":{"@id":"https:\/\/www.tafeldeko.de\/news\/#website"},"datePublished":"2016-04-04T16:13:33+00:00","dateModified":"2023-01-24T08:37:52+00:00","author":{"@id":"https:\/\/www.tafeldeko.de\/news\/#\/schema\/person\/dc309fbb6a3e380919fc08342c3cc233"},"description":"Mit den Glaslinsen mit Acryl Bl\u00fcten und Schmetterlingen in Gelb\/Gr\u00fcn k\u00f6nnen Sie wundersch\u00f6ne Akzente in die Tischdeko Brunch gl\u00e4nzend sch\u00f6n...","breadcrumb":{"@id":"https:\/\/www.tafeldeko.de\/news\/tischdeko-brunch-glaenzend-schoen\/#breadcrumb"},"inLanguage":"de-DE","potentialAction":[{"@type":"ReadAction","target":["https:\/\/www.tafeldeko.de\/news\/tischdeko-brunch-glaenzend-schoen\/"]}]},{"@type":"BreadcrumbList","@id":"https:\/\/www.tafeldeko.de\/news\/tischdeko-brunch-glaenzend-schoen\/#breadcrumb","itemListElement":[{"@type":"ListItem","position":1,"name":"Tafeldeko","item":"https:\/\/www.tafeldeko.de\/news\/"},{"@type":"ListItem","position":2,"name":"Alte Beitr\u00e4ge","item":"https:\/\/www.tafeldeko.de\/news\/alte-beitraege\/"},{"@type":"ListItem","position":3,"name":"Tischdeko - Blog","item":"https:\/\/www.tafeldeko.de\/news\/alte-beitraege\/tischdeko-blog\/"},{"@type":"ListItem","position":4,"name":"Tischdeko Brunch \u2013 gl\u00e4nzend sch\u00f6n"}]},{"@type":"WebSite","@id":"https:\/\/www.tafeldeko.de\/news\/#website","url":"https:\/\/www.tafeldeko.de\/news\/","name":"Tafeldeko","description":"Blog mit Tischdeko und Tischdekoration Ideen","potentialAction":[{"@type":"SearchAction","target":{"@type":"EntryPoint","urlTemplate":"https:\/\/www.tafeldeko.de\/news\/?s={search_term_string}"},"query-input":"required name=search_term_string"}],"inLanguage":"de-DE"},{"@type":"Person","@id":"https:\/\/www.tafeldeko.de\/news\/#\/schema\/person\/dc309fbb6a3e380919fc08342c3cc233","name":"Tafeldeko Deko Team","image":{"@type":"ImageObject","inLanguage":"de-DE","@id":"https:\/\/www.tafeldeko.de\/news\/#\/schema\/person\/image\/","url":"https:\/\/secure.gravatar.com\/avatar\/1e962f4040dc9996f0d200db31598854?s=96&d=mm&r=g","contentUrl":"https:\/\/secure.gravatar.com\/avatar\/1e962f4040dc9996f0d200db31598854?s=96&d=mm&r=g","caption":"Tafeldeko Deko Team"}}]}},"_links":{"self":[{"href":"https:\/\/www.tafeldeko.de\/news\/wp-json\/wp\/v2\/posts\/7113"}],"collection":[{"href":"https:\/\/www.tafeldeko.de\/news\/wp-json\/wp\/v2\/posts"}],"about":[{"href":"https:\/\/www.tafeldeko.de\/news\/wp-json\/wp\/v2\/types\/post"}],"author":[{"embeddable":true,"href":"https:\/\/www.tafeldeko.de\/news\/wp-json\/wp\/v2\/users\/6"}],"replies":[{"embeddable":true,"href":"https:\/\/www.tafeldeko.de\/news\/wp-json\/wp\/v2\/comments?post=7113"}],"version-history":[{"count":7,"href":"https:\/\/www.tafeldeko.de\/news\/wp-json\/wp\/v2\/posts\/7113\/revisions"}],"predecessor-version":[{"id":22030,"href":"https:\/\/www.tafeldeko.de\/news\/wp-json\/wp\/v2\/posts\/7113\/revisions\/22030"}],"wp:featuredmedia":[{"embeddable":true,"href":"https:\/\/www.tafeldeko.de\/news\/wp-json\/wp\/v2\/media\/7114"}],"wp:attachment":[{"href":"https:\/\/www.tafeldeko.de\/news\/wp-json\/wp\/v2\/media?parent=7113"}],"wp:term":[{"taxonomy":"category","embeddable":true,"href":"https:\/\/www.tafeldeko.de\/news\/wp-json\/wp\/v2\/categories?post=7113"},{"taxonomy":"post_tag","embeddable":true,"href":"https:\/\/www.tafeldeko.de\/news\/wp-json\/wp\/v2\/tags?post=7113"}],"curies":[{"name":"wp","href":"https:\/\/api.w.org\/{rel}","templated":true}]}}