{"id":7098,"date":"2016-03-27T17:36:38","date_gmt":"2016-03-27T15:36:38","guid":{"rendered":"http:\/\/www.tafeldeko.de\/news\/?p=7098"},"modified":"2022-11-10T09:20:54","modified_gmt":"2022-11-10T08:20:54","slug":"schwarz-weisse-deko-wunderschoen","status":"publish","type":"post","link":"https:\/\/www.tafeldeko.de\/news\/schwarz-weisse-deko-wunderschoen\/","title":{"rendered":"Schwarz wei\u00dfe Deko \u2013 wundersch\u00f6n"},"content":{"rendered":"<p>Die<strong> Schwarz wei\u00dfe Deko wundersch\u00f6n<\/strong> ist immer wieder ein ganz besonderer Hingucker. Wer es liebt, stilvoll, modern und trendig zu dekorieren, wird auch diese Art der Dekoration lieben. Gerade wenn die M\u00f6bel wei\u00df oder schwarz sind, macht es sich hervorragend, zu Kontrasten zu greifen und <strong>wundervolle Highlights<\/strong> zu arrangieren.<br \/>\nAuf schwarzen oder sehr dunklen M\u00f6beln machen sich wei\u00dfe Accessoires hervorragend. Es muss auch nicht viel sein, was Sie arrangieren, oftmals ist weniger einfach mehr<\/p>\n<p><img decoding=\"async\" loading=\"lazy\" src=\"https:\/\/www.tafeldeko.de\/news\/wp-content\/uploads\/2016\/03\/kerzenhalter_billy.jpg\" sizes=\"(max-width: 250px) 100vw, 250px\" srcset=\"https:\/\/www.tafeldeko.de\/news\/wp-content\/uploads\/2016\/03\/kerzenhalter_billy.jpg 250w, https:\/\/www.tafeldeko.de\/news\/wp-content\/uploads\/2016\/03\/kerzenhalter_billy-150x150.jpg 150w\" alt=\"Schwarz wei\u00dfe Deko\" width=\"250\" height=\"250\" \/><\/p>\n<h2>Ideen f\u00fcr die schwarz wei\u00dfe Deko wundersch\u00f6n<\/h2>\n<p>Schwarze Elemente auf wei\u00dfen Untergr\u00fcnden schaffen eine ausdrucksstarke und kontrastreiche Atmosph\u00e4re. Sind die Untergr\u00fcnde schlicht, k\u00f6nnen sowohl schlichte Deko-Elemente als auch pomp\u00f6s wirkende Accessoires ausgew\u00e4hlt werden \u2013 es kommt eben auf das Ergebnis an, das man erzielen m\u00f6chte.<br \/>\nNehmen wir eine schlichte, schwarze Kommode, die Sie im Wohnzimmer platzieren. Was w\u00fcrde besser passen, als der <strong>Duni Metall Kerzenhalter Billy in Wei\u00df<\/strong>. Die H\u00fclle des Kerzenhalters verf\u00fcgt \u00fcber ein Muster, welches den Kerzenschein auf tolle Weise durchscheinen l\u00e4sst. Wenn Sie das Besondere lieben, dann empfehlen wir Ihnen die Kombination dieses Kerzenhalters Billy mit den LED Kerzen multicolor. Dadurch erhalten Sie einen tollen <strong>Hingucker<\/strong>, der nicht nur in den Abendstunden perfekt zur Geltung kommt.<br \/>\nAuch kleine Teller und Schalen in Wei\u00df k\u00f6nnen sch\u00f6ne <strong>Blickf\u00e4nge<\/strong> schaffen. Diese Schalen k\u00f6nnen Sie zum Beispiel mit schwarzen Deko Nuggets oder schwarzem Granulat bef\u00fcllen und darin arrangieren Sie ein Teelicht \u2013 eine schnelle <a href=\"https:\/\/www.tafeldeko.de\" target=\"_blank\" rel=\"noopener\"><strong>Deko<\/strong><\/a> mit tollem Effekt.<br \/>\nBei der Zusammenstellung der schwarz wei\u00dfen Deko wundersch\u00f6n sollte man vielleicht das eine oder andere bunte Accessoire mit einbringen. Dadurch erzielen Sie nicht nur die besonderen Blickf\u00e4nge, sondern lockern das Gesamtbild etwas auf und nehmen ihr etwas die vielleicht entstehende Tristesse. Und wenn es nur die roten oder gr\u00fcnen Kissen auf der Couch sind, mit der Sie Ihre schwarz wei\u00dfe Deko perfektionieren. <strong>Vasen in schwarz<\/strong> oder wei\u00df passen ebenso zu dieser Art der Dekoration und verleihen dem Raum oder der gesamten Wohnung eine wohnliche und behagliche Atmosph\u00e4re.<\/p>\n<h2>Weitere Beitr\u00e4ge:<\/h2>\n<h2>Dekoartikel von A-Z<\/h2>\n<p><a href=\"https:\/\/www.tafeldeko.de\/tischdeko-artikel\/\"><br \/>\nJetzt entdecken <\/a><\/p>\n","protected":false},"excerpt":{"rendered":"<p>Die Schwarz wei\u00dfe Deko wundersch\u00f6n ist immer wieder ein ganz besonderer Hingucker. Wer es liebt, stilvoll, modern und trendig zu dekorieren, wird auch diese Art der Dekoration lieben. Gerade wenn die M\u00f6bel wei\u00df oder schwarz sind, macht es sich hervorragend, zu Kontrasten zu greifen und wundervolle Highlights zu arrangieren. Auf schwarzen oder sehr dunklen M\u00f6beln [&hellip;]<\/p>\n","protected":false},"author":6,"featured_media":7099,"comment_status":"closed","ping_status":"closed","sticky":false,"template":"","format":"standard","meta":{"footnotes":""},"categories":[1],"tags":[],"yoast_head":"<!-- This site is optimized with the Yoast SEO plugin v20.4 - https:\/\/yoast.com\/wordpress\/plugins\/seo\/ -->\n<title>Schwarz wei\u00dfe Deko \u2013 wundersch\u00f6n - Tafeldeko<\/title>\n<meta name=\"description\" content=\"Die Schwarz wei\u00dfe Deko wundersch\u00f6n ist immer wieder ein ganz besonderer Hingucker. Wer gerne stilvoll und trendig dekoriert, wird diese Art der Dekoration lieben.\" \/>\n<meta name=\"robots\" content=\"index, follow, max-snippet:-1, max-image-preview:large, max-video-preview:-1\" \/>\n<link rel=\"canonical\" href=\"https:\/\/www.tafeldeko.de\/news\/schwarz-weisse-deko-wunderschoen\/\" \/>\n<meta property=\"og:locale\" content=\"de_DE\" \/>\n<meta property=\"og:type\" content=\"article\" \/>\n<meta property=\"og:title\" content=\"Schwarz wei\u00dfe Deko \u2013 wundersch\u00f6n - Tafeldeko\" \/>\n<meta property=\"og:description\" content=\"Die Schwarz wei\u00dfe Deko wundersch\u00f6n ist immer wieder ein ganz besonderer Hingucker. Wer gerne stilvoll und trendig dekoriert, wird diese Art der Dekoration lieben.\" \/>\n<meta property=\"og:url\" content=\"https:\/\/www.tafeldeko.de\/news\/schwarz-weisse-deko-wunderschoen\/\" \/>\n<meta property=\"og:site_name\" content=\"Tafeldeko\" \/>\n<meta property=\"article:publisher\" content=\"https:\/\/www.facebook.com\/pages\/Tafeldeko-einzigartige-Tischdekoration\/174202655894\" \/>\n<meta property=\"article:published_time\" content=\"2016-03-27T15:36:38+00:00\" \/>\n<meta property=\"article:modified_time\" content=\"2022-11-10T08:20:54+00:00\" \/>\n<meta property=\"og:image\" content=\"https:\/\/www.tafeldeko.de\/news\/wp-content\/uploads\/2016\/03\/kerzenhalter_billy.jpg\" \/>\n\t<meta property=\"og:image:width\" content=\"250\" \/>\n\t<meta property=\"og:image:height\" content=\"250\" \/>\n\t<meta property=\"og:image:type\" content=\"image\/jpeg\" \/>\n<meta name=\"author\" content=\"Tafeldeko Deko Team\" \/>\n<meta name=\"twitter:label1\" content=\"Verfasst von\" \/>\n\t<meta name=\"twitter:data1\" content=\"Tafeldeko Deko Team\" \/>\n\t<meta name=\"twitter:label2\" content=\"Gesch\u00e4tzte Lesezeit\" \/>\n\t<meta name=\"twitter:data2\" content=\"3 Minuten\" \/>\n<script type=\"application\/ld+json\" class=\"yoast-schema-graph\">{\"@context\":\"https:\/\/schema.org\",\"@graph\":[{\"@type\":\"WebPage\",\"@id\":\"https:\/\/www.tafeldeko.de\/news\/schwarz-weisse-deko-wunderschoen\/\",\"url\":\"https:\/\/www.tafeldeko.de\/news\/schwarz-weisse-deko-wunderschoen\/\",\"name\":\"Schwarz wei\u00dfe Deko \u2013 wundersch\u00f6n - Tafeldeko\",\"isPartOf\":{\"@id\":\"https:\/\/www.tafeldeko.de\/news\/#website\"},\"datePublished\":\"2016-03-27T15:36:38+00:00\",\"dateModified\":\"2022-11-10T08:20:54+00:00\",\"author\":{\"@id\":\"https:\/\/www.tafeldeko.de\/news\/#\/schema\/person\/dc309fbb6a3e380919fc08342c3cc233\"},\"description\":\"Die Schwarz wei\u00dfe Deko wundersch\u00f6n ist immer wieder ein ganz besonderer Hingucker. Wer gerne stilvoll und trendig dekoriert, wird diese Art der Dekoration lieben.\",\"breadcrumb\":{\"@id\":\"https:\/\/www.tafeldeko.de\/news\/schwarz-weisse-deko-wunderschoen\/#breadcrumb\"},\"inLanguage\":\"de-DE\",\"potentialAction\":[{\"@type\":\"ReadAction\",\"target\":[\"https:\/\/www.tafeldeko.de\/news\/schwarz-weisse-deko-wunderschoen\/\"]}]},{\"@type\":\"BreadcrumbList\",\"@id\":\"https:\/\/www.tafeldeko.de\/news\/schwarz-weisse-deko-wunderschoen\/#breadcrumb\",\"itemListElement\":[{\"@type\":\"ListItem\",\"position\":1,\"name\":\"Tafeldeko\",\"item\":\"https:\/\/www.tafeldeko.de\/news\/\"},{\"@type\":\"ListItem\",\"position\":2,\"name\":\"Alte Beitr\u00e4ge\",\"item\":\"https:\/\/www.tafeldeko.de\/news\/alte-beitraege\/\"},{\"@type\":\"ListItem\",\"position\":3,\"name\":\"Tischdeko - Blog\",\"item\":\"https:\/\/www.tafeldeko.de\/news\/alte-beitraege\/tischdeko-blog\/\"},{\"@type\":\"ListItem\",\"position\":4,\"name\":\"Schwarz wei\u00dfe Deko \u2013 wundersch\u00f6n\"}]},{\"@type\":\"WebSite\",\"@id\":\"https:\/\/www.tafeldeko.de\/news\/#website\",\"url\":\"https:\/\/www.tafeldeko.de\/news\/\",\"name\":\"Tafeldeko\",\"description\":\"Blog mit Tischdeko und Tischdekoration Ideen\",\"potentialAction\":[{\"@type\":\"SearchAction\",\"target\":{\"@type\":\"EntryPoint\",\"urlTemplate\":\"https:\/\/www.tafeldeko.de\/news\/?s={search_term_string}\"},\"query-input\":\"required name=search_term_string\"}],\"inLanguage\":\"de-DE\"},{\"@type\":\"Person\",\"@id\":\"https:\/\/www.tafeldeko.de\/news\/#\/schema\/person\/dc309fbb6a3e380919fc08342c3cc233\",\"name\":\"Tafeldeko Deko Team\",\"image\":{\"@type\":\"ImageObject\",\"inLanguage\":\"de-DE\",\"@id\":\"https:\/\/www.tafeldeko.de\/news\/#\/schema\/person\/image\/\",\"url\":\"https:\/\/secure.gravatar.com\/avatar\/1e962f4040dc9996f0d200db31598854?s=96&d=mm&r=g\",\"contentUrl\":\"https:\/\/secure.gravatar.com\/avatar\/1e962f4040dc9996f0d200db31598854?s=96&d=mm&r=g\",\"caption\":\"Tafeldeko Deko Team\"}}]}<\/script>\n<!-- \/ Yoast SEO plugin. -->","yoast_head_json":{"title":"Schwarz wei\u00dfe Deko \u2013 wundersch\u00f6n - Tafeldeko","description":"Die Schwarz wei\u00dfe Deko wundersch\u00f6n ist immer wieder ein ganz besonderer Hingucker. Wer gerne stilvoll und trendig dekoriert, wird diese Art der Dekoration lieben.","robots":{"index":"index","follow":"follow","max-snippet":"max-snippet:-1","max-image-preview":"max-image-preview:large","max-video-preview":"max-video-preview:-1"},"canonical":"https:\/\/www.tafeldeko.de\/news\/schwarz-weisse-deko-wunderschoen\/","og_locale":"de_DE","og_type":"article","og_title":"Schwarz wei\u00dfe Deko \u2013 wundersch\u00f6n - Tafeldeko","og_description":"Die Schwarz wei\u00dfe Deko wundersch\u00f6n ist immer wieder ein ganz besonderer Hingucker. Wer gerne stilvoll und trendig dekoriert, wird diese Art der Dekoration lieben.","og_url":"https:\/\/www.tafeldeko.de\/news\/schwarz-weisse-deko-wunderschoen\/","og_site_name":"Tafeldeko","article_publisher":"https:\/\/www.facebook.com\/pages\/Tafeldeko-einzigartige-Tischdekoration\/174202655894","article_published_time":"2016-03-27T15:36:38+00:00","article_modified_time":"2022-11-10T08:20:54+00:00","og_image":[{"width":250,"height":250,"url":"https:\/\/www.tafeldeko.de\/news\/wp-content\/uploads\/2016\/03\/kerzenhalter_billy.jpg","type":"image\/jpeg"}],"author":"Tafeldeko Deko Team","twitter_misc":{"Verfasst von":"Tafeldeko Deko Team","Gesch\u00e4tzte Lesezeit":"3 Minuten"},"schema":{"@context":"https:\/\/schema.org","@graph":[{"@type":"WebPage","@id":"https:\/\/www.tafeldeko.de\/news\/schwarz-weisse-deko-wunderschoen\/","url":"https:\/\/www.tafeldeko.de\/news\/schwarz-weisse-deko-wunderschoen\/","name":"Schwarz wei\u00dfe Deko \u2013 wundersch\u00f6n - Tafeldeko","isPartOf":{"@id":"https:\/\/www.tafeldeko.de\/news\/#website"},"datePublished":"2016-03-27T15:36:38+00:00","dateModified":"2022-11-10T08:20:54+00:00","author":{"@id":"https:\/\/www.tafeldeko.de\/news\/#\/schema\/person\/dc309fbb6a3e380919fc08342c3cc233"},"description":"Die Schwarz wei\u00dfe Deko wundersch\u00f6n ist immer wieder ein ganz besonderer Hingucker. Wer gerne stilvoll und trendig dekoriert, wird diese Art der Dekoration lieben.","breadcrumb":{"@id":"https:\/\/www.tafeldeko.de\/news\/schwarz-weisse-deko-wunderschoen\/#breadcrumb"},"inLanguage":"de-DE","potentialAction":[{"@type":"ReadAction","target":["https:\/\/www.tafeldeko.de\/news\/schwarz-weisse-deko-wunderschoen\/"]}]},{"@type":"BreadcrumbList","@id":"https:\/\/www.tafeldeko.de\/news\/schwarz-weisse-deko-wunderschoen\/#breadcrumb","itemListElement":[{"@type":"ListItem","position":1,"name":"Tafeldeko","item":"https:\/\/www.tafeldeko.de\/news\/"},{"@type":"ListItem","position":2,"name":"Alte Beitr\u00e4ge","item":"https:\/\/www.tafeldeko.de\/news\/alte-beitraege\/"},{"@type":"ListItem","position":3,"name":"Tischdeko - Blog","item":"https:\/\/www.tafeldeko.de\/news\/alte-beitraege\/tischdeko-blog\/"},{"@type":"ListItem","position":4,"name":"Schwarz wei\u00dfe Deko \u2013 wundersch\u00f6n"}]},{"@type":"WebSite","@id":"https:\/\/www.tafeldeko.de\/news\/#website","url":"https:\/\/www.tafeldeko.de\/news\/","name":"Tafeldeko","description":"Blog mit Tischdeko und Tischdekoration Ideen","potentialAction":[{"@type":"SearchAction","target":{"@type":"EntryPoint","urlTemplate":"https:\/\/www.tafeldeko.de\/news\/?s={search_term_string}"},"query-input":"required name=search_term_string"}],"inLanguage":"de-DE"},{"@type":"Person","@id":"https:\/\/www.tafeldeko.de\/news\/#\/schema\/person\/dc309fbb6a3e380919fc08342c3cc233","name":"Tafeldeko Deko Team","image":{"@type":"ImageObject","inLanguage":"de-DE","@id":"https:\/\/www.tafeldeko.de\/news\/#\/schema\/person\/image\/","url":"https:\/\/secure.gravatar.com\/avatar\/1e962f4040dc9996f0d200db31598854?s=96&d=mm&r=g","contentUrl":"https:\/\/secure.gravatar.com\/avatar\/1e962f4040dc9996f0d200db31598854?s=96&d=mm&r=g","caption":"Tafeldeko Deko Team"}}]}},"_links":{"self":[{"href":"https:\/\/www.tafeldeko.de\/news\/wp-json\/wp\/v2\/posts\/7098"}],"collection":[{"href":"https:\/\/www.tafeldeko.de\/news\/wp-json\/wp\/v2\/posts"}],"about":[{"href":"https:\/\/www.tafeldeko.de\/news\/wp-json\/wp\/v2\/types\/post"}],"author":[{"embeddable":true,"href":"https:\/\/www.tafeldeko.de\/news\/wp-json\/wp\/v2\/users\/6"}],"replies":[{"embeddable":true,"href":"https:\/\/www.tafeldeko.de\/news\/wp-json\/wp\/v2\/comments?post=7098"}],"version-history":[{"count":6,"href":"https:\/\/www.tafeldeko.de\/news\/wp-json\/wp\/v2\/posts\/7098\/revisions"}],"predecessor-version":[{"id":20979,"href":"https:\/\/www.tafeldeko.de\/news\/wp-json\/wp\/v2\/posts\/7098\/revisions\/20979"}],"wp:featuredmedia":[{"embeddable":true,"href":"https:\/\/www.tafeldeko.de\/news\/wp-json\/wp\/v2\/media\/7099"}],"wp:attachment":[{"href":"https:\/\/www.tafeldeko.de\/news\/wp-json\/wp\/v2\/media?parent=7098"}],"wp:term":[{"taxonomy":"category","embeddable":true,"href":"https:\/\/www.tafeldeko.de\/news\/wp-json\/wp\/v2\/categories?post=7098"},{"taxonomy":"post_tag","embeddable":true,"href":"https:\/\/www.tafeldeko.de\/news\/wp-json\/wp\/v2\/tags?post=7098"}],"curies":[{"name":"wp","href":"https:\/\/api.w.org\/{rel}","templated":true}]}}