{"id":7090,"date":"2016-03-24T11:31:14","date_gmt":"2016-03-24T09:31:14","guid":{"rendered":"http:\/\/www.tafeldeko.de\/news\/?p=7090"},"modified":"2016-03-31T11:34:23","modified_gmt":"2016-03-31T09:34:23","slug":"geburtstagsgedicht-fuer-die-persoenliche-gratulation","status":"publish","type":"post","link":"https:\/\/www.tafeldeko.de\/news\/geburtstagsgedicht-fuer-die-persoenliche-gratulation\/","title":{"rendered":"Geburtstagsgedicht \u2013 f\u00fcr die pers\u00f6nliche Gratulation"},"content":{"rendered":"<p>Ein<strong> Geburtstagsgedicht<\/strong> ist zum einen eine sch\u00f6ne M\u00f6glichkeit, zum Geburtstag zu gratulieren und zum anderen schafft es ganz pers\u00f6nliche <strong>Gedenktage<\/strong>. Ein liebevoller Geburtstagsgl\u00fcckwunsch, eben als Geburtstagsgedicht auf ein Blatt oder die Geburtstagskarte geschrieben, ist eine wunderbare Geste gegen\u00fcber dem Geburtstagskind. Und es kommt hier nicht nur auf die geschriebenen Zeilen an, sondern auch auf die Aufmachung. Wer ein l\u00e4ngeres Geburtstagsgedicht zum Besten geben m\u00f6chte, sollte dies auf ein sch\u00f6nes Blatt Papier, beispielsweise auf marmoriertes oder <strong>B\u00fcttenpapier<\/strong>, niederschreiben.<\/p>\n<h2>So kommt das Geburtstagsgedicht perfekt zur Geltung<\/h2>\n<p>Es ist also nicht nur der Inhalt, der dem Geburtstagskind etwas Sch\u00f6nes mitteilt, sondern generell die Aufmachung des Gedichtes. B\u00fcttenpapier eignet sich hervorragend, um gr\u00f6\u00dfere Gedichte stilvoll niederzuschreiben. Wer eine sch\u00f6ne Handschrift hat, kann diese pers\u00f6nlichen Zeilen nat\u00fcrlich von Hand schreiben \u2013 eine ganz besondere Art gegen\u00fcber dem Geburtstagskind. Ansonsten bleibt nat\u00fcrlich die Option, die Zeilen mit dem Computer zu schreiben und auf das stilvolle Papier zu drucken. Als <strong>Schriftrolle mit Schleife<\/strong> und Siegel oder eingerahmt in einen Bilderrahmen sorgt das Gedicht f\u00fcr das ganz besondere Geschenk.<br \/>\nWir empfehlen, dass Sie unter das Geburtstagsgedicht das Datum und die Signatur einf\u00fcgen, damit jederzeit nachvollziehbar ist, von wem dieses Geschenk stammt.<br \/>\nWird der Geburtstag im gro\u00dfen Kreis gefeiert, k\u00f6nnen Sie das Geburtstagsgedicht als <strong>Highlight der Geburtstagsfeier<\/strong> vortragen. Ein guter Zeitpunkt f\u00fcr den dichterischen Vortrag ist nach dem Hauptgang \u2013 alle G\u00e4ste sind vorerst \u201eges\u00e4ttigt\u201c und haben ein offenes Ohr f\u00fcr die gute Unterhaltung.<br \/>\nWas Sie in das Gedicht einbringen, ist Ihnen \u00fcberlassen. Wenn es der guten Unterhaltung dienen soll, empfiehlt es sich, kurzweilige Anekdoten und lustige Spr\u00fcche einzubringen. Und vielleicht bekommt das Geburtstagskind ein ganz besonderes Geschenk zu diesem &#8220;Werk&#8221; \u2013 dann k\u00f6nnen Sie dieses Geschenk mit in den <strong>Gedichtvortrag<\/strong> integrieren. An Ideen, das Geburtstagsgedicht vorzutragen und zu pr\u00e4sentieren, wird es meistens nicht mangeln, eher an den Inhalten, die man in gereimter Form mit einbringen kann.<\/p>\n","protected":false},"excerpt":{"rendered":"<p>Ein Geburtstagsgedicht ist zum einen eine sch\u00f6ne M\u00f6glichkeit, zum Geburtstag zu gratulieren und zum anderen schafft es ganz pers\u00f6nliche Gedenktage. Ein liebevoller Geburtstagsgl\u00fcckwunsch, eben als Geburtstagsgedicht auf ein Blatt oder die Geburtstagskarte geschrieben, ist eine wunderbare Geste gegen\u00fcber dem Geburtstagskind. Und es kommt hier nicht nur auf die geschriebenen Zeilen an, sondern auch auf die [&hellip;]<\/p>\n","protected":false},"author":6,"featured_media":0,"comment_status":"closed","ping_status":"closed","sticky":false,"template":"","format":"standard","meta":{"footnotes":""},"categories":[1],"tags":[],"yoast_head":"<!-- This site is optimized with the Yoast SEO plugin v20.4 - https:\/\/yoast.com\/wordpress\/plugins\/seo\/ -->\n<title>Geburtstagsgedicht \u2013 f\u00fcr die pers\u00f6nliche Gratulation - Tafeldeko<\/title>\n<meta name=\"description\" content=\"Ein Geburtstagsgedicht ist zum einen eine sch\u00f6ne M\u00f6glichkeit, zum Geburtstag zu gratulieren und zum anderen schafft es ganz pers\u00f6nliche Gedenktage.\" \/>\n<meta name=\"robots\" content=\"index, follow, max-snippet:-1, max-image-preview:large, max-video-preview:-1\" \/>\n<link rel=\"canonical\" href=\"https:\/\/www.tafeldeko.de\/news\/geburtstagsgedicht-fuer-die-persoenliche-gratulation\/\" \/>\n<meta property=\"og:locale\" content=\"de_DE\" \/>\n<meta property=\"og:type\" content=\"article\" \/>\n<meta property=\"og:title\" content=\"Geburtstagsgedicht \u2013 f\u00fcr die pers\u00f6nliche Gratulation - Tafeldeko\" \/>\n<meta property=\"og:description\" content=\"Ein Geburtstagsgedicht ist zum einen eine sch\u00f6ne M\u00f6glichkeit, zum Geburtstag zu gratulieren und zum anderen schafft es ganz pers\u00f6nliche Gedenktage.\" \/>\n<meta property=\"og:url\" content=\"https:\/\/www.tafeldeko.de\/news\/geburtstagsgedicht-fuer-die-persoenliche-gratulation\/\" \/>\n<meta property=\"og:site_name\" content=\"Tafeldeko\" \/>\n<meta property=\"article:publisher\" content=\"https:\/\/www.facebook.com\/pages\/Tafeldeko-einzigartige-Tischdekoration\/174202655894\" \/>\n<meta property=\"article:published_time\" content=\"2016-03-24T09:31:14+00:00\" \/>\n<meta property=\"article:modified_time\" content=\"2016-03-31T09:34:23+00:00\" \/>\n<meta name=\"author\" content=\"Tafeldeko Deko Team\" \/>\n<meta name=\"twitter:label1\" content=\"Verfasst von\" \/>\n\t<meta name=\"twitter:data1\" content=\"Tafeldeko Deko Team\" \/>\n\t<meta name=\"twitter:label2\" content=\"Gesch\u00e4tzte Lesezeit\" \/>\n\t<meta name=\"twitter:data2\" content=\"2 Minuten\" \/>\n<script type=\"application\/ld+json\" class=\"yoast-schema-graph\">{\"@context\":\"https:\/\/schema.org\",\"@graph\":[{\"@type\":\"WebPage\",\"@id\":\"https:\/\/www.tafeldeko.de\/news\/geburtstagsgedicht-fuer-die-persoenliche-gratulation\/\",\"url\":\"https:\/\/www.tafeldeko.de\/news\/geburtstagsgedicht-fuer-die-persoenliche-gratulation\/\",\"name\":\"Geburtstagsgedicht \u2013 f\u00fcr die pers\u00f6nliche Gratulation - Tafeldeko\",\"isPartOf\":{\"@id\":\"https:\/\/www.tafeldeko.de\/news\/#website\"},\"datePublished\":\"2016-03-24T09:31:14+00:00\",\"dateModified\":\"2016-03-31T09:34:23+00:00\",\"author\":{\"@id\":\"https:\/\/www.tafeldeko.de\/news\/#\/schema\/person\/dc309fbb6a3e380919fc08342c3cc233\"},\"description\":\"Ein Geburtstagsgedicht ist zum einen eine sch\u00f6ne M\u00f6glichkeit, zum Geburtstag zu gratulieren und zum anderen schafft es ganz pers\u00f6nliche Gedenktage.\",\"breadcrumb\":{\"@id\":\"https:\/\/www.tafeldeko.de\/news\/geburtstagsgedicht-fuer-die-persoenliche-gratulation\/#breadcrumb\"},\"inLanguage\":\"de-DE\",\"potentialAction\":[{\"@type\":\"ReadAction\",\"target\":[\"https:\/\/www.tafeldeko.de\/news\/geburtstagsgedicht-fuer-die-persoenliche-gratulation\/\"]}]},{\"@type\":\"BreadcrumbList\",\"@id\":\"https:\/\/www.tafeldeko.de\/news\/geburtstagsgedicht-fuer-die-persoenliche-gratulation\/#breadcrumb\",\"itemListElement\":[{\"@type\":\"ListItem\",\"position\":1,\"name\":\"Tafeldeko\",\"item\":\"https:\/\/www.tafeldeko.de\/news\/\"},{\"@type\":\"ListItem\",\"position\":2,\"name\":\"Alte Beitr\u00e4ge\",\"item\":\"https:\/\/www.tafeldeko.de\/news\/alte-beitraege\/\"},{\"@type\":\"ListItem\",\"position\":3,\"name\":\"Tischdeko - Blog\",\"item\":\"https:\/\/www.tafeldeko.de\/news\/alte-beitraege\/tischdeko-blog\/\"},{\"@type\":\"ListItem\",\"position\":4,\"name\":\"Geburtstagsgedicht \u2013 f\u00fcr die pers\u00f6nliche Gratulation\"}]},{\"@type\":\"WebSite\",\"@id\":\"https:\/\/www.tafeldeko.de\/news\/#website\",\"url\":\"https:\/\/www.tafeldeko.de\/news\/\",\"name\":\"Tafeldeko\",\"description\":\"Blog mit Tischdeko und Tischdekoration Ideen\",\"potentialAction\":[{\"@type\":\"SearchAction\",\"target\":{\"@type\":\"EntryPoint\",\"urlTemplate\":\"https:\/\/www.tafeldeko.de\/news\/?s={search_term_string}\"},\"query-input\":\"required name=search_term_string\"}],\"inLanguage\":\"de-DE\"},{\"@type\":\"Person\",\"@id\":\"https:\/\/www.tafeldeko.de\/news\/#\/schema\/person\/dc309fbb6a3e380919fc08342c3cc233\",\"name\":\"Tafeldeko Deko Team\",\"image\":{\"@type\":\"ImageObject\",\"inLanguage\":\"de-DE\",\"@id\":\"https:\/\/www.tafeldeko.de\/news\/#\/schema\/person\/image\/\",\"url\":\"https:\/\/secure.gravatar.com\/avatar\/1e962f4040dc9996f0d200db31598854?s=96&d=mm&r=g\",\"contentUrl\":\"https:\/\/secure.gravatar.com\/avatar\/1e962f4040dc9996f0d200db31598854?s=96&d=mm&r=g\",\"caption\":\"Tafeldeko Deko Team\"}}]}<\/script>\n<!-- \/ Yoast SEO plugin. -->","yoast_head_json":{"title":"Geburtstagsgedicht \u2013 f\u00fcr die pers\u00f6nliche Gratulation - Tafeldeko","description":"Ein Geburtstagsgedicht ist zum einen eine sch\u00f6ne M\u00f6glichkeit, zum Geburtstag zu gratulieren und zum anderen schafft es ganz pers\u00f6nliche Gedenktage.","robots":{"index":"index","follow":"follow","max-snippet":"max-snippet:-1","max-image-preview":"max-image-preview:large","max-video-preview":"max-video-preview:-1"},"canonical":"https:\/\/www.tafeldeko.de\/news\/geburtstagsgedicht-fuer-die-persoenliche-gratulation\/","og_locale":"de_DE","og_type":"article","og_title":"Geburtstagsgedicht \u2013 f\u00fcr die pers\u00f6nliche Gratulation - Tafeldeko","og_description":"Ein Geburtstagsgedicht ist zum einen eine sch\u00f6ne M\u00f6glichkeit, zum Geburtstag zu gratulieren und zum anderen schafft es ganz pers\u00f6nliche Gedenktage.","og_url":"https:\/\/www.tafeldeko.de\/news\/geburtstagsgedicht-fuer-die-persoenliche-gratulation\/","og_site_name":"Tafeldeko","article_publisher":"https:\/\/www.facebook.com\/pages\/Tafeldeko-einzigartige-Tischdekoration\/174202655894","article_published_time":"2016-03-24T09:31:14+00:00","article_modified_time":"2016-03-31T09:34:23+00:00","author":"Tafeldeko Deko Team","twitter_misc":{"Verfasst von":"Tafeldeko Deko Team","Gesch\u00e4tzte Lesezeit":"2 Minuten"},"schema":{"@context":"https:\/\/schema.org","@graph":[{"@type":"WebPage","@id":"https:\/\/www.tafeldeko.de\/news\/geburtstagsgedicht-fuer-die-persoenliche-gratulation\/","url":"https:\/\/www.tafeldeko.de\/news\/geburtstagsgedicht-fuer-die-persoenliche-gratulation\/","name":"Geburtstagsgedicht \u2013 f\u00fcr die pers\u00f6nliche Gratulation - Tafeldeko","isPartOf":{"@id":"https:\/\/www.tafeldeko.de\/news\/#website"},"datePublished":"2016-03-24T09:31:14+00:00","dateModified":"2016-03-31T09:34:23+00:00","author":{"@id":"https:\/\/www.tafeldeko.de\/news\/#\/schema\/person\/dc309fbb6a3e380919fc08342c3cc233"},"description":"Ein Geburtstagsgedicht ist zum einen eine sch\u00f6ne M\u00f6glichkeit, zum Geburtstag zu gratulieren und zum anderen schafft es ganz pers\u00f6nliche Gedenktage.","breadcrumb":{"@id":"https:\/\/www.tafeldeko.de\/news\/geburtstagsgedicht-fuer-die-persoenliche-gratulation\/#breadcrumb"},"inLanguage":"de-DE","potentialAction":[{"@type":"ReadAction","target":["https:\/\/www.tafeldeko.de\/news\/geburtstagsgedicht-fuer-die-persoenliche-gratulation\/"]}]},{"@type":"BreadcrumbList","@id":"https:\/\/www.tafeldeko.de\/news\/geburtstagsgedicht-fuer-die-persoenliche-gratulation\/#breadcrumb","itemListElement":[{"@type":"ListItem","position":1,"name":"Tafeldeko","item":"https:\/\/www.tafeldeko.de\/news\/"},{"@type":"ListItem","position":2,"name":"Alte Beitr\u00e4ge","item":"https:\/\/www.tafeldeko.de\/news\/alte-beitraege\/"},{"@type":"ListItem","position":3,"name":"Tischdeko - Blog","item":"https:\/\/www.tafeldeko.de\/news\/alte-beitraege\/tischdeko-blog\/"},{"@type":"ListItem","position":4,"name":"Geburtstagsgedicht \u2013 f\u00fcr die pers\u00f6nliche Gratulation"}]},{"@type":"WebSite","@id":"https:\/\/www.tafeldeko.de\/news\/#website","url":"https:\/\/www.tafeldeko.de\/news\/","name":"Tafeldeko","description":"Blog mit Tischdeko und Tischdekoration Ideen","potentialAction":[{"@type":"SearchAction","target":{"@type":"EntryPoint","urlTemplate":"https:\/\/www.tafeldeko.de\/news\/?s={search_term_string}"},"query-input":"required name=search_term_string"}],"inLanguage":"de-DE"},{"@type":"Person","@id":"https:\/\/www.tafeldeko.de\/news\/#\/schema\/person\/dc309fbb6a3e380919fc08342c3cc233","name":"Tafeldeko Deko Team","image":{"@type":"ImageObject","inLanguage":"de-DE","@id":"https:\/\/www.tafeldeko.de\/news\/#\/schema\/person\/image\/","url":"https:\/\/secure.gravatar.com\/avatar\/1e962f4040dc9996f0d200db31598854?s=96&d=mm&r=g","contentUrl":"https:\/\/secure.gravatar.com\/avatar\/1e962f4040dc9996f0d200db31598854?s=96&d=mm&r=g","caption":"Tafeldeko Deko Team"}}]}},"_links":{"self":[{"href":"https:\/\/www.tafeldeko.de\/news\/wp-json\/wp\/v2\/posts\/7090"}],"collection":[{"href":"https:\/\/www.tafeldeko.de\/news\/wp-json\/wp\/v2\/posts"}],"about":[{"href":"https:\/\/www.tafeldeko.de\/news\/wp-json\/wp\/v2\/types\/post"}],"author":[{"embeddable":true,"href":"https:\/\/www.tafeldeko.de\/news\/wp-json\/wp\/v2\/users\/6"}],"replies":[{"embeddable":true,"href":"https:\/\/www.tafeldeko.de\/news\/wp-json\/wp\/v2\/comments?post=7090"}],"version-history":[{"count":1,"href":"https:\/\/www.tafeldeko.de\/news\/wp-json\/wp\/v2\/posts\/7090\/revisions"}],"predecessor-version":[{"id":7091,"href":"https:\/\/www.tafeldeko.de\/news\/wp-json\/wp\/v2\/posts\/7090\/revisions\/7091"}],"wp:attachment":[{"href":"https:\/\/www.tafeldeko.de\/news\/wp-json\/wp\/v2\/media?parent=7090"}],"wp:term":[{"taxonomy":"category","embeddable":true,"href":"https:\/\/www.tafeldeko.de\/news\/wp-json\/wp\/v2\/categories?post=7090"},{"taxonomy":"post_tag","embeddable":true,"href":"https:\/\/www.tafeldeko.de\/news\/wp-json\/wp\/v2\/tags?post=7090"}],"curies":[{"name":"wp","href":"https:\/\/api.w.org\/{rel}","templated":true}]}}