{"id":7076,"date":"2016-03-23T11:26:37","date_gmt":"2016-03-23T09:26:37","guid":{"rendered":"http:\/\/www.tafeldeko.de\/news\/?p=7076"},"modified":"2022-11-10T09:56:02","modified_gmt":"2022-11-10T08:56:02","slug":"deko-als-kontrast-sorgt-fuer","status":"publish","type":"post","link":"https:\/\/www.tafeldeko.de\/news\/deko-als-kontrast-sorgt-fuer\/","title":{"rendered":"Deko als Kontrast \u2013 sorgt f\u00fcr \u2026"},"content":{"rendered":"<p><strong>&#8230;eine tolle Farbenpracht in den eigenen vier W\u00e4nden.<\/strong><\/p>\n<p>Das Dekorieren in den eigenen vier W\u00e4nden kann einem jede Menge Spa\u00df bereiten und die <strong>Deko als Kontrast<\/strong> Programm ist eine M\u00f6glichkeit von vielen, die darauf wartet, endlich in die Tat umgesetzt zu werden. Mit der Deko als Kontrast sagt man der Langeweile auf Wiedersehen und hei\u00dft eine einzigartige Farbenpracht willkommen. Wer der Meinung ist, dass nur die Farben Schwarz und Wei\u00df einen Kontrast darstellen, der irrt sich gewaltig. Man kann auf ganz unterschiedliche Art und Weise Kontraste in Punkto \u201eDeko\u201c schaffen. Dies kann bereits bei der Wandfarbe beginnen und sich im dekorativen Detail wieder spiegeln.<\/p>\n<p><img decoding=\"async\" loading=\"lazy\" src=\"https:\/\/www.tafeldeko.de\/news\/wp-content\/uploads\/2016\/03\/geburtstag_braun_blau.jpg\" sizes=\"(max-width: 800px) 100vw, 800px\" srcset=\"https:\/\/www.tafeldeko.de\/news\/wp-content\/uploads\/2016\/03\/geburtstag_braun_blau.jpg 1000w, https:\/\/www.tafeldeko.de\/news\/wp-content\/uploads\/2016\/03\/geburtstag_braun_blau-300x210.jpg 300w, https:\/\/www.tafeldeko.de\/news\/wp-content\/uploads\/2016\/03\/geburtstag_braun_blau-768x538.jpg 768w, https:\/\/www.tafeldeko.de\/news\/wp-content\/uploads\/2016\/03\/geburtstag_braun_blau-624x437.jpg 624w\" alt=\"Deko als Kontrast\" width=\"800\" height=\"560\" \/><\/p>\n<h2>Es wird trendig &#8211; Deko als Kontrast f\u00fcr Zuhause<\/h2>\n<p>Wer sich eine kontrastreiche Dekoration w\u00fcnscht, kann seiner Fantasie freien Lauf lassen und Farben miteinander kombinieren. Hat man sich beispielsweise f\u00fcr eine grau gestrichene Wand entschieden, kann man rote Deko als Kontrast verwenden oder man kann eine grelle mit einer dezenten Farbe kombinieren. Der Wirkung kann voller \u00dcberraschungen sein und oft erlebt man den einen oder anderen <strong>Wow-Effekt<\/strong>, womit man nicht gerechnet hat. Wem dies gelingt, der kann sich \u00fcber eine tolle Dekoration freuen, die unter Umst\u00e4nden nicht jeder hat &#8211; ein wenig Mut geh\u00f6rt eben dazu.<br \/>\nDie Deko als Kontrast in den eigenen vier W\u00e4nden wird nicht nur Aufmerksamkeit erzielen, sondern auch Gem\u00fctlichkeit aufkommen lassen. Durch eine sch\u00f6ne <a href=\"https:\/\/www.tafeldeko.de\" target=\"_blank\" rel=\"noopener\"><strong>Dekoration<\/strong><\/a> ergeben sich positive Nebeneffekte, die man nicht untersch\u00e4tzen sollte.<br \/>\nSteht die Deko als Kontrast auf der To-do Liste, sollte man mit einem groben Plan beginnen. Dadurch gewinnt man einen \u00dcberblick \u00fcber die Dinge, die einem wichtig sind und welche Deko-Taten nach und nach folgen. Das Sch\u00f6ne ist, dass sich zahlreiche Ideen w\u00e4hrend des Dekorierens ergeben werden und dies macht es zu einer einzigartigen und zugleich tollen Aufgabe. Letztlich kann man sich nur noch ins farbenfrohe Abenteuer st\u00fcrzen und auf eine gegens\u00e4tzliche, aber wundervolle Deko freuen.<\/p>\n<h2>Weitere Beitr\u00e4ge:<\/h2>\n<h2>Dekoartikel von A-Z<\/h2>\n<p><a href=\"https:\/\/www.tafeldeko.de\/tischdeko-artikel\/\"><br \/>\nJetzt entdecken <\/a><\/p>\n","protected":false},"excerpt":{"rendered":"<p>&#8230;eine tolle Farbenpracht in den eigenen vier W\u00e4nden. Das Dekorieren in den eigenen vier W\u00e4nden kann einem jede Menge Spa\u00df bereiten und die Deko als Kontrast Programm ist eine M\u00f6glichkeit von vielen, die darauf wartet, endlich in die Tat umgesetzt zu werden. Mit der Deko als Kontrast sagt man der Langeweile auf Wiedersehen und hei\u00dft [&hellip;]<\/p>\n","protected":false},"author":6,"featured_media":7077,"comment_status":"closed","ping_status":"closed","sticky":false,"template":"","format":"standard","meta":{"footnotes":""},"categories":[1],"tags":[],"yoast_head":"<!-- This site is optimized with the Yoast SEO plugin v20.4 - https:\/\/yoast.com\/wordpress\/plugins\/seo\/ -->\n<title>Deko als Kontrast \u2013 sorgt f\u00fcr \u2026 - Tafeldeko<\/title>\n<meta name=\"description\" content=\"Das Dekorieren in den eigenen vier W\u00e4nden kann einem jede Menge Spa\u00df bereiten und die Deko als Kontrast Programm ist eine M\u00f6glichkeit von vielen.\u00a0\" \/>\n<meta name=\"robots\" content=\"index, follow, max-snippet:-1, max-image-preview:large, max-video-preview:-1\" \/>\n<link rel=\"canonical\" href=\"https:\/\/www.tafeldeko.de\/news\/deko-als-kontrast-sorgt-fuer\/\" \/>\n<meta property=\"og:locale\" content=\"de_DE\" \/>\n<meta property=\"og:type\" content=\"article\" \/>\n<meta property=\"og:title\" content=\"Deko als Kontrast \u2013 sorgt f\u00fcr \u2026 - Tafeldeko\" \/>\n<meta property=\"og:description\" content=\"Das Dekorieren in den eigenen vier W\u00e4nden kann einem jede Menge Spa\u00df bereiten und die Deko als Kontrast Programm ist eine M\u00f6glichkeit von vielen.\u00a0\" \/>\n<meta property=\"og:url\" content=\"https:\/\/www.tafeldeko.de\/news\/deko-als-kontrast-sorgt-fuer\/\" \/>\n<meta property=\"og:site_name\" content=\"Tafeldeko\" \/>\n<meta property=\"article:publisher\" content=\"https:\/\/www.facebook.com\/pages\/Tafeldeko-einzigartige-Tischdekoration\/174202655894\" \/>\n<meta property=\"article:published_time\" content=\"2016-03-23T09:26:37+00:00\" \/>\n<meta property=\"article:modified_time\" content=\"2022-11-10T08:56:02+00:00\" \/>\n<meta property=\"og:image\" content=\"https:\/\/www.tafeldeko.de\/news\/wp-content\/uploads\/2016\/03\/geburtstag_braun_blau.jpg\" \/>\n\t<meta property=\"og:image:width\" content=\"1000\" \/>\n\t<meta property=\"og:image:height\" content=\"700\" \/>\n\t<meta property=\"og:image:type\" content=\"image\/jpeg\" \/>\n<meta name=\"author\" content=\"Tafeldeko Deko Team\" \/>\n<meta name=\"twitter:label1\" content=\"Verfasst von\" \/>\n\t<meta name=\"twitter:data1\" content=\"Tafeldeko Deko Team\" \/>\n\t<meta name=\"twitter:label2\" content=\"Gesch\u00e4tzte Lesezeit\" \/>\n\t<meta name=\"twitter:data2\" content=\"2 Minuten\" \/>\n<script type=\"application\/ld+json\" class=\"yoast-schema-graph\">{\"@context\":\"https:\/\/schema.org\",\"@graph\":[{\"@type\":\"WebPage\",\"@id\":\"https:\/\/www.tafeldeko.de\/news\/deko-als-kontrast-sorgt-fuer\/\",\"url\":\"https:\/\/www.tafeldeko.de\/news\/deko-als-kontrast-sorgt-fuer\/\",\"name\":\"Deko als Kontrast \u2013 sorgt f\u00fcr \u2026 - Tafeldeko\",\"isPartOf\":{\"@id\":\"https:\/\/www.tafeldeko.de\/news\/#website\"},\"datePublished\":\"2016-03-23T09:26:37+00:00\",\"dateModified\":\"2022-11-10T08:56:02+00:00\",\"author\":{\"@id\":\"https:\/\/www.tafeldeko.de\/news\/#\/schema\/person\/dc309fbb6a3e380919fc08342c3cc233\"},\"description\":\"Das Dekorieren in den eigenen vier W\u00e4nden kann einem jede Menge Spa\u00df bereiten und die Deko als Kontrast Programm ist eine M\u00f6glichkeit von vielen.\u00a0\",\"breadcrumb\":{\"@id\":\"https:\/\/www.tafeldeko.de\/news\/deko-als-kontrast-sorgt-fuer\/#breadcrumb\"},\"inLanguage\":\"de-DE\",\"potentialAction\":[{\"@type\":\"ReadAction\",\"target\":[\"https:\/\/www.tafeldeko.de\/news\/deko-als-kontrast-sorgt-fuer\/\"]}]},{\"@type\":\"BreadcrumbList\",\"@id\":\"https:\/\/www.tafeldeko.de\/news\/deko-als-kontrast-sorgt-fuer\/#breadcrumb\",\"itemListElement\":[{\"@type\":\"ListItem\",\"position\":1,\"name\":\"Tafeldeko\",\"item\":\"https:\/\/www.tafeldeko.de\/news\/\"},{\"@type\":\"ListItem\",\"position\":2,\"name\":\"Alte Beitr\u00e4ge\",\"item\":\"https:\/\/www.tafeldeko.de\/news\/alte-beitraege\/\"},{\"@type\":\"ListItem\",\"position\":3,\"name\":\"Tischdeko - Blog\",\"item\":\"https:\/\/www.tafeldeko.de\/news\/alte-beitraege\/tischdeko-blog\/\"},{\"@type\":\"ListItem\",\"position\":4,\"name\":\"Deko als Kontrast \u2013 sorgt f\u00fcr \u2026\"}]},{\"@type\":\"WebSite\",\"@id\":\"https:\/\/www.tafeldeko.de\/news\/#website\",\"url\":\"https:\/\/www.tafeldeko.de\/news\/\",\"name\":\"Tafeldeko\",\"description\":\"Blog mit Tischdeko und Tischdekoration Ideen\",\"potentialAction\":[{\"@type\":\"SearchAction\",\"target\":{\"@type\":\"EntryPoint\",\"urlTemplate\":\"https:\/\/www.tafeldeko.de\/news\/?s={search_term_string}\"},\"query-input\":\"required name=search_term_string\"}],\"inLanguage\":\"de-DE\"},{\"@type\":\"Person\",\"@id\":\"https:\/\/www.tafeldeko.de\/news\/#\/schema\/person\/dc309fbb6a3e380919fc08342c3cc233\",\"name\":\"Tafeldeko Deko Team\",\"image\":{\"@type\":\"ImageObject\",\"inLanguage\":\"de-DE\",\"@id\":\"https:\/\/www.tafeldeko.de\/news\/#\/schema\/person\/image\/\",\"url\":\"https:\/\/secure.gravatar.com\/avatar\/1e962f4040dc9996f0d200db31598854?s=96&d=mm&r=g\",\"contentUrl\":\"https:\/\/secure.gravatar.com\/avatar\/1e962f4040dc9996f0d200db31598854?s=96&d=mm&r=g\",\"caption\":\"Tafeldeko Deko Team\"}}]}<\/script>\n<!-- \/ Yoast SEO plugin. -->","yoast_head_json":{"title":"Deko als Kontrast \u2013 sorgt f\u00fcr \u2026 - Tafeldeko","description":"Das Dekorieren in den eigenen vier W\u00e4nden kann einem jede Menge Spa\u00df bereiten und die Deko als Kontrast Programm ist eine M\u00f6glichkeit von vielen.\u00a0","robots":{"index":"index","follow":"follow","max-snippet":"max-snippet:-1","max-image-preview":"max-image-preview:large","max-video-preview":"max-video-preview:-1"},"canonical":"https:\/\/www.tafeldeko.de\/news\/deko-als-kontrast-sorgt-fuer\/","og_locale":"de_DE","og_type":"article","og_title":"Deko als Kontrast \u2013 sorgt f\u00fcr \u2026 - Tafeldeko","og_description":"Das Dekorieren in den eigenen vier W\u00e4nden kann einem jede Menge Spa\u00df bereiten und die Deko als Kontrast Programm ist eine M\u00f6glichkeit von vielen.\u00a0","og_url":"https:\/\/www.tafeldeko.de\/news\/deko-als-kontrast-sorgt-fuer\/","og_site_name":"Tafeldeko","article_publisher":"https:\/\/www.facebook.com\/pages\/Tafeldeko-einzigartige-Tischdekoration\/174202655894","article_published_time":"2016-03-23T09:26:37+00:00","article_modified_time":"2022-11-10T08:56:02+00:00","og_image":[{"width":1000,"height":700,"url":"https:\/\/www.tafeldeko.de\/news\/wp-content\/uploads\/2016\/03\/geburtstag_braun_blau.jpg","type":"image\/jpeg"}],"author":"Tafeldeko Deko Team","twitter_misc":{"Verfasst von":"Tafeldeko Deko Team","Gesch\u00e4tzte Lesezeit":"2 Minuten"},"schema":{"@context":"https:\/\/schema.org","@graph":[{"@type":"WebPage","@id":"https:\/\/www.tafeldeko.de\/news\/deko-als-kontrast-sorgt-fuer\/","url":"https:\/\/www.tafeldeko.de\/news\/deko-als-kontrast-sorgt-fuer\/","name":"Deko als Kontrast \u2013 sorgt f\u00fcr \u2026 - Tafeldeko","isPartOf":{"@id":"https:\/\/www.tafeldeko.de\/news\/#website"},"datePublished":"2016-03-23T09:26:37+00:00","dateModified":"2022-11-10T08:56:02+00:00","author":{"@id":"https:\/\/www.tafeldeko.de\/news\/#\/schema\/person\/dc309fbb6a3e380919fc08342c3cc233"},"description":"Das Dekorieren in den eigenen vier W\u00e4nden kann einem jede Menge Spa\u00df bereiten und die Deko als Kontrast Programm ist eine M\u00f6glichkeit von vielen.\u00a0","breadcrumb":{"@id":"https:\/\/www.tafeldeko.de\/news\/deko-als-kontrast-sorgt-fuer\/#breadcrumb"},"inLanguage":"de-DE","potentialAction":[{"@type":"ReadAction","target":["https:\/\/www.tafeldeko.de\/news\/deko-als-kontrast-sorgt-fuer\/"]}]},{"@type":"BreadcrumbList","@id":"https:\/\/www.tafeldeko.de\/news\/deko-als-kontrast-sorgt-fuer\/#breadcrumb","itemListElement":[{"@type":"ListItem","position":1,"name":"Tafeldeko","item":"https:\/\/www.tafeldeko.de\/news\/"},{"@type":"ListItem","position":2,"name":"Alte Beitr\u00e4ge","item":"https:\/\/www.tafeldeko.de\/news\/alte-beitraege\/"},{"@type":"ListItem","position":3,"name":"Tischdeko - Blog","item":"https:\/\/www.tafeldeko.de\/news\/alte-beitraege\/tischdeko-blog\/"},{"@type":"ListItem","position":4,"name":"Deko als Kontrast \u2013 sorgt f\u00fcr \u2026"}]},{"@type":"WebSite","@id":"https:\/\/www.tafeldeko.de\/news\/#website","url":"https:\/\/www.tafeldeko.de\/news\/","name":"Tafeldeko","description":"Blog mit Tischdeko und Tischdekoration Ideen","potentialAction":[{"@type":"SearchAction","target":{"@type":"EntryPoint","urlTemplate":"https:\/\/www.tafeldeko.de\/news\/?s={search_term_string}"},"query-input":"required name=search_term_string"}],"inLanguage":"de-DE"},{"@type":"Person","@id":"https:\/\/www.tafeldeko.de\/news\/#\/schema\/person\/dc309fbb6a3e380919fc08342c3cc233","name":"Tafeldeko Deko Team","image":{"@type":"ImageObject","inLanguage":"de-DE","@id":"https:\/\/www.tafeldeko.de\/news\/#\/schema\/person\/image\/","url":"https:\/\/secure.gravatar.com\/avatar\/1e962f4040dc9996f0d200db31598854?s=96&d=mm&r=g","contentUrl":"https:\/\/secure.gravatar.com\/avatar\/1e962f4040dc9996f0d200db31598854?s=96&d=mm&r=g","caption":"Tafeldeko Deko Team"}}]}},"_links":{"self":[{"href":"https:\/\/www.tafeldeko.de\/news\/wp-json\/wp\/v2\/posts\/7076"}],"collection":[{"href":"https:\/\/www.tafeldeko.de\/news\/wp-json\/wp\/v2\/posts"}],"about":[{"href":"https:\/\/www.tafeldeko.de\/news\/wp-json\/wp\/v2\/types\/post"}],"author":[{"embeddable":true,"href":"https:\/\/www.tafeldeko.de\/news\/wp-json\/wp\/v2\/users\/6"}],"replies":[{"embeddable":true,"href":"https:\/\/www.tafeldeko.de\/news\/wp-json\/wp\/v2\/comments?post=7076"}],"version-history":[{"count":5,"href":"https:\/\/www.tafeldeko.de\/news\/wp-json\/wp\/v2\/posts\/7076\/revisions"}],"predecessor-version":[{"id":21000,"href":"https:\/\/www.tafeldeko.de\/news\/wp-json\/wp\/v2\/posts\/7076\/revisions\/21000"}],"wp:featuredmedia":[{"embeddable":true,"href":"https:\/\/www.tafeldeko.de\/news\/wp-json\/wp\/v2\/media\/7077"}],"wp:attachment":[{"href":"https:\/\/www.tafeldeko.de\/news\/wp-json\/wp\/v2\/media?parent=7076"}],"wp:term":[{"taxonomy":"category","embeddable":true,"href":"https:\/\/www.tafeldeko.de\/news\/wp-json\/wp\/v2\/categories?post=7076"},{"taxonomy":"post_tag","embeddable":true,"href":"https:\/\/www.tafeldeko.de\/news\/wp-json\/wp\/v2\/tags?post=7076"}],"curies":[{"name":"wp","href":"https:\/\/api.w.org\/{rel}","templated":true}]}}