{"id":7067,"date":"2016-03-03T21:14:22","date_gmt":"2016-03-03T19:14:22","guid":{"rendered":"http:\/\/www.tafeldeko.de\/news\/?p=7067"},"modified":"2022-11-10T10:37:09","modified_gmt":"2022-11-10T09:37:09","slug":"deko-mit-vasen-verschoenert-das-bild","status":"publish","type":"post","link":"https:\/\/www.tafeldeko.de\/news\/deko-mit-vasen-verschoenert-das-bild\/","title":{"rendered":"Deko mit Vasen &#8211; versch\u00f6nert das Bild"},"content":{"rendered":"<p>Die Deko \u2013 f\u00fcr viele ein Muss in den eigenen vier W\u00e4nden und eine wundersch\u00f6ne M\u00f6glichkeit bietet die <strong>Deko mit Vasen versch\u00f6nert das Bild<\/strong>. Frische Blumen in den Vasen bringen uns die Natur etwas n\u00e4her, lassen so langsam die Fr\u00fchlingsstimmung aufkommen. Jetzt muss es nur noch drau\u00dfen w\u00e4rmer werden \u2013 und der Fr\u00fchling kann kommen.<br \/>\nBei der Deko mit Vasen bieten sich wundersch\u00f6ne und abwechslungsreiche M\u00f6glichkeiten, nicht nur in punkto Farben, sondern auch in Bezug auf die Vasen selbst.<\/p>\n<p><img decoding=\"async\" loading=\"lazy\" src=\"https:\/\/www.tafeldeko.de\/news\/wp-content\/uploads\/2016\/03\/design-vase.jpg\" sizes=\"(max-width: 250px) 100vw, 250px\" srcset=\"https:\/\/www.tafeldeko.de\/news\/wp-content\/uploads\/2016\/03\/design-vase.jpg 250w, https:\/\/www.tafeldeko.de\/news\/wp-content\/uploads\/2016\/03\/design-vase-150x150.jpg 150w\" alt=\"Deko mit Vasen\" width=\"250\" height=\"250\" \/><\/p>\n<h2>Deko mit Vasen versch\u00f6nert das Bild \u2013 entz\u00fcckende Ideen<\/h2>\n<p>Die Deko mit Vasen versch\u00f6nert, bringt Abwechslung und Sch\u00f6nheit ein. Ungew\u00f6hnliche Formen und ausdrucksstarke Farbkombinationen machen allein die Vase schon zu einem Blickfang. Je nach Gr\u00f6\u00dfe der Vase, ziert entweder ein toller Blumenstrau\u00df den Tisch oder den Schrank oder eine einzelne Bl\u00fcte <strong>setzt tolle Akzente<\/strong>.<br \/>\nSch\u00f6n und trendig und eine Bereicherung f\u00fcr die Deko mit Vasen ist die Steingut Design Vase oval in Creme\/Braun. Diese Vase wird von Hand gefertigt und so ist jedes einzelne St\u00fcck eine ganz individuelle Kreation. Da die Vase farblich relativ neutral ist, passen ziemlich alle Farben dazu. Eine rote Rose oder eine gelbe Nelke, dazu etwas Schleierkraut und Blattgr\u00fcn \u2013 und die <strong>Deko ist perfekt<\/strong>.<br \/>\nWer einen flachen Schrank, beispielsweise eine Kommode mit Vasen und Blumen schm\u00fccken m\u00f6chte, sollte zu einer Vase greifen, die schmal und hoch ist. Dadurch strecken Sie die Deko in die H\u00f6he, was das Gesamtbild etwas auflockert. Und auch hier kann eine einzelne Bl\u00fcte die Deko mit Vasen erg\u00e4nzen und zieren.<br \/>\nSteht ein Fest an, bieten Vasen eine tolle Erg\u00e4nzung zur <a href=\"https:\/\/www.tafeldeko.de\" target=\"_blank\" rel=\"noopener\"><strong>Tischdekoration<\/strong><\/a>. Als Mittelpunkt des Tisches sind Vasen geradezu perfekt, Accessoires darum arrangiert und fertig ist der wundersch\u00f6ne Hingucker. Und auch hier kann man zwischen flachen und h\u00f6heren Vasen w\u00e4hlen, je nachdem, was gef\u00e4llt und was besser passt. Gerade bei der Tischdekoration mit Vasen und Blumen sollte man darauf achten, dass dieses Deko-Accessoire nicht den Blick zum Tischnachbarn st\u00f6rt.<\/p>\n<h2>Weitere Beitr\u00e4ge:<\/h2>\n<h2>Dekoartikel von A-Z<\/h2>\n<p><a href=\"https:\/\/www.tafeldeko.de\/tischdeko-artikel\/\"><br \/>\nJetzt entdecken <\/a><\/p>\n","protected":false},"excerpt":{"rendered":"<p>Die Deko \u2013 f\u00fcr viele ein Muss in den eigenen vier W\u00e4nden und eine wundersch\u00f6ne M\u00f6glichkeit bietet die Deko mit Vasen versch\u00f6nert das Bild. Frische Blumen in den Vasen bringen uns die Natur etwas n\u00e4her, lassen so langsam die Fr\u00fchlingsstimmung aufkommen. Jetzt muss es nur noch drau\u00dfen w\u00e4rmer werden \u2013 und der Fr\u00fchling kann kommen. [&hellip;]<\/p>\n","protected":false},"author":6,"featured_media":7068,"comment_status":"closed","ping_status":"closed","sticky":false,"template":"","format":"standard","meta":{"footnotes":""},"categories":[1],"tags":[],"yoast_head":"<!-- This site is optimized with the Yoast SEO plugin v20.4 - https:\/\/yoast.com\/wordpress\/plugins\/seo\/ -->\n<title>Deko mit Vasen - versch\u00f6nert das Bild - Tafeldeko<\/title>\n<meta name=\"description\" content=\"Die Deko mit Vasen versch\u00f6nert und bringt Abwechslung sowie Sch\u00f6nheit ein. Ungew\u00f6hnliche Formen sind eine Bereicherung f\u00fcr die Dekoration.\" \/>\n<meta name=\"robots\" content=\"index, follow, max-snippet:-1, max-image-preview:large, max-video-preview:-1\" \/>\n<link rel=\"canonical\" href=\"https:\/\/www.tafeldeko.de\/news\/deko-mit-vasen-verschoenert-das-bild\/\" \/>\n<meta property=\"og:locale\" content=\"de_DE\" \/>\n<meta property=\"og:type\" content=\"article\" \/>\n<meta property=\"og:title\" content=\"Deko mit Vasen - versch\u00f6nert das Bild - Tafeldeko\" \/>\n<meta property=\"og:description\" content=\"Die Deko mit Vasen versch\u00f6nert und bringt Abwechslung sowie Sch\u00f6nheit ein. Ungew\u00f6hnliche Formen sind eine Bereicherung f\u00fcr die Dekoration.\" \/>\n<meta property=\"og:url\" content=\"https:\/\/www.tafeldeko.de\/news\/deko-mit-vasen-verschoenert-das-bild\/\" \/>\n<meta property=\"og:site_name\" content=\"Tafeldeko\" \/>\n<meta property=\"article:publisher\" content=\"https:\/\/www.facebook.com\/pages\/Tafeldeko-einzigartige-Tischdekoration\/174202655894\" \/>\n<meta property=\"article:published_time\" content=\"2016-03-03T19:14:22+00:00\" \/>\n<meta property=\"article:modified_time\" content=\"2022-11-10T09:37:09+00:00\" \/>\n<meta property=\"og:image\" content=\"https:\/\/www.tafeldeko.de\/news\/wp-content\/uploads\/2016\/03\/design-vase.jpg\" \/>\n\t<meta property=\"og:image:width\" content=\"250\" \/>\n\t<meta property=\"og:image:height\" content=\"250\" \/>\n\t<meta property=\"og:image:type\" content=\"image\/jpeg\" \/>\n<meta name=\"author\" content=\"Tafeldeko Deko Team\" \/>\n<meta name=\"twitter:label1\" content=\"Verfasst von\" \/>\n\t<meta name=\"twitter:data1\" content=\"Tafeldeko Deko Team\" \/>\n\t<meta name=\"twitter:label2\" content=\"Gesch\u00e4tzte Lesezeit\" \/>\n\t<meta name=\"twitter:data2\" content=\"2 Minuten\" \/>\n<script type=\"application\/ld+json\" class=\"yoast-schema-graph\">{\"@context\":\"https:\/\/schema.org\",\"@graph\":[{\"@type\":\"WebPage\",\"@id\":\"https:\/\/www.tafeldeko.de\/news\/deko-mit-vasen-verschoenert-das-bild\/\",\"url\":\"https:\/\/www.tafeldeko.de\/news\/deko-mit-vasen-verschoenert-das-bild\/\",\"name\":\"Deko mit Vasen - versch\u00f6nert das Bild - Tafeldeko\",\"isPartOf\":{\"@id\":\"https:\/\/www.tafeldeko.de\/news\/#website\"},\"datePublished\":\"2016-03-03T19:14:22+00:00\",\"dateModified\":\"2022-11-10T09:37:09+00:00\",\"author\":{\"@id\":\"https:\/\/www.tafeldeko.de\/news\/#\/schema\/person\/dc309fbb6a3e380919fc08342c3cc233\"},\"description\":\"Die Deko mit Vasen versch\u00f6nert und bringt Abwechslung sowie Sch\u00f6nheit ein. Ungew\u00f6hnliche Formen sind eine Bereicherung f\u00fcr die Dekoration.\",\"breadcrumb\":{\"@id\":\"https:\/\/www.tafeldeko.de\/news\/deko-mit-vasen-verschoenert-das-bild\/#breadcrumb\"},\"inLanguage\":\"de-DE\",\"potentialAction\":[{\"@type\":\"ReadAction\",\"target\":[\"https:\/\/www.tafeldeko.de\/news\/deko-mit-vasen-verschoenert-das-bild\/\"]}]},{\"@type\":\"BreadcrumbList\",\"@id\":\"https:\/\/www.tafeldeko.de\/news\/deko-mit-vasen-verschoenert-das-bild\/#breadcrumb\",\"itemListElement\":[{\"@type\":\"ListItem\",\"position\":1,\"name\":\"Tafeldeko\",\"item\":\"https:\/\/www.tafeldeko.de\/news\/\"},{\"@type\":\"ListItem\",\"position\":2,\"name\":\"Alte Beitr\u00e4ge\",\"item\":\"https:\/\/www.tafeldeko.de\/news\/alte-beitraege\/\"},{\"@type\":\"ListItem\",\"position\":3,\"name\":\"Tischdeko - Blog\",\"item\":\"https:\/\/www.tafeldeko.de\/news\/alte-beitraege\/tischdeko-blog\/\"},{\"@type\":\"ListItem\",\"position\":4,\"name\":\"Deko mit Vasen &#8211; versch\u00f6nert das Bild\"}]},{\"@type\":\"WebSite\",\"@id\":\"https:\/\/www.tafeldeko.de\/news\/#website\",\"url\":\"https:\/\/www.tafeldeko.de\/news\/\",\"name\":\"Tafeldeko\",\"description\":\"Blog mit Tischdeko und Tischdekoration Ideen\",\"potentialAction\":[{\"@type\":\"SearchAction\",\"target\":{\"@type\":\"EntryPoint\",\"urlTemplate\":\"https:\/\/www.tafeldeko.de\/news\/?s={search_term_string}\"},\"query-input\":\"required name=search_term_string\"}],\"inLanguage\":\"de-DE\"},{\"@type\":\"Person\",\"@id\":\"https:\/\/www.tafeldeko.de\/news\/#\/schema\/person\/dc309fbb6a3e380919fc08342c3cc233\",\"name\":\"Tafeldeko Deko Team\",\"image\":{\"@type\":\"ImageObject\",\"inLanguage\":\"de-DE\",\"@id\":\"https:\/\/www.tafeldeko.de\/news\/#\/schema\/person\/image\/\",\"url\":\"https:\/\/secure.gravatar.com\/avatar\/1e962f4040dc9996f0d200db31598854?s=96&d=mm&r=g\",\"contentUrl\":\"https:\/\/secure.gravatar.com\/avatar\/1e962f4040dc9996f0d200db31598854?s=96&d=mm&r=g\",\"caption\":\"Tafeldeko Deko Team\"}}]}<\/script>\n<!-- \/ Yoast SEO plugin. -->","yoast_head_json":{"title":"Deko mit Vasen - versch\u00f6nert das Bild - Tafeldeko","description":"Die Deko mit Vasen versch\u00f6nert und bringt Abwechslung sowie Sch\u00f6nheit ein. Ungew\u00f6hnliche Formen sind eine Bereicherung f\u00fcr die Dekoration.","robots":{"index":"index","follow":"follow","max-snippet":"max-snippet:-1","max-image-preview":"max-image-preview:large","max-video-preview":"max-video-preview:-1"},"canonical":"https:\/\/www.tafeldeko.de\/news\/deko-mit-vasen-verschoenert-das-bild\/","og_locale":"de_DE","og_type":"article","og_title":"Deko mit Vasen - versch\u00f6nert das Bild - Tafeldeko","og_description":"Die Deko mit Vasen versch\u00f6nert und bringt Abwechslung sowie Sch\u00f6nheit ein. Ungew\u00f6hnliche Formen sind eine Bereicherung f\u00fcr die Dekoration.","og_url":"https:\/\/www.tafeldeko.de\/news\/deko-mit-vasen-verschoenert-das-bild\/","og_site_name":"Tafeldeko","article_publisher":"https:\/\/www.facebook.com\/pages\/Tafeldeko-einzigartige-Tischdekoration\/174202655894","article_published_time":"2016-03-03T19:14:22+00:00","article_modified_time":"2022-11-10T09:37:09+00:00","og_image":[{"width":250,"height":250,"url":"https:\/\/www.tafeldeko.de\/news\/wp-content\/uploads\/2016\/03\/design-vase.jpg","type":"image\/jpeg"}],"author":"Tafeldeko Deko Team","twitter_misc":{"Verfasst von":"Tafeldeko Deko Team","Gesch\u00e4tzte Lesezeit":"2 Minuten"},"schema":{"@context":"https:\/\/schema.org","@graph":[{"@type":"WebPage","@id":"https:\/\/www.tafeldeko.de\/news\/deko-mit-vasen-verschoenert-das-bild\/","url":"https:\/\/www.tafeldeko.de\/news\/deko-mit-vasen-verschoenert-das-bild\/","name":"Deko mit Vasen - versch\u00f6nert das Bild - Tafeldeko","isPartOf":{"@id":"https:\/\/www.tafeldeko.de\/news\/#website"},"datePublished":"2016-03-03T19:14:22+00:00","dateModified":"2022-11-10T09:37:09+00:00","author":{"@id":"https:\/\/www.tafeldeko.de\/news\/#\/schema\/person\/dc309fbb6a3e380919fc08342c3cc233"},"description":"Die Deko mit Vasen versch\u00f6nert und bringt Abwechslung sowie Sch\u00f6nheit ein. Ungew\u00f6hnliche Formen sind eine Bereicherung f\u00fcr die Dekoration.","breadcrumb":{"@id":"https:\/\/www.tafeldeko.de\/news\/deko-mit-vasen-verschoenert-das-bild\/#breadcrumb"},"inLanguage":"de-DE","potentialAction":[{"@type":"ReadAction","target":["https:\/\/www.tafeldeko.de\/news\/deko-mit-vasen-verschoenert-das-bild\/"]}]},{"@type":"BreadcrumbList","@id":"https:\/\/www.tafeldeko.de\/news\/deko-mit-vasen-verschoenert-das-bild\/#breadcrumb","itemListElement":[{"@type":"ListItem","position":1,"name":"Tafeldeko","item":"https:\/\/www.tafeldeko.de\/news\/"},{"@type":"ListItem","position":2,"name":"Alte Beitr\u00e4ge","item":"https:\/\/www.tafeldeko.de\/news\/alte-beitraege\/"},{"@type":"ListItem","position":3,"name":"Tischdeko - Blog","item":"https:\/\/www.tafeldeko.de\/news\/alte-beitraege\/tischdeko-blog\/"},{"@type":"ListItem","position":4,"name":"Deko mit Vasen &#8211; versch\u00f6nert das Bild"}]},{"@type":"WebSite","@id":"https:\/\/www.tafeldeko.de\/news\/#website","url":"https:\/\/www.tafeldeko.de\/news\/","name":"Tafeldeko","description":"Blog mit Tischdeko und Tischdekoration Ideen","potentialAction":[{"@type":"SearchAction","target":{"@type":"EntryPoint","urlTemplate":"https:\/\/www.tafeldeko.de\/news\/?s={search_term_string}"},"query-input":"required name=search_term_string"}],"inLanguage":"de-DE"},{"@type":"Person","@id":"https:\/\/www.tafeldeko.de\/news\/#\/schema\/person\/dc309fbb6a3e380919fc08342c3cc233","name":"Tafeldeko Deko Team","image":{"@type":"ImageObject","inLanguage":"de-DE","@id":"https:\/\/www.tafeldeko.de\/news\/#\/schema\/person\/image\/","url":"https:\/\/secure.gravatar.com\/avatar\/1e962f4040dc9996f0d200db31598854?s=96&d=mm&r=g","contentUrl":"https:\/\/secure.gravatar.com\/avatar\/1e962f4040dc9996f0d200db31598854?s=96&d=mm&r=g","caption":"Tafeldeko Deko Team"}}]}},"_links":{"self":[{"href":"https:\/\/www.tafeldeko.de\/news\/wp-json\/wp\/v2\/posts\/7067"}],"collection":[{"href":"https:\/\/www.tafeldeko.de\/news\/wp-json\/wp\/v2\/posts"}],"about":[{"href":"https:\/\/www.tafeldeko.de\/news\/wp-json\/wp\/v2\/types\/post"}],"author":[{"embeddable":true,"href":"https:\/\/www.tafeldeko.de\/news\/wp-json\/wp\/v2\/users\/6"}],"replies":[{"embeddable":true,"href":"https:\/\/www.tafeldeko.de\/news\/wp-json\/wp\/v2\/comments?post=7067"}],"version-history":[{"count":6,"href":"https:\/\/www.tafeldeko.de\/news\/wp-json\/wp\/v2\/posts\/7067\/revisions"}],"predecessor-version":[{"id":21066,"href":"https:\/\/www.tafeldeko.de\/news\/wp-json\/wp\/v2\/posts\/7067\/revisions\/21066"}],"wp:featuredmedia":[{"embeddable":true,"href":"https:\/\/www.tafeldeko.de\/news\/wp-json\/wp\/v2\/media\/7068"}],"wp:attachment":[{"href":"https:\/\/www.tafeldeko.de\/news\/wp-json\/wp\/v2\/media?parent=7067"}],"wp:term":[{"taxonomy":"category","embeddable":true,"href":"https:\/\/www.tafeldeko.de\/news\/wp-json\/wp\/v2\/categories?post=7067"},{"taxonomy":"post_tag","embeddable":true,"href":"https:\/\/www.tafeldeko.de\/news\/wp-json\/wp\/v2\/tags?post=7067"}],"curies":[{"name":"wp","href":"https:\/\/api.w.org\/{rel}","templated":true}]}}