{"id":7054,"date":"2016-03-18T20:50:36","date_gmt":"2016-03-18T18:50:36","guid":{"rendered":"http:\/\/www.tafeldeko.de\/news\/?p=7054"},"modified":"2022-11-10T09:59:53","modified_gmt":"2022-11-10T08:59:53","slug":"schwarz-weisse-tischdeko","status":"publish","type":"post","link":"https:\/\/www.tafeldeko.de\/news\/schwarz-weisse-tischdeko\/","title":{"rendered":"Schwarz-wei\u00dfe Tischdeko \u2026"},"content":{"rendered":"<p>&#8230;<strong>zur Versch\u00f6nerung der eigenen vier W\u00e4nde.<\/strong><\/p>\n<p>Die <strong>schwarz-wei\u00dfe Tischdeko<\/strong> ist nicht nur eine kontrastreiche Dekoration, sondern auch eine zeitlose und edle Tischdeko zugleich. Es kommt ganz darauf an, welche dekorativen Accessoires man miteinander kombiniert. Im Handumdrehen hat man eine sch\u00f6ne Tischdekoration in den Farben wei\u00df und schwarz gezaubert. Wenn beispielsweise ein <strong>Geburtstag<\/strong> in der n\u00e4chsten Zeit ansteht, sollte man sich fr\u00fchzeitig den \u00dcberlegungen bez\u00fcglich der Tischdekoration widmen.<br \/>\nWer sich im Onlineshop von Tafeldeko n\u00e4her umschaut, der kann sch\u00f6ne Deko-Artikel finden und nicht nur in Farbe, sondern zum Motto passend &#8211; sch\u00f6ne Accessoires in Schwarz und Wei\u00df. Die schwarz-wei\u00dfe Tischdeko kann zum wahren <strong>Highlight<\/strong> und zum Blickfang des Tages werden und eignet sich letztlich f\u00fcr vielerlei Anl\u00e4sse.<\/p>\n<p><img decoding=\"async\" loading=\"lazy\" src=\"https:\/\/www.tafeldeko.de\/news\/wp-content\/uploads\/2016\/03\/duni_glasuntersetzer.jpg\" sizes=\"(max-width: 250px) 100vw, 250px\" srcset=\"https:\/\/www.tafeldeko.de\/news\/wp-content\/uploads\/2016\/03\/duni_glasuntersetzer.jpg 250w, https:\/\/www.tafeldeko.de\/news\/wp-content\/uploads\/2016\/03\/duni_glasuntersetzer-150x150.jpg 150w\" alt=\"Schwarz-wei\u00dfe Tischdeko\" width=\"250\" height=\"250\" \/><\/p>\n<h2>Die schwarz-wei\u00dfe Tischdeko f\u00fcr den n\u00e4chsten Geburtstag<\/h2>\n<p>Steht der n\u00e4chste Geburtstag bevor, wird man sich Gedanken zur Tischdeko machen und da kann die diese Tischdeko genau das Richtige sein. Mit ganz unterschiedlichen dekorativen Accessoires kann man f\u00fcr eine sch\u00f6ne Deko sorgen und wer die Deko-Artikel mit Liebe und Sorgfalt aussucht und vor allem kombiniert, der ist auf dem besten Weg eine perfekte Tischdeko zu kreieren.<br \/>\nF\u00fcr die Tischdeko kann man beispielsweise die Duni Glasuntersetzter im quadratischen Design aus Papier mit Diamanten aus Glas und dazu passenden Servietten kombinieren. Wer es noch etwas <strong>kontrastreicher<\/strong> mag, kann mit gelben, gr\u00fcnen oder roten Accessoires das eine oder andere i-T\u00fcpfelchen in die <a href=\"https:\/\/www.tafeldeko.de\" target=\"_blank\" rel=\"noopener\"><strong>Tischdeko<\/strong><\/a> einbringen. Es h\u00e4ngt eben davon ab, ob man sich eine schlichte, edle, pomp\u00f6se oder funkelnde Tischdeko w\u00fcnscht. Dies sollte man sich im Vorfeld \u00fcberlegen, damit man wei\u00df, nach welchen dekorativen Accessoires man konkret sucht. Viele Ideen werden sich auch w\u00e4hrend des Dekorierens ergeben und das Ergebnis St\u00fcck f\u00fcr St\u00fcck verfeinern und versch\u00f6nern.<br \/>\nDie schwarz-wei\u00dfe Tischdeko ist eine Deko mit gro\u00dfer Wirkung und man wird mit dieser Gestaltungsm\u00f6glichkeit jede Menge Lob bei seinen G\u00e4sten ernten. <strong>Ein unvergessliches Ambiente<\/strong> ist der Start f\u00fcr einen noch sch\u00f6neren Tag und sollte unter keinen Umst\u00e4nden in Vergessenheit geraten.<\/p>\n<h2>Weitere Beitr\u00e4ge:<\/h2>\n<h2>Dekoartikel von A-Z<\/h2>\n<p><a href=\"https:\/\/www.tafeldeko.de\/tischdeko-artikel\/\"><br \/>\nJetzt entdecken <\/a><\/p>\n","protected":false},"excerpt":{"rendered":"<p>&#8230;zur Versch\u00f6nerung der eigenen vier W\u00e4nde. Die schwarz-wei\u00dfe Tischdeko ist nicht nur eine kontrastreiche Dekoration, sondern auch eine zeitlose und edle Tischdeko zugleich. Es kommt ganz darauf an, welche dekorativen Accessoires man miteinander kombiniert. Im Handumdrehen hat man eine sch\u00f6ne Tischdekoration in den Farben wei\u00df und schwarz gezaubert. Wenn beispielsweise ein Geburtstag in der n\u00e4chsten [&hellip;]<\/p>\n","protected":false},"author":6,"featured_media":7055,"comment_status":"closed","ping_status":"closed","sticky":false,"template":"","format":"standard","meta":{"footnotes":""},"categories":[1],"tags":[],"yoast_head":"<!-- This site is optimized with the Yoast SEO plugin v20.4 - https:\/\/yoast.com\/wordpress\/plugins\/seo\/ -->\n<title>Schwarz-wei\u00dfe Tischdeko \u2026 - Tafeldeko<\/title>\n<meta name=\"description\" content=\"Die schwarz-wei\u00dfe Tischdeko ist eine Deko mit gro\u00dfer Wirkung und man wird mit dieser Gestaltungsm\u00f6glichkeit jede Menge Lob bei seinen G\u00e4sten ernten.\" \/>\n<meta name=\"robots\" content=\"index, follow, max-snippet:-1, max-image-preview:large, max-video-preview:-1\" \/>\n<link rel=\"canonical\" href=\"https:\/\/www.tafeldeko.de\/news\/schwarz-weisse-tischdeko\/\" \/>\n<meta property=\"og:locale\" content=\"de_DE\" \/>\n<meta property=\"og:type\" content=\"article\" \/>\n<meta property=\"og:title\" content=\"Schwarz-wei\u00dfe Tischdeko \u2026 - Tafeldeko\" \/>\n<meta property=\"og:description\" content=\"Die schwarz-wei\u00dfe Tischdeko ist eine Deko mit gro\u00dfer Wirkung und man wird mit dieser Gestaltungsm\u00f6glichkeit jede Menge Lob bei seinen G\u00e4sten ernten.\" \/>\n<meta property=\"og:url\" content=\"https:\/\/www.tafeldeko.de\/news\/schwarz-weisse-tischdeko\/\" \/>\n<meta property=\"og:site_name\" content=\"Tafeldeko\" \/>\n<meta property=\"article:publisher\" content=\"https:\/\/www.facebook.com\/pages\/Tafeldeko-einzigartige-Tischdekoration\/174202655894\" \/>\n<meta property=\"article:published_time\" content=\"2016-03-18T18:50:36+00:00\" \/>\n<meta property=\"article:modified_time\" content=\"2022-11-10T08:59:53+00:00\" \/>\n<meta property=\"og:image\" content=\"https:\/\/www.tafeldeko.de\/news\/wp-content\/uploads\/2016\/03\/duni_glasuntersetzer.jpg\" \/>\n\t<meta property=\"og:image:width\" content=\"250\" \/>\n\t<meta property=\"og:image:height\" content=\"250\" \/>\n\t<meta property=\"og:image:type\" content=\"image\/jpeg\" \/>\n<meta name=\"author\" content=\"Tafeldeko Deko Team\" \/>\n<meta name=\"twitter:label1\" content=\"Verfasst von\" \/>\n\t<meta name=\"twitter:data1\" content=\"Tafeldeko Deko Team\" \/>\n\t<meta name=\"twitter:label2\" content=\"Gesch\u00e4tzte Lesezeit\" \/>\n\t<meta name=\"twitter:data2\" content=\"3 Minuten\" \/>\n<script type=\"application\/ld+json\" class=\"yoast-schema-graph\">{\"@context\":\"https:\/\/schema.org\",\"@graph\":[{\"@type\":\"WebPage\",\"@id\":\"https:\/\/www.tafeldeko.de\/news\/schwarz-weisse-tischdeko\/\",\"url\":\"https:\/\/www.tafeldeko.de\/news\/schwarz-weisse-tischdeko\/\",\"name\":\"Schwarz-wei\u00dfe Tischdeko \u2026 - Tafeldeko\",\"isPartOf\":{\"@id\":\"https:\/\/www.tafeldeko.de\/news\/#website\"},\"datePublished\":\"2016-03-18T18:50:36+00:00\",\"dateModified\":\"2022-11-10T08:59:53+00:00\",\"author\":{\"@id\":\"https:\/\/www.tafeldeko.de\/news\/#\/schema\/person\/dc309fbb6a3e380919fc08342c3cc233\"},\"description\":\"Die schwarz-wei\u00dfe Tischdeko ist eine Deko mit gro\u00dfer Wirkung und man wird mit dieser Gestaltungsm\u00f6glichkeit jede Menge Lob bei seinen G\u00e4sten ernten.\",\"breadcrumb\":{\"@id\":\"https:\/\/www.tafeldeko.de\/news\/schwarz-weisse-tischdeko\/#breadcrumb\"},\"inLanguage\":\"de-DE\",\"potentialAction\":[{\"@type\":\"ReadAction\",\"target\":[\"https:\/\/www.tafeldeko.de\/news\/schwarz-weisse-tischdeko\/\"]}]},{\"@type\":\"BreadcrumbList\",\"@id\":\"https:\/\/www.tafeldeko.de\/news\/schwarz-weisse-tischdeko\/#breadcrumb\",\"itemListElement\":[{\"@type\":\"ListItem\",\"position\":1,\"name\":\"Tafeldeko\",\"item\":\"https:\/\/www.tafeldeko.de\/news\/\"},{\"@type\":\"ListItem\",\"position\":2,\"name\":\"Alte Beitr\u00e4ge\",\"item\":\"https:\/\/www.tafeldeko.de\/news\/alte-beitraege\/\"},{\"@type\":\"ListItem\",\"position\":3,\"name\":\"Tischdeko - Blog\",\"item\":\"https:\/\/www.tafeldeko.de\/news\/alte-beitraege\/tischdeko-blog\/\"},{\"@type\":\"ListItem\",\"position\":4,\"name\":\"Schwarz-wei\u00dfe Tischdeko \u2026\"}]},{\"@type\":\"WebSite\",\"@id\":\"https:\/\/www.tafeldeko.de\/news\/#website\",\"url\":\"https:\/\/www.tafeldeko.de\/news\/\",\"name\":\"Tafeldeko\",\"description\":\"Blog mit Tischdeko und Tischdekoration Ideen\",\"potentialAction\":[{\"@type\":\"SearchAction\",\"target\":{\"@type\":\"EntryPoint\",\"urlTemplate\":\"https:\/\/www.tafeldeko.de\/news\/?s={search_term_string}\"},\"query-input\":\"required name=search_term_string\"}],\"inLanguage\":\"de-DE\"},{\"@type\":\"Person\",\"@id\":\"https:\/\/www.tafeldeko.de\/news\/#\/schema\/person\/dc309fbb6a3e380919fc08342c3cc233\",\"name\":\"Tafeldeko Deko Team\",\"image\":{\"@type\":\"ImageObject\",\"inLanguage\":\"de-DE\",\"@id\":\"https:\/\/www.tafeldeko.de\/news\/#\/schema\/person\/image\/\",\"url\":\"https:\/\/secure.gravatar.com\/avatar\/1e962f4040dc9996f0d200db31598854?s=96&d=mm&r=g\",\"contentUrl\":\"https:\/\/secure.gravatar.com\/avatar\/1e962f4040dc9996f0d200db31598854?s=96&d=mm&r=g\",\"caption\":\"Tafeldeko Deko Team\"}}]}<\/script>\n<!-- \/ Yoast SEO plugin. -->","yoast_head_json":{"title":"Schwarz-wei\u00dfe Tischdeko \u2026 - Tafeldeko","description":"Die schwarz-wei\u00dfe Tischdeko ist eine Deko mit gro\u00dfer Wirkung und man wird mit dieser Gestaltungsm\u00f6glichkeit jede Menge Lob bei seinen G\u00e4sten ernten.","robots":{"index":"index","follow":"follow","max-snippet":"max-snippet:-1","max-image-preview":"max-image-preview:large","max-video-preview":"max-video-preview:-1"},"canonical":"https:\/\/www.tafeldeko.de\/news\/schwarz-weisse-tischdeko\/","og_locale":"de_DE","og_type":"article","og_title":"Schwarz-wei\u00dfe Tischdeko \u2026 - Tafeldeko","og_description":"Die schwarz-wei\u00dfe Tischdeko ist eine Deko mit gro\u00dfer Wirkung und man wird mit dieser Gestaltungsm\u00f6glichkeit jede Menge Lob bei seinen G\u00e4sten ernten.","og_url":"https:\/\/www.tafeldeko.de\/news\/schwarz-weisse-tischdeko\/","og_site_name":"Tafeldeko","article_publisher":"https:\/\/www.facebook.com\/pages\/Tafeldeko-einzigartige-Tischdekoration\/174202655894","article_published_time":"2016-03-18T18:50:36+00:00","article_modified_time":"2022-11-10T08:59:53+00:00","og_image":[{"width":250,"height":250,"url":"https:\/\/www.tafeldeko.de\/news\/wp-content\/uploads\/2016\/03\/duni_glasuntersetzer.jpg","type":"image\/jpeg"}],"author":"Tafeldeko Deko Team","twitter_misc":{"Verfasst von":"Tafeldeko Deko Team","Gesch\u00e4tzte Lesezeit":"3 Minuten"},"schema":{"@context":"https:\/\/schema.org","@graph":[{"@type":"WebPage","@id":"https:\/\/www.tafeldeko.de\/news\/schwarz-weisse-tischdeko\/","url":"https:\/\/www.tafeldeko.de\/news\/schwarz-weisse-tischdeko\/","name":"Schwarz-wei\u00dfe Tischdeko \u2026 - Tafeldeko","isPartOf":{"@id":"https:\/\/www.tafeldeko.de\/news\/#website"},"datePublished":"2016-03-18T18:50:36+00:00","dateModified":"2022-11-10T08:59:53+00:00","author":{"@id":"https:\/\/www.tafeldeko.de\/news\/#\/schema\/person\/dc309fbb6a3e380919fc08342c3cc233"},"description":"Die schwarz-wei\u00dfe Tischdeko ist eine Deko mit gro\u00dfer Wirkung und man wird mit dieser Gestaltungsm\u00f6glichkeit jede Menge Lob bei seinen G\u00e4sten ernten.","breadcrumb":{"@id":"https:\/\/www.tafeldeko.de\/news\/schwarz-weisse-tischdeko\/#breadcrumb"},"inLanguage":"de-DE","potentialAction":[{"@type":"ReadAction","target":["https:\/\/www.tafeldeko.de\/news\/schwarz-weisse-tischdeko\/"]}]},{"@type":"BreadcrumbList","@id":"https:\/\/www.tafeldeko.de\/news\/schwarz-weisse-tischdeko\/#breadcrumb","itemListElement":[{"@type":"ListItem","position":1,"name":"Tafeldeko","item":"https:\/\/www.tafeldeko.de\/news\/"},{"@type":"ListItem","position":2,"name":"Alte Beitr\u00e4ge","item":"https:\/\/www.tafeldeko.de\/news\/alte-beitraege\/"},{"@type":"ListItem","position":3,"name":"Tischdeko - Blog","item":"https:\/\/www.tafeldeko.de\/news\/alte-beitraege\/tischdeko-blog\/"},{"@type":"ListItem","position":4,"name":"Schwarz-wei\u00dfe Tischdeko \u2026"}]},{"@type":"WebSite","@id":"https:\/\/www.tafeldeko.de\/news\/#website","url":"https:\/\/www.tafeldeko.de\/news\/","name":"Tafeldeko","description":"Blog mit Tischdeko und Tischdekoration Ideen","potentialAction":[{"@type":"SearchAction","target":{"@type":"EntryPoint","urlTemplate":"https:\/\/www.tafeldeko.de\/news\/?s={search_term_string}"},"query-input":"required name=search_term_string"}],"inLanguage":"de-DE"},{"@type":"Person","@id":"https:\/\/www.tafeldeko.de\/news\/#\/schema\/person\/dc309fbb6a3e380919fc08342c3cc233","name":"Tafeldeko Deko Team","image":{"@type":"ImageObject","inLanguage":"de-DE","@id":"https:\/\/www.tafeldeko.de\/news\/#\/schema\/person\/image\/","url":"https:\/\/secure.gravatar.com\/avatar\/1e962f4040dc9996f0d200db31598854?s=96&d=mm&r=g","contentUrl":"https:\/\/secure.gravatar.com\/avatar\/1e962f4040dc9996f0d200db31598854?s=96&d=mm&r=g","caption":"Tafeldeko Deko Team"}}]}},"_links":{"self":[{"href":"https:\/\/www.tafeldeko.de\/news\/wp-json\/wp\/v2\/posts\/7054"}],"collection":[{"href":"https:\/\/www.tafeldeko.de\/news\/wp-json\/wp\/v2\/posts"}],"about":[{"href":"https:\/\/www.tafeldeko.de\/news\/wp-json\/wp\/v2\/types\/post"}],"author":[{"embeddable":true,"href":"https:\/\/www.tafeldeko.de\/news\/wp-json\/wp\/v2\/users\/6"}],"replies":[{"embeddable":true,"href":"https:\/\/www.tafeldeko.de\/news\/wp-json\/wp\/v2\/comments?post=7054"}],"version-history":[{"count":11,"href":"https:\/\/www.tafeldeko.de\/news\/wp-json\/wp\/v2\/posts\/7054\/revisions"}],"predecessor-version":[{"id":21010,"href":"https:\/\/www.tafeldeko.de\/news\/wp-json\/wp\/v2\/posts\/7054\/revisions\/21010"}],"wp:featuredmedia":[{"embeddable":true,"href":"https:\/\/www.tafeldeko.de\/news\/wp-json\/wp\/v2\/media\/7055"}],"wp:attachment":[{"href":"https:\/\/www.tafeldeko.de\/news\/wp-json\/wp\/v2\/media?parent=7054"}],"wp:term":[{"taxonomy":"category","embeddable":true,"href":"https:\/\/www.tafeldeko.de\/news\/wp-json\/wp\/v2\/categories?post=7054"},{"taxonomy":"post_tag","embeddable":true,"href":"https:\/\/www.tafeldeko.de\/news\/wp-json\/wp\/v2\/tags?post=7054"}],"curies":[{"name":"wp","href":"https:\/\/api.w.org\/{rel}","templated":true}]}}