{"id":7033,"date":"2016-03-04T15:59:09","date_gmt":"2016-03-04T13:59:09","guid":{"rendered":"http:\/\/www.tafeldeko.de\/news\/?p=7033"},"modified":"2022-11-10T10:33:04","modified_gmt":"2022-11-10T09:33:04","slug":"tischdeko-geburtstag-jetzt-kommt-farbe-auf-den-tisch","status":"publish","type":"post","link":"https:\/\/www.tafeldeko.de\/news\/tischdeko-geburtstag-jetzt-kommt-farbe-auf-den-tisch\/","title":{"rendered":"Tischdeko Geburtstag &#8211; jetzt kommt Farbe auf den Tisch"},"content":{"rendered":"<p>Die <strong>Tischdeko Geburtstag Farbe <\/strong>spielt an diesem besonderen Tag eine bedeutende Rolle, denn man schafft sich somit eine<strong> tolle Atmosph\u00e4re<\/strong> zum Feiern und dies nicht nur f\u00fcr seine G\u00e4ste, sondern auch f\u00fcr sich selbst. Das Gesamtbild ist mehr als entscheidend, da dieses zum Gelingen der Feier beitr\u00e4gt. Neben dem leiblichen Wohl und der musikalischen Begleitung ist die Tischdeko Geburtstag ebenfalls ein Punkt auf der \u201eTo do Liste\u201c f\u00fcr den Geburtstag. Man kann mit ganz unterschiedlichen dekorativen Accessoires f\u00fcr eine sch\u00f6ne <a href=\"https:\/\/www.tafeldeko.de\" target=\"_blank\" rel=\"noopener\"><strong>Tischdekoration<\/strong><\/a> sorgen und die G\u00e4ste in einer sch\u00f6n dekorierten R\u00e4umlichkeit willkommen hei\u00dfen.<\/p>\n<p>\t\t\t\t\t\t\t\t\t\t\t\t<img decoding=\"async\" width=\"250\" height=\"250\" src=\"https:\/\/www.tafeldeko.de\/news\/wp-content\/uploads\/2016\/03\/schmetterling.jpg\" alt=\"Tischdeko Geburtstag Farbe\" loading=\"lazy\" srcset=\"https:\/\/www.tafeldeko.de\/news\/wp-content\/uploads\/2016\/03\/schmetterling.jpg 250w, https:\/\/www.tafeldeko.de\/news\/wp-content\/uploads\/2016\/03\/schmetterling-150x150.jpg 150w\" sizes=\"(max-width: 250px) 100vw, 250px\" \/>\t\t\t\t\t\t\t\t\t\t\t\t\t\t<\/p>\n<h2>Tischdeko Geburtstag Farbe &#8211; her mit der Farbenpracht<\/h2>\n<p>F\u00fcr die Tischdeko Geburtstag in Farbe darf man gerne zu Farben greifen und der Tisch wird in einer vollen Farbpracht erstrahlen. Eine trostlose und langweilige Tischdekoration w\u00fcnscht sich nat\u00fcrlich keiner. Mit einer Vielfalt von Deko-Artikeln kann man in Nu eine sch\u00f6ne Tischdeko zusammenstellen.<br \/>Stellt man sich nun die Frage, was man auf dem Tisch in Szene setzten kann, der wird hier einige Anregungen finden. Wie w\u00e4re es mit folgendem Artikel: <strong>Schmetterling am Draht<\/strong> in Hellgr\u00fcn? Dieser s\u00fc\u00dfe Schmetterling ist zwar nur 85 mm gro\u00df, aber der Effekt ist wundersch\u00f6n. Dabei lassen sich solche Accessoire auch perfekt f\u00fcr die Fr\u00fchlingsdeko, f\u00fcr die Kommunions- bzw. Konfirmationsdekoration oder zur Taufe verwenden. Dar\u00fcber hinaus kann man Blumengestecke oder Schnittblumen in tollen Vasen auf dem Tisch arrangieren- dies bringt Frische und vor allem die gew\u00fcnschte Farbe ins Spiel. Auch die Schmetterlinge k\u00f6nnen hierbei ihren ganz pers\u00f6nlichen Platz finden. Neben den bereits genannten Deko-M\u00f6glichkeiten eignen sich Servietten immer f\u00fcr die Tischdekoration. Ob <strong>unifarben, gemustert oder gefaltet<\/strong> &#8211; das ist jedem selbst \u00fcberlassen und h\u00e4ngt davon ab, was bereits an optischen Reizen auf dem Tisch platziert wurde. Die Tischdeko Geburtstag ist eine Aufgabe, der man sich ohne weiteres stellen kann und dabei sogar jede Menge Spa\u00df erleben kann.<\/p>\n<h2>Weitere Beitr\u00e4ge:<\/h2>\n<h2>Dekoartikel von A-Z<\/h2>\n<p>\t\t\t\t\t<a href=\"https:\/\/www.tafeldeko.de\/tischdeko-artikel\/\"><br \/>\n\t\t\t\t\t\tJetzt entdecken\t\t\t\t\t<\/a><\/p>\n","protected":false},"excerpt":{"rendered":"<p>Die Tischdeko Geburtstag Farbe spielt an diesem besonderen Tag eine bedeutende Rolle, denn man schafft sich somit eine tolle Atmosph\u00e4re zum Feiern und dies nicht nur f\u00fcr seine G\u00e4ste, sondern auch f\u00fcr sich selbst. Das Gesamtbild ist mehr als entscheidend, da dieses zum Gelingen der Feier beitr\u00e4gt. Neben dem leiblichen Wohl und der musikalischen Begleitung [&hellip;]<\/p>\n","protected":false},"author":6,"featured_media":7034,"comment_status":"closed","ping_status":"closed","sticky":false,"template":"","format":"standard","meta":{"footnotes":""},"categories":[1],"tags":[],"yoast_head":"<!-- This site is optimized with the Yoast SEO plugin v20.4 - https:\/\/yoast.com\/wordpress\/plugins\/seo\/ -->\n<title>Tischdeko Geburtstag - jetzt kommt Farbe auf den Tisch - Tafeldeko<\/title>\n<meta name=\"description\" content=\"Die Tischdeko Geburtstag Farbe ist eine Aufgabe, der man sich ohne weiteres stellen kann und dabei sogar jede Menge Spa\u00df erleben kann.\" \/>\n<meta name=\"robots\" content=\"index, follow, max-snippet:-1, max-image-preview:large, max-video-preview:-1\" \/>\n<link rel=\"canonical\" href=\"https:\/\/www.tafeldeko.de\/news\/tischdeko-geburtstag-jetzt-kommt-farbe-auf-den-tisch\/\" \/>\n<meta property=\"og:locale\" content=\"de_DE\" \/>\n<meta property=\"og:type\" content=\"article\" \/>\n<meta property=\"og:title\" content=\"Tischdeko Geburtstag - jetzt kommt Farbe auf den Tisch - Tafeldeko\" \/>\n<meta property=\"og:description\" content=\"Die Tischdeko Geburtstag Farbe ist eine Aufgabe, der man sich ohne weiteres stellen kann und dabei sogar jede Menge Spa\u00df erleben kann.\" \/>\n<meta property=\"og:url\" content=\"https:\/\/www.tafeldeko.de\/news\/tischdeko-geburtstag-jetzt-kommt-farbe-auf-den-tisch\/\" \/>\n<meta property=\"og:site_name\" content=\"Tafeldeko\" \/>\n<meta property=\"article:publisher\" content=\"https:\/\/www.facebook.com\/pages\/Tafeldeko-einzigartige-Tischdekoration\/174202655894\" \/>\n<meta property=\"article:published_time\" content=\"2016-03-04T13:59:09+00:00\" \/>\n<meta property=\"article:modified_time\" content=\"2022-11-10T09:33:04+00:00\" \/>\n<meta property=\"og:image\" content=\"https:\/\/www.tafeldeko.de\/news\/wp-content\/uploads\/2016\/03\/schmetterling.jpg\" \/>\n\t<meta property=\"og:image:width\" content=\"250\" \/>\n\t<meta property=\"og:image:height\" content=\"250\" \/>\n\t<meta property=\"og:image:type\" content=\"image\/jpeg\" \/>\n<meta name=\"author\" content=\"Tafeldeko Deko Team\" \/>\n<meta name=\"twitter:label1\" content=\"Verfasst von\" \/>\n\t<meta name=\"twitter:data1\" content=\"Tafeldeko Deko Team\" \/>\n\t<meta name=\"twitter:label2\" content=\"Gesch\u00e4tzte Lesezeit\" \/>\n\t<meta name=\"twitter:data2\" content=\"4 Minuten\" \/>\n<script type=\"application\/ld+json\" class=\"yoast-schema-graph\">{\"@context\":\"https:\/\/schema.org\",\"@graph\":[{\"@type\":\"WebPage\",\"@id\":\"https:\/\/www.tafeldeko.de\/news\/tischdeko-geburtstag-jetzt-kommt-farbe-auf-den-tisch\/\",\"url\":\"https:\/\/www.tafeldeko.de\/news\/tischdeko-geburtstag-jetzt-kommt-farbe-auf-den-tisch\/\",\"name\":\"Tischdeko Geburtstag - jetzt kommt Farbe auf den Tisch - Tafeldeko\",\"isPartOf\":{\"@id\":\"https:\/\/www.tafeldeko.de\/news\/#website\"},\"datePublished\":\"2016-03-04T13:59:09+00:00\",\"dateModified\":\"2022-11-10T09:33:04+00:00\",\"author\":{\"@id\":\"https:\/\/www.tafeldeko.de\/news\/#\/schema\/person\/dc309fbb6a3e380919fc08342c3cc233\"},\"description\":\"Die Tischdeko Geburtstag Farbe ist eine Aufgabe, der man sich ohne weiteres stellen kann und dabei sogar jede Menge Spa\u00df erleben kann.\",\"breadcrumb\":{\"@id\":\"https:\/\/www.tafeldeko.de\/news\/tischdeko-geburtstag-jetzt-kommt-farbe-auf-den-tisch\/#breadcrumb\"},\"inLanguage\":\"de-DE\",\"potentialAction\":[{\"@type\":\"ReadAction\",\"target\":[\"https:\/\/www.tafeldeko.de\/news\/tischdeko-geburtstag-jetzt-kommt-farbe-auf-den-tisch\/\"]}]},{\"@type\":\"BreadcrumbList\",\"@id\":\"https:\/\/www.tafeldeko.de\/news\/tischdeko-geburtstag-jetzt-kommt-farbe-auf-den-tisch\/#breadcrumb\",\"itemListElement\":[{\"@type\":\"ListItem\",\"position\":1,\"name\":\"Tafeldeko\",\"item\":\"https:\/\/www.tafeldeko.de\/news\/\"},{\"@type\":\"ListItem\",\"position\":2,\"name\":\"Alte Beitr\u00e4ge\",\"item\":\"https:\/\/www.tafeldeko.de\/news\/alte-beitraege\/\"},{\"@type\":\"ListItem\",\"position\":3,\"name\":\"Tischdeko - Blog\",\"item\":\"https:\/\/www.tafeldeko.de\/news\/alte-beitraege\/tischdeko-blog\/\"},{\"@type\":\"ListItem\",\"position\":4,\"name\":\"Tischdeko Geburtstag &#8211; jetzt kommt Farbe auf den Tisch\"}]},{\"@type\":\"WebSite\",\"@id\":\"https:\/\/www.tafeldeko.de\/news\/#website\",\"url\":\"https:\/\/www.tafeldeko.de\/news\/\",\"name\":\"Tafeldeko\",\"description\":\"Blog mit Tischdeko und Tischdekoration Ideen\",\"potentialAction\":[{\"@type\":\"SearchAction\",\"target\":{\"@type\":\"EntryPoint\",\"urlTemplate\":\"https:\/\/www.tafeldeko.de\/news\/?s={search_term_string}\"},\"query-input\":\"required name=search_term_string\"}],\"inLanguage\":\"de-DE\"},{\"@type\":\"Person\",\"@id\":\"https:\/\/www.tafeldeko.de\/news\/#\/schema\/person\/dc309fbb6a3e380919fc08342c3cc233\",\"name\":\"Tafeldeko Deko Team\",\"image\":{\"@type\":\"ImageObject\",\"inLanguage\":\"de-DE\",\"@id\":\"https:\/\/www.tafeldeko.de\/news\/#\/schema\/person\/image\/\",\"url\":\"https:\/\/secure.gravatar.com\/avatar\/1e962f4040dc9996f0d200db31598854?s=96&d=mm&r=g\",\"contentUrl\":\"https:\/\/secure.gravatar.com\/avatar\/1e962f4040dc9996f0d200db31598854?s=96&d=mm&r=g\",\"caption\":\"Tafeldeko Deko Team\"}}]}<\/script>\n<!-- \/ Yoast SEO plugin. -->","yoast_head_json":{"title":"Tischdeko Geburtstag - jetzt kommt Farbe auf den Tisch - Tafeldeko","description":"Die Tischdeko Geburtstag Farbe ist eine Aufgabe, der man sich ohne weiteres stellen kann und dabei sogar jede Menge Spa\u00df erleben kann.","robots":{"index":"index","follow":"follow","max-snippet":"max-snippet:-1","max-image-preview":"max-image-preview:large","max-video-preview":"max-video-preview:-1"},"canonical":"https:\/\/www.tafeldeko.de\/news\/tischdeko-geburtstag-jetzt-kommt-farbe-auf-den-tisch\/","og_locale":"de_DE","og_type":"article","og_title":"Tischdeko Geburtstag - jetzt kommt Farbe auf den Tisch - Tafeldeko","og_description":"Die Tischdeko Geburtstag Farbe ist eine Aufgabe, der man sich ohne weiteres stellen kann und dabei sogar jede Menge Spa\u00df erleben kann.","og_url":"https:\/\/www.tafeldeko.de\/news\/tischdeko-geburtstag-jetzt-kommt-farbe-auf-den-tisch\/","og_site_name":"Tafeldeko","article_publisher":"https:\/\/www.facebook.com\/pages\/Tafeldeko-einzigartige-Tischdekoration\/174202655894","article_published_time":"2016-03-04T13:59:09+00:00","article_modified_time":"2022-11-10T09:33:04+00:00","og_image":[{"width":250,"height":250,"url":"https:\/\/www.tafeldeko.de\/news\/wp-content\/uploads\/2016\/03\/schmetterling.jpg","type":"image\/jpeg"}],"author":"Tafeldeko Deko Team","twitter_misc":{"Verfasst von":"Tafeldeko Deko Team","Gesch\u00e4tzte Lesezeit":"4 Minuten"},"schema":{"@context":"https:\/\/schema.org","@graph":[{"@type":"WebPage","@id":"https:\/\/www.tafeldeko.de\/news\/tischdeko-geburtstag-jetzt-kommt-farbe-auf-den-tisch\/","url":"https:\/\/www.tafeldeko.de\/news\/tischdeko-geburtstag-jetzt-kommt-farbe-auf-den-tisch\/","name":"Tischdeko Geburtstag - jetzt kommt Farbe auf den Tisch - Tafeldeko","isPartOf":{"@id":"https:\/\/www.tafeldeko.de\/news\/#website"},"datePublished":"2016-03-04T13:59:09+00:00","dateModified":"2022-11-10T09:33:04+00:00","author":{"@id":"https:\/\/www.tafeldeko.de\/news\/#\/schema\/person\/dc309fbb6a3e380919fc08342c3cc233"},"description":"Die Tischdeko Geburtstag Farbe ist eine Aufgabe, der man sich ohne weiteres stellen kann und dabei sogar jede Menge Spa\u00df erleben kann.","breadcrumb":{"@id":"https:\/\/www.tafeldeko.de\/news\/tischdeko-geburtstag-jetzt-kommt-farbe-auf-den-tisch\/#breadcrumb"},"inLanguage":"de-DE","potentialAction":[{"@type":"ReadAction","target":["https:\/\/www.tafeldeko.de\/news\/tischdeko-geburtstag-jetzt-kommt-farbe-auf-den-tisch\/"]}]},{"@type":"BreadcrumbList","@id":"https:\/\/www.tafeldeko.de\/news\/tischdeko-geburtstag-jetzt-kommt-farbe-auf-den-tisch\/#breadcrumb","itemListElement":[{"@type":"ListItem","position":1,"name":"Tafeldeko","item":"https:\/\/www.tafeldeko.de\/news\/"},{"@type":"ListItem","position":2,"name":"Alte Beitr\u00e4ge","item":"https:\/\/www.tafeldeko.de\/news\/alte-beitraege\/"},{"@type":"ListItem","position":3,"name":"Tischdeko - Blog","item":"https:\/\/www.tafeldeko.de\/news\/alte-beitraege\/tischdeko-blog\/"},{"@type":"ListItem","position":4,"name":"Tischdeko Geburtstag &#8211; jetzt kommt Farbe auf den Tisch"}]},{"@type":"WebSite","@id":"https:\/\/www.tafeldeko.de\/news\/#website","url":"https:\/\/www.tafeldeko.de\/news\/","name":"Tafeldeko","description":"Blog mit Tischdeko und Tischdekoration Ideen","potentialAction":[{"@type":"SearchAction","target":{"@type":"EntryPoint","urlTemplate":"https:\/\/www.tafeldeko.de\/news\/?s={search_term_string}"},"query-input":"required name=search_term_string"}],"inLanguage":"de-DE"},{"@type":"Person","@id":"https:\/\/www.tafeldeko.de\/news\/#\/schema\/person\/dc309fbb6a3e380919fc08342c3cc233","name":"Tafeldeko Deko Team","image":{"@type":"ImageObject","inLanguage":"de-DE","@id":"https:\/\/www.tafeldeko.de\/news\/#\/schema\/person\/image\/","url":"https:\/\/secure.gravatar.com\/avatar\/1e962f4040dc9996f0d200db31598854?s=96&d=mm&r=g","contentUrl":"https:\/\/secure.gravatar.com\/avatar\/1e962f4040dc9996f0d200db31598854?s=96&d=mm&r=g","caption":"Tafeldeko Deko Team"}}]}},"_links":{"self":[{"href":"https:\/\/www.tafeldeko.de\/news\/wp-json\/wp\/v2\/posts\/7033"}],"collection":[{"href":"https:\/\/www.tafeldeko.de\/news\/wp-json\/wp\/v2\/posts"}],"about":[{"href":"https:\/\/www.tafeldeko.de\/news\/wp-json\/wp\/v2\/types\/post"}],"author":[{"embeddable":true,"href":"https:\/\/www.tafeldeko.de\/news\/wp-json\/wp\/v2\/users\/6"}],"replies":[{"embeddable":true,"href":"https:\/\/www.tafeldeko.de\/news\/wp-json\/wp\/v2\/comments?post=7033"}],"version-history":[{"count":17,"href":"https:\/\/www.tafeldeko.de\/news\/wp-json\/wp\/v2\/posts\/7033\/revisions"}],"predecessor-version":[{"id":21060,"href":"https:\/\/www.tafeldeko.de\/news\/wp-json\/wp\/v2\/posts\/7033\/revisions\/21060"}],"wp:featuredmedia":[{"embeddable":true,"href":"https:\/\/www.tafeldeko.de\/news\/wp-json\/wp\/v2\/media\/7034"}],"wp:attachment":[{"href":"https:\/\/www.tafeldeko.de\/news\/wp-json\/wp\/v2\/media?parent=7033"}],"wp:term":[{"taxonomy":"category","embeddable":true,"href":"https:\/\/www.tafeldeko.de\/news\/wp-json\/wp\/v2\/categories?post=7033"},{"taxonomy":"post_tag","embeddable":true,"href":"https:\/\/www.tafeldeko.de\/news\/wp-json\/wp\/v2\/tags?post=7033"}],"curies":[{"name":"wp","href":"https:\/\/api.w.org\/{rel}","templated":true}]}}