{"id":7030,"date":"2016-03-02T10:18:29","date_gmt":"2016-03-02T08:18:29","guid":{"rendered":"http:\/\/www.tafeldeko.de\/news\/?p=7030"},"modified":"2022-11-10T10:43:50","modified_gmt":"2022-11-10T09:43:50","slug":"tischdeko-ostern-in-zarten-farben","status":"publish","type":"post","link":"https:\/\/www.tafeldeko.de\/news\/tischdeko-ostern-in-zarten-farben\/","title":{"rendered":"Tischdeko Ostern in zarten Farben"},"content":{"rendered":"<p>Die Tischdeko zu Ostern pr\u00e4sentiert sich manchmal edel, stilvoll, verspielt oder in zarten Farben und mit ausdrucksstarken Accessoires. Osterhasen, Ostereier, Osterl\u00e4mmer, Fr\u00fchlingsblumen und andere Elemente versch\u00f6nern die Wartezeit auf das Osterfest. Oftmals ist es so, dass die Faschingsdeko der Osterdeko weicht. Aus lustig und bunt wird also sch\u00f6n und fr\u00fchlingshaft. Auch auf dem Tisch lassen diverse Oster-Accessoires gr\u00fc\u00dfen. Etwas Deko, sei es auf dem Tisch oder im gesamten Raum, versch\u00f6nert einfach das Wohn- und Wohlgef\u00fchl und sorgt f\u00fcr eine sch\u00f6ne Atmosph\u00e4re.<\/p>\n<p><img decoding=\"async\" loading=\"lazy\" src=\"https:\/\/www.tafeldeko.de\/news\/wp-content\/uploads\/2016\/03\/Tischdeko-Ostern-in-zarten-Farben.jpg\" sizes=\"(max-width: 799px) 100vw, 799px\" srcset=\"https:\/\/www.tafeldeko.de\/news\/wp-content\/uploads\/2016\/03\/Tischdeko-Ostern-in-zarten-Farben.jpg 799w, https:\/\/www.tafeldeko.de\/news\/wp-content\/uploads\/2016\/03\/Tischdeko-Ostern-in-zarten-Farben-300x198.jpg 300w, https:\/\/www.tafeldeko.de\/news\/wp-content\/uploads\/2016\/03\/Tischdeko-Ostern-in-zarten-Farben-768x507.jpg 768w, https:\/\/www.tafeldeko.de\/news\/wp-content\/uploads\/2016\/03\/Tischdeko-Ostern-in-zarten-Farben-640x422.jpg 640w\" alt=\"Tischdeko Ostern in zarten Farben\" width=\"799\" height=\"527\" \/><\/p>\n<h2>Die Tischdeko Ostern mit zarten Farben f\u00fcr den Wow-Effekt<\/h2>\n<p>Gr\u00fcnes Gras, Blumenwiese, Osterhasen und Ostereier tummeln sich auf diesen wundersch\u00f6nen Tisch zu Ostern. Und auch in punkto Farbe \u00fcberrascht dieser Tisch. Die Kombination von Mintblau und hellgr\u00fcn macht diese <a href=\"https:\/\/www.tafeldeko.de\">Tischdekoration<\/a> zu einem wahren Augenschmaus. Elemente in einem hellen Gelb, hier und da platziert, sorgen f\u00fcr die kleinen Kontraste.<br \/>\nEin Tischl\u00e4ufer wird in der Mitte mit einem Satin Tischband in Kiwi belegt. Dar\u00fcber haben wir noch einen Netztischl\u00e4ufer platziert, um f\u00fcr das gewisse extra zu sorgen. Nat\u00fcrlich k\u00f6nnt ihr auch nur einen Tischl\u00e4ufer oder ein Tischband verwenden, denn viel mehr kommt es auf die Accessoires an. Ein kleiner, blumiger Gru\u00df auf dem Tisch kann auch bei der Tischdeko Ostern in zarten Farben f\u00fcr gro\u00dfartige Akzente sorgen. Ihr seht ihr habt eine Menge M\u00f6glichkeiten eure Tischdeko zu gestalten. Wir w\u00fcnschen euch auf jeden Fall ein sch\u00f6nes Osterfest im Kreise eurer Liebsten.<\/p>\n<h2>Weitere Beitr\u00e4ge:<\/h2>\n<h2>Dekoartikel von A-Z<\/h2>\n<p><a href=\"https:\/\/www.tafeldeko.de\/tischdeko-artikel\/\"><br \/>\nJetzt entdecken <\/a><\/p>\n","protected":false},"excerpt":{"rendered":"<p>Die Tischdeko zu Ostern pr\u00e4sentiert sich manchmal edel, stilvoll, verspielt oder in zarten Farben und mit ausdrucksstarken Accessoires. Osterhasen, Ostereier, Osterl\u00e4mmer, Fr\u00fchlingsblumen und andere Elemente versch\u00f6nern die Wartezeit auf das Osterfest. Oftmals ist es so, dass die Faschingsdeko der Osterdeko weicht. Aus lustig und bunt wird also sch\u00f6n und fr\u00fchlingshaft. Auch auf dem Tisch lassen [&hellip;]<\/p>\n","protected":false},"author":6,"featured_media":15064,"comment_status":"closed","ping_status":"closed","sticky":false,"template":"","format":"standard","meta":{"footnotes":""},"categories":[1],"tags":[],"yoast_head":"<!-- This site is optimized with the Yoast SEO plugin v20.4 - https:\/\/yoast.com\/wordpress\/plugins\/seo\/ -->\n<title>Tischdeko Ostern in zarten Farben - Tafeldeko<\/title>\n<meta name=\"description\" content=\"Die Tischdeko Ostern pr\u00e4sentiert sich mal edel, mal stilvoll, mal verspielt oder in zarten Farben und mit ausdrucksstarken Accessoires.\" \/>\n<meta name=\"robots\" content=\"index, follow, max-snippet:-1, max-image-preview:large, max-video-preview:-1\" \/>\n<link rel=\"canonical\" href=\"https:\/\/www.tafeldeko.de\/news\/tischdeko-ostern-in-zarten-farben\/\" \/>\n<meta property=\"og:locale\" content=\"de_DE\" \/>\n<meta property=\"og:type\" content=\"article\" \/>\n<meta property=\"og:title\" content=\"Tischdeko Ostern in zarten Farben - Tafeldeko\" \/>\n<meta property=\"og:description\" content=\"Die Tischdeko Ostern pr\u00e4sentiert sich mal edel, mal stilvoll, mal verspielt oder in zarten Farben und mit ausdrucksstarken Accessoires.\" \/>\n<meta property=\"og:url\" content=\"https:\/\/www.tafeldeko.de\/news\/tischdeko-ostern-in-zarten-farben\/\" \/>\n<meta property=\"og:site_name\" content=\"Tafeldeko\" \/>\n<meta property=\"article:publisher\" content=\"https:\/\/www.facebook.com\/pages\/Tafeldeko-einzigartige-Tischdekoration\/174202655894\" \/>\n<meta property=\"article:published_time\" content=\"2016-03-02T08:18:29+00:00\" \/>\n<meta property=\"article:modified_time\" content=\"2022-11-10T09:43:50+00:00\" \/>\n<meta property=\"og:image\" content=\"https:\/\/www.tafeldeko.de\/news\/wp-content\/uploads\/2016\/03\/Tischdeko-Ostern-in-zarten-Farben.jpg\" \/>\n\t<meta property=\"og:image:width\" content=\"799\" \/>\n\t<meta property=\"og:image:height\" content=\"527\" \/>\n\t<meta property=\"og:image:type\" content=\"image\/jpeg\" \/>\n<meta name=\"author\" content=\"Tafeldeko Deko Team\" \/>\n<meta name=\"twitter:label1\" content=\"Verfasst von\" \/>\n\t<meta name=\"twitter:data1\" content=\"Tafeldeko Deko Team\" \/>\n\t<meta name=\"twitter:label2\" content=\"Gesch\u00e4tzte Lesezeit\" \/>\n\t<meta name=\"twitter:data2\" content=\"2 Minuten\" \/>\n<script type=\"application\/ld+json\" class=\"yoast-schema-graph\">{\"@context\":\"https:\/\/schema.org\",\"@graph\":[{\"@type\":\"WebPage\",\"@id\":\"https:\/\/www.tafeldeko.de\/news\/tischdeko-ostern-in-zarten-farben\/\",\"url\":\"https:\/\/www.tafeldeko.de\/news\/tischdeko-ostern-in-zarten-farben\/\",\"name\":\"Tischdeko Ostern in zarten Farben - Tafeldeko\",\"isPartOf\":{\"@id\":\"https:\/\/www.tafeldeko.de\/news\/#website\"},\"datePublished\":\"2016-03-02T08:18:29+00:00\",\"dateModified\":\"2022-11-10T09:43:50+00:00\",\"author\":{\"@id\":\"https:\/\/www.tafeldeko.de\/news\/#\/schema\/person\/dc309fbb6a3e380919fc08342c3cc233\"},\"description\":\"Die Tischdeko Ostern pr\u00e4sentiert sich mal edel, mal stilvoll, mal verspielt oder in zarten Farben und mit ausdrucksstarken Accessoires.\",\"breadcrumb\":{\"@id\":\"https:\/\/www.tafeldeko.de\/news\/tischdeko-ostern-in-zarten-farben\/#breadcrumb\"},\"inLanguage\":\"de-DE\",\"potentialAction\":[{\"@type\":\"ReadAction\",\"target\":[\"https:\/\/www.tafeldeko.de\/news\/tischdeko-ostern-in-zarten-farben\/\"]}]},{\"@type\":\"BreadcrumbList\",\"@id\":\"https:\/\/www.tafeldeko.de\/news\/tischdeko-ostern-in-zarten-farben\/#breadcrumb\",\"itemListElement\":[{\"@type\":\"ListItem\",\"position\":1,\"name\":\"Tafeldeko\",\"item\":\"https:\/\/www.tafeldeko.de\/news\/\"},{\"@type\":\"ListItem\",\"position\":2,\"name\":\"Alte Beitr\u00e4ge\",\"item\":\"https:\/\/www.tafeldeko.de\/news\/alte-beitraege\/\"},{\"@type\":\"ListItem\",\"position\":3,\"name\":\"Tischdeko - Blog\",\"item\":\"https:\/\/www.tafeldeko.de\/news\/alte-beitraege\/tischdeko-blog\/\"},{\"@type\":\"ListItem\",\"position\":4,\"name\":\"Tischdeko Ostern in zarten Farben\"}]},{\"@type\":\"WebSite\",\"@id\":\"https:\/\/www.tafeldeko.de\/news\/#website\",\"url\":\"https:\/\/www.tafeldeko.de\/news\/\",\"name\":\"Tafeldeko\",\"description\":\"Blog mit Tischdeko und Tischdekoration Ideen\",\"potentialAction\":[{\"@type\":\"SearchAction\",\"target\":{\"@type\":\"EntryPoint\",\"urlTemplate\":\"https:\/\/www.tafeldeko.de\/news\/?s={search_term_string}\"},\"query-input\":\"required name=search_term_string\"}],\"inLanguage\":\"de-DE\"},{\"@type\":\"Person\",\"@id\":\"https:\/\/www.tafeldeko.de\/news\/#\/schema\/person\/dc309fbb6a3e380919fc08342c3cc233\",\"name\":\"Tafeldeko Deko Team\",\"image\":{\"@type\":\"ImageObject\",\"inLanguage\":\"de-DE\",\"@id\":\"https:\/\/www.tafeldeko.de\/news\/#\/schema\/person\/image\/\",\"url\":\"https:\/\/secure.gravatar.com\/avatar\/1e962f4040dc9996f0d200db31598854?s=96&d=mm&r=g\",\"contentUrl\":\"https:\/\/secure.gravatar.com\/avatar\/1e962f4040dc9996f0d200db31598854?s=96&d=mm&r=g\",\"caption\":\"Tafeldeko Deko Team\"}}]}<\/script>\n<!-- \/ Yoast SEO plugin. -->","yoast_head_json":{"title":"Tischdeko Ostern in zarten Farben - Tafeldeko","description":"Die Tischdeko Ostern pr\u00e4sentiert sich mal edel, mal stilvoll, mal verspielt oder in zarten Farben und mit ausdrucksstarken Accessoires.","robots":{"index":"index","follow":"follow","max-snippet":"max-snippet:-1","max-image-preview":"max-image-preview:large","max-video-preview":"max-video-preview:-1"},"canonical":"https:\/\/www.tafeldeko.de\/news\/tischdeko-ostern-in-zarten-farben\/","og_locale":"de_DE","og_type":"article","og_title":"Tischdeko Ostern in zarten Farben - Tafeldeko","og_description":"Die Tischdeko Ostern pr\u00e4sentiert sich mal edel, mal stilvoll, mal verspielt oder in zarten Farben und mit ausdrucksstarken Accessoires.","og_url":"https:\/\/www.tafeldeko.de\/news\/tischdeko-ostern-in-zarten-farben\/","og_site_name":"Tafeldeko","article_publisher":"https:\/\/www.facebook.com\/pages\/Tafeldeko-einzigartige-Tischdekoration\/174202655894","article_published_time":"2016-03-02T08:18:29+00:00","article_modified_time":"2022-11-10T09:43:50+00:00","og_image":[{"width":799,"height":527,"url":"https:\/\/www.tafeldeko.de\/news\/wp-content\/uploads\/2016\/03\/Tischdeko-Ostern-in-zarten-Farben.jpg","type":"image\/jpeg"}],"author":"Tafeldeko Deko Team","twitter_misc":{"Verfasst von":"Tafeldeko Deko Team","Gesch\u00e4tzte Lesezeit":"2 Minuten"},"schema":{"@context":"https:\/\/schema.org","@graph":[{"@type":"WebPage","@id":"https:\/\/www.tafeldeko.de\/news\/tischdeko-ostern-in-zarten-farben\/","url":"https:\/\/www.tafeldeko.de\/news\/tischdeko-ostern-in-zarten-farben\/","name":"Tischdeko Ostern in zarten Farben - Tafeldeko","isPartOf":{"@id":"https:\/\/www.tafeldeko.de\/news\/#website"},"datePublished":"2016-03-02T08:18:29+00:00","dateModified":"2022-11-10T09:43:50+00:00","author":{"@id":"https:\/\/www.tafeldeko.de\/news\/#\/schema\/person\/dc309fbb6a3e380919fc08342c3cc233"},"description":"Die Tischdeko Ostern pr\u00e4sentiert sich mal edel, mal stilvoll, mal verspielt oder in zarten Farben und mit ausdrucksstarken Accessoires.","breadcrumb":{"@id":"https:\/\/www.tafeldeko.de\/news\/tischdeko-ostern-in-zarten-farben\/#breadcrumb"},"inLanguage":"de-DE","potentialAction":[{"@type":"ReadAction","target":["https:\/\/www.tafeldeko.de\/news\/tischdeko-ostern-in-zarten-farben\/"]}]},{"@type":"BreadcrumbList","@id":"https:\/\/www.tafeldeko.de\/news\/tischdeko-ostern-in-zarten-farben\/#breadcrumb","itemListElement":[{"@type":"ListItem","position":1,"name":"Tafeldeko","item":"https:\/\/www.tafeldeko.de\/news\/"},{"@type":"ListItem","position":2,"name":"Alte Beitr\u00e4ge","item":"https:\/\/www.tafeldeko.de\/news\/alte-beitraege\/"},{"@type":"ListItem","position":3,"name":"Tischdeko - Blog","item":"https:\/\/www.tafeldeko.de\/news\/alte-beitraege\/tischdeko-blog\/"},{"@type":"ListItem","position":4,"name":"Tischdeko Ostern in zarten Farben"}]},{"@type":"WebSite","@id":"https:\/\/www.tafeldeko.de\/news\/#website","url":"https:\/\/www.tafeldeko.de\/news\/","name":"Tafeldeko","description":"Blog mit Tischdeko und Tischdekoration Ideen","potentialAction":[{"@type":"SearchAction","target":{"@type":"EntryPoint","urlTemplate":"https:\/\/www.tafeldeko.de\/news\/?s={search_term_string}"},"query-input":"required name=search_term_string"}],"inLanguage":"de-DE"},{"@type":"Person","@id":"https:\/\/www.tafeldeko.de\/news\/#\/schema\/person\/dc309fbb6a3e380919fc08342c3cc233","name":"Tafeldeko Deko Team","image":{"@type":"ImageObject","inLanguage":"de-DE","@id":"https:\/\/www.tafeldeko.de\/news\/#\/schema\/person\/image\/","url":"https:\/\/secure.gravatar.com\/avatar\/1e962f4040dc9996f0d200db31598854?s=96&d=mm&r=g","contentUrl":"https:\/\/secure.gravatar.com\/avatar\/1e962f4040dc9996f0d200db31598854?s=96&d=mm&r=g","caption":"Tafeldeko Deko Team"}}]}},"_links":{"self":[{"href":"https:\/\/www.tafeldeko.de\/news\/wp-json\/wp\/v2\/posts\/7030"}],"collection":[{"href":"https:\/\/www.tafeldeko.de\/news\/wp-json\/wp\/v2\/posts"}],"about":[{"href":"https:\/\/www.tafeldeko.de\/news\/wp-json\/wp\/v2\/types\/post"}],"author":[{"embeddable":true,"href":"https:\/\/www.tafeldeko.de\/news\/wp-json\/wp\/v2\/users\/6"}],"replies":[{"embeddable":true,"href":"https:\/\/www.tafeldeko.de\/news\/wp-json\/wp\/v2\/comments?post=7030"}],"version-history":[{"count":17,"href":"https:\/\/www.tafeldeko.de\/news\/wp-json\/wp\/v2\/posts\/7030\/revisions"}],"predecessor-version":[{"id":21070,"href":"https:\/\/www.tafeldeko.de\/news\/wp-json\/wp\/v2\/posts\/7030\/revisions\/21070"}],"wp:featuredmedia":[{"embeddable":true,"href":"https:\/\/www.tafeldeko.de\/news\/wp-json\/wp\/v2\/media\/15064"}],"wp:attachment":[{"href":"https:\/\/www.tafeldeko.de\/news\/wp-json\/wp\/v2\/media?parent=7030"}],"wp:term":[{"taxonomy":"category","embeddable":true,"href":"https:\/\/www.tafeldeko.de\/news\/wp-json\/wp\/v2\/categories?post=7030"},{"taxonomy":"post_tag","embeddable":true,"href":"https:\/\/www.tafeldeko.de\/news\/wp-json\/wp\/v2\/tags?post=7030"}],"curies":[{"name":"wp","href":"https:\/\/api.w.org\/{rel}","templated":true}]}}