{"id":6997,"date":"2016-02-10T13:46:43","date_gmt":"2016-02-10T11:46:43","guid":{"rendered":"http:\/\/www.tafeldeko.de\/news\/?p=6997"},"modified":"2022-11-10T12:23:18","modified_gmt":"2022-11-10T11:23:18","slug":"dekotrends-in-diesem-jahr","status":"publish","type":"post","link":"https:\/\/www.tafeldeko.de\/news\/dekotrends-in-diesem-jahr\/","title":{"rendered":"Dekotrends in diesem Jahr"},"content":{"rendered":"<p>Dekorationen im und um das Haus stehen hoch im Kurs und jedes Jahr aufs Neue sind die angesagten <strong>Dekotrends<\/strong> gefragt. Welche Dekorationen k\u00f6nnen die Wartezeit auf den Fr\u00fchling verk\u00fcrzen, schon die Vorfreude auf das Osterfest wecken? Oder welche Accessoires sind f\u00fcr die Deko auf M\u00f6beln, Fensterb\u00e4nken und Treppen perfekt geeignet, um <strong>das gewisse Etwas<\/strong> und den Aha-Effekt zu erzielen?<\/p>\n<p><img decoding=\"async\" loading=\"lazy\" src=\"https:\/\/www.tafeldeko.de\/news\/wp-content\/uploads\/2016\/02\/design-vase.jpg\" sizes=\"(max-width: 250px) 100vw, 250px\" srcset=\"https:\/\/www.tafeldeko.de\/news\/wp-content\/uploads\/2016\/02\/design-vase.jpg 250w, https:\/\/www.tafeldeko.de\/news\/wp-content\/uploads\/2016\/02\/design-vase-150x150.jpg 150w\" alt=\"Dekotrends\" width=\"250\" height=\"250\" \/><\/p>\n<h2>Dekotrends mit Textilien, Gl\u00e4sern und Co<\/h2>\n<p>Die Dekotrends in diesem Jahr erstrecken sich \u00fcber ausdrucksstarke Farben, Textilien, Gl\u00e4ser und bunte Bilder. Wer sich den Fr\u00fchling in die eigenen vier W\u00e4nde holen und dabei die angesagten Dekotrends einarbeiten m\u00f6chte, setzt auf die folgenden Accessoires:<\/p>\n<h3>Textilien<\/h3>\n<p>Mit Textilien bieten sich viele M\u00f6glichkeiten, eine etwas andere Farbe in den Raum einzubringen, ohne direkt renovieren zu m\u00fcssen. Kissen auf der Couch, neue Gardinen oder eine blumige Tischdecke auf dem Esstisch zaubern ein gem\u00fctliches und fr\u00fchlingsfrisches Flair in den Raum. Im Trend liegen in diesem Jahr auch <strong>geh\u00e4kelte und gestrickte Accessoires<\/strong>. Sitzkissen in trendigen Farben (die Anleitungen finden Sie im Internet) stellen tolle Hingucker dar.<\/p>\n<h3>Bilder<\/h3>\n<p>In punkto Bilder gibt es unz\u00e4hlige M\u00f6glichkeiten. Ob selbst geschossene Bilder vom letzten Sommerurlaub oder von sch\u00f6nen Landschaften beleben die Dekoration in einem Raum. Vor allem verleihen Bilder den R\u00e4umlichkeiten einen ganz <strong>pers\u00f6nlichen Stil<\/strong> und machen so manche kahle Wand zu einem echten Blickfang.<\/p>\n<h3>Wohnaccessoires<\/h3>\n<p>Die moderne Stehlampe in der Ecke, ein Ohrensessel in Jeans-Patchwork bringt eine ganz besondere Note in den Raum. Als R\u00fcckzugspunkt sind diese Wohnecken nicht nur sch\u00f6n anzusehen, sondern bieten den Bewohnern eine ganz eigene <strong>Wohlf\u00fchl-Atmosph\u00e4re<\/strong>.<\/p>\n<h3>Gl\u00e4ser, Vasen und Blumen<\/h3>\n<p>Blumen sind sozusagen die Gr\u00fc\u00dfe aus der Natur. Frische Tulpen, Rosen oder auch die Pflanzschale mit wundersch\u00f6nen Fr\u00fchlingsbl\u00fchern schaffen eine sch\u00f6ne Optik auf Tischen und M\u00f6beln, unterstreichen die r\u00e4umliche Deko im Allgemeinen. Gerade Vasen und Gl\u00e4ser geben Ihnen viele M\u00f6glichkeiten, <strong>tolle Akzente<\/strong> zu setzen. Bunt, aus verschiedenen Materialien und Gr\u00f6\u00dfen \u2013 eine tolle Basis f\u00fcr die Deko.<br \/>\nLassen Sie sich von den diesj\u00e4hrigen Dekotrends in den Bann ziehen.<\/p>\n<h2>Weitere Beitr\u00e4ge:<\/h2>\n<h2>Dekoartikel von A-Z<\/h2>\n<p><a href=\"https:\/\/www.tafeldeko.de\/tischdeko-artikel\/\"><br \/>\nJetzt entdecken <\/a><\/p>\n","protected":false},"excerpt":{"rendered":"<p>Dekorationen im und um das Haus stehen hoch im Kurs und jedes Jahr aufs Neue sind die angesagten Dekotrends gefragt. Welche Dekorationen k\u00f6nnen die Wartezeit auf den Fr\u00fchling verk\u00fcrzen, schon die Vorfreude auf das Osterfest wecken? Oder welche Accessoires sind f\u00fcr die Deko auf M\u00f6beln, Fensterb\u00e4nken und Treppen perfekt geeignet, um das gewisse Etwas und [&hellip;]<\/p>\n","protected":false},"author":6,"featured_media":6998,"comment_status":"closed","ping_status":"closed","sticky":false,"template":"","format":"standard","meta":{"footnotes":""},"categories":[1],"tags":[],"yoast_head":"<!-- This site is optimized with the Yoast SEO plugin v20.4 - https:\/\/yoast.com\/wordpress\/plugins\/seo\/ -->\n<title>Dekotrends in diesem Jahr - Tafeldeko<\/title>\n<meta name=\"description\" content=\"Die Dekotrends in diesem Jahr erstrecken sich \u00fcber ausdrucksstarke Farben, Textilien, Gl\u00e4ser und bunte Bilder. Inspirationen finden Sie hier.\u00a0\" \/>\n<meta name=\"robots\" content=\"index, follow, max-snippet:-1, max-image-preview:large, max-video-preview:-1\" \/>\n<link rel=\"canonical\" href=\"https:\/\/www.tafeldeko.de\/news\/dekotrends-in-diesem-jahr\/\" \/>\n<meta property=\"og:locale\" content=\"de_DE\" \/>\n<meta property=\"og:type\" content=\"article\" \/>\n<meta property=\"og:title\" content=\"Dekotrends in diesem Jahr - Tafeldeko\" \/>\n<meta property=\"og:description\" content=\"Die Dekotrends in diesem Jahr erstrecken sich \u00fcber ausdrucksstarke Farben, Textilien, Gl\u00e4ser und bunte Bilder. Inspirationen finden Sie hier.\u00a0\" \/>\n<meta property=\"og:url\" content=\"https:\/\/www.tafeldeko.de\/news\/dekotrends-in-diesem-jahr\/\" \/>\n<meta property=\"og:site_name\" content=\"Tafeldeko\" \/>\n<meta property=\"article:publisher\" content=\"https:\/\/www.facebook.com\/pages\/Tafeldeko-einzigartige-Tischdekoration\/174202655894\" \/>\n<meta property=\"article:published_time\" content=\"2016-02-10T11:46:43+00:00\" \/>\n<meta property=\"article:modified_time\" content=\"2022-11-10T11:23:18+00:00\" \/>\n<meta property=\"og:image\" content=\"https:\/\/www.tafeldeko.de\/news\/wp-content\/uploads\/2016\/02\/design-vase.jpg\" \/>\n\t<meta property=\"og:image:width\" content=\"250\" \/>\n\t<meta property=\"og:image:height\" content=\"250\" \/>\n\t<meta property=\"og:image:type\" content=\"image\/jpeg\" \/>\n<meta name=\"author\" content=\"Tafeldeko Deko Team\" \/>\n<meta name=\"twitter:label1\" content=\"Verfasst von\" \/>\n\t<meta name=\"twitter:data1\" content=\"Tafeldeko Deko Team\" \/>\n\t<meta name=\"twitter:label2\" content=\"Gesch\u00e4tzte Lesezeit\" \/>\n\t<meta name=\"twitter:data2\" content=\"3 Minuten\" \/>\n<script type=\"application\/ld+json\" class=\"yoast-schema-graph\">{\"@context\":\"https:\/\/schema.org\",\"@graph\":[{\"@type\":\"WebPage\",\"@id\":\"https:\/\/www.tafeldeko.de\/news\/dekotrends-in-diesem-jahr\/\",\"url\":\"https:\/\/www.tafeldeko.de\/news\/dekotrends-in-diesem-jahr\/\",\"name\":\"Dekotrends in diesem Jahr - Tafeldeko\",\"isPartOf\":{\"@id\":\"https:\/\/www.tafeldeko.de\/news\/#website\"},\"datePublished\":\"2016-02-10T11:46:43+00:00\",\"dateModified\":\"2022-11-10T11:23:18+00:00\",\"author\":{\"@id\":\"https:\/\/www.tafeldeko.de\/news\/#\/schema\/person\/dc309fbb6a3e380919fc08342c3cc233\"},\"description\":\"Die Dekotrends in diesem Jahr erstrecken sich \u00fcber ausdrucksstarke Farben, Textilien, Gl\u00e4ser und bunte Bilder. Inspirationen finden Sie hier.\u00a0\",\"breadcrumb\":{\"@id\":\"https:\/\/www.tafeldeko.de\/news\/dekotrends-in-diesem-jahr\/#breadcrumb\"},\"inLanguage\":\"de-DE\",\"potentialAction\":[{\"@type\":\"ReadAction\",\"target\":[\"https:\/\/www.tafeldeko.de\/news\/dekotrends-in-diesem-jahr\/\"]}]},{\"@type\":\"BreadcrumbList\",\"@id\":\"https:\/\/www.tafeldeko.de\/news\/dekotrends-in-diesem-jahr\/#breadcrumb\",\"itemListElement\":[{\"@type\":\"ListItem\",\"position\":1,\"name\":\"Tafeldeko\",\"item\":\"https:\/\/www.tafeldeko.de\/news\/\"},{\"@type\":\"ListItem\",\"position\":2,\"name\":\"Alte Beitr\u00e4ge\",\"item\":\"https:\/\/www.tafeldeko.de\/news\/alte-beitraege\/\"},{\"@type\":\"ListItem\",\"position\":3,\"name\":\"Tischdeko - Blog\",\"item\":\"https:\/\/www.tafeldeko.de\/news\/alte-beitraege\/tischdeko-blog\/\"},{\"@type\":\"ListItem\",\"position\":4,\"name\":\"Dekotrends in diesem Jahr\"}]},{\"@type\":\"WebSite\",\"@id\":\"https:\/\/www.tafeldeko.de\/news\/#website\",\"url\":\"https:\/\/www.tafeldeko.de\/news\/\",\"name\":\"Tafeldeko\",\"description\":\"Blog mit Tischdeko und Tischdekoration Ideen\",\"potentialAction\":[{\"@type\":\"SearchAction\",\"target\":{\"@type\":\"EntryPoint\",\"urlTemplate\":\"https:\/\/www.tafeldeko.de\/news\/?s={search_term_string}\"},\"query-input\":\"required name=search_term_string\"}],\"inLanguage\":\"de-DE\"},{\"@type\":\"Person\",\"@id\":\"https:\/\/www.tafeldeko.de\/news\/#\/schema\/person\/dc309fbb6a3e380919fc08342c3cc233\",\"name\":\"Tafeldeko Deko Team\",\"image\":{\"@type\":\"ImageObject\",\"inLanguage\":\"de-DE\",\"@id\":\"https:\/\/www.tafeldeko.de\/news\/#\/schema\/person\/image\/\",\"url\":\"https:\/\/secure.gravatar.com\/avatar\/1e962f4040dc9996f0d200db31598854?s=96&d=mm&r=g\",\"contentUrl\":\"https:\/\/secure.gravatar.com\/avatar\/1e962f4040dc9996f0d200db31598854?s=96&d=mm&r=g\",\"caption\":\"Tafeldeko Deko Team\"}}]}<\/script>\n<!-- \/ Yoast SEO plugin. -->","yoast_head_json":{"title":"Dekotrends in diesem Jahr - Tafeldeko","description":"Die Dekotrends in diesem Jahr erstrecken sich \u00fcber ausdrucksstarke Farben, Textilien, Gl\u00e4ser und bunte Bilder. Inspirationen finden Sie hier.\u00a0","robots":{"index":"index","follow":"follow","max-snippet":"max-snippet:-1","max-image-preview":"max-image-preview:large","max-video-preview":"max-video-preview:-1"},"canonical":"https:\/\/www.tafeldeko.de\/news\/dekotrends-in-diesem-jahr\/","og_locale":"de_DE","og_type":"article","og_title":"Dekotrends in diesem Jahr - Tafeldeko","og_description":"Die Dekotrends in diesem Jahr erstrecken sich \u00fcber ausdrucksstarke Farben, Textilien, Gl\u00e4ser und bunte Bilder. Inspirationen finden Sie hier.\u00a0","og_url":"https:\/\/www.tafeldeko.de\/news\/dekotrends-in-diesem-jahr\/","og_site_name":"Tafeldeko","article_publisher":"https:\/\/www.facebook.com\/pages\/Tafeldeko-einzigartige-Tischdekoration\/174202655894","article_published_time":"2016-02-10T11:46:43+00:00","article_modified_time":"2022-11-10T11:23:18+00:00","og_image":[{"width":250,"height":250,"url":"https:\/\/www.tafeldeko.de\/news\/wp-content\/uploads\/2016\/02\/design-vase.jpg","type":"image\/jpeg"}],"author":"Tafeldeko Deko Team","twitter_misc":{"Verfasst von":"Tafeldeko Deko Team","Gesch\u00e4tzte Lesezeit":"3 Minuten"},"schema":{"@context":"https:\/\/schema.org","@graph":[{"@type":"WebPage","@id":"https:\/\/www.tafeldeko.de\/news\/dekotrends-in-diesem-jahr\/","url":"https:\/\/www.tafeldeko.de\/news\/dekotrends-in-diesem-jahr\/","name":"Dekotrends in diesem Jahr - Tafeldeko","isPartOf":{"@id":"https:\/\/www.tafeldeko.de\/news\/#website"},"datePublished":"2016-02-10T11:46:43+00:00","dateModified":"2022-11-10T11:23:18+00:00","author":{"@id":"https:\/\/www.tafeldeko.de\/news\/#\/schema\/person\/dc309fbb6a3e380919fc08342c3cc233"},"description":"Die Dekotrends in diesem Jahr erstrecken sich \u00fcber ausdrucksstarke Farben, Textilien, Gl\u00e4ser und bunte Bilder. Inspirationen finden Sie hier.\u00a0","breadcrumb":{"@id":"https:\/\/www.tafeldeko.de\/news\/dekotrends-in-diesem-jahr\/#breadcrumb"},"inLanguage":"de-DE","potentialAction":[{"@type":"ReadAction","target":["https:\/\/www.tafeldeko.de\/news\/dekotrends-in-diesem-jahr\/"]}]},{"@type":"BreadcrumbList","@id":"https:\/\/www.tafeldeko.de\/news\/dekotrends-in-diesem-jahr\/#breadcrumb","itemListElement":[{"@type":"ListItem","position":1,"name":"Tafeldeko","item":"https:\/\/www.tafeldeko.de\/news\/"},{"@type":"ListItem","position":2,"name":"Alte Beitr\u00e4ge","item":"https:\/\/www.tafeldeko.de\/news\/alte-beitraege\/"},{"@type":"ListItem","position":3,"name":"Tischdeko - Blog","item":"https:\/\/www.tafeldeko.de\/news\/alte-beitraege\/tischdeko-blog\/"},{"@type":"ListItem","position":4,"name":"Dekotrends in diesem Jahr"}]},{"@type":"WebSite","@id":"https:\/\/www.tafeldeko.de\/news\/#website","url":"https:\/\/www.tafeldeko.de\/news\/","name":"Tafeldeko","description":"Blog mit Tischdeko und Tischdekoration Ideen","potentialAction":[{"@type":"SearchAction","target":{"@type":"EntryPoint","urlTemplate":"https:\/\/www.tafeldeko.de\/news\/?s={search_term_string}"},"query-input":"required name=search_term_string"}],"inLanguage":"de-DE"},{"@type":"Person","@id":"https:\/\/www.tafeldeko.de\/news\/#\/schema\/person\/dc309fbb6a3e380919fc08342c3cc233","name":"Tafeldeko Deko Team","image":{"@type":"ImageObject","inLanguage":"de-DE","@id":"https:\/\/www.tafeldeko.de\/news\/#\/schema\/person\/image\/","url":"https:\/\/secure.gravatar.com\/avatar\/1e962f4040dc9996f0d200db31598854?s=96&d=mm&r=g","contentUrl":"https:\/\/secure.gravatar.com\/avatar\/1e962f4040dc9996f0d200db31598854?s=96&d=mm&r=g","caption":"Tafeldeko Deko Team"}}]}},"_links":{"self":[{"href":"https:\/\/www.tafeldeko.de\/news\/wp-json\/wp\/v2\/posts\/6997"}],"collection":[{"href":"https:\/\/www.tafeldeko.de\/news\/wp-json\/wp\/v2\/posts"}],"about":[{"href":"https:\/\/www.tafeldeko.de\/news\/wp-json\/wp\/v2\/types\/post"}],"author":[{"embeddable":true,"href":"https:\/\/www.tafeldeko.de\/news\/wp-json\/wp\/v2\/users\/6"}],"replies":[{"embeddable":true,"href":"https:\/\/www.tafeldeko.de\/news\/wp-json\/wp\/v2\/comments?post=6997"}],"version-history":[{"count":8,"href":"https:\/\/www.tafeldeko.de\/news\/wp-json\/wp\/v2\/posts\/6997\/revisions"}],"predecessor-version":[{"id":21153,"href":"https:\/\/www.tafeldeko.de\/news\/wp-json\/wp\/v2\/posts\/6997\/revisions\/21153"}],"wp:featuredmedia":[{"embeddable":true,"href":"https:\/\/www.tafeldeko.de\/news\/wp-json\/wp\/v2\/media\/6998"}],"wp:attachment":[{"href":"https:\/\/www.tafeldeko.de\/news\/wp-json\/wp\/v2\/media?parent=6997"}],"wp:term":[{"taxonomy":"category","embeddable":true,"href":"https:\/\/www.tafeldeko.de\/news\/wp-json\/wp\/v2\/categories?post=6997"},{"taxonomy":"post_tag","embeddable":true,"href":"https:\/\/www.tafeldeko.de\/news\/wp-json\/wp\/v2\/tags?post=6997"}],"curies":[{"name":"wp","href":"https:\/\/api.w.org\/{rel}","templated":true}]}}