{"id":6964,"date":"2016-02-05T17:22:01","date_gmt":"2016-02-05T15:22:01","guid":{"rendered":"http:\/\/www.tafeldeko.de\/news\/?p=6964"},"modified":"2022-11-10T12:38:33","modified_gmt":"2022-11-10T11:38:33","slug":"kommunion-tischdeko-maedchenhaft-und-schoen","status":"publish","type":"post","link":"https:\/\/www.tafeldeko.de\/news\/kommunion-tischdeko-maedchenhaft-und-schoen\/","title":{"rendered":"Kommunion Tischdeko \u2013 m\u00e4dchenhaft und sch\u00f6n"},"content":{"rendered":"<p>Zu einem besonderen Fest geh\u00f6rt auch eine besondere Tischdeko \u2013 so sollte auch die <strong>Kommunion Tischdeko m\u00e4dchenhaft<\/strong> dieses besondere Fest untermalen. Bei der Ausstattung der Tischdeko zur Kommunion oder Konfirmation ist entscheidend, wer im Mittelpunkt dieses Festes steht. Ist es ein M\u00e4dchen oder ein Junge?<br \/>\nDenn hiernach richtet sich schon einmal die <strong>Farbe der Dekoration<\/strong> des Tisches. Beliebte Farben f\u00fcr M\u00e4dchen zur Kommunion oder Konfirmation sind: Rosa, Pink, Lila, Mint, Gr\u00fcn, Gelb, Orange und Petrol, doch auch die modernen Farben wie Aubergine und T\u00fcrkis sind gefragt. Jungs stehen eher auf die gedeckteren Farben, so pr\u00e4sentiert sich deren Tischdeko zum Ehrentag in verschiedenen Blaut\u00f6nen, Dunkelgr\u00fcn oder hellere Gr\u00fcnt\u00f6ne.<\/p>\n<p><img decoding=\"async\" loading=\"lazy\" src=\"https:\/\/www.tafeldeko.de\/news\/wp-content\/uploads\/2016\/02\/kommunion_lila.jpg\" sizes=\"(max-width: 800px) 100vw, 800px\" srcset=\"https:\/\/www.tafeldeko.de\/news\/wp-content\/uploads\/2016\/02\/kommunion_lila.jpg 1000w, https:\/\/www.tafeldeko.de\/news\/wp-content\/uploads\/2016\/02\/kommunion_lila-300x210.jpg 300w, https:\/\/www.tafeldeko.de\/news\/wp-content\/uploads\/2016\/02\/kommunion_lila-768x538.jpg 768w, https:\/\/www.tafeldeko.de\/news\/wp-content\/uploads\/2016\/02\/kommunion_lila-624x437.jpg 624w\" alt=\"Kommunion Tischdeko m\u00e4dchenhaft\" width=\"800\" height=\"560\" \/><\/p>\n<h2>Die Kommunion Tischdeko m\u00e4dchenhaft<\/h2>\n<p>Eine wundervolle und ausdrucksstarke Kommunion Tischdeko sehen Sie auf dem Mustertisch. Die Kombination in Lila und Beige hat was und verleiht dem Tisch <strong>einen edlen Akzent<\/strong>. F\u00fcr das tolle Aussehen sind zudem die Accessoires verantwortlich, mit denen der Tisch das eine oder andere Highlight erh\u00e4lt. Als besondere Accessoires bei dieser Tischdeko sind das Tischband Fripe in Pflaume, die Teelichtgl\u00e4ser rund verspiegelt in Wei\u00df und Flieder und die Bonbonieren Vestino zur Kommunion oder Konfirmation in Lila zu nennen. Gerade <strong>Gastgeschenke<\/strong> haben bei diesen Anl\u00e4ssen einen hohen Stellenwert, vor allem, wenn sie zuerst in die Tischdeko integriert, dort bereits tolle Hingucker darstellen. Und wenn die G\u00e4ste das Fest verlassen, sind die s\u00fc\u00dfen Bonbonieren eine sch\u00f6ne Erinnerung und ein tolles Dankesch\u00f6n f\u00fcr jeden einzelnen von ihnen.<br \/>\nDieser <strong>Mustertisch in Lila und Beige<\/strong> soll Ihnen als Anregung dienen, denn wie Sie letztendlich den Tisch eindecken und schm\u00fccken, liegt an Ihnen. Denn das Sch\u00f6ne ist, dass man nach Herzenslust dekorieren kann, es keinerlei Vorgaben gibt, wie die Tischdeko guten Endes auszusehen hat. Gerade zur Kommunion darf die <a href=\"https:\/\/www.tafeldeko.de\" target=\"_blank\" rel=\"noopener\"><strong>Tischdekoration<\/strong><\/a> noch recht kindlich und verspielt ausgestattet sein, denn hier ist ein Kind die Hauptperson.<br \/>\nNoch ein Tipp: wenn Sie eine sch\u00f6ne Erinnerung an die Kommunion oder Konfirmation haben m\u00f6chten, integrieren Sie ein G\u00e4stebuch in die Tischdeko. Hier k\u00f6nnen sich die G\u00e4ste mit Spr\u00fcchen und netten Worten verewigen.<\/p>\n<h2>Weitere Beitr\u00e4ge:<\/h2>\n<h2>Dekoartikel von A-Z<\/h2>\n<p><a href=\"https:\/\/www.tafeldeko.de\/tischdeko-artikel\/\"><br \/>\nJetzt entdecken <\/a><\/p>\n","protected":false},"excerpt":{"rendered":"<p>Zu einem besonderen Fest geh\u00f6rt auch eine besondere Tischdeko \u2013 so sollte auch die Kommunion Tischdeko m\u00e4dchenhaft dieses besondere Fest untermalen. Bei der Ausstattung der Tischdeko zur Kommunion oder Konfirmation ist entscheidend, wer im Mittelpunkt dieses Festes steht. Ist es ein M\u00e4dchen oder ein Junge? Denn hiernach richtet sich schon einmal die Farbe der Dekoration [&hellip;]<\/p>\n","protected":false},"author":6,"featured_media":6965,"comment_status":"closed","ping_status":"closed","sticky":false,"template":"","format":"standard","meta":{"footnotes":""},"categories":[1],"tags":[],"yoast_head":"<!-- This site is optimized with the Yoast SEO plugin v20.4 - https:\/\/yoast.com\/wordpress\/plugins\/seo\/ -->\n<title>Kommunion Tischdeko \u2013 m\u00e4dchenhaft und sch\u00f6n - Tafeldeko<\/title>\n<meta name=\"description\" content=\"Eine wundervolle und ausdrucksstarke Kommunion Tischdeko m\u00e4dchenhaft sehen Sie auf dem Mustertisch. Ein Traum in Lila und Beige, der alle...\" \/>\n<meta name=\"robots\" content=\"index, follow, max-snippet:-1, max-image-preview:large, max-video-preview:-1\" \/>\n<link rel=\"canonical\" href=\"https:\/\/www.tafeldeko.de\/news\/kommunion-tischdeko-maedchenhaft-und-schoen\/\" \/>\n<meta property=\"og:locale\" content=\"de_DE\" \/>\n<meta property=\"og:type\" content=\"article\" \/>\n<meta property=\"og:title\" content=\"Kommunion Tischdeko \u2013 m\u00e4dchenhaft und sch\u00f6n - Tafeldeko\" \/>\n<meta property=\"og:description\" content=\"Eine wundervolle und ausdrucksstarke Kommunion Tischdeko m\u00e4dchenhaft sehen Sie auf dem Mustertisch. Ein Traum in Lila und Beige, der alle...\" \/>\n<meta property=\"og:url\" content=\"https:\/\/www.tafeldeko.de\/news\/kommunion-tischdeko-maedchenhaft-und-schoen\/\" \/>\n<meta property=\"og:site_name\" content=\"Tafeldeko\" \/>\n<meta property=\"article:publisher\" content=\"https:\/\/www.facebook.com\/pages\/Tafeldeko-einzigartige-Tischdekoration\/174202655894\" \/>\n<meta property=\"article:published_time\" content=\"2016-02-05T15:22:01+00:00\" \/>\n<meta property=\"article:modified_time\" content=\"2022-11-10T11:38:33+00:00\" \/>\n<meta property=\"og:image\" content=\"https:\/\/www.tafeldeko.de\/news\/wp-content\/uploads\/2016\/02\/kommunion_lila.jpg\" \/>\n\t<meta property=\"og:image:width\" content=\"1000\" \/>\n\t<meta property=\"og:image:height\" content=\"700\" \/>\n\t<meta property=\"og:image:type\" content=\"image\/jpeg\" \/>\n<meta name=\"author\" content=\"Tafeldeko Deko Team\" \/>\n<meta name=\"twitter:label1\" content=\"Verfasst von\" \/>\n\t<meta name=\"twitter:data1\" content=\"Tafeldeko Deko Team\" \/>\n\t<meta name=\"twitter:label2\" content=\"Gesch\u00e4tzte Lesezeit\" \/>\n\t<meta name=\"twitter:data2\" content=\"3 Minuten\" \/>\n<script type=\"application\/ld+json\" class=\"yoast-schema-graph\">{\"@context\":\"https:\/\/schema.org\",\"@graph\":[{\"@type\":\"WebPage\",\"@id\":\"https:\/\/www.tafeldeko.de\/news\/kommunion-tischdeko-maedchenhaft-und-schoen\/\",\"url\":\"https:\/\/www.tafeldeko.de\/news\/kommunion-tischdeko-maedchenhaft-und-schoen\/\",\"name\":\"Kommunion Tischdeko \u2013 m\u00e4dchenhaft und sch\u00f6n - Tafeldeko\",\"isPartOf\":{\"@id\":\"https:\/\/www.tafeldeko.de\/news\/#website\"},\"datePublished\":\"2016-02-05T15:22:01+00:00\",\"dateModified\":\"2022-11-10T11:38:33+00:00\",\"author\":{\"@id\":\"https:\/\/www.tafeldeko.de\/news\/#\/schema\/person\/dc309fbb6a3e380919fc08342c3cc233\"},\"description\":\"Eine wundervolle und ausdrucksstarke Kommunion Tischdeko m\u00e4dchenhaft sehen Sie auf dem Mustertisch. Ein Traum in Lila und Beige, der alle...\",\"breadcrumb\":{\"@id\":\"https:\/\/www.tafeldeko.de\/news\/kommunion-tischdeko-maedchenhaft-und-schoen\/#breadcrumb\"},\"inLanguage\":\"de-DE\",\"potentialAction\":[{\"@type\":\"ReadAction\",\"target\":[\"https:\/\/www.tafeldeko.de\/news\/kommunion-tischdeko-maedchenhaft-und-schoen\/\"]}]},{\"@type\":\"BreadcrumbList\",\"@id\":\"https:\/\/www.tafeldeko.de\/news\/kommunion-tischdeko-maedchenhaft-und-schoen\/#breadcrumb\",\"itemListElement\":[{\"@type\":\"ListItem\",\"position\":1,\"name\":\"Tafeldeko\",\"item\":\"https:\/\/www.tafeldeko.de\/news\/\"},{\"@type\":\"ListItem\",\"position\":2,\"name\":\"Alte Beitr\u00e4ge\",\"item\":\"https:\/\/www.tafeldeko.de\/news\/alte-beitraege\/\"},{\"@type\":\"ListItem\",\"position\":3,\"name\":\"Tischdeko - Blog\",\"item\":\"https:\/\/www.tafeldeko.de\/news\/alte-beitraege\/tischdeko-blog\/\"},{\"@type\":\"ListItem\",\"position\":4,\"name\":\"Kommunion Tischdeko \u2013 m\u00e4dchenhaft und sch\u00f6n\"}]},{\"@type\":\"WebSite\",\"@id\":\"https:\/\/www.tafeldeko.de\/news\/#website\",\"url\":\"https:\/\/www.tafeldeko.de\/news\/\",\"name\":\"Tafeldeko\",\"description\":\"Blog mit Tischdeko und Tischdekoration Ideen\",\"potentialAction\":[{\"@type\":\"SearchAction\",\"target\":{\"@type\":\"EntryPoint\",\"urlTemplate\":\"https:\/\/www.tafeldeko.de\/news\/?s={search_term_string}\"},\"query-input\":\"required name=search_term_string\"}],\"inLanguage\":\"de-DE\"},{\"@type\":\"Person\",\"@id\":\"https:\/\/www.tafeldeko.de\/news\/#\/schema\/person\/dc309fbb6a3e380919fc08342c3cc233\",\"name\":\"Tafeldeko Deko Team\",\"image\":{\"@type\":\"ImageObject\",\"inLanguage\":\"de-DE\",\"@id\":\"https:\/\/www.tafeldeko.de\/news\/#\/schema\/person\/image\/\",\"url\":\"https:\/\/secure.gravatar.com\/avatar\/1e962f4040dc9996f0d200db31598854?s=96&d=mm&r=g\",\"contentUrl\":\"https:\/\/secure.gravatar.com\/avatar\/1e962f4040dc9996f0d200db31598854?s=96&d=mm&r=g\",\"caption\":\"Tafeldeko Deko Team\"}}]}<\/script>\n<!-- \/ Yoast SEO plugin. -->","yoast_head_json":{"title":"Kommunion Tischdeko \u2013 m\u00e4dchenhaft und sch\u00f6n - Tafeldeko","description":"Eine wundervolle und ausdrucksstarke Kommunion Tischdeko m\u00e4dchenhaft sehen Sie auf dem Mustertisch. Ein Traum in Lila und Beige, der alle...","robots":{"index":"index","follow":"follow","max-snippet":"max-snippet:-1","max-image-preview":"max-image-preview:large","max-video-preview":"max-video-preview:-1"},"canonical":"https:\/\/www.tafeldeko.de\/news\/kommunion-tischdeko-maedchenhaft-und-schoen\/","og_locale":"de_DE","og_type":"article","og_title":"Kommunion Tischdeko \u2013 m\u00e4dchenhaft und sch\u00f6n - Tafeldeko","og_description":"Eine wundervolle und ausdrucksstarke Kommunion Tischdeko m\u00e4dchenhaft sehen Sie auf dem Mustertisch. Ein Traum in Lila und Beige, der alle...","og_url":"https:\/\/www.tafeldeko.de\/news\/kommunion-tischdeko-maedchenhaft-und-schoen\/","og_site_name":"Tafeldeko","article_publisher":"https:\/\/www.facebook.com\/pages\/Tafeldeko-einzigartige-Tischdekoration\/174202655894","article_published_time":"2016-02-05T15:22:01+00:00","article_modified_time":"2022-11-10T11:38:33+00:00","og_image":[{"width":1000,"height":700,"url":"https:\/\/www.tafeldeko.de\/news\/wp-content\/uploads\/2016\/02\/kommunion_lila.jpg","type":"image\/jpeg"}],"author":"Tafeldeko Deko Team","twitter_misc":{"Verfasst von":"Tafeldeko Deko Team","Gesch\u00e4tzte Lesezeit":"3 Minuten"},"schema":{"@context":"https:\/\/schema.org","@graph":[{"@type":"WebPage","@id":"https:\/\/www.tafeldeko.de\/news\/kommunion-tischdeko-maedchenhaft-und-schoen\/","url":"https:\/\/www.tafeldeko.de\/news\/kommunion-tischdeko-maedchenhaft-und-schoen\/","name":"Kommunion Tischdeko \u2013 m\u00e4dchenhaft und sch\u00f6n - Tafeldeko","isPartOf":{"@id":"https:\/\/www.tafeldeko.de\/news\/#website"},"datePublished":"2016-02-05T15:22:01+00:00","dateModified":"2022-11-10T11:38:33+00:00","author":{"@id":"https:\/\/www.tafeldeko.de\/news\/#\/schema\/person\/dc309fbb6a3e380919fc08342c3cc233"},"description":"Eine wundervolle und ausdrucksstarke Kommunion Tischdeko m\u00e4dchenhaft sehen Sie auf dem Mustertisch. Ein Traum in Lila und Beige, der alle...","breadcrumb":{"@id":"https:\/\/www.tafeldeko.de\/news\/kommunion-tischdeko-maedchenhaft-und-schoen\/#breadcrumb"},"inLanguage":"de-DE","potentialAction":[{"@type":"ReadAction","target":["https:\/\/www.tafeldeko.de\/news\/kommunion-tischdeko-maedchenhaft-und-schoen\/"]}]},{"@type":"BreadcrumbList","@id":"https:\/\/www.tafeldeko.de\/news\/kommunion-tischdeko-maedchenhaft-und-schoen\/#breadcrumb","itemListElement":[{"@type":"ListItem","position":1,"name":"Tafeldeko","item":"https:\/\/www.tafeldeko.de\/news\/"},{"@type":"ListItem","position":2,"name":"Alte Beitr\u00e4ge","item":"https:\/\/www.tafeldeko.de\/news\/alte-beitraege\/"},{"@type":"ListItem","position":3,"name":"Tischdeko - Blog","item":"https:\/\/www.tafeldeko.de\/news\/alte-beitraege\/tischdeko-blog\/"},{"@type":"ListItem","position":4,"name":"Kommunion Tischdeko \u2013 m\u00e4dchenhaft und sch\u00f6n"}]},{"@type":"WebSite","@id":"https:\/\/www.tafeldeko.de\/news\/#website","url":"https:\/\/www.tafeldeko.de\/news\/","name":"Tafeldeko","description":"Blog mit Tischdeko und Tischdekoration Ideen","potentialAction":[{"@type":"SearchAction","target":{"@type":"EntryPoint","urlTemplate":"https:\/\/www.tafeldeko.de\/news\/?s={search_term_string}"},"query-input":"required name=search_term_string"}],"inLanguage":"de-DE"},{"@type":"Person","@id":"https:\/\/www.tafeldeko.de\/news\/#\/schema\/person\/dc309fbb6a3e380919fc08342c3cc233","name":"Tafeldeko Deko Team","image":{"@type":"ImageObject","inLanguage":"de-DE","@id":"https:\/\/www.tafeldeko.de\/news\/#\/schema\/person\/image\/","url":"https:\/\/secure.gravatar.com\/avatar\/1e962f4040dc9996f0d200db31598854?s=96&d=mm&r=g","contentUrl":"https:\/\/secure.gravatar.com\/avatar\/1e962f4040dc9996f0d200db31598854?s=96&d=mm&r=g","caption":"Tafeldeko Deko Team"}}]}},"_links":{"self":[{"href":"https:\/\/www.tafeldeko.de\/news\/wp-json\/wp\/v2\/posts\/6964"}],"collection":[{"href":"https:\/\/www.tafeldeko.de\/news\/wp-json\/wp\/v2\/posts"}],"about":[{"href":"https:\/\/www.tafeldeko.de\/news\/wp-json\/wp\/v2\/types\/post"}],"author":[{"embeddable":true,"href":"https:\/\/www.tafeldeko.de\/news\/wp-json\/wp\/v2\/users\/6"}],"replies":[{"embeddable":true,"href":"https:\/\/www.tafeldeko.de\/news\/wp-json\/wp\/v2\/comments?post=6964"}],"version-history":[{"count":6,"href":"https:\/\/www.tafeldeko.de\/news\/wp-json\/wp\/v2\/posts\/6964\/revisions"}],"predecessor-version":[{"id":21171,"href":"https:\/\/www.tafeldeko.de\/news\/wp-json\/wp\/v2\/posts\/6964\/revisions\/21171"}],"wp:featuredmedia":[{"embeddable":true,"href":"https:\/\/www.tafeldeko.de\/news\/wp-json\/wp\/v2\/media\/6965"}],"wp:attachment":[{"href":"https:\/\/www.tafeldeko.de\/news\/wp-json\/wp\/v2\/media?parent=6964"}],"wp:term":[{"taxonomy":"category","embeddable":true,"href":"https:\/\/www.tafeldeko.de\/news\/wp-json\/wp\/v2\/categories?post=6964"},{"taxonomy":"post_tag","embeddable":true,"href":"https:\/\/www.tafeldeko.de\/news\/wp-json\/wp\/v2\/tags?post=6964"}],"curies":[{"name":"wp","href":"https:\/\/api.w.org\/{rel}","templated":true}]}}