{"id":6961,"date":"2016-02-01T16:19:44","date_gmt":"2016-02-01T14:19:44","guid":{"rendered":"http:\/\/www.tafeldeko.de\/news\/?p=6961"},"modified":"2022-11-10T12:43:26","modified_gmt":"2022-11-10T11:43:26","slug":"tischdeko-fruehling-zarte-farben-dominieren","status":"publish","type":"post","link":"https:\/\/www.tafeldeko.de\/news\/tischdeko-fruehling-zarte-farben-dominieren\/","title":{"rendered":"Tischdeko Fr\u00fchling Tulpen \u2013 zarte Farben dominieren"},"content":{"rendered":"<p>Unter dem Motto \u201eTulpentr\u00e4ume f\u00fcr Ihren Fr\u00fchlingstisch\u201c pr\u00e4sentiert sich die <strong>Tischdeko Fr\u00fchling Tulpen<\/strong> in diesem Jahr. Duni hat eine wundersch\u00f6ne Serie mit dem Namen \u201eTulip\u201c herausgebracht, die in ihren dezenten und zarten Farben wundersch\u00f6n und stilvoll wirkt. Mit Duni Tulip wird jede Tischdeko zum Blickfang \u2013 ganz gleich, f\u00fcr welchen Anlass man diese arrangiert hat. Und durch ihre tolle Wirkung eignet sich diese Duni-Serie auch hervorragend f\u00fcr die Tischdeko Fr\u00fchling im Restaurant.<\/p>\n<p><img decoding=\"async\" loading=\"lazy\" src=\"https:\/\/www.tafeldeko.de\/news\/wp-content\/uploads\/2016\/02\/duni_tulip.jpg\" alt=\"Tischdeko Fr\u00fchling\" width=\"250\" height=\"170\" \/><\/p>\n<h2>Duni Tulip und die Tischdeko Fr\u00fchling Tulpen<\/h2>\n<p>Mit der Serie Duni Tulip k\u00f6nnen Sie im Handumdrehen eine wirkungsvolle <a href=\"https:\/\/www.tafeldeko.de\" target=\"_blank\" rel=\"noopener\"><strong>Tischdeko<\/strong><\/a> Fr\u00fchling zaubern. Zarte Farben kombiniert mit ausdrucksstarken Motiven bestimmen die Elemente, die Duni in dieser Serie pr\u00e4sentiert. Duni Tulip \u2013 erh\u00e4ltlich als Zelltuch Servietten in zwei Gr\u00f6\u00dfen, Dunilin Servietten, Tischsets, Mitteldecken, Tischl\u00e4ufer und Servietten Klassik. Als passende Accessoires sind die <strong>Duni Kerzengl\u00e4ser<\/strong> Graded in drei Farben und die Duni Kerzenhalter Scacchi gefrostet in vier Farben zu nennen.<br \/>\nDie Farben dieser Elemente harmonieren perfekt miteinander, so dass die Tischdeko sich sehr wirkungsvoll und einladend zeigt.<br \/>\nDuni Tulip ist die perfekte Serie f\u00fcr alle die, die fr\u00fchlingsfrische Akzente setzen und Pastellt\u00f6ne lieben. Rosat\u00f6ne, Gr\u00fcn und Wei\u00df sind die Basis, eine einzelne Tulpe oder mehrere \u2013 je nach Accessoire \u2013 setzt Akzente.<br \/>\nSo k\u00f6nnen Sie zum Beispiel die <strong>Duni Dunicel Tischsets Pink Tulip<\/strong> mit den Duni Zelltuch Servietten Pink Tulip an den einzelnen Sitzpl\u00e4tzen Ihrer G\u00e4ste auflegen. Sehr sch\u00f6n wirkt es, wenn Sie die Serviette auf einem wei\u00dfen Teller arrangieren, dadurch erhalten Sie einen sch\u00f6nen Kontrast. Als Eyecatcher k\u00f6nnen Sie einen der Duni Kerzenhalter Scacchi gefrostet in Pink in der Tischmitte platzieren. Oder vielleicht lieben Sie es bunt, weil die vielen Farben den Fr\u00fchling ganz besonders verk\u00f6rpern? Dann integrieren Sie mehrere dieser Kerzengl\u00e4ser in verschiedenen Farben auf dem Tisch und schon haben Sie eine wundersch\u00f6ne Tischedeko Fr\u00fchling.<br \/>\nTulpen passen einfach hervorragend zur Tischdeko Fr\u00fchling. Und vielleicht kann ein wundersch\u00f6ner Tulpenstrau\u00df die Tischmitte noch auf besondere Weise schm\u00fccken.<\/p>\n<h2>Weitere Beitr\u00e4ge:<\/h2>\n<h2>Dekoartikel von A-Z<\/h2>\n<p><a href=\"https:\/\/www.tafeldeko.de\/tischdeko-artikel\/\"><br \/>\nJetzt entdecken <\/a><\/p>\n","protected":false},"excerpt":{"rendered":"<p>Unter dem Motto \u201eTulpentr\u00e4ume f\u00fcr Ihren Fr\u00fchlingstisch\u201c pr\u00e4sentiert sich die Tischdeko Fr\u00fchling Tulpen in diesem Jahr. Duni hat eine wundersch\u00f6ne Serie mit dem Namen \u201eTulip\u201c herausgebracht, die in ihren dezenten und zarten Farben wundersch\u00f6n und stilvoll wirkt. Mit Duni Tulip wird jede Tischdeko zum Blickfang \u2013 ganz gleich, f\u00fcr welchen Anlass man diese arrangiert hat. [&hellip;]<\/p>\n","protected":false},"author":6,"featured_media":6962,"comment_status":"closed","ping_status":"closed","sticky":false,"template":"","format":"standard","meta":{"footnotes":""},"categories":[1],"tags":[],"yoast_head":"<!-- This site is optimized with the Yoast SEO plugin v20.4 - https:\/\/yoast.com\/wordpress\/plugins\/seo\/ -->\n<title>Tischdeko Fr\u00fchling Tulpen \u2013 zarte Farben dominieren - Tafeldeko<\/title>\n<meta name=\"description\" content=\"Tulpen passen einfach hervorragend zur Tischdeko Fr\u00fchling. Ein wundersch\u00f6ner Tulpenstrau\u00df kann die Tischmitte noch auf besondere Weise schm\u00fccken.\" \/>\n<meta name=\"robots\" content=\"index, follow, max-snippet:-1, max-image-preview:large, max-video-preview:-1\" \/>\n<link rel=\"canonical\" href=\"https:\/\/www.tafeldeko.de\/news\/tischdeko-fruehling-zarte-farben-dominieren\/\" \/>\n<meta property=\"og:locale\" content=\"de_DE\" \/>\n<meta property=\"og:type\" content=\"article\" \/>\n<meta property=\"og:title\" content=\"Tischdeko Fr\u00fchling Tulpen \u2013 zarte Farben dominieren - Tafeldeko\" \/>\n<meta property=\"og:description\" content=\"Tulpen passen einfach hervorragend zur Tischdeko Fr\u00fchling. Ein wundersch\u00f6ner Tulpenstrau\u00df kann die Tischmitte noch auf besondere Weise schm\u00fccken.\" \/>\n<meta property=\"og:url\" content=\"https:\/\/www.tafeldeko.de\/news\/tischdeko-fruehling-zarte-farben-dominieren\/\" \/>\n<meta property=\"og:site_name\" content=\"Tafeldeko\" \/>\n<meta property=\"article:publisher\" content=\"https:\/\/www.facebook.com\/pages\/Tafeldeko-einzigartige-Tischdekoration\/174202655894\" \/>\n<meta property=\"article:published_time\" content=\"2016-02-01T14:19:44+00:00\" \/>\n<meta property=\"article:modified_time\" content=\"2022-11-10T11:43:26+00:00\" \/>\n<meta property=\"og:image\" content=\"https:\/\/www.tafeldeko.de\/news\/wp-content\/uploads\/2016\/02\/duni_tulip.jpg\" \/>\n\t<meta property=\"og:image:width\" content=\"250\" \/>\n\t<meta property=\"og:image:height\" content=\"170\" \/>\n\t<meta property=\"og:image:type\" content=\"image\/jpeg\" \/>\n<meta name=\"author\" content=\"Tafeldeko Deko Team\" \/>\n<meta name=\"twitter:label1\" content=\"Verfasst von\" \/>\n\t<meta name=\"twitter:data1\" content=\"Tafeldeko Deko Team\" \/>\n\t<meta name=\"twitter:label2\" content=\"Gesch\u00e4tzte Lesezeit\" \/>\n\t<meta name=\"twitter:data2\" content=\"2 Minuten\" \/>\n<script type=\"application\/ld+json\" class=\"yoast-schema-graph\">{\"@context\":\"https:\/\/schema.org\",\"@graph\":[{\"@type\":\"WebPage\",\"@id\":\"https:\/\/www.tafeldeko.de\/news\/tischdeko-fruehling-zarte-farben-dominieren\/\",\"url\":\"https:\/\/www.tafeldeko.de\/news\/tischdeko-fruehling-zarte-farben-dominieren\/\",\"name\":\"Tischdeko Fr\u00fchling Tulpen \u2013 zarte Farben dominieren - Tafeldeko\",\"isPartOf\":{\"@id\":\"https:\/\/www.tafeldeko.de\/news\/#website\"},\"datePublished\":\"2016-02-01T14:19:44+00:00\",\"dateModified\":\"2022-11-10T11:43:26+00:00\",\"author\":{\"@id\":\"https:\/\/www.tafeldeko.de\/news\/#\/schema\/person\/dc309fbb6a3e380919fc08342c3cc233\"},\"description\":\"Tulpen passen einfach hervorragend zur Tischdeko Fr\u00fchling. Ein wundersch\u00f6ner Tulpenstrau\u00df kann die Tischmitte noch auf besondere Weise schm\u00fccken.\",\"breadcrumb\":{\"@id\":\"https:\/\/www.tafeldeko.de\/news\/tischdeko-fruehling-zarte-farben-dominieren\/#breadcrumb\"},\"inLanguage\":\"de-DE\",\"potentialAction\":[{\"@type\":\"ReadAction\",\"target\":[\"https:\/\/www.tafeldeko.de\/news\/tischdeko-fruehling-zarte-farben-dominieren\/\"]}]},{\"@type\":\"BreadcrumbList\",\"@id\":\"https:\/\/www.tafeldeko.de\/news\/tischdeko-fruehling-zarte-farben-dominieren\/#breadcrumb\",\"itemListElement\":[{\"@type\":\"ListItem\",\"position\":1,\"name\":\"Tafeldeko\",\"item\":\"https:\/\/www.tafeldeko.de\/news\/\"},{\"@type\":\"ListItem\",\"position\":2,\"name\":\"Alte Beitr\u00e4ge\",\"item\":\"https:\/\/www.tafeldeko.de\/news\/alte-beitraege\/\"},{\"@type\":\"ListItem\",\"position\":3,\"name\":\"Tischdeko - Blog\",\"item\":\"https:\/\/www.tafeldeko.de\/news\/alte-beitraege\/tischdeko-blog\/\"},{\"@type\":\"ListItem\",\"position\":4,\"name\":\"Tischdeko Fr\u00fchling Tulpen \u2013 zarte Farben dominieren\"}]},{\"@type\":\"WebSite\",\"@id\":\"https:\/\/www.tafeldeko.de\/news\/#website\",\"url\":\"https:\/\/www.tafeldeko.de\/news\/\",\"name\":\"Tafeldeko\",\"description\":\"Blog mit Tischdeko und Tischdekoration Ideen\",\"potentialAction\":[{\"@type\":\"SearchAction\",\"target\":{\"@type\":\"EntryPoint\",\"urlTemplate\":\"https:\/\/www.tafeldeko.de\/news\/?s={search_term_string}\"},\"query-input\":\"required name=search_term_string\"}],\"inLanguage\":\"de-DE\"},{\"@type\":\"Person\",\"@id\":\"https:\/\/www.tafeldeko.de\/news\/#\/schema\/person\/dc309fbb6a3e380919fc08342c3cc233\",\"name\":\"Tafeldeko Deko Team\",\"image\":{\"@type\":\"ImageObject\",\"inLanguage\":\"de-DE\",\"@id\":\"https:\/\/www.tafeldeko.de\/news\/#\/schema\/person\/image\/\",\"url\":\"https:\/\/secure.gravatar.com\/avatar\/1e962f4040dc9996f0d200db31598854?s=96&d=mm&r=g\",\"contentUrl\":\"https:\/\/secure.gravatar.com\/avatar\/1e962f4040dc9996f0d200db31598854?s=96&d=mm&r=g\",\"caption\":\"Tafeldeko Deko Team\"}}]}<\/script>\n<!-- \/ Yoast SEO plugin. -->","yoast_head_json":{"title":"Tischdeko Fr\u00fchling Tulpen \u2013 zarte Farben dominieren - Tafeldeko","description":"Tulpen passen einfach hervorragend zur Tischdeko Fr\u00fchling. Ein wundersch\u00f6ner Tulpenstrau\u00df kann die Tischmitte noch auf besondere Weise schm\u00fccken.","robots":{"index":"index","follow":"follow","max-snippet":"max-snippet:-1","max-image-preview":"max-image-preview:large","max-video-preview":"max-video-preview:-1"},"canonical":"https:\/\/www.tafeldeko.de\/news\/tischdeko-fruehling-zarte-farben-dominieren\/","og_locale":"de_DE","og_type":"article","og_title":"Tischdeko Fr\u00fchling Tulpen \u2013 zarte Farben dominieren - Tafeldeko","og_description":"Tulpen passen einfach hervorragend zur Tischdeko Fr\u00fchling. Ein wundersch\u00f6ner Tulpenstrau\u00df kann die Tischmitte noch auf besondere Weise schm\u00fccken.","og_url":"https:\/\/www.tafeldeko.de\/news\/tischdeko-fruehling-zarte-farben-dominieren\/","og_site_name":"Tafeldeko","article_publisher":"https:\/\/www.facebook.com\/pages\/Tafeldeko-einzigartige-Tischdekoration\/174202655894","article_published_time":"2016-02-01T14:19:44+00:00","article_modified_time":"2022-11-10T11:43:26+00:00","og_image":[{"width":250,"height":170,"url":"https:\/\/www.tafeldeko.de\/news\/wp-content\/uploads\/2016\/02\/duni_tulip.jpg","type":"image\/jpeg"}],"author":"Tafeldeko Deko Team","twitter_misc":{"Verfasst von":"Tafeldeko Deko Team","Gesch\u00e4tzte Lesezeit":"2 Minuten"},"schema":{"@context":"https:\/\/schema.org","@graph":[{"@type":"WebPage","@id":"https:\/\/www.tafeldeko.de\/news\/tischdeko-fruehling-zarte-farben-dominieren\/","url":"https:\/\/www.tafeldeko.de\/news\/tischdeko-fruehling-zarte-farben-dominieren\/","name":"Tischdeko Fr\u00fchling Tulpen \u2013 zarte Farben dominieren - Tafeldeko","isPartOf":{"@id":"https:\/\/www.tafeldeko.de\/news\/#website"},"datePublished":"2016-02-01T14:19:44+00:00","dateModified":"2022-11-10T11:43:26+00:00","author":{"@id":"https:\/\/www.tafeldeko.de\/news\/#\/schema\/person\/dc309fbb6a3e380919fc08342c3cc233"},"description":"Tulpen passen einfach hervorragend zur Tischdeko Fr\u00fchling. Ein wundersch\u00f6ner Tulpenstrau\u00df kann die Tischmitte noch auf besondere Weise schm\u00fccken.","breadcrumb":{"@id":"https:\/\/www.tafeldeko.de\/news\/tischdeko-fruehling-zarte-farben-dominieren\/#breadcrumb"},"inLanguage":"de-DE","potentialAction":[{"@type":"ReadAction","target":["https:\/\/www.tafeldeko.de\/news\/tischdeko-fruehling-zarte-farben-dominieren\/"]}]},{"@type":"BreadcrumbList","@id":"https:\/\/www.tafeldeko.de\/news\/tischdeko-fruehling-zarte-farben-dominieren\/#breadcrumb","itemListElement":[{"@type":"ListItem","position":1,"name":"Tafeldeko","item":"https:\/\/www.tafeldeko.de\/news\/"},{"@type":"ListItem","position":2,"name":"Alte Beitr\u00e4ge","item":"https:\/\/www.tafeldeko.de\/news\/alte-beitraege\/"},{"@type":"ListItem","position":3,"name":"Tischdeko - Blog","item":"https:\/\/www.tafeldeko.de\/news\/alte-beitraege\/tischdeko-blog\/"},{"@type":"ListItem","position":4,"name":"Tischdeko Fr\u00fchling Tulpen \u2013 zarte Farben dominieren"}]},{"@type":"WebSite","@id":"https:\/\/www.tafeldeko.de\/news\/#website","url":"https:\/\/www.tafeldeko.de\/news\/","name":"Tafeldeko","description":"Blog mit Tischdeko und Tischdekoration Ideen","potentialAction":[{"@type":"SearchAction","target":{"@type":"EntryPoint","urlTemplate":"https:\/\/www.tafeldeko.de\/news\/?s={search_term_string}"},"query-input":"required name=search_term_string"}],"inLanguage":"de-DE"},{"@type":"Person","@id":"https:\/\/www.tafeldeko.de\/news\/#\/schema\/person\/dc309fbb6a3e380919fc08342c3cc233","name":"Tafeldeko Deko Team","image":{"@type":"ImageObject","inLanguage":"de-DE","@id":"https:\/\/www.tafeldeko.de\/news\/#\/schema\/person\/image\/","url":"https:\/\/secure.gravatar.com\/avatar\/1e962f4040dc9996f0d200db31598854?s=96&d=mm&r=g","contentUrl":"https:\/\/secure.gravatar.com\/avatar\/1e962f4040dc9996f0d200db31598854?s=96&d=mm&r=g","caption":"Tafeldeko Deko Team"}}]}},"_links":{"self":[{"href":"https:\/\/www.tafeldeko.de\/news\/wp-json\/wp\/v2\/posts\/6961"}],"collection":[{"href":"https:\/\/www.tafeldeko.de\/news\/wp-json\/wp\/v2\/posts"}],"about":[{"href":"https:\/\/www.tafeldeko.de\/news\/wp-json\/wp\/v2\/types\/post"}],"author":[{"embeddable":true,"href":"https:\/\/www.tafeldeko.de\/news\/wp-json\/wp\/v2\/users\/6"}],"replies":[{"embeddable":true,"href":"https:\/\/www.tafeldeko.de\/news\/wp-json\/wp\/v2\/comments?post=6961"}],"version-history":[{"count":16,"href":"https:\/\/www.tafeldeko.de\/news\/wp-json\/wp\/v2\/posts\/6961\/revisions"}],"predecessor-version":[{"id":21184,"href":"https:\/\/www.tafeldeko.de\/news\/wp-json\/wp\/v2\/posts\/6961\/revisions\/21184"}],"wp:featuredmedia":[{"embeddable":true,"href":"https:\/\/www.tafeldeko.de\/news\/wp-json\/wp\/v2\/media\/6962"}],"wp:attachment":[{"href":"https:\/\/www.tafeldeko.de\/news\/wp-json\/wp\/v2\/media?parent=6961"}],"wp:term":[{"taxonomy":"category","embeddable":true,"href":"https:\/\/www.tafeldeko.de\/news\/wp-json\/wp\/v2\/categories?post=6961"},{"taxonomy":"post_tag","embeddable":true,"href":"https:\/\/www.tafeldeko.de\/news\/wp-json\/wp\/v2\/tags?post=6961"}],"curies":[{"name":"wp","href":"https:\/\/api.w.org\/{rel}","templated":true}]}}