{"id":6943,"date":"2016-01-13T11:49:11","date_gmt":"2016-01-13T09:49:11","guid":{"rendered":"http:\/\/www.tafeldeko.de\/news\/?p=6943"},"modified":"2022-11-10T14:00:20","modified_gmt":"2022-11-10T13:00:20","slug":"tischdeko-konfirmation-ein-highlight","status":"publish","type":"post","link":"https:\/\/www.tafeldeko.de\/news\/tischdeko-konfirmation-ein-highlight\/","title":{"rendered":"Tischdeko Konfirmation \u2013 ein Highlight"},"content":{"rendered":"<p>F\u00fcr unseren Nachwuchs ist die Konfirmation oder auch die Kommunion ein echtes <strong>Highlight<\/strong> \u2013 wie auch die <strong>Tischdeko Konfirmation<\/strong> Highlight oder Kommunion. Diese Art, eine Feier anl\u00e4sslich der Konfirmation oder Kommunion zu unterstreichen und die Besonderheit zu unterstreichen, hat was \u2013 f\u00fcr die Hauptperson und die G\u00e4ste. An einem sch\u00f6n gedeckten Tisch Platz zu nehmen und einen wundersch\u00f6nen Tag zu erleben, bleibt auf jeden Fall in Erinnerung. Denn das soll die Konfirmation auf jeden Fall \u2013 in der Erinnerung bleiben und das nicht nur der Geschenke wegen.<\/p>\n<p><img decoding=\"async\" loading=\"lazy\" src=\"https:\/\/www.tafeldeko.de\/news\/wp-content\/uploads\/2016\/01\/konfirmation_blau.jpg\" sizes=\"(max-width: 800px) 100vw, 800px\" srcset=\"https:\/\/www.tafeldeko.de\/news\/wp-content\/uploads\/2016\/01\/konfirmation_blau.jpg 1000w, https:\/\/www.tafeldeko.de\/news\/wp-content\/uploads\/2016\/01\/konfirmation_blau-300x210.jpg 300w, https:\/\/www.tafeldeko.de\/news\/wp-content\/uploads\/2016\/01\/konfirmation_blau-768x538.jpg 768w, https:\/\/www.tafeldeko.de\/news\/wp-content\/uploads\/2016\/01\/konfirmation_blau-624x437.jpg 624w\" alt=\"Tischdeko Konfirmation Highlight\" width=\"800\" height=\"560\" \/><\/p>\n<h2>Ideen f\u00fcr die Tischdeko Konfirmation ein Highlight<\/h2>\n<p>Die <strong>farbliche Ausrichtung<\/strong> der Tischdeko Konfirmation Highlight ist mitunter vom Geschlecht der Hauptperson abh\u00e4ngig \u2013 sie kann aber auch ganz neutral ausgerichtet sein. Und genau hierzu haben wir einen wundervollen Mustertisch Konfirmation \/ Kommunion in Blau und Bronce arrangiert. Dieser Tisch sieht wundersch\u00f6n aus und unterstreicht die Besonderheit des Tages auf besondere Weise.<br \/>\nDer Platzteller in Kupfer, die Servietten Elegance bronze und die Raindrops \u2013 Kristall Tau \u2013 Deko Tautropfen verleihen dem Tisch <strong>Glanz und Glamour<\/strong>. Letztere werden in verschiedenen Beh\u00e4ltnissen arrangiert, wie zum Beispiel in dem Zylinder Kerzenglas, das mit einer Stumpenkerze Rustic in Petrol, durchgef\u00e4rbt, best\u00fcckt wird. Desweiteren sind die Tautropfen auf dem Teller und den trendigen Duni Kerzenhalter Vase Bot\u00e9 als kleine <strong>Eyecatcher<\/strong> zu finden. Einen dezenten maritimen Touch erh\u00e4lt die <a href=\"https:\/\/www.tafeldeko.de\" target=\"_blank\" rel=\"noopener\"><strong>Tischdeko<\/strong><\/a> Konfirmation durch den Keramik Leuchtturm mit Motiv Schiff.<br \/>\nDie auf dem Tisch arrangierten Accessoires stehen alle in Verbindung zum Anlass und schm\u00fccken nat\u00fcrlich den Tisch auf ansprechende Weise. Durch <strong>die gl\u00e4nzenden Highlights<\/strong> wirkt diese Tischdeko Konfirmation sehr glamour\u00f6s und edel, wobei der kindliche Charakter nicht ganz verloren gehen sollte. Schlie\u00dflich ist die Hauptperson ein junger Mensch, der heute einen ganz besonderen Tag erleben darf.<br \/>\nEinen weiteren Blickfang k\u00f6nnen Sie mit den Kommunion Kindern (Junge oder M\u00e4dchen) auf dem Tisch arrangieren. Auch hiermit wird direkt klar, was gefeiert wird.<br \/>\nLassen Sie sich von unseren <strong>Mustertischen zur Konfirmation<\/strong> oder Kommunion inspirieren.<\/p>\n<h2>Weitere Beitr\u00e4ge:<\/h2>\n<h2>Dekoartikel von A-Z<\/h2>\n<p><a href=\"https:\/\/www.tafeldeko.de\/tischdeko-artikel\/\"><br \/>\nJetzt entdecken <\/a><\/p>\n","protected":false},"excerpt":{"rendered":"<p>F\u00fcr unseren Nachwuchs ist die Konfirmation oder auch die Kommunion ein echtes Highlight \u2013 wie auch die Tischdeko Konfirmation Highlight oder Kommunion. Diese Art, eine Feier anl\u00e4sslich der Konfirmation oder Kommunion zu unterstreichen und die Besonderheit zu unterstreichen, hat was \u2013 f\u00fcr die Hauptperson und die G\u00e4ste. An einem sch\u00f6n gedeckten Tisch Platz zu nehmen [&hellip;]<\/p>\n","protected":false},"author":6,"featured_media":6944,"comment_status":"closed","ping_status":"closed","sticky":false,"template":"","format":"standard","meta":{"footnotes":""},"categories":[1],"tags":[],"yoast_head":"<!-- This site is optimized with the Yoast SEO plugin v20.4 - https:\/\/yoast.com\/wordpress\/plugins\/seo\/ -->\n<title>Tischdeko Konfirmation \u2013 ein Highlight - Tafeldeko<\/title>\n<meta name=\"description\" content=\"Die farbliche Ausrichtung der Tischdeko Konfirmation Highlight ist mitunter vom Geschlecht der Hauptperson abh\u00e4ngig und kann nat\u00fcrlich auch..\" \/>\n<meta name=\"robots\" content=\"index, follow, max-snippet:-1, max-image-preview:large, max-video-preview:-1\" \/>\n<link rel=\"canonical\" href=\"https:\/\/www.tafeldeko.de\/news\/tischdeko-konfirmation-ein-highlight\/\" \/>\n<meta property=\"og:locale\" content=\"de_DE\" \/>\n<meta property=\"og:type\" content=\"article\" \/>\n<meta property=\"og:title\" content=\"Tischdeko Konfirmation \u2013 ein Highlight - Tafeldeko\" \/>\n<meta property=\"og:description\" content=\"Die farbliche Ausrichtung der Tischdeko Konfirmation Highlight ist mitunter vom Geschlecht der Hauptperson abh\u00e4ngig und kann nat\u00fcrlich auch..\" \/>\n<meta property=\"og:url\" content=\"https:\/\/www.tafeldeko.de\/news\/tischdeko-konfirmation-ein-highlight\/\" \/>\n<meta property=\"og:site_name\" content=\"Tafeldeko\" \/>\n<meta property=\"article:publisher\" content=\"https:\/\/www.facebook.com\/pages\/Tafeldeko-einzigartige-Tischdekoration\/174202655894\" \/>\n<meta property=\"article:published_time\" content=\"2016-01-13T09:49:11+00:00\" \/>\n<meta property=\"article:modified_time\" content=\"2022-11-10T13:00:20+00:00\" \/>\n<meta property=\"og:image\" content=\"https:\/\/www.tafeldeko.de\/news\/wp-content\/uploads\/2016\/01\/konfirmation_blau.jpg\" \/>\n\t<meta property=\"og:image:width\" content=\"1000\" \/>\n\t<meta property=\"og:image:height\" content=\"700\" \/>\n\t<meta property=\"og:image:type\" content=\"image\/jpeg\" \/>\n<meta name=\"author\" content=\"Tafeldeko Deko Team\" \/>\n<meta name=\"twitter:label1\" content=\"Verfasst von\" \/>\n\t<meta name=\"twitter:data1\" content=\"Tafeldeko Deko Team\" \/>\n\t<meta name=\"twitter:label2\" content=\"Gesch\u00e4tzte Lesezeit\" \/>\n\t<meta name=\"twitter:data2\" content=\"2 Minuten\" \/>\n<script type=\"application\/ld+json\" class=\"yoast-schema-graph\">{\"@context\":\"https:\/\/schema.org\",\"@graph\":[{\"@type\":\"WebPage\",\"@id\":\"https:\/\/www.tafeldeko.de\/news\/tischdeko-konfirmation-ein-highlight\/\",\"url\":\"https:\/\/www.tafeldeko.de\/news\/tischdeko-konfirmation-ein-highlight\/\",\"name\":\"Tischdeko Konfirmation \u2013 ein Highlight - Tafeldeko\",\"isPartOf\":{\"@id\":\"https:\/\/www.tafeldeko.de\/news\/#website\"},\"datePublished\":\"2016-01-13T09:49:11+00:00\",\"dateModified\":\"2022-11-10T13:00:20+00:00\",\"author\":{\"@id\":\"https:\/\/www.tafeldeko.de\/news\/#\/schema\/person\/dc309fbb6a3e380919fc08342c3cc233\"},\"description\":\"Die farbliche Ausrichtung der Tischdeko Konfirmation Highlight ist mitunter vom Geschlecht der Hauptperson abh\u00e4ngig und kann nat\u00fcrlich auch..\",\"breadcrumb\":{\"@id\":\"https:\/\/www.tafeldeko.de\/news\/tischdeko-konfirmation-ein-highlight\/#breadcrumb\"},\"inLanguage\":\"de-DE\",\"potentialAction\":[{\"@type\":\"ReadAction\",\"target\":[\"https:\/\/www.tafeldeko.de\/news\/tischdeko-konfirmation-ein-highlight\/\"]}]},{\"@type\":\"BreadcrumbList\",\"@id\":\"https:\/\/www.tafeldeko.de\/news\/tischdeko-konfirmation-ein-highlight\/#breadcrumb\",\"itemListElement\":[{\"@type\":\"ListItem\",\"position\":1,\"name\":\"Tafeldeko\",\"item\":\"https:\/\/www.tafeldeko.de\/news\/\"},{\"@type\":\"ListItem\",\"position\":2,\"name\":\"Alte Beitr\u00e4ge\",\"item\":\"https:\/\/www.tafeldeko.de\/news\/alte-beitraege\/\"},{\"@type\":\"ListItem\",\"position\":3,\"name\":\"Tischdeko - Blog\",\"item\":\"https:\/\/www.tafeldeko.de\/news\/alte-beitraege\/tischdeko-blog\/\"},{\"@type\":\"ListItem\",\"position\":4,\"name\":\"Tischdeko Konfirmation \u2013 ein Highlight\"}]},{\"@type\":\"WebSite\",\"@id\":\"https:\/\/www.tafeldeko.de\/news\/#website\",\"url\":\"https:\/\/www.tafeldeko.de\/news\/\",\"name\":\"Tafeldeko\",\"description\":\"Blog mit Tischdeko und Tischdekoration Ideen\",\"potentialAction\":[{\"@type\":\"SearchAction\",\"target\":{\"@type\":\"EntryPoint\",\"urlTemplate\":\"https:\/\/www.tafeldeko.de\/news\/?s={search_term_string}\"},\"query-input\":\"required name=search_term_string\"}],\"inLanguage\":\"de-DE\"},{\"@type\":\"Person\",\"@id\":\"https:\/\/www.tafeldeko.de\/news\/#\/schema\/person\/dc309fbb6a3e380919fc08342c3cc233\",\"name\":\"Tafeldeko Deko Team\",\"image\":{\"@type\":\"ImageObject\",\"inLanguage\":\"de-DE\",\"@id\":\"https:\/\/www.tafeldeko.de\/news\/#\/schema\/person\/image\/\",\"url\":\"https:\/\/secure.gravatar.com\/avatar\/1e962f4040dc9996f0d200db31598854?s=96&d=mm&r=g\",\"contentUrl\":\"https:\/\/secure.gravatar.com\/avatar\/1e962f4040dc9996f0d200db31598854?s=96&d=mm&r=g\",\"caption\":\"Tafeldeko Deko Team\"}}]}<\/script>\n<!-- \/ Yoast SEO plugin. -->","yoast_head_json":{"title":"Tischdeko Konfirmation \u2013 ein Highlight - Tafeldeko","description":"Die farbliche Ausrichtung der Tischdeko Konfirmation Highlight ist mitunter vom Geschlecht der Hauptperson abh\u00e4ngig und kann nat\u00fcrlich auch..","robots":{"index":"index","follow":"follow","max-snippet":"max-snippet:-1","max-image-preview":"max-image-preview:large","max-video-preview":"max-video-preview:-1"},"canonical":"https:\/\/www.tafeldeko.de\/news\/tischdeko-konfirmation-ein-highlight\/","og_locale":"de_DE","og_type":"article","og_title":"Tischdeko Konfirmation \u2013 ein Highlight - Tafeldeko","og_description":"Die farbliche Ausrichtung der Tischdeko Konfirmation Highlight ist mitunter vom Geschlecht der Hauptperson abh\u00e4ngig und kann nat\u00fcrlich auch..","og_url":"https:\/\/www.tafeldeko.de\/news\/tischdeko-konfirmation-ein-highlight\/","og_site_name":"Tafeldeko","article_publisher":"https:\/\/www.facebook.com\/pages\/Tafeldeko-einzigartige-Tischdekoration\/174202655894","article_published_time":"2016-01-13T09:49:11+00:00","article_modified_time":"2022-11-10T13:00:20+00:00","og_image":[{"width":1000,"height":700,"url":"https:\/\/www.tafeldeko.de\/news\/wp-content\/uploads\/2016\/01\/konfirmation_blau.jpg","type":"image\/jpeg"}],"author":"Tafeldeko Deko Team","twitter_misc":{"Verfasst von":"Tafeldeko Deko Team","Gesch\u00e4tzte Lesezeit":"2 Minuten"},"schema":{"@context":"https:\/\/schema.org","@graph":[{"@type":"WebPage","@id":"https:\/\/www.tafeldeko.de\/news\/tischdeko-konfirmation-ein-highlight\/","url":"https:\/\/www.tafeldeko.de\/news\/tischdeko-konfirmation-ein-highlight\/","name":"Tischdeko Konfirmation \u2013 ein Highlight - Tafeldeko","isPartOf":{"@id":"https:\/\/www.tafeldeko.de\/news\/#website"},"datePublished":"2016-01-13T09:49:11+00:00","dateModified":"2022-11-10T13:00:20+00:00","author":{"@id":"https:\/\/www.tafeldeko.de\/news\/#\/schema\/person\/dc309fbb6a3e380919fc08342c3cc233"},"description":"Die farbliche Ausrichtung der Tischdeko Konfirmation Highlight ist mitunter vom Geschlecht der Hauptperson abh\u00e4ngig und kann nat\u00fcrlich auch..","breadcrumb":{"@id":"https:\/\/www.tafeldeko.de\/news\/tischdeko-konfirmation-ein-highlight\/#breadcrumb"},"inLanguage":"de-DE","potentialAction":[{"@type":"ReadAction","target":["https:\/\/www.tafeldeko.de\/news\/tischdeko-konfirmation-ein-highlight\/"]}]},{"@type":"BreadcrumbList","@id":"https:\/\/www.tafeldeko.de\/news\/tischdeko-konfirmation-ein-highlight\/#breadcrumb","itemListElement":[{"@type":"ListItem","position":1,"name":"Tafeldeko","item":"https:\/\/www.tafeldeko.de\/news\/"},{"@type":"ListItem","position":2,"name":"Alte Beitr\u00e4ge","item":"https:\/\/www.tafeldeko.de\/news\/alte-beitraege\/"},{"@type":"ListItem","position":3,"name":"Tischdeko - Blog","item":"https:\/\/www.tafeldeko.de\/news\/alte-beitraege\/tischdeko-blog\/"},{"@type":"ListItem","position":4,"name":"Tischdeko Konfirmation \u2013 ein Highlight"}]},{"@type":"WebSite","@id":"https:\/\/www.tafeldeko.de\/news\/#website","url":"https:\/\/www.tafeldeko.de\/news\/","name":"Tafeldeko","description":"Blog mit Tischdeko und Tischdekoration Ideen","potentialAction":[{"@type":"SearchAction","target":{"@type":"EntryPoint","urlTemplate":"https:\/\/www.tafeldeko.de\/news\/?s={search_term_string}"},"query-input":"required name=search_term_string"}],"inLanguage":"de-DE"},{"@type":"Person","@id":"https:\/\/www.tafeldeko.de\/news\/#\/schema\/person\/dc309fbb6a3e380919fc08342c3cc233","name":"Tafeldeko Deko Team","image":{"@type":"ImageObject","inLanguage":"de-DE","@id":"https:\/\/www.tafeldeko.de\/news\/#\/schema\/person\/image\/","url":"https:\/\/secure.gravatar.com\/avatar\/1e962f4040dc9996f0d200db31598854?s=96&d=mm&r=g","contentUrl":"https:\/\/secure.gravatar.com\/avatar\/1e962f4040dc9996f0d200db31598854?s=96&d=mm&r=g","caption":"Tafeldeko Deko Team"}}]}},"_links":{"self":[{"href":"https:\/\/www.tafeldeko.de\/news\/wp-json\/wp\/v2\/posts\/6943"}],"collection":[{"href":"https:\/\/www.tafeldeko.de\/news\/wp-json\/wp\/v2\/posts"}],"about":[{"href":"https:\/\/www.tafeldeko.de\/news\/wp-json\/wp\/v2\/types\/post"}],"author":[{"embeddable":true,"href":"https:\/\/www.tafeldeko.de\/news\/wp-json\/wp\/v2\/users\/6"}],"replies":[{"embeddable":true,"href":"https:\/\/www.tafeldeko.de\/news\/wp-json\/wp\/v2\/comments?post=6943"}],"version-history":[{"count":6,"href":"https:\/\/www.tafeldeko.de\/news\/wp-json\/wp\/v2\/posts\/6943\/revisions"}],"predecessor-version":[{"id":21233,"href":"https:\/\/www.tafeldeko.de\/news\/wp-json\/wp\/v2\/posts\/6943\/revisions\/21233"}],"wp:featuredmedia":[{"embeddable":true,"href":"https:\/\/www.tafeldeko.de\/news\/wp-json\/wp\/v2\/media\/6944"}],"wp:attachment":[{"href":"https:\/\/www.tafeldeko.de\/news\/wp-json\/wp\/v2\/media?parent=6943"}],"wp:term":[{"taxonomy":"category","embeddable":true,"href":"https:\/\/www.tafeldeko.de\/news\/wp-json\/wp\/v2\/categories?post=6943"},{"taxonomy":"post_tag","embeddable":true,"href":"https:\/\/www.tafeldeko.de\/news\/wp-json\/wp\/v2\/tags?post=6943"}],"curies":[{"name":"wp","href":"https:\/\/api.w.org\/{rel}","templated":true}]}}