{"id":6930,"date":"2016-01-15T19:55:43","date_gmt":"2016-01-15T17:55:43","guid":{"rendered":"http:\/\/www.tafeldeko.de\/news\/?p=6930"},"modified":"2016-01-26T19:59:38","modified_gmt":"2016-01-26T17:59:38","slug":"geburtstagssprueche-zum-30","status":"publish","type":"post","link":"https:\/\/www.tafeldeko.de\/news\/geburtstagssprueche-zum-30\/","title":{"rendered":"Geburtstagsspr\u00fcche zum 30."},"content":{"rendered":"<p>Der 30. Geburtstag kann durch wundersch\u00f6ne <strong>Geburtstagsspr\u00fcche<\/strong> vers\u00fc\u00dft werden. Ein lockerer oder netter Geburtstagsspruch gratuliert zum einen zum Geburtstag und zum anderen bringt er eine sch\u00f6ne Erinnerung an diesen Tag mit sich.<br \/>\nDie Geburtstagsspr\u00fcche k\u00f6nnen vielf\u00e4ltig \u00fcbermittelt werden \u2013 entweder pers\u00f6nlich oder schriftlich per Geburtstagskarte, Mail, SMS, Sprachnachricht, Chat oder G\u00e4stebucheintrag. Und nicht nur die Art des \u201eGl\u00fcckwunsch-\u00dcberbringen\u201c ist vielf\u00e4ltig, sondern die Geburtstagsw\u00fcnsche an sich ebenfalls.<\/p>\n<h2>Geburtstagsspr\u00fcche \u2013 von lustig bis melancholisch<\/h2>\n<p>Zum <strong>30. Geburtstag<\/strong> gratulieren \u2013 mit sch\u00f6nen Geburtstagsspr\u00fcchen ist das eine echte Freude, nicht nur f\u00fcr das Geburtstagskind. Je nachdem, wie gut man das Geburtstagskind kennt, k\u00f6nnen die Geburtstagsspr\u00fcche ausgew\u00e4hlt werden. Wei\u00df man zum Beispiel, dass das Geburtstagskind mit dem 30. <a href=\"https:\/\/www.tafeldeko.de\" target=\"_blank\">Geburtstag<\/a> zu k\u00e4mpfen hat, sollte man nette und etwas neutralere Geburtstagssw\u00fcnsche ausw\u00e4hlen. Ist dieser Geburtstag ein Geburtstag wie jeder andere und das Geburtstagskind versteht <strong>eine Menge Spa\u00df<\/strong>, dann d\u00fcrfen die Spr\u00fcche auch in Richtung frech, frivol und lustig gehen. Welche Geburtstagsspr\u00fcche nun die richtigen und passenden sind, wei\u00df man selbst am besten. Ob selbst gereimt oder mit Hilfe der verschiedenen Geburtstagsspr\u00fcche, die man im World Wide Web findet, kreiert \u2013 <strong>Gl\u00fcckw\u00fcnsche zum Geburtstag<\/strong> mit etwas \u201ePfiff und Pepp\u201c kommen immer gut an. Eine Geburtstagskarte, die mit einem lustigen Geburtstagsspruch vom Standard abweicht, kommt beim Geburtstagskind unter Garantie hervorragend an. Und wenn der Geburtstagsspruch ein L\u00e4cheln oder gar ein lautes Lachen nach sich zieht, wei\u00df man, die Auswahl war richtig.<br \/>\nSelbst gereimte Geburtstagsspr\u00fcche sind schon als das \u201enon-plus-ultra\u201c zu bezeichnen. Diese Spr\u00fcche zeigen, dass man sich Zeit genommen hat, um f\u00fcr einen besonderen <strong>Gag zum Geburtstag<\/strong> zu sorgen.<br \/>\n<strong>Geburtstagsspr\u00fcche zum 30.<\/strong>, die beispielsweise bei der Geburtstagsfeier vor der G\u00e4steschar vorgetragen werden, haben es nat\u00fcrlich in sich. Sie sind f\u00fcr die gute Unterhaltung und die hervorragende Stimmung einer Geburtstagsfeier wundersch\u00f6n und sorgen f\u00fcr tolle Erinnerungen. Ob neutral gehalten oder auf das Geburtstagskind zugeschnitten und gereimt \u2013 diese Spr\u00fcche wird das Geburtstagskind so schnell nicht vergessen.<\/p>\n","protected":false},"excerpt":{"rendered":"<p>Der 30. Geburtstag kann durch wundersch\u00f6ne Geburtstagsspr\u00fcche vers\u00fc\u00dft werden. Ein lockerer oder netter Geburtstagsspruch gratuliert zum einen zum Geburtstag und zum anderen bringt er eine sch\u00f6ne Erinnerung an diesen Tag mit sich. Die Geburtstagsspr\u00fcche k\u00f6nnen vielf\u00e4ltig \u00fcbermittelt werden \u2013 entweder pers\u00f6nlich oder schriftlich per Geburtstagskarte, Mail, SMS, Sprachnachricht, Chat oder G\u00e4stebucheintrag. Und nicht nur die [&hellip;]<\/p>\n","protected":false},"author":6,"featured_media":0,"comment_status":"closed","ping_status":"closed","sticky":false,"template":"","format":"standard","meta":{"footnotes":""},"categories":[1],"tags":[],"yoast_head":"<!-- This site is optimized with the Yoast SEO plugin v20.4 - https:\/\/yoast.com\/wordpress\/plugins\/seo\/ -->\n<title>Geburtstagsspr\u00fcche zum 30. - Tafeldeko<\/title>\n<meta name=\"description\" content=\"Der 30. Geburtstag kann durch wundersch\u00f6ne Geburtstagsspr\u00fcche vers\u00fc\u00dft werden. Ein lockerer Spruch gratuliert stilvoll zum Geburtstag.\" \/>\n<meta name=\"robots\" content=\"index, follow, max-snippet:-1, max-image-preview:large, max-video-preview:-1\" \/>\n<link rel=\"canonical\" href=\"https:\/\/www.tafeldeko.de\/news\/geburtstagssprueche-zum-30\/\" \/>\n<meta property=\"og:locale\" content=\"de_DE\" \/>\n<meta property=\"og:type\" content=\"article\" \/>\n<meta property=\"og:title\" content=\"Geburtstagsspr\u00fcche zum 30. - Tafeldeko\" \/>\n<meta property=\"og:description\" content=\"Der 30. Geburtstag kann durch wundersch\u00f6ne Geburtstagsspr\u00fcche vers\u00fc\u00dft werden. Ein lockerer Spruch gratuliert stilvoll zum Geburtstag.\" \/>\n<meta property=\"og:url\" content=\"https:\/\/www.tafeldeko.de\/news\/geburtstagssprueche-zum-30\/\" \/>\n<meta property=\"og:site_name\" content=\"Tafeldeko\" \/>\n<meta property=\"article:publisher\" content=\"https:\/\/www.facebook.com\/pages\/Tafeldeko-einzigartige-Tischdekoration\/174202655894\" \/>\n<meta property=\"article:published_time\" content=\"2016-01-15T17:55:43+00:00\" \/>\n<meta property=\"article:modified_time\" content=\"2016-01-26T17:59:38+00:00\" \/>\n<meta name=\"author\" content=\"Tafeldeko Deko Team\" \/>\n<meta name=\"twitter:label1\" content=\"Verfasst von\" \/>\n\t<meta name=\"twitter:data1\" content=\"Tafeldeko Deko Team\" \/>\n\t<meta name=\"twitter:label2\" content=\"Gesch\u00e4tzte Lesezeit\" \/>\n\t<meta name=\"twitter:data2\" content=\"2 Minuten\" \/>\n<script type=\"application\/ld+json\" class=\"yoast-schema-graph\">{\"@context\":\"https:\/\/schema.org\",\"@graph\":[{\"@type\":\"WebPage\",\"@id\":\"https:\/\/www.tafeldeko.de\/news\/geburtstagssprueche-zum-30\/\",\"url\":\"https:\/\/www.tafeldeko.de\/news\/geburtstagssprueche-zum-30\/\",\"name\":\"Geburtstagsspr\u00fcche zum 30. - Tafeldeko\",\"isPartOf\":{\"@id\":\"https:\/\/www.tafeldeko.de\/news\/#website\"},\"datePublished\":\"2016-01-15T17:55:43+00:00\",\"dateModified\":\"2016-01-26T17:59:38+00:00\",\"author\":{\"@id\":\"https:\/\/www.tafeldeko.de\/news\/#\/schema\/person\/dc309fbb6a3e380919fc08342c3cc233\"},\"description\":\"Der 30. Geburtstag kann durch wundersch\u00f6ne Geburtstagsspr\u00fcche vers\u00fc\u00dft werden. Ein lockerer Spruch gratuliert stilvoll zum Geburtstag.\",\"breadcrumb\":{\"@id\":\"https:\/\/www.tafeldeko.de\/news\/geburtstagssprueche-zum-30\/#breadcrumb\"},\"inLanguage\":\"de-DE\",\"potentialAction\":[{\"@type\":\"ReadAction\",\"target\":[\"https:\/\/www.tafeldeko.de\/news\/geburtstagssprueche-zum-30\/\"]}]},{\"@type\":\"BreadcrumbList\",\"@id\":\"https:\/\/www.tafeldeko.de\/news\/geburtstagssprueche-zum-30\/#breadcrumb\",\"itemListElement\":[{\"@type\":\"ListItem\",\"position\":1,\"name\":\"Tafeldeko\",\"item\":\"https:\/\/www.tafeldeko.de\/news\/\"},{\"@type\":\"ListItem\",\"position\":2,\"name\":\"Alte Beitr\u00e4ge\",\"item\":\"https:\/\/www.tafeldeko.de\/news\/alte-beitraege\/\"},{\"@type\":\"ListItem\",\"position\":3,\"name\":\"Tischdeko - Blog\",\"item\":\"https:\/\/www.tafeldeko.de\/news\/alte-beitraege\/tischdeko-blog\/\"},{\"@type\":\"ListItem\",\"position\":4,\"name\":\"Geburtstagsspr\u00fcche zum 30.\"}]},{\"@type\":\"WebSite\",\"@id\":\"https:\/\/www.tafeldeko.de\/news\/#website\",\"url\":\"https:\/\/www.tafeldeko.de\/news\/\",\"name\":\"Tafeldeko\",\"description\":\"Blog mit Tischdeko und Tischdekoration Ideen\",\"potentialAction\":[{\"@type\":\"SearchAction\",\"target\":{\"@type\":\"EntryPoint\",\"urlTemplate\":\"https:\/\/www.tafeldeko.de\/news\/?s={search_term_string}\"},\"query-input\":\"required name=search_term_string\"}],\"inLanguage\":\"de-DE\"},{\"@type\":\"Person\",\"@id\":\"https:\/\/www.tafeldeko.de\/news\/#\/schema\/person\/dc309fbb6a3e380919fc08342c3cc233\",\"name\":\"Tafeldeko Deko Team\",\"image\":{\"@type\":\"ImageObject\",\"inLanguage\":\"de-DE\",\"@id\":\"https:\/\/www.tafeldeko.de\/news\/#\/schema\/person\/image\/\",\"url\":\"https:\/\/secure.gravatar.com\/avatar\/1e962f4040dc9996f0d200db31598854?s=96&d=mm&r=g\",\"contentUrl\":\"https:\/\/secure.gravatar.com\/avatar\/1e962f4040dc9996f0d200db31598854?s=96&d=mm&r=g\",\"caption\":\"Tafeldeko Deko Team\"}}]}<\/script>\n<!-- \/ Yoast SEO plugin. -->","yoast_head_json":{"title":"Geburtstagsspr\u00fcche zum 30. - Tafeldeko","description":"Der 30. Geburtstag kann durch wundersch\u00f6ne Geburtstagsspr\u00fcche vers\u00fc\u00dft werden. Ein lockerer Spruch gratuliert stilvoll zum Geburtstag.","robots":{"index":"index","follow":"follow","max-snippet":"max-snippet:-1","max-image-preview":"max-image-preview:large","max-video-preview":"max-video-preview:-1"},"canonical":"https:\/\/www.tafeldeko.de\/news\/geburtstagssprueche-zum-30\/","og_locale":"de_DE","og_type":"article","og_title":"Geburtstagsspr\u00fcche zum 30. - Tafeldeko","og_description":"Der 30. Geburtstag kann durch wundersch\u00f6ne Geburtstagsspr\u00fcche vers\u00fc\u00dft werden. Ein lockerer Spruch gratuliert stilvoll zum Geburtstag.","og_url":"https:\/\/www.tafeldeko.de\/news\/geburtstagssprueche-zum-30\/","og_site_name":"Tafeldeko","article_publisher":"https:\/\/www.facebook.com\/pages\/Tafeldeko-einzigartige-Tischdekoration\/174202655894","article_published_time":"2016-01-15T17:55:43+00:00","article_modified_time":"2016-01-26T17:59:38+00:00","author":"Tafeldeko Deko Team","twitter_misc":{"Verfasst von":"Tafeldeko Deko Team","Gesch\u00e4tzte Lesezeit":"2 Minuten"},"schema":{"@context":"https:\/\/schema.org","@graph":[{"@type":"WebPage","@id":"https:\/\/www.tafeldeko.de\/news\/geburtstagssprueche-zum-30\/","url":"https:\/\/www.tafeldeko.de\/news\/geburtstagssprueche-zum-30\/","name":"Geburtstagsspr\u00fcche zum 30. - Tafeldeko","isPartOf":{"@id":"https:\/\/www.tafeldeko.de\/news\/#website"},"datePublished":"2016-01-15T17:55:43+00:00","dateModified":"2016-01-26T17:59:38+00:00","author":{"@id":"https:\/\/www.tafeldeko.de\/news\/#\/schema\/person\/dc309fbb6a3e380919fc08342c3cc233"},"description":"Der 30. Geburtstag kann durch wundersch\u00f6ne Geburtstagsspr\u00fcche vers\u00fc\u00dft werden. Ein lockerer Spruch gratuliert stilvoll zum Geburtstag.","breadcrumb":{"@id":"https:\/\/www.tafeldeko.de\/news\/geburtstagssprueche-zum-30\/#breadcrumb"},"inLanguage":"de-DE","potentialAction":[{"@type":"ReadAction","target":["https:\/\/www.tafeldeko.de\/news\/geburtstagssprueche-zum-30\/"]}]},{"@type":"BreadcrumbList","@id":"https:\/\/www.tafeldeko.de\/news\/geburtstagssprueche-zum-30\/#breadcrumb","itemListElement":[{"@type":"ListItem","position":1,"name":"Tafeldeko","item":"https:\/\/www.tafeldeko.de\/news\/"},{"@type":"ListItem","position":2,"name":"Alte Beitr\u00e4ge","item":"https:\/\/www.tafeldeko.de\/news\/alte-beitraege\/"},{"@type":"ListItem","position":3,"name":"Tischdeko - Blog","item":"https:\/\/www.tafeldeko.de\/news\/alte-beitraege\/tischdeko-blog\/"},{"@type":"ListItem","position":4,"name":"Geburtstagsspr\u00fcche zum 30."}]},{"@type":"WebSite","@id":"https:\/\/www.tafeldeko.de\/news\/#website","url":"https:\/\/www.tafeldeko.de\/news\/","name":"Tafeldeko","description":"Blog mit Tischdeko und Tischdekoration Ideen","potentialAction":[{"@type":"SearchAction","target":{"@type":"EntryPoint","urlTemplate":"https:\/\/www.tafeldeko.de\/news\/?s={search_term_string}"},"query-input":"required name=search_term_string"}],"inLanguage":"de-DE"},{"@type":"Person","@id":"https:\/\/www.tafeldeko.de\/news\/#\/schema\/person\/dc309fbb6a3e380919fc08342c3cc233","name":"Tafeldeko Deko Team","image":{"@type":"ImageObject","inLanguage":"de-DE","@id":"https:\/\/www.tafeldeko.de\/news\/#\/schema\/person\/image\/","url":"https:\/\/secure.gravatar.com\/avatar\/1e962f4040dc9996f0d200db31598854?s=96&d=mm&r=g","contentUrl":"https:\/\/secure.gravatar.com\/avatar\/1e962f4040dc9996f0d200db31598854?s=96&d=mm&r=g","caption":"Tafeldeko Deko Team"}}]}},"_links":{"self":[{"href":"https:\/\/www.tafeldeko.de\/news\/wp-json\/wp\/v2\/posts\/6930"}],"collection":[{"href":"https:\/\/www.tafeldeko.de\/news\/wp-json\/wp\/v2\/posts"}],"about":[{"href":"https:\/\/www.tafeldeko.de\/news\/wp-json\/wp\/v2\/types\/post"}],"author":[{"embeddable":true,"href":"https:\/\/www.tafeldeko.de\/news\/wp-json\/wp\/v2\/users\/6"}],"replies":[{"embeddable":true,"href":"https:\/\/www.tafeldeko.de\/news\/wp-json\/wp\/v2\/comments?post=6930"}],"version-history":[{"count":1,"href":"https:\/\/www.tafeldeko.de\/news\/wp-json\/wp\/v2\/posts\/6930\/revisions"}],"predecessor-version":[{"id":6931,"href":"https:\/\/www.tafeldeko.de\/news\/wp-json\/wp\/v2\/posts\/6930\/revisions\/6931"}],"wp:attachment":[{"href":"https:\/\/www.tafeldeko.de\/news\/wp-json\/wp\/v2\/media?parent=6930"}],"wp:term":[{"taxonomy":"category","embeddable":true,"href":"https:\/\/www.tafeldeko.de\/news\/wp-json\/wp\/v2\/categories?post=6930"},{"taxonomy":"post_tag","embeddable":true,"href":"https:\/\/www.tafeldeko.de\/news\/wp-json\/wp\/v2\/tags?post=6930"}],"curies":[{"name":"wp","href":"https:\/\/api.w.org\/{rel}","templated":true}]}}