{"id":6922,"date":"2016-01-15T18:32:26","date_gmt":"2016-01-15T16:32:26","guid":{"rendered":"http:\/\/www.tafeldeko.de\/news\/?p=6922"},"modified":"2022-11-10T13:54:24","modified_gmt":"2022-11-10T12:54:24","slug":"tischdeko-fruehling-auch-wenn-es-noch-etwas-dauert","status":"publish","type":"post","link":"https:\/\/www.tafeldeko.de\/news\/tischdeko-fruehling-auch-wenn-es-noch-etwas-dauert\/","title":{"rendered":"Tischdeko Fr\u00fchlingsvibe \u2013 auch wenn es noch etwas dauert"},"content":{"rendered":"<p>Eine blumige, farbenfrohe <strong>Tischdeko Fr\u00fchlingsvibe <\/strong>hat was \u2013 bringt sie doch etwas Nat\u00fcrlichkeit, Frische und Sch\u00f6nheit in die R\u00e4umlichkeit. Wenn es drau\u00dfen noch trist und grau ist, schadet etwas Farbe und sch\u00f6ne Accessoires in der Wohnung keineswegs. Nicht umsonst werden bestimmten Farben eine heilsame Wirkung nachgesagt und warum sollte man genau diese Farben nicht in die t\u00e4gliche Deko der Wohnung oder des Raumes einbringen?<br \/>\nRot, Gelb, Blau und Gr\u00fcn bringen <strong>Wohlsein und Atmosph\u00e4re<\/strong> mit sich und sollten in der Tischdeko Fr\u00fchling keinesfalls fehlen.<\/p>\n<p><img decoding=\"async\" loading=\"lazy\" src=\"https:\/\/www.tafeldeko.de\/news\/wp-content\/uploads\/2016\/01\/fruehling_mint.jpg\" sizes=\"(max-width: 800px) 100vw, 800px\" srcset=\"https:\/\/www.tafeldeko.de\/news\/wp-content\/uploads\/2016\/01\/fruehling_mint.jpg 1000w, https:\/\/www.tafeldeko.de\/news\/wp-content\/uploads\/2016\/01\/fruehling_mint-300x210.jpg 300w, https:\/\/www.tafeldeko.de\/news\/wp-content\/uploads\/2016\/01\/fruehling_mint-768x538.jpg 768w, https:\/\/www.tafeldeko.de\/news\/wp-content\/uploads\/2016\/01\/fruehling_mint-624x437.jpg 624w\" alt=\"Tischdeko Fr\u00fchlingsvibe\" width=\"800\" height=\"560\" \/><\/p>\n<h2>Tischdeko Fr\u00fchlingsvibe \u2013 Ideen und Mustertische<\/h2>\n<p>Der <strong>Mustertisch<\/strong> mit dem Thema Fr\u00fchlingsvibe verspr\u00fcht nicht nur eine wundervolle Farbkombination, sondern auch Nat\u00fcrlichkeit und Frische. Der Schwerpunkt der Tischdeko Fr\u00fchling ist in Mint gehalten, dazu setzen Accessoires in Lila und Wei\u00df zum einen Akzente und bringen einen tollen Kontrast in die Tischdeko.<br \/>\nDie Basis der Tischdeko Fr\u00fchling bildet der Airlaid Papier Tischl\u00e4ufer Punkte in Pastellgr\u00fcn, auf dem silberne Organzarolle locker drapiert wird. In der Tischmitte sorgt eine Dekoschale oval in Mint mit den Teelichtgl\u00e4sern Schmetterling verspiegelt in Mint und Silber f\u00fcr einen tollen Blickfang. Die Dekoschale wurde mit Granulat in Silber bef\u00fcllt und Federn in Gr\u00fcn zieren das Arrangement.<br \/>\nEinen <strong>sehr edlen Akzent<\/strong> bringt der Kerzenst\u00e4nder in Silber Hochglanz f\u00fcr Stab- und Stumpenkerzen, der mit einer Kugelkerze gl\u00e4nzend in Lila best\u00fcckt ist. Als Fr\u00fchlingsboten finden sich Schmetterlinge am Draht in Wei\u00df, Rattan Kugeln in Silber Glitzer und \u2013 wenn Ostern kurz bevor steht \u2013 auch Ton Eier in Silber und Porzellan Osterhasen in Wei\u00df, auf dem Tisch.<br \/>\nIn der Tischdeko Fr\u00fchlingsvibe k\u00f6nnen Vierkant Kerzengl\u00e4ser in Eukalyptus oder die Teelichtschale Mosaik in Silber\/Wei\u00df f\u00fcr weitere <strong>Highlights<\/strong> sorgen. Sie bringen weitere Farbakzente in die <a href=\"http:\/\/h\" target=\"_blank\" rel=\"noopener\">Tischdeko<\/a> ein, unterstreichen den Hauch vom Fr\u00fchling. Einen etwas kr\u00e4ftigeren Farbton bringt das Glas Windlicht in Lila zur Gartendeko auf den Tisch. Ein oder mehrere Kunstblumen Windr\u00f6schen in Lila zaubern weitere sch\u00f6ne und farbenfrohe Blickf\u00e4nge auf den Tisch.<br \/>\nDer Fr\u00fchling kann kommen, unsere Tischdeko erwartet ihn schon.<\/p>\n<h2>Weitere Beitr\u00e4ge:<\/h2>\n<h2>Dekoartikel von A-Z<\/h2>\n<p><a href=\"https:\/\/www.tafeldeko.de\/tischdeko-artikel\/\"><br \/>\nJetzt entdecken <\/a><\/p>\n","protected":false},"excerpt":{"rendered":"<p>Eine blumige, farbenfrohe Tischdeko Fr\u00fchlingsvibe hat was \u2013 bringt sie doch etwas Nat\u00fcrlichkeit, Frische und Sch\u00f6nheit in die R\u00e4umlichkeit. Wenn es drau\u00dfen noch trist und grau ist, schadet etwas Farbe und sch\u00f6ne Accessoires in der Wohnung keineswegs. Nicht umsonst werden bestimmten Farben eine heilsame Wirkung nachgesagt und warum sollte man genau diese Farben nicht in [&hellip;]<\/p>\n","protected":false},"author":6,"featured_media":6923,"comment_status":"closed","ping_status":"closed","sticky":false,"template":"","format":"standard","meta":{"footnotes":""},"categories":[1],"tags":[],"yoast_head":"<!-- This site is optimized with the Yoast SEO plugin v20.4 - https:\/\/yoast.com\/wordpress\/plugins\/seo\/ -->\n<title>Tischdeko Fr\u00fchlingsvibe \u2013 auch wenn es noch etwas dauert - Tafeldeko<\/title>\n<meta name=\"description\" content=\"Der Schwerpunkt der Tischdeko Fr\u00fchlingsvibe ist in Mint gehalten, dazu setzen Accessoires in Lila und Wei\u00df tolle Akzente - ein echter..\" \/>\n<meta name=\"robots\" content=\"index, follow, max-snippet:-1, max-image-preview:large, max-video-preview:-1\" \/>\n<link rel=\"canonical\" href=\"https:\/\/www.tafeldeko.de\/news\/tischdeko-fruehling-auch-wenn-es-noch-etwas-dauert\/\" \/>\n<meta property=\"og:locale\" content=\"de_DE\" \/>\n<meta property=\"og:type\" content=\"article\" \/>\n<meta property=\"og:title\" content=\"Tischdeko Fr\u00fchlingsvibe \u2013 auch wenn es noch etwas dauert - Tafeldeko\" \/>\n<meta property=\"og:description\" content=\"Der Schwerpunkt der Tischdeko Fr\u00fchlingsvibe ist in Mint gehalten, dazu setzen Accessoires in Lila und Wei\u00df tolle Akzente - ein echter..\" \/>\n<meta property=\"og:url\" content=\"https:\/\/www.tafeldeko.de\/news\/tischdeko-fruehling-auch-wenn-es-noch-etwas-dauert\/\" \/>\n<meta property=\"og:site_name\" content=\"Tafeldeko\" \/>\n<meta property=\"article:publisher\" content=\"https:\/\/www.facebook.com\/pages\/Tafeldeko-einzigartige-Tischdekoration\/174202655894\" \/>\n<meta property=\"article:published_time\" content=\"2016-01-15T16:32:26+00:00\" \/>\n<meta property=\"article:modified_time\" content=\"2022-11-10T12:54:24+00:00\" \/>\n<meta property=\"og:image\" content=\"https:\/\/www.tafeldeko.de\/news\/wp-content\/uploads\/2016\/01\/fruehling_mint.jpg\" \/>\n\t<meta property=\"og:image:width\" content=\"1000\" \/>\n\t<meta property=\"og:image:height\" content=\"700\" \/>\n\t<meta property=\"og:image:type\" content=\"image\/jpeg\" \/>\n<meta name=\"author\" content=\"Tafeldeko Deko Team\" \/>\n<meta name=\"twitter:label1\" content=\"Verfasst von\" \/>\n\t<meta name=\"twitter:data1\" content=\"Tafeldeko Deko Team\" \/>\n\t<meta name=\"twitter:label2\" content=\"Gesch\u00e4tzte Lesezeit\" \/>\n\t<meta name=\"twitter:data2\" content=\"3 Minuten\" \/>\n<script type=\"application\/ld+json\" class=\"yoast-schema-graph\">{\"@context\":\"https:\/\/schema.org\",\"@graph\":[{\"@type\":\"WebPage\",\"@id\":\"https:\/\/www.tafeldeko.de\/news\/tischdeko-fruehling-auch-wenn-es-noch-etwas-dauert\/\",\"url\":\"https:\/\/www.tafeldeko.de\/news\/tischdeko-fruehling-auch-wenn-es-noch-etwas-dauert\/\",\"name\":\"Tischdeko Fr\u00fchlingsvibe \u2013 auch wenn es noch etwas dauert - Tafeldeko\",\"isPartOf\":{\"@id\":\"https:\/\/www.tafeldeko.de\/news\/#website\"},\"datePublished\":\"2016-01-15T16:32:26+00:00\",\"dateModified\":\"2022-11-10T12:54:24+00:00\",\"author\":{\"@id\":\"https:\/\/www.tafeldeko.de\/news\/#\/schema\/person\/dc309fbb6a3e380919fc08342c3cc233\"},\"description\":\"Der Schwerpunkt der Tischdeko Fr\u00fchlingsvibe ist in Mint gehalten, dazu setzen Accessoires in Lila und Wei\u00df tolle Akzente - ein echter..\",\"breadcrumb\":{\"@id\":\"https:\/\/www.tafeldeko.de\/news\/tischdeko-fruehling-auch-wenn-es-noch-etwas-dauert\/#breadcrumb\"},\"inLanguage\":\"de-DE\",\"potentialAction\":[{\"@type\":\"ReadAction\",\"target\":[\"https:\/\/www.tafeldeko.de\/news\/tischdeko-fruehling-auch-wenn-es-noch-etwas-dauert\/\"]}]},{\"@type\":\"BreadcrumbList\",\"@id\":\"https:\/\/www.tafeldeko.de\/news\/tischdeko-fruehling-auch-wenn-es-noch-etwas-dauert\/#breadcrumb\",\"itemListElement\":[{\"@type\":\"ListItem\",\"position\":1,\"name\":\"Tafeldeko\",\"item\":\"https:\/\/www.tafeldeko.de\/news\/\"},{\"@type\":\"ListItem\",\"position\":2,\"name\":\"Alte Beitr\u00e4ge\",\"item\":\"https:\/\/www.tafeldeko.de\/news\/alte-beitraege\/\"},{\"@type\":\"ListItem\",\"position\":3,\"name\":\"Tischdeko - Blog\",\"item\":\"https:\/\/www.tafeldeko.de\/news\/alte-beitraege\/tischdeko-blog\/\"},{\"@type\":\"ListItem\",\"position\":4,\"name\":\"Tischdeko Fr\u00fchlingsvibe \u2013 auch wenn es noch etwas dauert\"}]},{\"@type\":\"WebSite\",\"@id\":\"https:\/\/www.tafeldeko.de\/news\/#website\",\"url\":\"https:\/\/www.tafeldeko.de\/news\/\",\"name\":\"Tafeldeko\",\"description\":\"Blog mit Tischdeko und Tischdekoration Ideen\",\"potentialAction\":[{\"@type\":\"SearchAction\",\"target\":{\"@type\":\"EntryPoint\",\"urlTemplate\":\"https:\/\/www.tafeldeko.de\/news\/?s={search_term_string}\"},\"query-input\":\"required name=search_term_string\"}],\"inLanguage\":\"de-DE\"},{\"@type\":\"Person\",\"@id\":\"https:\/\/www.tafeldeko.de\/news\/#\/schema\/person\/dc309fbb6a3e380919fc08342c3cc233\",\"name\":\"Tafeldeko Deko Team\",\"image\":{\"@type\":\"ImageObject\",\"inLanguage\":\"de-DE\",\"@id\":\"https:\/\/www.tafeldeko.de\/news\/#\/schema\/person\/image\/\",\"url\":\"https:\/\/secure.gravatar.com\/avatar\/1e962f4040dc9996f0d200db31598854?s=96&d=mm&r=g\",\"contentUrl\":\"https:\/\/secure.gravatar.com\/avatar\/1e962f4040dc9996f0d200db31598854?s=96&d=mm&r=g\",\"caption\":\"Tafeldeko Deko Team\"}}]}<\/script>\n<!-- \/ Yoast SEO plugin. -->","yoast_head_json":{"title":"Tischdeko Fr\u00fchlingsvibe \u2013 auch wenn es noch etwas dauert - Tafeldeko","description":"Der Schwerpunkt der Tischdeko Fr\u00fchlingsvibe ist in Mint gehalten, dazu setzen Accessoires in Lila und Wei\u00df tolle Akzente - ein echter..","robots":{"index":"index","follow":"follow","max-snippet":"max-snippet:-1","max-image-preview":"max-image-preview:large","max-video-preview":"max-video-preview:-1"},"canonical":"https:\/\/www.tafeldeko.de\/news\/tischdeko-fruehling-auch-wenn-es-noch-etwas-dauert\/","og_locale":"de_DE","og_type":"article","og_title":"Tischdeko Fr\u00fchlingsvibe \u2013 auch wenn es noch etwas dauert - Tafeldeko","og_description":"Der Schwerpunkt der Tischdeko Fr\u00fchlingsvibe ist in Mint gehalten, dazu setzen Accessoires in Lila und Wei\u00df tolle Akzente - ein echter..","og_url":"https:\/\/www.tafeldeko.de\/news\/tischdeko-fruehling-auch-wenn-es-noch-etwas-dauert\/","og_site_name":"Tafeldeko","article_publisher":"https:\/\/www.facebook.com\/pages\/Tafeldeko-einzigartige-Tischdekoration\/174202655894","article_published_time":"2016-01-15T16:32:26+00:00","article_modified_time":"2022-11-10T12:54:24+00:00","og_image":[{"width":1000,"height":700,"url":"https:\/\/www.tafeldeko.de\/news\/wp-content\/uploads\/2016\/01\/fruehling_mint.jpg","type":"image\/jpeg"}],"author":"Tafeldeko Deko Team","twitter_misc":{"Verfasst von":"Tafeldeko Deko Team","Gesch\u00e4tzte Lesezeit":"3 Minuten"},"schema":{"@context":"https:\/\/schema.org","@graph":[{"@type":"WebPage","@id":"https:\/\/www.tafeldeko.de\/news\/tischdeko-fruehling-auch-wenn-es-noch-etwas-dauert\/","url":"https:\/\/www.tafeldeko.de\/news\/tischdeko-fruehling-auch-wenn-es-noch-etwas-dauert\/","name":"Tischdeko Fr\u00fchlingsvibe \u2013 auch wenn es noch etwas dauert - Tafeldeko","isPartOf":{"@id":"https:\/\/www.tafeldeko.de\/news\/#website"},"datePublished":"2016-01-15T16:32:26+00:00","dateModified":"2022-11-10T12:54:24+00:00","author":{"@id":"https:\/\/www.tafeldeko.de\/news\/#\/schema\/person\/dc309fbb6a3e380919fc08342c3cc233"},"description":"Der Schwerpunkt der Tischdeko Fr\u00fchlingsvibe ist in Mint gehalten, dazu setzen Accessoires in Lila und Wei\u00df tolle Akzente - ein echter..","breadcrumb":{"@id":"https:\/\/www.tafeldeko.de\/news\/tischdeko-fruehling-auch-wenn-es-noch-etwas-dauert\/#breadcrumb"},"inLanguage":"de-DE","potentialAction":[{"@type":"ReadAction","target":["https:\/\/www.tafeldeko.de\/news\/tischdeko-fruehling-auch-wenn-es-noch-etwas-dauert\/"]}]},{"@type":"BreadcrumbList","@id":"https:\/\/www.tafeldeko.de\/news\/tischdeko-fruehling-auch-wenn-es-noch-etwas-dauert\/#breadcrumb","itemListElement":[{"@type":"ListItem","position":1,"name":"Tafeldeko","item":"https:\/\/www.tafeldeko.de\/news\/"},{"@type":"ListItem","position":2,"name":"Alte Beitr\u00e4ge","item":"https:\/\/www.tafeldeko.de\/news\/alte-beitraege\/"},{"@type":"ListItem","position":3,"name":"Tischdeko - Blog","item":"https:\/\/www.tafeldeko.de\/news\/alte-beitraege\/tischdeko-blog\/"},{"@type":"ListItem","position":4,"name":"Tischdeko Fr\u00fchlingsvibe \u2013 auch wenn es noch etwas dauert"}]},{"@type":"WebSite","@id":"https:\/\/www.tafeldeko.de\/news\/#website","url":"https:\/\/www.tafeldeko.de\/news\/","name":"Tafeldeko","description":"Blog mit Tischdeko und Tischdekoration Ideen","potentialAction":[{"@type":"SearchAction","target":{"@type":"EntryPoint","urlTemplate":"https:\/\/www.tafeldeko.de\/news\/?s={search_term_string}"},"query-input":"required name=search_term_string"}],"inLanguage":"de-DE"},{"@type":"Person","@id":"https:\/\/www.tafeldeko.de\/news\/#\/schema\/person\/dc309fbb6a3e380919fc08342c3cc233","name":"Tafeldeko Deko Team","image":{"@type":"ImageObject","inLanguage":"de-DE","@id":"https:\/\/www.tafeldeko.de\/news\/#\/schema\/person\/image\/","url":"https:\/\/secure.gravatar.com\/avatar\/1e962f4040dc9996f0d200db31598854?s=96&d=mm&r=g","contentUrl":"https:\/\/secure.gravatar.com\/avatar\/1e962f4040dc9996f0d200db31598854?s=96&d=mm&r=g","caption":"Tafeldeko Deko Team"}}]}},"_links":{"self":[{"href":"https:\/\/www.tafeldeko.de\/news\/wp-json\/wp\/v2\/posts\/6922"}],"collection":[{"href":"https:\/\/www.tafeldeko.de\/news\/wp-json\/wp\/v2\/posts"}],"about":[{"href":"https:\/\/www.tafeldeko.de\/news\/wp-json\/wp\/v2\/types\/post"}],"author":[{"embeddable":true,"href":"https:\/\/www.tafeldeko.de\/news\/wp-json\/wp\/v2\/users\/6"}],"replies":[{"embeddable":true,"href":"https:\/\/www.tafeldeko.de\/news\/wp-json\/wp\/v2\/comments?post=6922"}],"version-history":[{"count":6,"href":"https:\/\/www.tafeldeko.de\/news\/wp-json\/wp\/v2\/posts\/6922\/revisions"}],"predecessor-version":[{"id":21228,"href":"https:\/\/www.tafeldeko.de\/news\/wp-json\/wp\/v2\/posts\/6922\/revisions\/21228"}],"wp:featuredmedia":[{"embeddable":true,"href":"https:\/\/www.tafeldeko.de\/news\/wp-json\/wp\/v2\/media\/6923"}],"wp:attachment":[{"href":"https:\/\/www.tafeldeko.de\/news\/wp-json\/wp\/v2\/media?parent=6922"}],"wp:term":[{"taxonomy":"category","embeddable":true,"href":"https:\/\/www.tafeldeko.de\/news\/wp-json\/wp\/v2\/categories?post=6922"},{"taxonomy":"post_tag","embeddable":true,"href":"https:\/\/www.tafeldeko.de\/news\/wp-json\/wp\/v2\/tags?post=6922"}],"curies":[{"name":"wp","href":"https:\/\/api.w.org\/{rel}","templated":true}]}}