{"id":6918,"date":"2016-01-04T09:56:07","date_gmt":"2016-01-04T07:56:07","guid":{"rendered":"http:\/\/www.tafeldeko.de\/news\/?p=6918"},"modified":"2022-11-11T08:19:54","modified_gmt":"2022-11-11T07:19:54","slug":"tischdeko-naturmaterialien-der-fruehling-naht","status":"publish","type":"post","link":"https:\/\/www.tafeldeko.de\/news\/tischdeko-naturmaterialien-der-fruehling-naht\/","title":{"rendered":"Tischdeko Naturmaterialien \u2013 der Fr\u00fchling naht"},"content":{"rendered":"<p>Die <strong>Tischdeko Naturmaterialien<\/strong> bietet eine wundersch\u00f6ne M\u00f6glichkeit, einem Fest oder der generellen Deko das gewisse Etwas zu verleihen. Bringt die Tischdeko mit Naturmaterialien dann noch einen <strong>fr\u00fchlingsfrischen Touch<\/strong> mit sich, freut man sich schon auf den Fr\u00fchling \u2013 auch wenn er noch etwas auf sich warten l\u00e4sst.<br \/>\nBei der Tischdeko Naturmaterialien hat man viele M\u00f6glichkeiten, um tolle Effekte auf dem Tisch zu erzielen.<\/p>\n<p><img decoding=\"async\" loading=\"lazy\" src=\"https:\/\/www.tafeldeko.de\/news\/wp-content\/uploads\/2016\/01\/fruehling_naturdeko.jpg\" sizes=\"(max-width: 800px) 100vw, 800px\" srcset=\"https:\/\/www.tafeldeko.de\/news\/wp-content\/uploads\/2016\/01\/fruehling_naturdeko.jpg 1000w, https:\/\/www.tafeldeko.de\/news\/wp-content\/uploads\/2016\/01\/fruehling_naturdeko-300x210.jpg 300w, https:\/\/www.tafeldeko.de\/news\/wp-content\/uploads\/2016\/01\/fruehling_naturdeko-768x538.jpg 768w, https:\/\/www.tafeldeko.de\/news\/wp-content\/uploads\/2016\/01\/fruehling_naturdeko-624x437.jpg 624w\" alt=\"Tischdeko Naturmaterialien\" width=\"800\" height=\"560\" \/><\/p>\n<h2>Mit einem Hauch von Fr\u00fchling \u2013 Tischdeko Naturmaterialien<\/h2>\n<p>W\u00e4hrend es drau\u00dfen noch grau und tr\u00fcbe ist, strahlt die <a href=\"https:\/\/www.tafeldeko.de\" target=\"_blank\" rel=\"noopener\"><strong>Tischdeko<\/strong><\/a> in fr\u00fchlingshaften Glanz. Mit wundersch\u00f6nen Elementen, die sich zu den Naturmaterialien gesellen, k\u00f6nnen Sie Ihren G\u00e4sten eine eindrucksvolle und<strong> ausdrucksstarke Basis<\/strong> zum Fest bieten. Zu diesen Elementen geh\u00f6ren beispielsweise schon die ersten Vorboten f\u00fcr das Osterfest.<br \/>\nAuf dem Mustertisch sehen Sie, wie Naturmaterialien und Fr\u00fchlingsboten harmonisch kombiniert werden k\u00f6nnen. Dabei sind Rebenkr\u00e4nze aus Naturgeflecht echte Highlights f\u00fcr die Tischdeko, da sie nicht nur sch\u00f6n aussehen, sondern wundervolle Kombinationsm\u00f6glichkeiten bieten. Arrangieren Sie in einem Rebenkranz aus Kordelgeflecht Mooskugeln, Design Eier und Osterhasen, beispielsweise aus Holz. In einem kleineren Rebenkranz, best\u00fcckt mit <strong>Riesen Mandelschalen Badam in Herzform<\/strong>, geben Sie kleine Deko Ostereier.<br \/>\nOb mit oder ohne \u201eOstergru\u00df\u201c, die Tischdeko mit Fr\u00fchlingsgru\u00df sieht wirklich wundersch\u00f6n aus. Und mit <strong>Tischsets<\/strong> wie die Tischsets geflochten in Silbergrau k\u00f6nnen Sie eine tolle Basis arrangieren. Die Servietten k\u00f6nnen Sie farblich passend zu den Tischsets ausw\u00e4hlen und eine weitere Serviette, wie auf dem Mustertisch mit einem Ostermotiv, runden Sie das Gesamtbild perfekt ab.<br \/>\nAuch bei der Tischdeko sind <strong>Kerzen<\/strong> eine tolle Erg\u00e4nzung. Arrangiert in Windlichtgl\u00e4sern, Kerzenhaltern aus Holz oder auf kleinen Holztabletts verleihen Sie der Tischdeko eine gewisse W\u00e4rme und Gem\u00fctlichkeit.<br \/>\nNat\u00fcrliche Sch\u00f6nheit, gepaart mit einer wunderbaren Atmosph\u00e4re, so kann man die Tischdeko Naturmaterialien kurz umschreiben. Und somit ist klar, dass diese Art der Tischdekoration nicht nur an einem Fest f\u00fcr die ausdrucksstarke Basis sorgt, sondern auch ein t\u00e4glicher Begleiter in den eigenen vier W\u00e4nden sein kann.<\/p>\n<h2>Weitere Beitr\u00e4ge:<\/h2>\n<h2>Dekoartikel von A-Z<\/h2>\n<p><a href=\"https:\/\/www.tafeldeko.de\/tischdeko-artikel\/\"><br \/>\nJetzt entdecken <\/a><\/p>\n","protected":false},"excerpt":{"rendered":"<p>Die Tischdeko Naturmaterialien bietet eine wundersch\u00f6ne M\u00f6glichkeit, einem Fest oder der generellen Deko das gewisse Etwas zu verleihen. Bringt die Tischdeko mit Naturmaterialien dann noch einen fr\u00fchlingsfrischen Touch mit sich, freut man sich schon auf den Fr\u00fchling \u2013 auch wenn er noch etwas auf sich warten l\u00e4sst. Bei der Tischdeko Naturmaterialien hat man viele M\u00f6glichkeiten, [&hellip;]<\/p>\n","protected":false},"author":6,"featured_media":6919,"comment_status":"closed","ping_status":"closed","sticky":false,"template":"","format":"standard","meta":{"footnotes":""},"categories":[1],"tags":[],"yoast_head":"<!-- This site is optimized with the Yoast SEO plugin v20.4 - https:\/\/yoast.com\/wordpress\/plugins\/seo\/ -->\n<title>Tischdeko Naturmaterialien \u2013 der Fr\u00fchling naht - Tafeldeko<\/title>\n<meta name=\"description\" content=\"Bringt die Tischdeko Naturmaterialien dann noch einen fr\u00fchlingsfrischen Touch mit sich, freut man sich schon auf den Fr\u00fchling, der dann...\" \/>\n<meta name=\"robots\" content=\"index, follow, max-snippet:-1, max-image-preview:large, max-video-preview:-1\" \/>\n<link rel=\"canonical\" href=\"https:\/\/www.tafeldeko.de\/news\/tischdeko-naturmaterialien-der-fruehling-naht\/\" \/>\n<meta property=\"og:locale\" content=\"de_DE\" \/>\n<meta property=\"og:type\" content=\"article\" \/>\n<meta property=\"og:title\" content=\"Tischdeko Naturmaterialien \u2013 der Fr\u00fchling naht - Tafeldeko\" \/>\n<meta property=\"og:description\" content=\"Bringt die Tischdeko Naturmaterialien dann noch einen fr\u00fchlingsfrischen Touch mit sich, freut man sich schon auf den Fr\u00fchling, der dann...\" \/>\n<meta property=\"og:url\" content=\"https:\/\/www.tafeldeko.de\/news\/tischdeko-naturmaterialien-der-fruehling-naht\/\" \/>\n<meta property=\"og:site_name\" content=\"Tafeldeko\" \/>\n<meta property=\"article:publisher\" content=\"https:\/\/www.facebook.com\/pages\/Tafeldeko-einzigartige-Tischdekoration\/174202655894\" \/>\n<meta property=\"article:published_time\" content=\"2016-01-04T07:56:07+00:00\" \/>\n<meta property=\"article:modified_time\" content=\"2022-11-11T07:19:54+00:00\" \/>\n<meta property=\"og:image\" content=\"https:\/\/www.tafeldeko.de\/news\/wp-content\/uploads\/2016\/01\/fruehling_naturdeko.jpg\" \/>\n\t<meta property=\"og:image:width\" content=\"1000\" \/>\n\t<meta property=\"og:image:height\" content=\"700\" \/>\n\t<meta property=\"og:image:type\" content=\"image\/jpeg\" \/>\n<meta name=\"author\" content=\"Tafeldeko Deko Team\" \/>\n<meta name=\"twitter:label1\" content=\"Verfasst von\" \/>\n\t<meta name=\"twitter:data1\" content=\"Tafeldeko Deko Team\" \/>\n\t<meta name=\"twitter:label2\" content=\"Gesch\u00e4tzte Lesezeit\" \/>\n\t<meta name=\"twitter:data2\" content=\"2 Minuten\" \/>\n<script type=\"application\/ld+json\" class=\"yoast-schema-graph\">{\"@context\":\"https:\/\/schema.org\",\"@graph\":[{\"@type\":\"WebPage\",\"@id\":\"https:\/\/www.tafeldeko.de\/news\/tischdeko-naturmaterialien-der-fruehling-naht\/\",\"url\":\"https:\/\/www.tafeldeko.de\/news\/tischdeko-naturmaterialien-der-fruehling-naht\/\",\"name\":\"Tischdeko Naturmaterialien \u2013 der Fr\u00fchling naht - Tafeldeko\",\"isPartOf\":{\"@id\":\"https:\/\/www.tafeldeko.de\/news\/#website\"},\"datePublished\":\"2016-01-04T07:56:07+00:00\",\"dateModified\":\"2022-11-11T07:19:54+00:00\",\"author\":{\"@id\":\"https:\/\/www.tafeldeko.de\/news\/#\/schema\/person\/dc309fbb6a3e380919fc08342c3cc233\"},\"description\":\"Bringt die Tischdeko Naturmaterialien dann noch einen fr\u00fchlingsfrischen Touch mit sich, freut man sich schon auf den Fr\u00fchling, der dann...\",\"breadcrumb\":{\"@id\":\"https:\/\/www.tafeldeko.de\/news\/tischdeko-naturmaterialien-der-fruehling-naht\/#breadcrumb\"},\"inLanguage\":\"de-DE\",\"potentialAction\":[{\"@type\":\"ReadAction\",\"target\":[\"https:\/\/www.tafeldeko.de\/news\/tischdeko-naturmaterialien-der-fruehling-naht\/\"]}]},{\"@type\":\"BreadcrumbList\",\"@id\":\"https:\/\/www.tafeldeko.de\/news\/tischdeko-naturmaterialien-der-fruehling-naht\/#breadcrumb\",\"itemListElement\":[{\"@type\":\"ListItem\",\"position\":1,\"name\":\"Tafeldeko\",\"item\":\"https:\/\/www.tafeldeko.de\/news\/\"},{\"@type\":\"ListItem\",\"position\":2,\"name\":\"Alte Beitr\u00e4ge\",\"item\":\"https:\/\/www.tafeldeko.de\/news\/alte-beitraege\/\"},{\"@type\":\"ListItem\",\"position\":3,\"name\":\"Tischdeko - Blog\",\"item\":\"https:\/\/www.tafeldeko.de\/news\/alte-beitraege\/tischdeko-blog\/\"},{\"@type\":\"ListItem\",\"position\":4,\"name\":\"Tischdeko Naturmaterialien \u2013 der Fr\u00fchling naht\"}]},{\"@type\":\"WebSite\",\"@id\":\"https:\/\/www.tafeldeko.de\/news\/#website\",\"url\":\"https:\/\/www.tafeldeko.de\/news\/\",\"name\":\"Tafeldeko\",\"description\":\"Blog mit Tischdeko und Tischdekoration Ideen\",\"potentialAction\":[{\"@type\":\"SearchAction\",\"target\":{\"@type\":\"EntryPoint\",\"urlTemplate\":\"https:\/\/www.tafeldeko.de\/news\/?s={search_term_string}\"},\"query-input\":\"required name=search_term_string\"}],\"inLanguage\":\"de-DE\"},{\"@type\":\"Person\",\"@id\":\"https:\/\/www.tafeldeko.de\/news\/#\/schema\/person\/dc309fbb6a3e380919fc08342c3cc233\",\"name\":\"Tafeldeko Deko Team\",\"image\":{\"@type\":\"ImageObject\",\"inLanguage\":\"de-DE\",\"@id\":\"https:\/\/www.tafeldeko.de\/news\/#\/schema\/person\/image\/\",\"url\":\"https:\/\/secure.gravatar.com\/avatar\/1e962f4040dc9996f0d200db31598854?s=96&d=mm&r=g\",\"contentUrl\":\"https:\/\/secure.gravatar.com\/avatar\/1e962f4040dc9996f0d200db31598854?s=96&d=mm&r=g\",\"caption\":\"Tafeldeko Deko Team\"}}]}<\/script>\n<!-- \/ Yoast SEO plugin. -->","yoast_head_json":{"title":"Tischdeko Naturmaterialien \u2013 der Fr\u00fchling naht - Tafeldeko","description":"Bringt die Tischdeko Naturmaterialien dann noch einen fr\u00fchlingsfrischen Touch mit sich, freut man sich schon auf den Fr\u00fchling, der dann...","robots":{"index":"index","follow":"follow","max-snippet":"max-snippet:-1","max-image-preview":"max-image-preview:large","max-video-preview":"max-video-preview:-1"},"canonical":"https:\/\/www.tafeldeko.de\/news\/tischdeko-naturmaterialien-der-fruehling-naht\/","og_locale":"de_DE","og_type":"article","og_title":"Tischdeko Naturmaterialien \u2013 der Fr\u00fchling naht - Tafeldeko","og_description":"Bringt die Tischdeko Naturmaterialien dann noch einen fr\u00fchlingsfrischen Touch mit sich, freut man sich schon auf den Fr\u00fchling, der dann...","og_url":"https:\/\/www.tafeldeko.de\/news\/tischdeko-naturmaterialien-der-fruehling-naht\/","og_site_name":"Tafeldeko","article_publisher":"https:\/\/www.facebook.com\/pages\/Tafeldeko-einzigartige-Tischdekoration\/174202655894","article_published_time":"2016-01-04T07:56:07+00:00","article_modified_time":"2022-11-11T07:19:54+00:00","og_image":[{"width":1000,"height":700,"url":"https:\/\/www.tafeldeko.de\/news\/wp-content\/uploads\/2016\/01\/fruehling_naturdeko.jpg","type":"image\/jpeg"}],"author":"Tafeldeko Deko Team","twitter_misc":{"Verfasst von":"Tafeldeko Deko Team","Gesch\u00e4tzte Lesezeit":"2 Minuten"},"schema":{"@context":"https:\/\/schema.org","@graph":[{"@type":"WebPage","@id":"https:\/\/www.tafeldeko.de\/news\/tischdeko-naturmaterialien-der-fruehling-naht\/","url":"https:\/\/www.tafeldeko.de\/news\/tischdeko-naturmaterialien-der-fruehling-naht\/","name":"Tischdeko Naturmaterialien \u2013 der Fr\u00fchling naht - Tafeldeko","isPartOf":{"@id":"https:\/\/www.tafeldeko.de\/news\/#website"},"datePublished":"2016-01-04T07:56:07+00:00","dateModified":"2022-11-11T07:19:54+00:00","author":{"@id":"https:\/\/www.tafeldeko.de\/news\/#\/schema\/person\/dc309fbb6a3e380919fc08342c3cc233"},"description":"Bringt die Tischdeko Naturmaterialien dann noch einen fr\u00fchlingsfrischen Touch mit sich, freut man sich schon auf den Fr\u00fchling, der dann...","breadcrumb":{"@id":"https:\/\/www.tafeldeko.de\/news\/tischdeko-naturmaterialien-der-fruehling-naht\/#breadcrumb"},"inLanguage":"de-DE","potentialAction":[{"@type":"ReadAction","target":["https:\/\/www.tafeldeko.de\/news\/tischdeko-naturmaterialien-der-fruehling-naht\/"]}]},{"@type":"BreadcrumbList","@id":"https:\/\/www.tafeldeko.de\/news\/tischdeko-naturmaterialien-der-fruehling-naht\/#breadcrumb","itemListElement":[{"@type":"ListItem","position":1,"name":"Tafeldeko","item":"https:\/\/www.tafeldeko.de\/news\/"},{"@type":"ListItem","position":2,"name":"Alte Beitr\u00e4ge","item":"https:\/\/www.tafeldeko.de\/news\/alte-beitraege\/"},{"@type":"ListItem","position":3,"name":"Tischdeko - Blog","item":"https:\/\/www.tafeldeko.de\/news\/alte-beitraege\/tischdeko-blog\/"},{"@type":"ListItem","position":4,"name":"Tischdeko Naturmaterialien \u2013 der Fr\u00fchling naht"}]},{"@type":"WebSite","@id":"https:\/\/www.tafeldeko.de\/news\/#website","url":"https:\/\/www.tafeldeko.de\/news\/","name":"Tafeldeko","description":"Blog mit Tischdeko und Tischdekoration Ideen","potentialAction":[{"@type":"SearchAction","target":{"@type":"EntryPoint","urlTemplate":"https:\/\/www.tafeldeko.de\/news\/?s={search_term_string}"},"query-input":"required name=search_term_string"}],"inLanguage":"de-DE"},{"@type":"Person","@id":"https:\/\/www.tafeldeko.de\/news\/#\/schema\/person\/dc309fbb6a3e380919fc08342c3cc233","name":"Tafeldeko Deko Team","image":{"@type":"ImageObject","inLanguage":"de-DE","@id":"https:\/\/www.tafeldeko.de\/news\/#\/schema\/person\/image\/","url":"https:\/\/secure.gravatar.com\/avatar\/1e962f4040dc9996f0d200db31598854?s=96&d=mm&r=g","contentUrl":"https:\/\/secure.gravatar.com\/avatar\/1e962f4040dc9996f0d200db31598854?s=96&d=mm&r=g","caption":"Tafeldeko Deko Team"}}]}},"_links":{"self":[{"href":"https:\/\/www.tafeldeko.de\/news\/wp-json\/wp\/v2\/posts\/6918"}],"collection":[{"href":"https:\/\/www.tafeldeko.de\/news\/wp-json\/wp\/v2\/posts"}],"about":[{"href":"https:\/\/www.tafeldeko.de\/news\/wp-json\/wp\/v2\/types\/post"}],"author":[{"embeddable":true,"href":"https:\/\/www.tafeldeko.de\/news\/wp-json\/wp\/v2\/users\/6"}],"replies":[{"embeddable":true,"href":"https:\/\/www.tafeldeko.de\/news\/wp-json\/wp\/v2\/comments?post=6918"}],"version-history":[{"count":9,"href":"https:\/\/www.tafeldeko.de\/news\/wp-json\/wp\/v2\/posts\/6918\/revisions"}],"predecessor-version":[{"id":21288,"href":"https:\/\/www.tafeldeko.de\/news\/wp-json\/wp\/v2\/posts\/6918\/revisions\/21288"}],"wp:featuredmedia":[{"embeddable":true,"href":"https:\/\/www.tafeldeko.de\/news\/wp-json\/wp\/v2\/media\/6919"}],"wp:attachment":[{"href":"https:\/\/www.tafeldeko.de\/news\/wp-json\/wp\/v2\/media?parent=6918"}],"wp:term":[{"taxonomy":"category","embeddable":true,"href":"https:\/\/www.tafeldeko.de\/news\/wp-json\/wp\/v2\/categories?post=6918"},{"taxonomy":"post_tag","embeddable":true,"href":"https:\/\/www.tafeldeko.de\/news\/wp-json\/wp\/v2\/tags?post=6918"}],"curies":[{"name":"wp","href":"https:\/\/api.w.org\/{rel}","templated":true}]}}