{"id":6878,"date":"2015-12-18T21:43:03","date_gmt":"2015-12-18T19:43:03","guid":{"rendered":"http:\/\/www.tafeldeko.de\/news\/?p=6878"},"modified":"2022-11-11T09:05:56","modified_gmt":"2022-11-11T08:05:56","slug":"winterliche-tischdeko-mit-wunderschoenen-motiven","status":"publish","type":"post","link":"https:\/\/www.tafeldeko.de\/news\/winterliche-tischdeko-mit-wunderschoenen-motiven\/","title":{"rendered":"Winterliche Tischdeko mit wundersch\u00f6nen Motiven"},"content":{"rendered":"<p>W\u00e4hrend es drau\u00dfen kalt und winterlich ist, genie\u00dfen wir die Abende zu Hause im Warmen \u2013 <strong>winterliche Tischdeko wundersch\u00f6ne Motive <\/strong>nat\u00fcrlich inklusive. Eine leckere Tasse Tee, ein Cappuccino, dabei k\u00f6stliche Pl\u00e4tzchen vom Weihnachtsfest und vielleicht w\u00e4rmt ein offenes Feuer im Kamin die gute Stube. Auf diese Art lassen sich der Winter und vor allen Dingen der Feierabend oder die Wochenende hervorragend genie\u00dfen.<br \/>\nF\u00fcr die gewisse <strong>Gem\u00fctlichkeit und W\u00e4rme<\/strong> eines Raumes sorgt nicht nur das offene Feuer im Kamin oder die Heizung, sondern auch eine wundersch\u00f6ne Dekoration \u2013 r\u00e4umlich als auch die Deko auf dem Tisch.<\/p>\n<p><img decoding=\"async\" loading=\"lazy\" src=\"https:\/\/www.tafeldeko.de\/news\/wp-content\/uploads\/2015\/12\/kerze_wintervoegel.jpg\" sizes=\"(max-width: 250px) 100vw, 250px\" srcset=\"https:\/\/www.tafeldeko.de\/news\/wp-content\/uploads\/2015\/12\/kerze_wintervoegel.jpg 250w, https:\/\/www.tafeldeko.de\/news\/wp-content\/uploads\/2015\/12\/kerze_wintervoegel-150x150.jpg 150w\" alt=\"winterliche Tischdeko wundersch\u00f6ne Motive\" width=\"250\" height=\"250\" \/><\/p>\n<h2>Ideen f\u00fcr die winterliche Tischdeko wundersch\u00f6ne Motive<\/h2>\n<p>Eine winterliche Tischdeko kann die Gem\u00fcter erfreuen. Wenn es drau\u00dfen nass, grau und kalt ist, kann die eine oder andere sch\u00f6ne Tischdekoration f\u00fcr einen <strong>wundersch\u00f6nen Blickfang<\/strong> sorgen. Winterliche Accessoires sind sozusagen die Garanten f\u00fcr die sch\u00f6ne Dekoration \u2013 ob auf dem Tisch, auf M\u00f6beln oder auf der Fensterbank.<br \/>\n<strong>Arrangements<\/strong> mit Tellern, Schalen, Kerzen und Naturmaterialien machen sich auch in der Winterszeit hervorragend.<br \/>\nSch\u00f6n sieht es aus, wenn Sie die gro\u00dfe Lampion Stumpenkerze Winter V\u00f6gel auf einem Spiegeluntersetzer oder einem anderen, recht schlichten, Kerzenteller arrangieren. Diese Kerze auf den Tisch gestellt, und schon haben Sie dem Wohnzimmer oder dem Esszimmer eine gem\u00fctliche Note verliehen. Abends im Kerzenschein da zu sitzen, ein Gl\u00e4schen Rotwein oder Wei\u00dfwein \u2013 das ist Entspannung.<br \/>\nPassend zu der Stumpenkerze erhalten Sie in unserem Shop die Servietten, so dass Sie eine ausdrucksstarke, winterliche <a href=\"https:\/\/www.tafeldeko.de\" target=\"_blank\" rel=\"noopener\"><strong>Tischdekoration<\/strong><\/a> arrangieren k\u00f6nnen. Die Kombination aus Servietten und Kerze hat was und bringt eine edle Wirkung zutage. Naturmaterialien machen sich gut auf dem Tisch und Deko Nuggets in Gr\u00fcn, Rot oder Blau \u2013 eben in den Farben der Hauptaccessoires \u2013 bringen bunte Blickf\u00e4nge in die winterliche Tischdeko ein.<br \/>\nUnd wenn Sie gerne etwas au\u00dfergew\u00f6hnliche Ihre Tischdeko ausstatten, macht sich Dekoschnee hervorragend. Punktuell aufgelegt, sozusagen als besondere Akzente, macht der Dekoschnee die <strong>winterliche Landschaft<\/strong> auf dem Tisch perfekt.<br \/>\nWir w\u00fcnschen Ihnen viel Spa\u00df bei der Feier und Ihrer tollen winterlichen Deko.<\/p>\n<h2>Weitere Beitr\u00e4ge:<\/h2>\n<h2>Dekoartikel von A-Z<\/h2>\n<p><a href=\"https:\/\/www.tafeldeko.de\/tischdeko-artikel\/\"><br \/>\nJetzt entdecken <\/a><\/p>\n","protected":false},"excerpt":{"rendered":"<p>W\u00e4hrend es drau\u00dfen kalt und winterlich ist, genie\u00dfen wir die Abende zu Hause im Warmen \u2013 winterliche Tischdeko wundersch\u00f6ne Motive nat\u00fcrlich inklusive. Eine leckere Tasse Tee, ein Cappuccino, dabei k\u00f6stliche Pl\u00e4tzchen vom Weihnachtsfest und vielleicht w\u00e4rmt ein offenes Feuer im Kamin die gute Stube. Auf diese Art lassen sich der Winter und vor allen Dingen [&hellip;]<\/p>\n","protected":false},"author":6,"featured_media":6879,"comment_status":"closed","ping_status":"closed","sticky":false,"template":"","format":"standard","meta":{"footnotes":""},"categories":[1],"tags":[],"yoast_head":"<!-- This site is optimized with the Yoast SEO plugin v20.4 - https:\/\/yoast.com\/wordpress\/plugins\/seo\/ -->\n<title>Winterliche Tischdeko mit wundersch\u00f6nen Motiven - Tafeldeko<\/title>\n<meta name=\"description\" content=\"Wenn es drau\u00dfen nass, grau und kalt ist, kann die eine oder andere sch\u00f6ne winterliche Tischdeko wundersch\u00f6ne Motive f\u00fcr einen wundersch\u00f6nen..\" \/>\n<meta name=\"robots\" content=\"index, follow, max-snippet:-1, max-image-preview:large, max-video-preview:-1\" \/>\n<link rel=\"canonical\" href=\"https:\/\/www.tafeldeko.de\/news\/winterliche-tischdeko-mit-wunderschoenen-motiven\/\" \/>\n<meta property=\"og:locale\" content=\"de_DE\" \/>\n<meta property=\"og:type\" content=\"article\" \/>\n<meta property=\"og:title\" content=\"Winterliche Tischdeko mit wundersch\u00f6nen Motiven - Tafeldeko\" \/>\n<meta property=\"og:description\" content=\"Wenn es drau\u00dfen nass, grau und kalt ist, kann die eine oder andere sch\u00f6ne winterliche Tischdeko wundersch\u00f6ne Motive f\u00fcr einen wundersch\u00f6nen..\" \/>\n<meta property=\"og:url\" content=\"https:\/\/www.tafeldeko.de\/news\/winterliche-tischdeko-mit-wunderschoenen-motiven\/\" \/>\n<meta property=\"og:site_name\" content=\"Tafeldeko\" \/>\n<meta property=\"article:publisher\" content=\"https:\/\/www.facebook.com\/pages\/Tafeldeko-einzigartige-Tischdekoration\/174202655894\" \/>\n<meta property=\"article:published_time\" content=\"2015-12-18T19:43:03+00:00\" \/>\n<meta property=\"article:modified_time\" content=\"2022-11-11T08:05:56+00:00\" \/>\n<meta property=\"og:image\" content=\"https:\/\/www.tafeldeko.de\/news\/wp-content\/uploads\/2015\/12\/kerze_wintervoegel.jpg\" \/>\n\t<meta property=\"og:image:width\" content=\"250\" \/>\n\t<meta property=\"og:image:height\" content=\"250\" \/>\n\t<meta property=\"og:image:type\" content=\"image\/jpeg\" \/>\n<meta name=\"author\" content=\"Tafeldeko Deko Team\" \/>\n<meta name=\"twitter:label1\" content=\"Verfasst von\" \/>\n\t<meta name=\"twitter:data1\" content=\"Tafeldeko Deko Team\" \/>\n\t<meta name=\"twitter:label2\" content=\"Gesch\u00e4tzte Lesezeit\" \/>\n\t<meta name=\"twitter:data2\" content=\"3 Minuten\" \/>\n<script type=\"application\/ld+json\" class=\"yoast-schema-graph\">{\"@context\":\"https:\/\/schema.org\",\"@graph\":[{\"@type\":\"WebPage\",\"@id\":\"https:\/\/www.tafeldeko.de\/news\/winterliche-tischdeko-mit-wunderschoenen-motiven\/\",\"url\":\"https:\/\/www.tafeldeko.de\/news\/winterliche-tischdeko-mit-wunderschoenen-motiven\/\",\"name\":\"Winterliche Tischdeko mit wundersch\u00f6nen Motiven - Tafeldeko\",\"isPartOf\":{\"@id\":\"https:\/\/www.tafeldeko.de\/news\/#website\"},\"datePublished\":\"2015-12-18T19:43:03+00:00\",\"dateModified\":\"2022-11-11T08:05:56+00:00\",\"author\":{\"@id\":\"https:\/\/www.tafeldeko.de\/news\/#\/schema\/person\/dc309fbb6a3e380919fc08342c3cc233\"},\"description\":\"Wenn es drau\u00dfen nass, grau und kalt ist, kann die eine oder andere sch\u00f6ne winterliche Tischdeko wundersch\u00f6ne Motive f\u00fcr einen wundersch\u00f6nen..\",\"breadcrumb\":{\"@id\":\"https:\/\/www.tafeldeko.de\/news\/winterliche-tischdeko-mit-wunderschoenen-motiven\/#breadcrumb\"},\"inLanguage\":\"de-DE\",\"potentialAction\":[{\"@type\":\"ReadAction\",\"target\":[\"https:\/\/www.tafeldeko.de\/news\/winterliche-tischdeko-mit-wunderschoenen-motiven\/\"]}]},{\"@type\":\"BreadcrumbList\",\"@id\":\"https:\/\/www.tafeldeko.de\/news\/winterliche-tischdeko-mit-wunderschoenen-motiven\/#breadcrumb\",\"itemListElement\":[{\"@type\":\"ListItem\",\"position\":1,\"name\":\"Tafeldeko\",\"item\":\"https:\/\/www.tafeldeko.de\/news\/\"},{\"@type\":\"ListItem\",\"position\":2,\"name\":\"Alte Beitr\u00e4ge\",\"item\":\"https:\/\/www.tafeldeko.de\/news\/alte-beitraege\/\"},{\"@type\":\"ListItem\",\"position\":3,\"name\":\"Tischdeko - Blog\",\"item\":\"https:\/\/www.tafeldeko.de\/news\/alte-beitraege\/tischdeko-blog\/\"},{\"@type\":\"ListItem\",\"position\":4,\"name\":\"Winterliche Tischdeko mit wundersch\u00f6nen Motiven\"}]},{\"@type\":\"WebSite\",\"@id\":\"https:\/\/www.tafeldeko.de\/news\/#website\",\"url\":\"https:\/\/www.tafeldeko.de\/news\/\",\"name\":\"Tafeldeko\",\"description\":\"Blog mit Tischdeko und Tischdekoration Ideen\",\"potentialAction\":[{\"@type\":\"SearchAction\",\"target\":{\"@type\":\"EntryPoint\",\"urlTemplate\":\"https:\/\/www.tafeldeko.de\/news\/?s={search_term_string}\"},\"query-input\":\"required name=search_term_string\"}],\"inLanguage\":\"de-DE\"},{\"@type\":\"Person\",\"@id\":\"https:\/\/www.tafeldeko.de\/news\/#\/schema\/person\/dc309fbb6a3e380919fc08342c3cc233\",\"name\":\"Tafeldeko Deko Team\",\"image\":{\"@type\":\"ImageObject\",\"inLanguage\":\"de-DE\",\"@id\":\"https:\/\/www.tafeldeko.de\/news\/#\/schema\/person\/image\/\",\"url\":\"https:\/\/secure.gravatar.com\/avatar\/1e962f4040dc9996f0d200db31598854?s=96&d=mm&r=g\",\"contentUrl\":\"https:\/\/secure.gravatar.com\/avatar\/1e962f4040dc9996f0d200db31598854?s=96&d=mm&r=g\",\"caption\":\"Tafeldeko Deko Team\"}}]}<\/script>\n<!-- \/ Yoast SEO plugin. -->","yoast_head_json":{"title":"Winterliche Tischdeko mit wundersch\u00f6nen Motiven - Tafeldeko","description":"Wenn es drau\u00dfen nass, grau und kalt ist, kann die eine oder andere sch\u00f6ne winterliche Tischdeko wundersch\u00f6ne Motive f\u00fcr einen wundersch\u00f6nen..","robots":{"index":"index","follow":"follow","max-snippet":"max-snippet:-1","max-image-preview":"max-image-preview:large","max-video-preview":"max-video-preview:-1"},"canonical":"https:\/\/www.tafeldeko.de\/news\/winterliche-tischdeko-mit-wunderschoenen-motiven\/","og_locale":"de_DE","og_type":"article","og_title":"Winterliche Tischdeko mit wundersch\u00f6nen Motiven - Tafeldeko","og_description":"Wenn es drau\u00dfen nass, grau und kalt ist, kann die eine oder andere sch\u00f6ne winterliche Tischdeko wundersch\u00f6ne Motive f\u00fcr einen wundersch\u00f6nen..","og_url":"https:\/\/www.tafeldeko.de\/news\/winterliche-tischdeko-mit-wunderschoenen-motiven\/","og_site_name":"Tafeldeko","article_publisher":"https:\/\/www.facebook.com\/pages\/Tafeldeko-einzigartige-Tischdekoration\/174202655894","article_published_time":"2015-12-18T19:43:03+00:00","article_modified_time":"2022-11-11T08:05:56+00:00","og_image":[{"width":250,"height":250,"url":"https:\/\/www.tafeldeko.de\/news\/wp-content\/uploads\/2015\/12\/kerze_wintervoegel.jpg","type":"image\/jpeg"}],"author":"Tafeldeko Deko Team","twitter_misc":{"Verfasst von":"Tafeldeko Deko Team","Gesch\u00e4tzte Lesezeit":"3 Minuten"},"schema":{"@context":"https:\/\/schema.org","@graph":[{"@type":"WebPage","@id":"https:\/\/www.tafeldeko.de\/news\/winterliche-tischdeko-mit-wunderschoenen-motiven\/","url":"https:\/\/www.tafeldeko.de\/news\/winterliche-tischdeko-mit-wunderschoenen-motiven\/","name":"Winterliche Tischdeko mit wundersch\u00f6nen Motiven - Tafeldeko","isPartOf":{"@id":"https:\/\/www.tafeldeko.de\/news\/#website"},"datePublished":"2015-12-18T19:43:03+00:00","dateModified":"2022-11-11T08:05:56+00:00","author":{"@id":"https:\/\/www.tafeldeko.de\/news\/#\/schema\/person\/dc309fbb6a3e380919fc08342c3cc233"},"description":"Wenn es drau\u00dfen nass, grau und kalt ist, kann die eine oder andere sch\u00f6ne winterliche Tischdeko wundersch\u00f6ne Motive f\u00fcr einen wundersch\u00f6nen..","breadcrumb":{"@id":"https:\/\/www.tafeldeko.de\/news\/winterliche-tischdeko-mit-wunderschoenen-motiven\/#breadcrumb"},"inLanguage":"de-DE","potentialAction":[{"@type":"ReadAction","target":["https:\/\/www.tafeldeko.de\/news\/winterliche-tischdeko-mit-wunderschoenen-motiven\/"]}]},{"@type":"BreadcrumbList","@id":"https:\/\/www.tafeldeko.de\/news\/winterliche-tischdeko-mit-wunderschoenen-motiven\/#breadcrumb","itemListElement":[{"@type":"ListItem","position":1,"name":"Tafeldeko","item":"https:\/\/www.tafeldeko.de\/news\/"},{"@type":"ListItem","position":2,"name":"Alte Beitr\u00e4ge","item":"https:\/\/www.tafeldeko.de\/news\/alte-beitraege\/"},{"@type":"ListItem","position":3,"name":"Tischdeko - Blog","item":"https:\/\/www.tafeldeko.de\/news\/alte-beitraege\/tischdeko-blog\/"},{"@type":"ListItem","position":4,"name":"Winterliche Tischdeko mit wundersch\u00f6nen Motiven"}]},{"@type":"WebSite","@id":"https:\/\/www.tafeldeko.de\/news\/#website","url":"https:\/\/www.tafeldeko.de\/news\/","name":"Tafeldeko","description":"Blog mit Tischdeko und Tischdekoration Ideen","potentialAction":[{"@type":"SearchAction","target":{"@type":"EntryPoint","urlTemplate":"https:\/\/www.tafeldeko.de\/news\/?s={search_term_string}"},"query-input":"required name=search_term_string"}],"inLanguage":"de-DE"},{"@type":"Person","@id":"https:\/\/www.tafeldeko.de\/news\/#\/schema\/person\/dc309fbb6a3e380919fc08342c3cc233","name":"Tafeldeko Deko Team","image":{"@type":"ImageObject","inLanguage":"de-DE","@id":"https:\/\/www.tafeldeko.de\/news\/#\/schema\/person\/image\/","url":"https:\/\/secure.gravatar.com\/avatar\/1e962f4040dc9996f0d200db31598854?s=96&d=mm&r=g","contentUrl":"https:\/\/secure.gravatar.com\/avatar\/1e962f4040dc9996f0d200db31598854?s=96&d=mm&r=g","caption":"Tafeldeko Deko Team"}}]}},"_links":{"self":[{"href":"https:\/\/www.tafeldeko.de\/news\/wp-json\/wp\/v2\/posts\/6878"}],"collection":[{"href":"https:\/\/www.tafeldeko.de\/news\/wp-json\/wp\/v2\/posts"}],"about":[{"href":"https:\/\/www.tafeldeko.de\/news\/wp-json\/wp\/v2\/types\/post"}],"author":[{"embeddable":true,"href":"https:\/\/www.tafeldeko.de\/news\/wp-json\/wp\/v2\/users\/6"}],"replies":[{"embeddable":true,"href":"https:\/\/www.tafeldeko.de\/news\/wp-json\/wp\/v2\/comments?post=6878"}],"version-history":[{"count":6,"href":"https:\/\/www.tafeldeko.de\/news\/wp-json\/wp\/v2\/posts\/6878\/revisions"}],"predecessor-version":[{"id":21323,"href":"https:\/\/www.tafeldeko.de\/news\/wp-json\/wp\/v2\/posts\/6878\/revisions\/21323"}],"wp:featuredmedia":[{"embeddable":true,"href":"https:\/\/www.tafeldeko.de\/news\/wp-json\/wp\/v2\/media\/6879"}],"wp:attachment":[{"href":"https:\/\/www.tafeldeko.de\/news\/wp-json\/wp\/v2\/media?parent=6878"}],"wp:term":[{"taxonomy":"category","embeddable":true,"href":"https:\/\/www.tafeldeko.de\/news\/wp-json\/wp\/v2\/categories?post=6878"},{"taxonomy":"post_tag","embeddable":true,"href":"https:\/\/www.tafeldeko.de\/news\/wp-json\/wp\/v2\/tags?post=6878"}],"curies":[{"name":"wp","href":"https:\/\/api.w.org\/{rel}","templated":true}]}}