{"id":6872,"date":"2015-12-13T15:57:56","date_gmt":"2015-12-13T13:57:56","guid":{"rendered":"http:\/\/www.tafeldeko.de\/news\/?p=6872"},"modified":"2022-11-11T09:14:21","modified_gmt":"2022-11-11T08:14:21","slug":"tischdeko-weihnachtszeit-funkelnd-schoen","status":"publish","type":"post","link":"https:\/\/www.tafeldeko.de\/news\/tischdeko-weihnachtszeit-funkelnd-schoen\/","title":{"rendered":"Tischdeko Weihnachtszeit \u2013 funkelnd sch\u00f6n"},"content":{"rendered":"<p>Die \u201e<strong>Tischdeko Weihnachtszeit<\/strong>\u201c stellt eine tolle Basis her, denn zur Weihnachtszeit kann man sein Zuhause in ein funkelndes Reich verzaubern. Es k\u00f6nnen ganz unterschiedliche Deko-Artikel zum Einsatz kommen und so arrangiert werden, bis man mit dem Endergebnis zufrieden ist.<br \/>\nWer sich eine <strong>funkelnde und glitzernde Tischdeko<\/strong> Weihnachtszeit w\u00fcnscht, wird diese auch gestalten k\u00f6nnen und dies nicht nur f\u00fcr sich selbst, sondern auch f\u00fcr seine Familie und seine G\u00e4ste. L\u00e4dt man beispielsweise seine Liebsten zum Weihnachtsbrunch ein oder auf eine Tasse Gl\u00fchwein, dann darf die Tischdeko ganz gewiss nicht fehlen.<\/p>\n<p><img decoding=\"async\" loading=\"lazy\" src=\"https:\/\/www.tafeldeko.de\/news\/wp-content\/uploads\/2016\/10\/adventskranz-goldener-advent-slider-2-1024x534.jpg\" sizes=\"(max-width: 800px) 100vw, 800px\" srcset=\"https:\/\/www.tafeldeko.de\/news\/wp-content\/uploads\/2016\/10\/adventskranz-goldener-advent-slider-2-1024x534.jpg 1024w, https:\/\/www.tafeldeko.de\/news\/wp-content\/uploads\/2016\/10\/adventskranz-goldener-advent-slider-2-300x157.jpg 300w, https:\/\/www.tafeldeko.de\/news\/wp-content\/uploads\/2016\/10\/adventskranz-goldener-advent-slider-2-768x401.jpg 768w, https:\/\/www.tafeldeko.de\/news\/wp-content\/uploads\/2016\/10\/adventskranz-goldener-advent-slider-2-640x334.jpg 640w, https:\/\/www.tafeldeko.de\/news\/wp-content\/uploads\/2016\/10\/adventskranz-goldener-advent-slider-2.jpg 1150w\" alt=\"Tischdeko Weihnachtszeit\" width=\"800\" height=\"417\" \/><\/p>\n<h2>Tischdeko Weihnachtszeit &#8211; was darf kombiniert werden?<\/h2>\n<p>Auf diese Frage gibt es weder ein Falsch, noch ein Richtig. Schlie\u00dflich kann jeder selbst entscheiden, was er f\u00fcr sch\u00f6n und passend empfindet. Die Tischdeko Weihnachtszeit kann durchaus funkelnde Elemente enthalten, kann allerdings auch schlicht und neutral gehalten sein. Da kann man seiner Fantasie vollkommen freien Lauf lassen.<br \/>\nM\u00f6chte man von den typischen Weihnachtsutensilien Abstand nehmen, wie zum Beispiel einem runden Adventskranz, der kann hier eine tolle Idee finden. <strong>Tradition<\/strong> hin oder her &#8211; manchmal wird es allerh\u00f6chste Zeit f\u00fcr etwas Neues.<br \/>\nWie w\u00e4re es mit dem Artikel \u201eAdventskranzgestell mit 4 Kerzentellern f\u00fcr die <a href=\"https:\/\/www.tafeldeko.de\" target=\"_blank\" rel=\"noopener\"><strong>Tischdeko<\/strong><\/a>?\u201c Mit den entsprechenden dekorativen Accessoires kann man einen au\u00dfergew\u00f6hnlichen Adventskranz kreieren, den gewiss nicht jeder hat. Nach Belieben kann man das Gestell mit weihnachtlichen Accessoires, wie Tannenzweigen, Christbaumkugeln, Dekofiguren in Form von Elchen und Rehen oder auch zus\u00e4tzliche Lichtelemente aufpeppen. Dar\u00fcber hinaus sind Weihnachtsm\u00e4nner, Schneem\u00e4nner oder Elfen ebenfalls etwas Sch\u00f6nes zum Dekorieren. Was nat\u00fcrlich nicht fehlen darf, das sind die dazu passenden Kerzen. Hat man sich auf eine farbliche Kombination festgelegt, sollte man sich dieser auch treu bleiben und die Kerzen farblich auf den Rest der Deko abstimmen. Nicht nur ein geschm\u00fcckter Tannenbaum ist etwas Sch\u00f6nes, sondern die Ideen sind weitaus vielf\u00e4ltiger.<br \/>\nEin weiterer Tipp zum oben genannten Artikel ist, dass sich dieser auch f\u00fcr die Fr\u00fchjahrs- oder Herbstdekoration eignet.<\/p>\n<h2>Weitere Beitr\u00e4ge:<\/h2>\n<h2>Dekoartikel von A-Z<\/h2>\n<p><a href=\"https:\/\/www.tafeldeko.de\/tischdeko-artikel\/\"><br \/>\nJetzt entdecken <\/a><\/p>\n","protected":false},"excerpt":{"rendered":"<p>Die \u201eTischdeko Weihnachtszeit\u201c stellt eine tolle Basis her, denn zur Weihnachtszeit kann man sein Zuhause in ein funkelndes Reich verzaubern. Es k\u00f6nnen ganz unterschiedliche Deko-Artikel zum Einsatz kommen und so arrangiert werden, bis man mit dem Endergebnis zufrieden ist. Wer sich eine funkelnde und glitzernde Tischdeko Weihnachtszeit w\u00fcnscht, wird diese auch gestalten k\u00f6nnen und dies [&hellip;]<\/p>\n","protected":false},"author":6,"featured_media":12878,"comment_status":"closed","ping_status":"closed","sticky":false,"template":"","format":"standard","meta":{"footnotes":""},"categories":[1],"tags":[],"yoast_head":"<!-- This site is optimized with the Yoast SEO plugin v20.4 - https:\/\/yoast.com\/wordpress\/plugins\/seo\/ -->\n<title>Tischdeko Weihnachtszeit \u2013 funkelnd sch\u00f6n - Tafeldeko<\/title>\n<meta name=\"description\" content=\"Tischdeko Weihnachtszeit - was darf kombiniert werden? Zu Weihnachten darf sozusagen alles auf dem Tisch arrangiert werden - funkelnd,...\" \/>\n<meta name=\"robots\" content=\"index, follow, max-snippet:-1, max-image-preview:large, max-video-preview:-1\" \/>\n<link rel=\"canonical\" href=\"https:\/\/www.tafeldeko.de\/news\/tischdeko-weihnachtszeit-funkelnd-schoen\/\" \/>\n<meta property=\"og:locale\" content=\"de_DE\" \/>\n<meta property=\"og:type\" content=\"article\" \/>\n<meta property=\"og:title\" content=\"Tischdeko Weihnachtszeit \u2013 funkelnd sch\u00f6n - Tafeldeko\" \/>\n<meta property=\"og:description\" content=\"Tischdeko Weihnachtszeit - was darf kombiniert werden? Zu Weihnachten darf sozusagen alles auf dem Tisch arrangiert werden - funkelnd,...\" \/>\n<meta property=\"og:url\" content=\"https:\/\/www.tafeldeko.de\/news\/tischdeko-weihnachtszeit-funkelnd-schoen\/\" \/>\n<meta property=\"og:site_name\" content=\"Tafeldeko\" \/>\n<meta property=\"article:publisher\" content=\"https:\/\/www.facebook.com\/pages\/Tafeldeko-einzigartige-Tischdekoration\/174202655894\" \/>\n<meta property=\"article:published_time\" content=\"2015-12-13T13:57:56+00:00\" \/>\n<meta property=\"article:modified_time\" content=\"2022-11-11T08:14:21+00:00\" \/>\n<meta property=\"og:image\" content=\"https:\/\/www.tafeldeko.de\/news\/wp-content\/uploads\/2016\/10\/adventskranz-goldener-advent-slider-2.jpg\" \/>\n\t<meta property=\"og:image:width\" content=\"1150\" \/>\n\t<meta property=\"og:image:height\" content=\"600\" \/>\n\t<meta property=\"og:image:type\" content=\"image\/jpeg\" \/>\n<meta name=\"author\" content=\"Tafeldeko Deko Team\" \/>\n<meta name=\"twitter:label1\" content=\"Verfasst von\" \/>\n\t<meta name=\"twitter:data1\" content=\"Tafeldeko Deko Team\" \/>\n\t<meta name=\"twitter:label2\" content=\"Gesch\u00e4tzte Lesezeit\" \/>\n\t<meta name=\"twitter:data2\" content=\"2 Minuten\" \/>\n<script type=\"application\/ld+json\" class=\"yoast-schema-graph\">{\"@context\":\"https:\/\/schema.org\",\"@graph\":[{\"@type\":\"WebPage\",\"@id\":\"https:\/\/www.tafeldeko.de\/news\/tischdeko-weihnachtszeit-funkelnd-schoen\/\",\"url\":\"https:\/\/www.tafeldeko.de\/news\/tischdeko-weihnachtszeit-funkelnd-schoen\/\",\"name\":\"Tischdeko Weihnachtszeit \u2013 funkelnd sch\u00f6n - Tafeldeko\",\"isPartOf\":{\"@id\":\"https:\/\/www.tafeldeko.de\/news\/#website\"},\"datePublished\":\"2015-12-13T13:57:56+00:00\",\"dateModified\":\"2022-11-11T08:14:21+00:00\",\"author\":{\"@id\":\"https:\/\/www.tafeldeko.de\/news\/#\/schema\/person\/dc309fbb6a3e380919fc08342c3cc233\"},\"description\":\"Tischdeko Weihnachtszeit - was darf kombiniert werden? Zu Weihnachten darf sozusagen alles auf dem Tisch arrangiert werden - funkelnd,...\",\"breadcrumb\":{\"@id\":\"https:\/\/www.tafeldeko.de\/news\/tischdeko-weihnachtszeit-funkelnd-schoen\/#breadcrumb\"},\"inLanguage\":\"de-DE\",\"potentialAction\":[{\"@type\":\"ReadAction\",\"target\":[\"https:\/\/www.tafeldeko.de\/news\/tischdeko-weihnachtszeit-funkelnd-schoen\/\"]}]},{\"@type\":\"BreadcrumbList\",\"@id\":\"https:\/\/www.tafeldeko.de\/news\/tischdeko-weihnachtszeit-funkelnd-schoen\/#breadcrumb\",\"itemListElement\":[{\"@type\":\"ListItem\",\"position\":1,\"name\":\"Tafeldeko\",\"item\":\"https:\/\/www.tafeldeko.de\/news\/\"},{\"@type\":\"ListItem\",\"position\":2,\"name\":\"Alte Beitr\u00e4ge\",\"item\":\"https:\/\/www.tafeldeko.de\/news\/alte-beitraege\/\"},{\"@type\":\"ListItem\",\"position\":3,\"name\":\"Tischdeko - Blog\",\"item\":\"https:\/\/www.tafeldeko.de\/news\/alte-beitraege\/tischdeko-blog\/\"},{\"@type\":\"ListItem\",\"position\":4,\"name\":\"Tischdeko Weihnachtszeit \u2013 funkelnd sch\u00f6n\"}]},{\"@type\":\"WebSite\",\"@id\":\"https:\/\/www.tafeldeko.de\/news\/#website\",\"url\":\"https:\/\/www.tafeldeko.de\/news\/\",\"name\":\"Tafeldeko\",\"description\":\"Blog mit Tischdeko und Tischdekoration Ideen\",\"potentialAction\":[{\"@type\":\"SearchAction\",\"target\":{\"@type\":\"EntryPoint\",\"urlTemplate\":\"https:\/\/www.tafeldeko.de\/news\/?s={search_term_string}\"},\"query-input\":\"required name=search_term_string\"}],\"inLanguage\":\"de-DE\"},{\"@type\":\"Person\",\"@id\":\"https:\/\/www.tafeldeko.de\/news\/#\/schema\/person\/dc309fbb6a3e380919fc08342c3cc233\",\"name\":\"Tafeldeko Deko Team\",\"image\":{\"@type\":\"ImageObject\",\"inLanguage\":\"de-DE\",\"@id\":\"https:\/\/www.tafeldeko.de\/news\/#\/schema\/person\/image\/\",\"url\":\"https:\/\/secure.gravatar.com\/avatar\/1e962f4040dc9996f0d200db31598854?s=96&d=mm&r=g\",\"contentUrl\":\"https:\/\/secure.gravatar.com\/avatar\/1e962f4040dc9996f0d200db31598854?s=96&d=mm&r=g\",\"caption\":\"Tafeldeko Deko Team\"}}]}<\/script>\n<!-- \/ Yoast SEO plugin. -->","yoast_head_json":{"title":"Tischdeko Weihnachtszeit \u2013 funkelnd sch\u00f6n - Tafeldeko","description":"Tischdeko Weihnachtszeit - was darf kombiniert werden? Zu Weihnachten darf sozusagen alles auf dem Tisch arrangiert werden - funkelnd,...","robots":{"index":"index","follow":"follow","max-snippet":"max-snippet:-1","max-image-preview":"max-image-preview:large","max-video-preview":"max-video-preview:-1"},"canonical":"https:\/\/www.tafeldeko.de\/news\/tischdeko-weihnachtszeit-funkelnd-schoen\/","og_locale":"de_DE","og_type":"article","og_title":"Tischdeko Weihnachtszeit \u2013 funkelnd sch\u00f6n - Tafeldeko","og_description":"Tischdeko Weihnachtszeit - was darf kombiniert werden? Zu Weihnachten darf sozusagen alles auf dem Tisch arrangiert werden - funkelnd,...","og_url":"https:\/\/www.tafeldeko.de\/news\/tischdeko-weihnachtszeit-funkelnd-schoen\/","og_site_name":"Tafeldeko","article_publisher":"https:\/\/www.facebook.com\/pages\/Tafeldeko-einzigartige-Tischdekoration\/174202655894","article_published_time":"2015-12-13T13:57:56+00:00","article_modified_time":"2022-11-11T08:14:21+00:00","og_image":[{"width":1150,"height":600,"url":"https:\/\/www.tafeldeko.de\/news\/wp-content\/uploads\/2016\/10\/adventskranz-goldener-advent-slider-2.jpg","type":"image\/jpeg"}],"author":"Tafeldeko Deko Team","twitter_misc":{"Verfasst von":"Tafeldeko Deko Team","Gesch\u00e4tzte Lesezeit":"2 Minuten"},"schema":{"@context":"https:\/\/schema.org","@graph":[{"@type":"WebPage","@id":"https:\/\/www.tafeldeko.de\/news\/tischdeko-weihnachtszeit-funkelnd-schoen\/","url":"https:\/\/www.tafeldeko.de\/news\/tischdeko-weihnachtszeit-funkelnd-schoen\/","name":"Tischdeko Weihnachtszeit \u2013 funkelnd sch\u00f6n - Tafeldeko","isPartOf":{"@id":"https:\/\/www.tafeldeko.de\/news\/#website"},"datePublished":"2015-12-13T13:57:56+00:00","dateModified":"2022-11-11T08:14:21+00:00","author":{"@id":"https:\/\/www.tafeldeko.de\/news\/#\/schema\/person\/dc309fbb6a3e380919fc08342c3cc233"},"description":"Tischdeko Weihnachtszeit - was darf kombiniert werden? Zu Weihnachten darf sozusagen alles auf dem Tisch arrangiert werden - funkelnd,...","breadcrumb":{"@id":"https:\/\/www.tafeldeko.de\/news\/tischdeko-weihnachtszeit-funkelnd-schoen\/#breadcrumb"},"inLanguage":"de-DE","potentialAction":[{"@type":"ReadAction","target":["https:\/\/www.tafeldeko.de\/news\/tischdeko-weihnachtszeit-funkelnd-schoen\/"]}]},{"@type":"BreadcrumbList","@id":"https:\/\/www.tafeldeko.de\/news\/tischdeko-weihnachtszeit-funkelnd-schoen\/#breadcrumb","itemListElement":[{"@type":"ListItem","position":1,"name":"Tafeldeko","item":"https:\/\/www.tafeldeko.de\/news\/"},{"@type":"ListItem","position":2,"name":"Alte Beitr\u00e4ge","item":"https:\/\/www.tafeldeko.de\/news\/alte-beitraege\/"},{"@type":"ListItem","position":3,"name":"Tischdeko - Blog","item":"https:\/\/www.tafeldeko.de\/news\/alte-beitraege\/tischdeko-blog\/"},{"@type":"ListItem","position":4,"name":"Tischdeko Weihnachtszeit \u2013 funkelnd sch\u00f6n"}]},{"@type":"WebSite","@id":"https:\/\/www.tafeldeko.de\/news\/#website","url":"https:\/\/www.tafeldeko.de\/news\/","name":"Tafeldeko","description":"Blog mit Tischdeko und Tischdekoration Ideen","potentialAction":[{"@type":"SearchAction","target":{"@type":"EntryPoint","urlTemplate":"https:\/\/www.tafeldeko.de\/news\/?s={search_term_string}"},"query-input":"required name=search_term_string"}],"inLanguage":"de-DE"},{"@type":"Person","@id":"https:\/\/www.tafeldeko.de\/news\/#\/schema\/person\/dc309fbb6a3e380919fc08342c3cc233","name":"Tafeldeko Deko Team","image":{"@type":"ImageObject","inLanguage":"de-DE","@id":"https:\/\/www.tafeldeko.de\/news\/#\/schema\/person\/image\/","url":"https:\/\/secure.gravatar.com\/avatar\/1e962f4040dc9996f0d200db31598854?s=96&d=mm&r=g","contentUrl":"https:\/\/secure.gravatar.com\/avatar\/1e962f4040dc9996f0d200db31598854?s=96&d=mm&r=g","caption":"Tafeldeko Deko Team"}}]}},"_links":{"self":[{"href":"https:\/\/www.tafeldeko.de\/news\/wp-json\/wp\/v2\/posts\/6872"}],"collection":[{"href":"https:\/\/www.tafeldeko.de\/news\/wp-json\/wp\/v2\/posts"}],"about":[{"href":"https:\/\/www.tafeldeko.de\/news\/wp-json\/wp\/v2\/types\/post"}],"author":[{"embeddable":true,"href":"https:\/\/www.tafeldeko.de\/news\/wp-json\/wp\/v2\/users\/6"}],"replies":[{"embeddable":true,"href":"https:\/\/www.tafeldeko.de\/news\/wp-json\/wp\/v2\/comments?post=6872"}],"version-history":[{"count":6,"href":"https:\/\/www.tafeldeko.de\/news\/wp-json\/wp\/v2\/posts\/6872\/revisions"}],"predecessor-version":[{"id":21333,"href":"https:\/\/www.tafeldeko.de\/news\/wp-json\/wp\/v2\/posts\/6872\/revisions\/21333"}],"wp:featuredmedia":[{"embeddable":true,"href":"https:\/\/www.tafeldeko.de\/news\/wp-json\/wp\/v2\/media\/12878"}],"wp:attachment":[{"href":"https:\/\/www.tafeldeko.de\/news\/wp-json\/wp\/v2\/media?parent=6872"}],"wp:term":[{"taxonomy":"category","embeddable":true,"href":"https:\/\/www.tafeldeko.de\/news\/wp-json\/wp\/v2\/categories?post=6872"},{"taxonomy":"post_tag","embeddable":true,"href":"https:\/\/www.tafeldeko.de\/news\/wp-json\/wp\/v2\/tags?post=6872"}],"curies":[{"name":"wp","href":"https:\/\/api.w.org\/{rel}","templated":true}]}}