{"id":6841,"date":"2015-11-18T19:04:47","date_gmt":"2015-11-18T17:04:47","guid":{"rendered":"http:\/\/www.tafeldeko.de\/news\/?p=6841"},"modified":"2023-07-12T07:33:42","modified_gmt":"2023-07-12T06:33:42","slug":"geburtstagseinladung-selbst-gestalten","status":"publish","type":"post","link":"https:\/\/www.tafeldeko.de\/news\/geburtstagseinladung-selbst-gestalten\/","title":{"rendered":"Geburtstagseinladung &#8211; selbst gestalten?"},"content":{"rendered":"<p>Geburtstagseinladung selbst gestalten &#8211; Steht ein besonderes Ereignis in Form eines Geburtstags bevor, das man entsprechend feiern m\u00f6chte, ist eine <strong>Geburtstagseinladung<\/strong> eine sinnvolle Sache. Mit der Einladung zum Geburtstag teilt man den G\u00e4sten mit, wann, um wie viel Uhr und wo die gro\u00dfe Geburtstagsfeier steigt. Neben den wichtigen Eckdaten auf der Geburtstagseinladung k\u00f6nnen auch entsprechende Geschenkew\u00fcnsche des Geburtstagskindes bereits mitgeteilt werden.<br \/>Bei der Geburtstagseinladung gibt es entsprechende M\u00f6glichkeiten, den G\u00e4sten alles Wichtige mitzuteilen, entweder in Form von fertigen <strong>Einladungskarten<\/strong> oder selbst gestalteten Karten. Wie Sie Ihre G\u00e4ste einladen, liegt nat\u00fcrlich an Ihnen und Ihrer Kreativit\u00e4t. Wer minimalistisch veranlagt ist, wird auf eine ebensolche minimalistische Geburtstagseinladung zur\u00fcckgreifen. Wer lieber die etwas pomp\u00f6sere Geburtstagseinladung m\u00f6chte, sollte eigene Kreationen in Erw\u00e4gung ziehen.<\/p>\n<p>\t\t\t\t\t\t\t\t\t\t\t\t<img decoding=\"async\" width=\"500\" height=\"500\" src=\"https:\/\/www.tafeldeko.de\/news\/wp-content\/uploads\/2018\/03\/einladungskarte-fruehling-ostern-schmetterlinge-farbauswahl-mint1.jpg\" alt=\"Geburtstagseinladung selbst gestalten\" loading=\"lazy\" srcset=\"https:\/\/www.tafeldeko.de\/news\/wp-content\/uploads\/2018\/03\/einladungskarte-fruehling-ostern-schmetterlinge-farbauswahl-mint1.jpg 500w, https:\/\/www.tafeldeko.de\/news\/wp-content\/uploads\/2018\/03\/einladungskarte-fruehling-ostern-schmetterlinge-farbauswahl-mint1-300x300.jpg 300w, https:\/\/www.tafeldeko.de\/news\/wp-content\/uploads\/2018\/03\/einladungskarte-fruehling-ostern-schmetterlinge-farbauswahl-mint1-150x150.jpg 150w\" sizes=\"(max-width: 500px) 100vw, 500px\" \/>\t\t\t\t\t\t\t\t\t\t\t\t\t\t<\/p>\n<h2>Die M\u00f6glichkeiten der Geburtstagseinladung<\/h2>\n<p>Wie bereits erw\u00e4hnt, kann man auf fertige Einladungskarten zur\u00fcckgreifen. Darauf sind die &#8220;Eckdaten&#8221;, die f\u00fcr die G\u00e4ste wichtig sind, bereits feldm\u00e4\u00dfig aufgef\u00fchrt &#8211; ein Eintragen der entsprechenden Daten stellt die Geburtstagseinladung fertig.<br \/>Dagegen bieten selbst gestaltete Geburtstagseinladungen etwas mehr Individualit\u00e4t und kommen in aller Regel bei den eingeladenen G\u00e4sten weitaus besser an. Selbst gestaltete Geburtstagseinladungen zeigen eben eine gewisse <strong>Wertsch\u00e4tzung<\/strong> gegen\u00fcber den Personen, spricht daf\u00fcr, dass man einen ganz besonderen Tag verleben m\u00f6chte.<br \/>Bei den selbst gestalteten Geburtstagseinladungen bieten sich nat\u00fcrlich ebenfalls verschiedene M\u00f6glichkeiten &#8211; so kann man &#8220;von Hand&#8221; die Geburtstagseinladung gestalten, als Basis kann bunter Tonkarton dienen. Die andere Variante, die Geburtstagseinladung zu gestalten, ist mit dem Computer. Mit einem entsprechenden Programm kann die ganz <strong>eigene Einladung<\/strong> gestaltet werden. Diese kann man dann selbst ausdrucken oder in eine Druckerei zum Druck geben. Bei dieser Art der Geburtstagseinladung stehen Ihnen im Netz diverse Vorlagen zur Verf\u00fcgung, die Sie nach Ihren Vorstellungen anpassen k\u00f6nnen. So haben Sie im Handumdrehen eine tolle Geburtstagseinladung kreiert, die Sie dann an die G\u00e4ste verteilen k\u00f6nnen.<br \/>Wer es sich ganz einfach machen m\u00f6chte, kann die Gestaltung und den Druck der Geburtstagseinladung komplett abgeben.<br \/>F\u00fcr welche Art der Gestaltung der Geburtstagseinladung Sie sich entscheiden &#8211; wir w\u00fcnschen Ihnen einen wundervollen <a href=\"https:\/\/www.tafeldeko.de\" target=\"_blank\" rel=\"noopener\"><strong>Geburtstag<\/strong><\/a>.<\/p>\n<p>\t\t\t<a href=\"https:\/\/www.tafeldeko.de\/tischdeko-geburtstag\/\"><br \/>\n\t\t\t\t\t\tZum Shop<br \/>\n\t\t\t\t\t<\/a><\/p>\n<h2>Weitere Beitr\u00e4ge die dir gefallen k\u00f6nnten:<\/h2>\n<h2>Mustertische f\u00fcr eine gelungene Geburtstagsfeier<\/h2>\n<p>\t\t\t\t\t<a href=\"https:\/\/www.tafeldeko.de\/tischdeko-ideen\/geburtstag-tischdeko\/\"><br \/>\n\t\t\t\t\t\tJetzt entdecken!\t\t\t\t\t<\/a><\/p>\n","protected":false},"excerpt":{"rendered":"<p>Geburtstagseinladung selbst gestalten &#8211; Steht ein besonderes Ereignis in Form eines Geburtstags bevor, das man entsprechend feiern m\u00f6chte, ist eine Geburtstagseinladung eine sinnvolle Sache. Mit der Einladung zum Geburtstag teilt man den G\u00e4sten mit, wann, um wie viel Uhr und wo die gro\u00dfe Geburtstagsfeier steigt. Neben den wichtigen Eckdaten auf der Geburtstagseinladung k\u00f6nnen auch entsprechende [&hellip;]<\/p>\n","protected":false},"author":6,"featured_media":0,"comment_status":"closed","ping_status":"closed","sticky":false,"template":"","format":"standard","meta":{"footnotes":""},"categories":[1],"tags":[],"yoast_head":"<!-- This site is optimized with the Yoast SEO plugin v20.4 - https:\/\/yoast.com\/wordpress\/plugins\/seo\/ -->\n<title>Geburtstagseinladung - selbst gestalten? - Tafeldeko<\/title>\n<meta name=\"description\" content=\"Geburtstagseinladung selbst gestalten - Steht ein besonderes Ereignis in Form eines Geburtstags bevor, das man entsprechend feiern m\u00f6chte, ist eine\" \/>\n<meta name=\"robots\" content=\"index, follow, max-snippet:-1, max-image-preview:large, max-video-preview:-1\" \/>\n<link rel=\"canonical\" href=\"https:\/\/www.tafeldeko.de\/news\/geburtstagseinladung-selbst-gestalten\/\" \/>\n<meta property=\"og:locale\" content=\"de_DE\" \/>\n<meta property=\"og:type\" content=\"article\" \/>\n<meta property=\"og:title\" content=\"Geburtstagseinladung - selbst gestalten? - Tafeldeko\" \/>\n<meta property=\"og:description\" content=\"Geburtstagseinladung selbst gestalten - Steht ein besonderes Ereignis in Form eines Geburtstags bevor, das man entsprechend feiern m\u00f6chte, ist eine\" \/>\n<meta property=\"og:url\" content=\"https:\/\/www.tafeldeko.de\/news\/geburtstagseinladung-selbst-gestalten\/\" \/>\n<meta property=\"og:site_name\" content=\"Tafeldeko\" \/>\n<meta property=\"article:publisher\" content=\"https:\/\/www.facebook.com\/pages\/Tafeldeko-einzigartige-Tischdekoration\/174202655894\" \/>\n<meta property=\"article:published_time\" content=\"2015-11-18T17:04:47+00:00\" \/>\n<meta property=\"article:modified_time\" content=\"2023-07-12T06:33:42+00:00\" \/>\n<meta property=\"og:image\" content=\"https:\/\/www.tafeldeko.de\/news\/wp-content\/uploads\/2018\/03\/einladungskarte-fruehling-ostern-schmetterlinge-farbauswahl-mint1.jpg\" \/>\n<meta name=\"author\" content=\"Tafeldeko Deko Team\" \/>\n<meta name=\"twitter:label1\" content=\"Verfasst von\" \/>\n\t<meta name=\"twitter:data1\" content=\"Tafeldeko Deko Team\" \/>\n\t<meta name=\"twitter:label2\" content=\"Gesch\u00e4tzte Lesezeit\" \/>\n\t<meta name=\"twitter:data2\" content=\"4 Minuten\" \/>\n<script type=\"application\/ld+json\" class=\"yoast-schema-graph\">{\"@context\":\"https:\/\/schema.org\",\"@graph\":[{\"@type\":\"WebPage\",\"@id\":\"https:\/\/www.tafeldeko.de\/news\/geburtstagseinladung-selbst-gestalten\/\",\"url\":\"https:\/\/www.tafeldeko.de\/news\/geburtstagseinladung-selbst-gestalten\/\",\"name\":\"Geburtstagseinladung - selbst gestalten? - Tafeldeko\",\"isPartOf\":{\"@id\":\"https:\/\/www.tafeldeko.de\/news\/#website\"},\"datePublished\":\"2015-11-18T17:04:47+00:00\",\"dateModified\":\"2023-07-12T06:33:42+00:00\",\"author\":{\"@id\":\"https:\/\/www.tafeldeko.de\/news\/#\/schema\/person\/dc309fbb6a3e380919fc08342c3cc233\"},\"description\":\"Geburtstagseinladung selbst gestalten - Steht ein besonderes Ereignis in Form eines Geburtstags bevor, das man entsprechend feiern m\u00f6chte, ist eine\",\"breadcrumb\":{\"@id\":\"https:\/\/www.tafeldeko.de\/news\/geburtstagseinladung-selbst-gestalten\/#breadcrumb\"},\"inLanguage\":\"de-DE\",\"potentialAction\":[{\"@type\":\"ReadAction\",\"target\":[\"https:\/\/www.tafeldeko.de\/news\/geburtstagseinladung-selbst-gestalten\/\"]}]},{\"@type\":\"BreadcrumbList\",\"@id\":\"https:\/\/www.tafeldeko.de\/news\/geburtstagseinladung-selbst-gestalten\/#breadcrumb\",\"itemListElement\":[{\"@type\":\"ListItem\",\"position\":1,\"name\":\"Tafeldeko\",\"item\":\"https:\/\/www.tafeldeko.de\/news\/\"},{\"@type\":\"ListItem\",\"position\":2,\"name\":\"Alte Beitr\u00e4ge\",\"item\":\"https:\/\/www.tafeldeko.de\/news\/alte-beitraege\/\"},{\"@type\":\"ListItem\",\"position\":3,\"name\":\"Tischdeko - Blog\",\"item\":\"https:\/\/www.tafeldeko.de\/news\/alte-beitraege\/tischdeko-blog\/\"},{\"@type\":\"ListItem\",\"position\":4,\"name\":\"Geburtstagseinladung &#8211; selbst gestalten?\"}]},{\"@type\":\"WebSite\",\"@id\":\"https:\/\/www.tafeldeko.de\/news\/#website\",\"url\":\"https:\/\/www.tafeldeko.de\/news\/\",\"name\":\"Tafeldeko\",\"description\":\"Blog mit Tischdeko und Tischdekoration Ideen\",\"potentialAction\":[{\"@type\":\"SearchAction\",\"target\":{\"@type\":\"EntryPoint\",\"urlTemplate\":\"https:\/\/www.tafeldeko.de\/news\/?s={search_term_string}\"},\"query-input\":\"required name=search_term_string\"}],\"inLanguage\":\"de-DE\"},{\"@type\":\"Person\",\"@id\":\"https:\/\/www.tafeldeko.de\/news\/#\/schema\/person\/dc309fbb6a3e380919fc08342c3cc233\",\"name\":\"Tafeldeko Deko Team\",\"image\":{\"@type\":\"ImageObject\",\"inLanguage\":\"de-DE\",\"@id\":\"https:\/\/www.tafeldeko.de\/news\/#\/schema\/person\/image\/\",\"url\":\"https:\/\/secure.gravatar.com\/avatar\/1e962f4040dc9996f0d200db31598854?s=96&d=mm&r=g\",\"contentUrl\":\"https:\/\/secure.gravatar.com\/avatar\/1e962f4040dc9996f0d200db31598854?s=96&d=mm&r=g\",\"caption\":\"Tafeldeko Deko Team\"}}]}<\/script>\n<!-- \/ Yoast SEO plugin. -->","yoast_head_json":{"title":"Geburtstagseinladung - selbst gestalten? - Tafeldeko","description":"Geburtstagseinladung selbst gestalten - Steht ein besonderes Ereignis in Form eines Geburtstags bevor, das man entsprechend feiern m\u00f6chte, ist eine","robots":{"index":"index","follow":"follow","max-snippet":"max-snippet:-1","max-image-preview":"max-image-preview:large","max-video-preview":"max-video-preview:-1"},"canonical":"https:\/\/www.tafeldeko.de\/news\/geburtstagseinladung-selbst-gestalten\/","og_locale":"de_DE","og_type":"article","og_title":"Geburtstagseinladung - selbst gestalten? - Tafeldeko","og_description":"Geburtstagseinladung selbst gestalten - Steht ein besonderes Ereignis in Form eines Geburtstags bevor, das man entsprechend feiern m\u00f6chte, ist eine","og_url":"https:\/\/www.tafeldeko.de\/news\/geburtstagseinladung-selbst-gestalten\/","og_site_name":"Tafeldeko","article_publisher":"https:\/\/www.facebook.com\/pages\/Tafeldeko-einzigartige-Tischdekoration\/174202655894","article_published_time":"2015-11-18T17:04:47+00:00","article_modified_time":"2023-07-12T06:33:42+00:00","og_image":[{"url":"https:\/\/www.tafeldeko.de\/news\/wp-content\/uploads\/2018\/03\/einladungskarte-fruehling-ostern-schmetterlinge-farbauswahl-mint1.jpg"}],"author":"Tafeldeko Deko Team","twitter_misc":{"Verfasst von":"Tafeldeko Deko Team","Gesch\u00e4tzte Lesezeit":"4 Minuten"},"schema":{"@context":"https:\/\/schema.org","@graph":[{"@type":"WebPage","@id":"https:\/\/www.tafeldeko.de\/news\/geburtstagseinladung-selbst-gestalten\/","url":"https:\/\/www.tafeldeko.de\/news\/geburtstagseinladung-selbst-gestalten\/","name":"Geburtstagseinladung - selbst gestalten? - Tafeldeko","isPartOf":{"@id":"https:\/\/www.tafeldeko.de\/news\/#website"},"datePublished":"2015-11-18T17:04:47+00:00","dateModified":"2023-07-12T06:33:42+00:00","author":{"@id":"https:\/\/www.tafeldeko.de\/news\/#\/schema\/person\/dc309fbb6a3e380919fc08342c3cc233"},"description":"Geburtstagseinladung selbst gestalten - Steht ein besonderes Ereignis in Form eines Geburtstags bevor, das man entsprechend feiern m\u00f6chte, ist eine","breadcrumb":{"@id":"https:\/\/www.tafeldeko.de\/news\/geburtstagseinladung-selbst-gestalten\/#breadcrumb"},"inLanguage":"de-DE","potentialAction":[{"@type":"ReadAction","target":["https:\/\/www.tafeldeko.de\/news\/geburtstagseinladung-selbst-gestalten\/"]}]},{"@type":"BreadcrumbList","@id":"https:\/\/www.tafeldeko.de\/news\/geburtstagseinladung-selbst-gestalten\/#breadcrumb","itemListElement":[{"@type":"ListItem","position":1,"name":"Tafeldeko","item":"https:\/\/www.tafeldeko.de\/news\/"},{"@type":"ListItem","position":2,"name":"Alte Beitr\u00e4ge","item":"https:\/\/www.tafeldeko.de\/news\/alte-beitraege\/"},{"@type":"ListItem","position":3,"name":"Tischdeko - Blog","item":"https:\/\/www.tafeldeko.de\/news\/alte-beitraege\/tischdeko-blog\/"},{"@type":"ListItem","position":4,"name":"Geburtstagseinladung &#8211; selbst gestalten?"}]},{"@type":"WebSite","@id":"https:\/\/www.tafeldeko.de\/news\/#website","url":"https:\/\/www.tafeldeko.de\/news\/","name":"Tafeldeko","description":"Blog mit Tischdeko und Tischdekoration Ideen","potentialAction":[{"@type":"SearchAction","target":{"@type":"EntryPoint","urlTemplate":"https:\/\/www.tafeldeko.de\/news\/?s={search_term_string}"},"query-input":"required name=search_term_string"}],"inLanguage":"de-DE"},{"@type":"Person","@id":"https:\/\/www.tafeldeko.de\/news\/#\/schema\/person\/dc309fbb6a3e380919fc08342c3cc233","name":"Tafeldeko Deko Team","image":{"@type":"ImageObject","inLanguage":"de-DE","@id":"https:\/\/www.tafeldeko.de\/news\/#\/schema\/person\/image\/","url":"https:\/\/secure.gravatar.com\/avatar\/1e962f4040dc9996f0d200db31598854?s=96&d=mm&r=g","contentUrl":"https:\/\/secure.gravatar.com\/avatar\/1e962f4040dc9996f0d200db31598854?s=96&d=mm&r=g","caption":"Tafeldeko Deko Team"}}]}},"_links":{"self":[{"href":"https:\/\/www.tafeldeko.de\/news\/wp-json\/wp\/v2\/posts\/6841"}],"collection":[{"href":"https:\/\/www.tafeldeko.de\/news\/wp-json\/wp\/v2\/posts"}],"about":[{"href":"https:\/\/www.tafeldeko.de\/news\/wp-json\/wp\/v2\/types\/post"}],"author":[{"embeddable":true,"href":"https:\/\/www.tafeldeko.de\/news\/wp-json\/wp\/v2\/users\/6"}],"replies":[{"embeddable":true,"href":"https:\/\/www.tafeldeko.de\/news\/wp-json\/wp\/v2\/comments?post=6841"}],"version-history":[{"count":7,"href":"https:\/\/www.tafeldeko.de\/news\/wp-json\/wp\/v2\/posts\/6841\/revisions"}],"predecessor-version":[{"id":25011,"href":"https:\/\/www.tafeldeko.de\/news\/wp-json\/wp\/v2\/posts\/6841\/revisions\/25011"}],"wp:attachment":[{"href":"https:\/\/www.tafeldeko.de\/news\/wp-json\/wp\/v2\/media?parent=6841"}],"wp:term":[{"taxonomy":"category","embeddable":true,"href":"https:\/\/www.tafeldeko.de\/news\/wp-json\/wp\/v2\/categories?post=6841"},{"taxonomy":"post_tag","embeddable":true,"href":"https:\/\/www.tafeldeko.de\/news\/wp-json\/wp\/v2\/tags?post=6841"}],"curies":[{"name":"wp","href":"https:\/\/api.w.org\/{rel}","templated":true}]}}