{"id":6827,"date":"2015-11-30T18:04:44","date_gmt":"2015-11-30T16:04:44","guid":{"rendered":"http:\/\/www.tafeldeko.de\/news\/?p=6827"},"modified":"2022-11-11T09:33:49","modified_gmt":"2022-11-11T08:33:49","slug":"adventskranz","status":"publish","type":"post","link":"https:\/\/www.tafeldeko.de\/news\/adventskranz\/","title":{"rendered":"Tischdeko rund um den Adventskranz"},"content":{"rendered":"<p style=\"text-align: left;\">Tischdeko rund um den Adventskranz. Der erste Advent r\u00fcckt n\u00e4her, und mit ihm wird es h\u00f6chste Zeit f\u00fcr einen passenden Kranz. Er sorgt mit Tannengr\u00fcn und Kerzen f\u00fcr Gem\u00fctlichkeit und ist die perfekte Einstimmung auf das kommende Weihnachtsfest. Daher geb\u00fchrt dem Adventskranz ein Ehrenplatz, den Sie mit der richtigen Dekoration spielend leicht schaffen k\u00f6nnen.<\/p>\n<p><img decoding=\"async\" loading=\"lazy\" src=\"https:\/\/www.tafeldeko.de\/news\/wp-content\/uploads\/2015\/11\/adventskranz-basteln-1024x685.jpg\" sizes=\"(max-width: 800px) 100vw, 800px\" srcset=\"https:\/\/www.tafeldeko.de\/news\/wp-content\/uploads\/2015\/11\/adventskranz-basteln-1024x685.jpg 1024w, https:\/\/www.tafeldeko.de\/news\/wp-content\/uploads\/2015\/11\/adventskranz-basteln-300x201.jpg 300w, https:\/\/www.tafeldeko.de\/news\/wp-content\/uploads\/2015\/11\/adventskranz-basteln-624x418.jpg 624w\" alt=\"Tischdeko rund um den Adventskranz.\" width=\"800\" height=\"535\" \/><\/p>\n<h2 style=\"text-align: left;\">Minimalismus bei der Tischdeko rund um den Adventskranz<\/h2>\n<p style=\"text-align: left;\">Am einfachsten und wirkungsvollsten ist es den Adventskranz auf einem ansonsten leeren Tisch zu platzieren. Dies wirkt vor allem auf einem sch\u00f6nen Massivholz- oder Glastisch mit runder Form besonders gut. Nichts lenkt von dem sorgf\u00e4ltig gesteckten Kunstwerk ab, der Kranz kann sich in seiner Wirkung entfalten. Daher wirkt die minimalistische Tischdekoration am Besten bei<br \/>\nopulenten, reich geschm\u00fcckten Adventskr\u00e4nzen.<\/p>\n<h2 style=\"text-align: left;\">Naturdeko verbreitet Gem\u00fctlichkeit<\/h2>\n<p style=\"text-align: left;\">Eine zweite Variante ist eine abwechslungsreiche Dekoration aus Naturmaterialien. Bevorzugen Sie die Farben braun, rot und gr\u00fcn, mit wenigen wei\u00dfen Akzenten. Als Basis dient ein Tischl\u00e4ufer oder eine Mitteldecke aus grobem Stoff, etwa Leinen. Achten Sie auf genug Kontrast zum <a href=\"https:\/\/www.tafeldeko.de\/index.php\/cat\/c2267_Tafeldeko-Tipp-Adventskranz.html\">Adventskranz<\/a>: Es bietet sich ein naturbelassener Cremeton an. Besetzen Sie den Tisch dann mit N\u00fcssen, Sisalband, beigefarbenen Servietten und einfachen Holzfiguren. Den Rest k\u00f6nnen Sie leicht bei einem vorweihnachtlichen Spaziergang im Wald sammeln: Dekorative \u00c4ste, Moos und Tannenzapfen vervollst\u00e4ndigen die Naturdeko f\u00fcr Ihren Adventskranz.<\/p>\n<h2 style=\"text-align: left;\">K\u00fchle Farben schaffen Kontraste in der Tischdeko<\/h2>\n<p>Enth\u00e4lt Ihr Kranz bereits Akzente in k\u00fchlen Farben, k\u00f6nnen Sie diese in der Tischdekoration aufgreifen. Dabei Tannengr\u00fcn. Am besten wirkt die Tischdekoration auf einem Glastisch, da so das k\u00fchle, edle Ambiente ausgezeichnet transportiert wird. Platzieren Sie den Adventskranz auf wei\u00dfem Organza oder einem blauen Tischl\u00e4ufer. Drapieren Sie anschlie\u00dfend Mini-Christbaumkugeln, Teelichthalter aus Metall, Perlenketten und Deko-Schneeb\u00e4lle um den Kranz herum. Auch eine Streudeko aus wei\u00dfen, blauen oder silbernen Sternchen kann f\u00fcr sch\u00f6ne Effekte sorgen.<\/p>\n<p>Achten Sie darauf, dass die Dekoration nicht zu \u00fcberladen wirkt. Ist der Kranz mit diesen Tipps erst einmal in Szene gesetzt, steht einem sch\u00f6nen ersten Advent nichts mehr im Wege.<\/p>\n<h2>Weitere Beitr\u00e4ge:<\/h2>\n<h2>Dekoartikel von A-Z<\/h2>\n<p><a href=\"https:\/\/www.tafeldeko.de\/tischdeko-artikel\/\"><br \/>\nJetzt entdecken <\/a><\/p>\n","protected":false},"excerpt":{"rendered":"<p>Tischdeko rund um den Adventskranz. Der erste Advent r\u00fcckt n\u00e4her, und mit ihm wird es h\u00f6chste Zeit f\u00fcr einen passenden Kranz. Er sorgt mit Tannengr\u00fcn und Kerzen f\u00fcr Gem\u00fctlichkeit und ist die perfekte Einstimmung auf das kommende Weihnachtsfest. Daher geb\u00fchrt dem Adventskranz ein Ehrenplatz, den Sie mit der richtigen Dekoration spielend leicht schaffen k\u00f6nnen. Minimalismus [&hellip;]<\/p>\n","protected":false},"author":1,"featured_media":6831,"comment_status":"closed","ping_status":"closed","sticky":false,"template":"","format":"standard","meta":{"footnotes":""},"categories":[1],"tags":[],"yoast_head":"<!-- This site is optimized with the Yoast SEO plugin v20.4 - https:\/\/yoast.com\/wordpress\/plugins\/seo\/ -->\n<title>Tischdeko rund um den Adventskranz - Tafeldeko<\/title>\n<meta name=\"description\" content=\"Lassen Sie Ihre Deko nicht beim Adventskranz aufh\u00f6ren: So gestalten Sie eine ansprechende Tischdeko rund um Ihren Kranz. Probieren Sie...\" \/>\n<meta name=\"robots\" content=\"index, follow, max-snippet:-1, max-image-preview:large, max-video-preview:-1\" \/>\n<link rel=\"canonical\" href=\"https:\/\/www.tafeldeko.de\/news\/adventskranz\/\" \/>\n<meta property=\"og:locale\" content=\"de_DE\" \/>\n<meta property=\"og:type\" content=\"article\" \/>\n<meta property=\"og:title\" content=\"Tischdeko rund um den Adventskranz - Tafeldeko\" \/>\n<meta property=\"og:description\" content=\"Lassen Sie Ihre Deko nicht beim Adventskranz aufh\u00f6ren: So gestalten Sie eine ansprechende Tischdeko rund um Ihren Kranz. Probieren Sie...\" \/>\n<meta property=\"og:url\" content=\"https:\/\/www.tafeldeko.de\/news\/adventskranz\/\" \/>\n<meta property=\"og:site_name\" content=\"Tafeldeko\" \/>\n<meta property=\"article:publisher\" content=\"https:\/\/www.facebook.com\/pages\/Tafeldeko-einzigartige-Tischdekoration\/174202655894\" \/>\n<meta property=\"article:published_time\" content=\"2015-11-30T16:04:44+00:00\" \/>\n<meta property=\"article:modified_time\" content=\"2022-11-11T08:33:49+00:00\" \/>\n<meta property=\"og:image\" content=\"https:\/\/www.tafeldeko.de\/news\/wp-content\/uploads\/2015\/11\/adventskranz-basteln-1024x685.jpg\" \/>\n\t<meta property=\"og:image:width\" content=\"1024\" \/>\n\t<meta property=\"og:image:height\" content=\"685\" \/>\n\t<meta property=\"og:image:type\" content=\"image\/jpeg\" \/>\n<meta name=\"author\" content=\"admin\" \/>\n<meta name=\"twitter:label1\" content=\"Verfasst von\" \/>\n\t<meta name=\"twitter:data1\" content=\"admin\" \/>\n\t<meta name=\"twitter:label2\" content=\"Gesch\u00e4tzte Lesezeit\" \/>\n\t<meta name=\"twitter:data2\" content=\"3 Minuten\" \/>\n<script type=\"application\/ld+json\" class=\"yoast-schema-graph\">{\"@context\":\"https:\/\/schema.org\",\"@graph\":[{\"@type\":\"WebPage\",\"@id\":\"https:\/\/www.tafeldeko.de\/news\/adventskranz\/\",\"url\":\"https:\/\/www.tafeldeko.de\/news\/adventskranz\/\",\"name\":\"Tischdeko rund um den Adventskranz - Tafeldeko\",\"isPartOf\":{\"@id\":\"https:\/\/www.tafeldeko.de\/news\/#website\"},\"datePublished\":\"2015-11-30T16:04:44+00:00\",\"dateModified\":\"2022-11-11T08:33:49+00:00\",\"author\":{\"@id\":\"https:\/\/www.tafeldeko.de\/news\/#\/schema\/person\/569fe7f23445b04a0816fd067c0579ce\"},\"description\":\"Lassen Sie Ihre Deko nicht beim Adventskranz aufh\u00f6ren: So gestalten Sie eine ansprechende Tischdeko rund um Ihren Kranz. Probieren Sie...\",\"breadcrumb\":{\"@id\":\"https:\/\/www.tafeldeko.de\/news\/adventskranz\/#breadcrumb\"},\"inLanguage\":\"de-DE\",\"potentialAction\":[{\"@type\":\"ReadAction\",\"target\":[\"https:\/\/www.tafeldeko.de\/news\/adventskranz\/\"]}]},{\"@type\":\"BreadcrumbList\",\"@id\":\"https:\/\/www.tafeldeko.de\/news\/adventskranz\/#breadcrumb\",\"itemListElement\":[{\"@type\":\"ListItem\",\"position\":1,\"name\":\"Tafeldeko\",\"item\":\"https:\/\/www.tafeldeko.de\/news\/\"},{\"@type\":\"ListItem\",\"position\":2,\"name\":\"Alte Beitr\u00e4ge\",\"item\":\"https:\/\/www.tafeldeko.de\/news\/alte-beitraege\/\"},{\"@type\":\"ListItem\",\"position\":3,\"name\":\"Tischdeko - Blog\",\"item\":\"https:\/\/www.tafeldeko.de\/news\/alte-beitraege\/tischdeko-blog\/\"},{\"@type\":\"ListItem\",\"position\":4,\"name\":\"Tischdeko rund um den Adventskranz\"}]},{\"@type\":\"WebSite\",\"@id\":\"https:\/\/www.tafeldeko.de\/news\/#website\",\"url\":\"https:\/\/www.tafeldeko.de\/news\/\",\"name\":\"Tafeldeko\",\"description\":\"Blog mit Tischdeko und Tischdekoration Ideen\",\"potentialAction\":[{\"@type\":\"SearchAction\",\"target\":{\"@type\":\"EntryPoint\",\"urlTemplate\":\"https:\/\/www.tafeldeko.de\/news\/?s={search_term_string}\"},\"query-input\":\"required name=search_term_string\"}],\"inLanguage\":\"de-DE\"},{\"@type\":\"Person\",\"@id\":\"https:\/\/www.tafeldeko.de\/news\/#\/schema\/person\/569fe7f23445b04a0816fd067c0579ce\",\"name\":\"admin\",\"image\":{\"@type\":\"ImageObject\",\"inLanguage\":\"de-DE\",\"@id\":\"https:\/\/www.tafeldeko.de\/news\/#\/schema\/person\/image\/\",\"url\":\"https:\/\/secure.gravatar.com\/avatar\/6000980788e6d5ad4ceebe524c06ccae?s=96&d=mm&r=g\",\"contentUrl\":\"https:\/\/secure.gravatar.com\/avatar\/6000980788e6d5ad4ceebe524c06ccae?s=96&d=mm&r=g\",\"caption\":\"admin\"}}]}<\/script>\n<!-- \/ Yoast SEO plugin. -->","yoast_head_json":{"title":"Tischdeko rund um den Adventskranz - Tafeldeko","description":"Lassen Sie Ihre Deko nicht beim Adventskranz aufh\u00f6ren: So gestalten Sie eine ansprechende Tischdeko rund um Ihren Kranz. Probieren Sie...","robots":{"index":"index","follow":"follow","max-snippet":"max-snippet:-1","max-image-preview":"max-image-preview:large","max-video-preview":"max-video-preview:-1"},"canonical":"https:\/\/www.tafeldeko.de\/news\/adventskranz\/","og_locale":"de_DE","og_type":"article","og_title":"Tischdeko rund um den Adventskranz - Tafeldeko","og_description":"Lassen Sie Ihre Deko nicht beim Adventskranz aufh\u00f6ren: So gestalten Sie eine ansprechende Tischdeko rund um Ihren Kranz. Probieren Sie...","og_url":"https:\/\/www.tafeldeko.de\/news\/adventskranz\/","og_site_name":"Tafeldeko","article_publisher":"https:\/\/www.facebook.com\/pages\/Tafeldeko-einzigartige-Tischdekoration\/174202655894","article_published_time":"2015-11-30T16:04:44+00:00","article_modified_time":"2022-11-11T08:33:49+00:00","og_image":[{"width":1024,"height":685,"url":"https:\/\/www.tafeldeko.de\/news\/wp-content\/uploads\/2015\/11\/adventskranz-basteln-1024x685.jpg","type":"image\/jpeg"}],"author":"admin","twitter_misc":{"Verfasst von":"admin","Gesch\u00e4tzte Lesezeit":"3 Minuten"},"schema":{"@context":"https:\/\/schema.org","@graph":[{"@type":"WebPage","@id":"https:\/\/www.tafeldeko.de\/news\/adventskranz\/","url":"https:\/\/www.tafeldeko.de\/news\/adventskranz\/","name":"Tischdeko rund um den Adventskranz - Tafeldeko","isPartOf":{"@id":"https:\/\/www.tafeldeko.de\/news\/#website"},"datePublished":"2015-11-30T16:04:44+00:00","dateModified":"2022-11-11T08:33:49+00:00","author":{"@id":"https:\/\/www.tafeldeko.de\/news\/#\/schema\/person\/569fe7f23445b04a0816fd067c0579ce"},"description":"Lassen Sie Ihre Deko nicht beim Adventskranz aufh\u00f6ren: So gestalten Sie eine ansprechende Tischdeko rund um Ihren Kranz. Probieren Sie...","breadcrumb":{"@id":"https:\/\/www.tafeldeko.de\/news\/adventskranz\/#breadcrumb"},"inLanguage":"de-DE","potentialAction":[{"@type":"ReadAction","target":["https:\/\/www.tafeldeko.de\/news\/adventskranz\/"]}]},{"@type":"BreadcrumbList","@id":"https:\/\/www.tafeldeko.de\/news\/adventskranz\/#breadcrumb","itemListElement":[{"@type":"ListItem","position":1,"name":"Tafeldeko","item":"https:\/\/www.tafeldeko.de\/news\/"},{"@type":"ListItem","position":2,"name":"Alte Beitr\u00e4ge","item":"https:\/\/www.tafeldeko.de\/news\/alte-beitraege\/"},{"@type":"ListItem","position":3,"name":"Tischdeko - Blog","item":"https:\/\/www.tafeldeko.de\/news\/alte-beitraege\/tischdeko-blog\/"},{"@type":"ListItem","position":4,"name":"Tischdeko rund um den Adventskranz"}]},{"@type":"WebSite","@id":"https:\/\/www.tafeldeko.de\/news\/#website","url":"https:\/\/www.tafeldeko.de\/news\/","name":"Tafeldeko","description":"Blog mit Tischdeko und Tischdekoration Ideen","potentialAction":[{"@type":"SearchAction","target":{"@type":"EntryPoint","urlTemplate":"https:\/\/www.tafeldeko.de\/news\/?s={search_term_string}"},"query-input":"required name=search_term_string"}],"inLanguage":"de-DE"},{"@type":"Person","@id":"https:\/\/www.tafeldeko.de\/news\/#\/schema\/person\/569fe7f23445b04a0816fd067c0579ce","name":"admin","image":{"@type":"ImageObject","inLanguage":"de-DE","@id":"https:\/\/www.tafeldeko.de\/news\/#\/schema\/person\/image\/","url":"https:\/\/secure.gravatar.com\/avatar\/6000980788e6d5ad4ceebe524c06ccae?s=96&d=mm&r=g","contentUrl":"https:\/\/secure.gravatar.com\/avatar\/6000980788e6d5ad4ceebe524c06ccae?s=96&d=mm&r=g","caption":"admin"}}]}},"_links":{"self":[{"href":"https:\/\/www.tafeldeko.de\/news\/wp-json\/wp\/v2\/posts\/6827"}],"collection":[{"href":"https:\/\/www.tafeldeko.de\/news\/wp-json\/wp\/v2\/posts"}],"about":[{"href":"https:\/\/www.tafeldeko.de\/news\/wp-json\/wp\/v2\/types\/post"}],"author":[{"embeddable":true,"href":"https:\/\/www.tafeldeko.de\/news\/wp-json\/wp\/v2\/users\/1"}],"replies":[{"embeddable":true,"href":"https:\/\/www.tafeldeko.de\/news\/wp-json\/wp\/v2\/comments?post=6827"}],"version-history":[{"count":13,"href":"https:\/\/www.tafeldeko.de\/news\/wp-json\/wp\/v2\/posts\/6827\/revisions"}],"predecessor-version":[{"id":21354,"href":"https:\/\/www.tafeldeko.de\/news\/wp-json\/wp\/v2\/posts\/6827\/revisions\/21354"}],"wp:featuredmedia":[{"embeddable":true,"href":"https:\/\/www.tafeldeko.de\/news\/wp-json\/wp\/v2\/media\/6831"}],"wp:attachment":[{"href":"https:\/\/www.tafeldeko.de\/news\/wp-json\/wp\/v2\/media?parent=6827"}],"wp:term":[{"taxonomy":"category","embeddable":true,"href":"https:\/\/www.tafeldeko.de\/news\/wp-json\/wp\/v2\/categories?post=6827"},{"taxonomy":"post_tag","embeddable":true,"href":"https:\/\/www.tafeldeko.de\/news\/wp-json\/wp\/v2\/tags?post=6827"}],"curies":[{"name":"wp","href":"https:\/\/api.w.org\/{rel}","templated":true}]}}