{"id":6813,"date":"2015-11-22T15:56:38","date_gmt":"2015-11-22T13:56:38","guid":{"rendered":"http:\/\/www.tafeldeko.de\/news\/?p=6813"},"modified":"2022-11-11T09:42:35","modified_gmt":"2022-11-11T08:42:35","slug":"tischdeko-silvester-creme-und-lila","status":"publish","type":"post","link":"https:\/\/www.tafeldeko.de\/news\/tischdeko-silvester-creme-und-lila\/","title":{"rendered":"Tischdeko Silvester in Creme und Lila"},"content":{"rendered":"<p>Die <strong>Tischdeko Silvester in Creme und Lila<\/strong> kann sich in wundervollen Farben pr\u00e4sentieren. So eine Tischdeko untermalt eine Feier, ganz gleich, welcher Anlass gefeiert wird. Dabei wird das <strong>Aussehen der Tischdeko<\/strong> zum einen durch die Farbe und zum anderen durch die Accessoires bestimmt. Sch\u00f6n ist es nat\u00fcrlich, wenn die Tischdekoration auf das Thema abgestimmt ist. So schm\u00fccken zu Ostern kleine K\u00fcken, Ostereier und andere f\u00fcr Ostern typische Accessoires den Tisch und zu Weihnachten geben sich Nikolaus, Weihnachtsmann und Tannenbaum ein Stelldichein auf dem Tisch. Und was passt zu der Tischdeko Silvester? Bei dieser <a href=\"https:\/\/www.tafeldeko.de\" target=\"_blank\" rel=\"noopener\"><strong>Tischdekoration<\/strong><\/a> sollten Gl\u00fccksbringer f\u00fcr die G\u00e4ste nat\u00fcrlich nicht fehlen. Hinzu kommen sch\u00f6ne B\u00e4nder- und Schleifen-Arrangements, die dem Tisch das gewisse, feierliche Etwas verleihen k\u00f6nnen.<\/p>\n<p><img decoding=\"async\" loading=\"lazy\" src=\"https:\/\/www.tafeldeko.de\/news\/wp-content\/uploads\/2015\/11\/silvester_creme_lila.jpg\" sizes=\"(max-width: 800px) 100vw, 800px\" srcset=\"https:\/\/www.tafeldeko.de\/news\/wp-content\/uploads\/2015\/11\/silvester_creme_lila.jpg 1000w, https:\/\/www.tafeldeko.de\/news\/wp-content\/uploads\/2015\/11\/silvester_creme_lila-300x210.jpg 300w, https:\/\/www.tafeldeko.de\/news\/wp-content\/uploads\/2015\/11\/silvester_creme_lila-624x437.jpg 624w\" alt=\"Tischdeko Silvester in Creme und Lila\" width=\"800\" height=\"560\" \/><\/p>\n<h2>Die Tischdeko Silvester \u2013 ein Traum in Creme und Lila<\/h2>\n<p><strong>Glitzer, Glamour<\/strong> und jede Menge gute Laune \u2013 das zeichnet eine echte Silvesterfete aus. Und wenn dann noch die Tischdeko Silvester sich genauso glamour\u00f6s pr\u00e4sentiert, ist die Basis schon geschaffen. Bei der Tischdeko Silvester in Creme und Lila, mit einem Hauch Schwarz als Kontrast, passt alles perfekt zusammen.<br \/>\nDie Tischmitte schm\u00fcckt ein Arrangement aus einem schwarzen Duni Tischl\u00e4ufer, Sizoweb Tischband in Gold, Organzarolle in Gold und Tischband Fripe in Pflaume. Auf dieser tollen Kreation finden die verschiedensten Accessoires ihren Platz, wobei der Tischmittelpunkt mit einem Sektk\u00fchler mit einer Flasche Sekt oder Champagner passend gestaltet sein kann. Schlie\u00dflich m\u00f6chte man doch um Mitternacht mit einem guten Tropfen auf das vergangene und das neue Jahr ansto\u00dfen.<br \/>\nF\u00fcr die <strong>tolle Optik<\/strong> und die gewisse Feierlichkeit sind Kerzen verantwortlich. Au\u00dfergew\u00f6hnliche Kerzenhalter, wie zum Beispiel die Duni Kerzenhalter Generous mit Goldrand, hier in Schwarz, setzen besondere Akzente innerhalb der Tischdeko Silvester. Eine andere Variante, die etwas glamour\u00f6ser ist, ist die Kombination mit der Design Glas Vase mit Rand f\u00fcr Blumenzwiebeln, die Sie mit Deko Nuggets in Gold bef\u00fcllen. Und statt der Blumenzwiebel schm\u00fcckt eine <strong>Kugelkerze<\/strong> die Kreation.<br \/>\nMit dieser wundervollen Tischdeko wird Silvester garantiert zum Hochgenuss \u2013 wir w\u00fcnschen Ihnen alles Gute f\u00fcrs neue Jahr.<\/p>\n<h2>Weitere Beitr\u00e4ge:<\/h2>\n<h2>Dekoartikel von A-Z<\/h2>\n<p><a href=\"https:\/\/www.tafeldeko.de\/tischdeko-artikel\/\"><br \/>\nJetzt entdecken <\/a><\/p>\n","protected":false},"excerpt":{"rendered":"<p>Die Tischdeko Silvester in Creme und Lila kann sich in wundervollen Farben pr\u00e4sentieren. So eine Tischdeko untermalt eine Feier, ganz gleich, welcher Anlass gefeiert wird. Dabei wird das Aussehen der Tischdeko zum einen durch die Farbe und zum anderen durch die Accessoires bestimmt. Sch\u00f6n ist es nat\u00fcrlich, wenn die Tischdekoration auf das Thema abgestimmt ist. [&hellip;]<\/p>\n","protected":false},"author":6,"featured_media":6814,"comment_status":"closed","ping_status":"closed","sticky":false,"template":"","format":"standard","meta":{"footnotes":""},"categories":[1],"tags":[],"yoast_head":"<!-- This site is optimized with the Yoast SEO plugin v20.4 - https:\/\/yoast.com\/wordpress\/plugins\/seo\/ -->\n<title>Tischdeko Silvester in Creme und Lila - Tafeldeko<\/title>\n<meta name=\"description\" content=\"Bei der Tischdeko Silvester in Creme und Lila, mit einem Hauch Schwarz als Kontrast, passt alles perfekt zusammen - perfekt f\u00fcr die Party.\" \/>\n<meta name=\"robots\" content=\"index, follow, max-snippet:-1, max-image-preview:large, max-video-preview:-1\" \/>\n<link rel=\"canonical\" href=\"https:\/\/www.tafeldeko.de\/news\/tischdeko-silvester-creme-und-lila\/\" \/>\n<meta property=\"og:locale\" content=\"de_DE\" \/>\n<meta property=\"og:type\" content=\"article\" \/>\n<meta property=\"og:title\" content=\"Tischdeko Silvester in Creme und Lila - Tafeldeko\" \/>\n<meta property=\"og:description\" content=\"Bei der Tischdeko Silvester in Creme und Lila, mit einem Hauch Schwarz als Kontrast, passt alles perfekt zusammen - perfekt f\u00fcr die Party.\" \/>\n<meta property=\"og:url\" content=\"https:\/\/www.tafeldeko.de\/news\/tischdeko-silvester-creme-und-lila\/\" \/>\n<meta property=\"og:site_name\" content=\"Tafeldeko\" \/>\n<meta property=\"article:publisher\" content=\"https:\/\/www.facebook.com\/pages\/Tafeldeko-einzigartige-Tischdekoration\/174202655894\" \/>\n<meta property=\"article:published_time\" content=\"2015-11-22T13:56:38+00:00\" \/>\n<meta property=\"article:modified_time\" content=\"2022-11-11T08:42:35+00:00\" \/>\n<meta property=\"og:image\" content=\"https:\/\/www.tafeldeko.de\/news\/wp-content\/uploads\/2015\/11\/silvester_creme_lila.jpg\" \/>\n\t<meta property=\"og:image:width\" content=\"1000\" \/>\n\t<meta property=\"og:image:height\" content=\"700\" \/>\n\t<meta property=\"og:image:type\" content=\"image\/jpeg\" \/>\n<meta name=\"author\" content=\"Tafeldeko Deko Team\" \/>\n<meta name=\"twitter:label1\" content=\"Verfasst von\" \/>\n\t<meta name=\"twitter:data1\" content=\"Tafeldeko Deko Team\" \/>\n\t<meta name=\"twitter:label2\" content=\"Gesch\u00e4tzte Lesezeit\" \/>\n\t<meta name=\"twitter:data2\" content=\"3 Minuten\" \/>\n<script type=\"application\/ld+json\" class=\"yoast-schema-graph\">{\"@context\":\"https:\/\/schema.org\",\"@graph\":[{\"@type\":\"WebPage\",\"@id\":\"https:\/\/www.tafeldeko.de\/news\/tischdeko-silvester-creme-und-lila\/\",\"url\":\"https:\/\/www.tafeldeko.de\/news\/tischdeko-silvester-creme-und-lila\/\",\"name\":\"Tischdeko Silvester in Creme und Lila - Tafeldeko\",\"isPartOf\":{\"@id\":\"https:\/\/www.tafeldeko.de\/news\/#website\"},\"datePublished\":\"2015-11-22T13:56:38+00:00\",\"dateModified\":\"2022-11-11T08:42:35+00:00\",\"author\":{\"@id\":\"https:\/\/www.tafeldeko.de\/news\/#\/schema\/person\/dc309fbb6a3e380919fc08342c3cc233\"},\"description\":\"Bei der Tischdeko Silvester in Creme und Lila, mit einem Hauch Schwarz als Kontrast, passt alles perfekt zusammen - perfekt f\u00fcr die Party.\",\"breadcrumb\":{\"@id\":\"https:\/\/www.tafeldeko.de\/news\/tischdeko-silvester-creme-und-lila\/#breadcrumb\"},\"inLanguage\":\"de-DE\",\"potentialAction\":[{\"@type\":\"ReadAction\",\"target\":[\"https:\/\/www.tafeldeko.de\/news\/tischdeko-silvester-creme-und-lila\/\"]}]},{\"@type\":\"BreadcrumbList\",\"@id\":\"https:\/\/www.tafeldeko.de\/news\/tischdeko-silvester-creme-und-lila\/#breadcrumb\",\"itemListElement\":[{\"@type\":\"ListItem\",\"position\":1,\"name\":\"Tafeldeko\",\"item\":\"https:\/\/www.tafeldeko.de\/news\/\"},{\"@type\":\"ListItem\",\"position\":2,\"name\":\"Alte Beitr\u00e4ge\",\"item\":\"https:\/\/www.tafeldeko.de\/news\/alte-beitraege\/\"},{\"@type\":\"ListItem\",\"position\":3,\"name\":\"Tischdeko - Blog\",\"item\":\"https:\/\/www.tafeldeko.de\/news\/alte-beitraege\/tischdeko-blog\/\"},{\"@type\":\"ListItem\",\"position\":4,\"name\":\"Tischdeko Silvester in Creme und Lila\"}]},{\"@type\":\"WebSite\",\"@id\":\"https:\/\/www.tafeldeko.de\/news\/#website\",\"url\":\"https:\/\/www.tafeldeko.de\/news\/\",\"name\":\"Tafeldeko\",\"description\":\"Blog mit Tischdeko und Tischdekoration Ideen\",\"potentialAction\":[{\"@type\":\"SearchAction\",\"target\":{\"@type\":\"EntryPoint\",\"urlTemplate\":\"https:\/\/www.tafeldeko.de\/news\/?s={search_term_string}\"},\"query-input\":\"required name=search_term_string\"}],\"inLanguage\":\"de-DE\"},{\"@type\":\"Person\",\"@id\":\"https:\/\/www.tafeldeko.de\/news\/#\/schema\/person\/dc309fbb6a3e380919fc08342c3cc233\",\"name\":\"Tafeldeko Deko Team\",\"image\":{\"@type\":\"ImageObject\",\"inLanguage\":\"de-DE\",\"@id\":\"https:\/\/www.tafeldeko.de\/news\/#\/schema\/person\/image\/\",\"url\":\"https:\/\/secure.gravatar.com\/avatar\/1e962f4040dc9996f0d200db31598854?s=96&d=mm&r=g\",\"contentUrl\":\"https:\/\/secure.gravatar.com\/avatar\/1e962f4040dc9996f0d200db31598854?s=96&d=mm&r=g\",\"caption\":\"Tafeldeko Deko Team\"}}]}<\/script>\n<!-- \/ Yoast SEO plugin. -->","yoast_head_json":{"title":"Tischdeko Silvester in Creme und Lila - Tafeldeko","description":"Bei der Tischdeko Silvester in Creme und Lila, mit einem Hauch Schwarz als Kontrast, passt alles perfekt zusammen - perfekt f\u00fcr die Party.","robots":{"index":"index","follow":"follow","max-snippet":"max-snippet:-1","max-image-preview":"max-image-preview:large","max-video-preview":"max-video-preview:-1"},"canonical":"https:\/\/www.tafeldeko.de\/news\/tischdeko-silvester-creme-und-lila\/","og_locale":"de_DE","og_type":"article","og_title":"Tischdeko Silvester in Creme und Lila - Tafeldeko","og_description":"Bei der Tischdeko Silvester in Creme und Lila, mit einem Hauch Schwarz als Kontrast, passt alles perfekt zusammen - perfekt f\u00fcr die Party.","og_url":"https:\/\/www.tafeldeko.de\/news\/tischdeko-silvester-creme-und-lila\/","og_site_name":"Tafeldeko","article_publisher":"https:\/\/www.facebook.com\/pages\/Tafeldeko-einzigartige-Tischdekoration\/174202655894","article_published_time":"2015-11-22T13:56:38+00:00","article_modified_time":"2022-11-11T08:42:35+00:00","og_image":[{"width":1000,"height":700,"url":"https:\/\/www.tafeldeko.de\/news\/wp-content\/uploads\/2015\/11\/silvester_creme_lila.jpg","type":"image\/jpeg"}],"author":"Tafeldeko Deko Team","twitter_misc":{"Verfasst von":"Tafeldeko Deko Team","Gesch\u00e4tzte Lesezeit":"3 Minuten"},"schema":{"@context":"https:\/\/schema.org","@graph":[{"@type":"WebPage","@id":"https:\/\/www.tafeldeko.de\/news\/tischdeko-silvester-creme-und-lila\/","url":"https:\/\/www.tafeldeko.de\/news\/tischdeko-silvester-creme-und-lila\/","name":"Tischdeko Silvester in Creme und Lila - Tafeldeko","isPartOf":{"@id":"https:\/\/www.tafeldeko.de\/news\/#website"},"datePublished":"2015-11-22T13:56:38+00:00","dateModified":"2022-11-11T08:42:35+00:00","author":{"@id":"https:\/\/www.tafeldeko.de\/news\/#\/schema\/person\/dc309fbb6a3e380919fc08342c3cc233"},"description":"Bei der Tischdeko Silvester in Creme und Lila, mit einem Hauch Schwarz als Kontrast, passt alles perfekt zusammen - perfekt f\u00fcr die Party.","breadcrumb":{"@id":"https:\/\/www.tafeldeko.de\/news\/tischdeko-silvester-creme-und-lila\/#breadcrumb"},"inLanguage":"de-DE","potentialAction":[{"@type":"ReadAction","target":["https:\/\/www.tafeldeko.de\/news\/tischdeko-silvester-creme-und-lila\/"]}]},{"@type":"BreadcrumbList","@id":"https:\/\/www.tafeldeko.de\/news\/tischdeko-silvester-creme-und-lila\/#breadcrumb","itemListElement":[{"@type":"ListItem","position":1,"name":"Tafeldeko","item":"https:\/\/www.tafeldeko.de\/news\/"},{"@type":"ListItem","position":2,"name":"Alte Beitr\u00e4ge","item":"https:\/\/www.tafeldeko.de\/news\/alte-beitraege\/"},{"@type":"ListItem","position":3,"name":"Tischdeko - Blog","item":"https:\/\/www.tafeldeko.de\/news\/alte-beitraege\/tischdeko-blog\/"},{"@type":"ListItem","position":4,"name":"Tischdeko Silvester in Creme und Lila"}]},{"@type":"WebSite","@id":"https:\/\/www.tafeldeko.de\/news\/#website","url":"https:\/\/www.tafeldeko.de\/news\/","name":"Tafeldeko","description":"Blog mit Tischdeko und Tischdekoration Ideen","potentialAction":[{"@type":"SearchAction","target":{"@type":"EntryPoint","urlTemplate":"https:\/\/www.tafeldeko.de\/news\/?s={search_term_string}"},"query-input":"required name=search_term_string"}],"inLanguage":"de-DE"},{"@type":"Person","@id":"https:\/\/www.tafeldeko.de\/news\/#\/schema\/person\/dc309fbb6a3e380919fc08342c3cc233","name":"Tafeldeko Deko Team","image":{"@type":"ImageObject","inLanguage":"de-DE","@id":"https:\/\/www.tafeldeko.de\/news\/#\/schema\/person\/image\/","url":"https:\/\/secure.gravatar.com\/avatar\/1e962f4040dc9996f0d200db31598854?s=96&d=mm&r=g","contentUrl":"https:\/\/secure.gravatar.com\/avatar\/1e962f4040dc9996f0d200db31598854?s=96&d=mm&r=g","caption":"Tafeldeko Deko Team"}}]}},"_links":{"self":[{"href":"https:\/\/www.tafeldeko.de\/news\/wp-json\/wp\/v2\/posts\/6813"}],"collection":[{"href":"https:\/\/www.tafeldeko.de\/news\/wp-json\/wp\/v2\/posts"}],"about":[{"href":"https:\/\/www.tafeldeko.de\/news\/wp-json\/wp\/v2\/types\/post"}],"author":[{"embeddable":true,"href":"https:\/\/www.tafeldeko.de\/news\/wp-json\/wp\/v2\/users\/6"}],"replies":[{"embeddable":true,"href":"https:\/\/www.tafeldeko.de\/news\/wp-json\/wp\/v2\/comments?post=6813"}],"version-history":[{"count":6,"href":"https:\/\/www.tafeldeko.de\/news\/wp-json\/wp\/v2\/posts\/6813\/revisions"}],"predecessor-version":[{"id":21370,"href":"https:\/\/www.tafeldeko.de\/news\/wp-json\/wp\/v2\/posts\/6813\/revisions\/21370"}],"wp:featuredmedia":[{"embeddable":true,"href":"https:\/\/www.tafeldeko.de\/news\/wp-json\/wp\/v2\/media\/6814"}],"wp:attachment":[{"href":"https:\/\/www.tafeldeko.de\/news\/wp-json\/wp\/v2\/media?parent=6813"}],"wp:term":[{"taxonomy":"category","embeddable":true,"href":"https:\/\/www.tafeldeko.de\/news\/wp-json\/wp\/v2\/categories?post=6813"},{"taxonomy":"post_tag","embeddable":true,"href":"https:\/\/www.tafeldeko.de\/news\/wp-json\/wp\/v2\/tags?post=6813"}],"curies":[{"name":"wp","href":"https:\/\/api.w.org\/{rel}","templated":true}]}}