{"id":6794,"date":"2015-11-15T18:31:23","date_gmt":"2015-11-15T16:31:23","guid":{"rendered":"http:\/\/www.tafeldeko.de\/news\/?p=6794"},"modified":"2022-11-11T10:11:23","modified_gmt":"2022-11-11T09:11:23","slug":"tischdeko-schwarz-weiss-schoene-kontraste","status":"publish","type":"post","link":"https:\/\/www.tafeldeko.de\/news\/tischdeko-schwarz-weiss-schoene-kontraste\/","title":{"rendered":"Tischdeko schwarz wei\u00df \u2013 sch\u00f6ne Kontraste"},"content":{"rendered":"<p>Eine <strong>Tischdeko schwarz wei\u00df sch\u00f6ne Kontraste <\/strong>hat was \u2013 der Kontrast, den die Farbkombination mit sich bringt, ist ein echter Hingucker und zieht die Blicke auf sich. Ob man die Tischdeko nur mit schwarzen und wei\u00dfen Elementen ausstattet oder den einen oder anderen kleineren farblichen Akzent einbringt, spielt nicht so die gro\u00dfe Rolle. Jede Kreation dieser beiden kontrastreichen Farben ist ein echter <strong>Hingucker<\/strong> und wohl deshalb auch so beliebt.<\/p>\n<p><img decoding=\"async\" loading=\"lazy\" src=\"https:\/\/www.tafeldeko.de\/news\/wp-content\/uploads\/2015\/11\/duni_schwarzweiss.jpg\" sizes=\"(max-width: 250px) 100vw, 250px\" srcset=\"https:\/\/www.tafeldeko.de\/news\/wp-content\/uploads\/2015\/11\/duni_schwarzweiss.jpg 250w, https:\/\/www.tafeldeko.de\/news\/wp-content\/uploads\/2015\/11\/duni_schwarzweiss-150x150.jpg 150w\" alt=\"Tischdeko schwarz wei\u00df sch\u00f6ne Kontraste\" width=\"250\" height=\"250\" \/><\/p>\n<h2>Tischdeko schwarz wei\u00df sch\u00f6ne Kontraste mit Duni Black &amp; White<\/h2>\n<p><strong>Duni<\/strong> ist bekannt f\u00fcr die au\u00dfergew\u00f6hnlich und qualitativ hochwertigen Accessoires im Bereich der <a href=\"https:\/\/www.tafeldeko.de\" target=\"_blank\" rel=\"noopener\"><strong>Tischdekoration<\/strong><\/a>. Die Serie Duni Black &amp; White ist nat\u00fcrlich eine perfekte Basis f\u00fcr eine Tischdeko, die vor Kontrasten nur so spr\u00fcht. Tischsets, Servietten, Glasuntersetzer, Tischdeckenrollen und Tischl\u00e4ufer k\u00f6nnen auch f\u00fcr Ihre Tischdekoration die Basis darstellen. Das besondere und sch\u00f6ne an dieser Serie sind die verschiedenen Muster. Dicke und d\u00fcnne Streifen, Zickzackmuster und andere Streifendesigns machen diese Serie zu einem echten und abwechslungsreichen Hingucker.<br \/>\nAuf unserem kleinen <strong>Mustertisch<\/strong> sehen Sie, wie Sie die Duni Tischdeckenrolle Black &amp; White mit anderen Elementen arrangieren k\u00f6nnen. Und hier wird schnell klar: die Tischdeko schwarz-wei\u00df ist einfach wundersch\u00f6n und au\u00dfergew\u00f6hnlich. Vor allem dann, wenn Sie beispielsweise rote Servietten dazu auflegen. Ein kleiner aber feiner Hingucker, ein toller Kontrast, der die Tischdeko schwarz wei\u00df sch\u00f6ne Kontraste zu etwas ganz stilvollem werden l\u00e4sst. <strong>Apfelgr\u00fcn, Pink<\/strong>, T\u00fcrkis oder Gelb passen nat\u00fcrlich ebenfalls hervorragend, um der Tischdeko schwarz wei\u00df Kontraste und Akzente zu verleihen. Ob Servietten, Kerzen, Vasen, Blumen oder Streudeko \u2013 Sie d\u00fcrfen das in die Tischdeko einbringen, was Ihnen gef\u00e4llt.<br \/>\nOder stellen Sie sich die Tischdeko schwarz wei\u00df vor, tolle Accessoires in schwarz und wei\u00df schm\u00fccken den Tisch und in der Tischmitte: eine rote Vase mit einer wei\u00dfen Blume darin \u2013 einfach nur Wow!<br \/>\nWenn Sie auf solche Farbkombinationen bei der Tischdeko setzen, brauchen Sie nur wenige Accessoires, um dem Tisch <strong>Ausdruck zu verleihen<\/strong>. Accessoires und Kontraste gezielt eingesetzt und platziert und schon ist die atemberaubende Tischdekoration fertig.<\/p>\n<h2>Weitere Beitr\u00e4ge:<\/h2>\n<h2>Dekoartikel von A-Z<\/h2>\n<p><a href=\"https:\/\/www.tafeldeko.de\/tischdeko-artikel\/\"><br \/>\nJetzt entdecken <\/a><\/p>\n","protected":false},"excerpt":{"rendered":"<p>Eine Tischdeko schwarz wei\u00df sch\u00f6ne Kontraste hat was \u2013 der Kontrast, den die Farbkombination mit sich bringt, ist ein echter Hingucker und zieht die Blicke auf sich. Ob man die Tischdeko nur mit schwarzen und wei\u00dfen Elementen ausstattet oder den einen oder anderen kleineren farblichen Akzent einbringt, spielt nicht so die gro\u00dfe Rolle. Jede Kreation [&hellip;]<\/p>\n","protected":false},"author":6,"featured_media":6796,"comment_status":"closed","ping_status":"closed","sticky":false,"template":"","format":"standard","meta":{"footnotes":""},"categories":[1],"tags":[],"yoast_head":"<!-- This site is optimized with the Yoast SEO plugin v20.4 - https:\/\/yoast.com\/wordpress\/plugins\/seo\/ -->\n<title>Tischdeko schwarz wei\u00df \u2013 sch\u00f6ne Kontraste - Tafeldeko<\/title>\n<meta name=\"description\" content=\"Ein kleiner aber feiner Hingucker, ein toller Kontrast, der die Tischdeko schwarz wei\u00df sch\u00f6ne Kontraste zu etwas ganz stilvollem werden l\u00e4sst\" \/>\n<meta name=\"robots\" content=\"index, follow, max-snippet:-1, max-image-preview:large, max-video-preview:-1\" \/>\n<link rel=\"canonical\" href=\"https:\/\/www.tafeldeko.de\/news\/tischdeko-schwarz-weiss-schoene-kontraste\/\" \/>\n<meta property=\"og:locale\" content=\"de_DE\" \/>\n<meta property=\"og:type\" content=\"article\" \/>\n<meta property=\"og:title\" content=\"Tischdeko schwarz wei\u00df \u2013 sch\u00f6ne Kontraste - Tafeldeko\" \/>\n<meta property=\"og:description\" content=\"Ein kleiner aber feiner Hingucker, ein toller Kontrast, der die Tischdeko schwarz wei\u00df sch\u00f6ne Kontraste zu etwas ganz stilvollem werden l\u00e4sst\" \/>\n<meta property=\"og:url\" content=\"https:\/\/www.tafeldeko.de\/news\/tischdeko-schwarz-weiss-schoene-kontraste\/\" \/>\n<meta property=\"og:site_name\" content=\"Tafeldeko\" \/>\n<meta property=\"article:publisher\" content=\"https:\/\/www.facebook.com\/pages\/Tafeldeko-einzigartige-Tischdekoration\/174202655894\" \/>\n<meta property=\"article:published_time\" content=\"2015-11-15T16:31:23+00:00\" \/>\n<meta property=\"article:modified_time\" content=\"2022-11-11T09:11:23+00:00\" \/>\n<meta property=\"og:image\" content=\"https:\/\/www.tafeldeko.de\/news\/wp-content\/uploads\/2015\/11\/duni_schwarzweiss.jpg\" \/>\n\t<meta property=\"og:image:width\" content=\"250\" \/>\n\t<meta property=\"og:image:height\" content=\"250\" \/>\n\t<meta property=\"og:image:type\" content=\"image\/jpeg\" \/>\n<meta name=\"author\" content=\"Tafeldeko Deko Team\" \/>\n<meta name=\"twitter:label1\" content=\"Verfasst von\" \/>\n\t<meta name=\"twitter:data1\" content=\"Tafeldeko Deko Team\" \/>\n\t<meta name=\"twitter:label2\" content=\"Gesch\u00e4tzte Lesezeit\" \/>\n\t<meta name=\"twitter:data2\" content=\"3 Minuten\" \/>\n<script type=\"application\/ld+json\" class=\"yoast-schema-graph\">{\"@context\":\"https:\/\/schema.org\",\"@graph\":[{\"@type\":\"WebPage\",\"@id\":\"https:\/\/www.tafeldeko.de\/news\/tischdeko-schwarz-weiss-schoene-kontraste\/\",\"url\":\"https:\/\/www.tafeldeko.de\/news\/tischdeko-schwarz-weiss-schoene-kontraste\/\",\"name\":\"Tischdeko schwarz wei\u00df \u2013 sch\u00f6ne Kontraste - Tafeldeko\",\"isPartOf\":{\"@id\":\"https:\/\/www.tafeldeko.de\/news\/#website\"},\"datePublished\":\"2015-11-15T16:31:23+00:00\",\"dateModified\":\"2022-11-11T09:11:23+00:00\",\"author\":{\"@id\":\"https:\/\/www.tafeldeko.de\/news\/#\/schema\/person\/dc309fbb6a3e380919fc08342c3cc233\"},\"description\":\"Ein kleiner aber feiner Hingucker, ein toller Kontrast, der die Tischdeko schwarz wei\u00df sch\u00f6ne Kontraste zu etwas ganz stilvollem werden l\u00e4sst\",\"breadcrumb\":{\"@id\":\"https:\/\/www.tafeldeko.de\/news\/tischdeko-schwarz-weiss-schoene-kontraste\/#breadcrumb\"},\"inLanguage\":\"de-DE\",\"potentialAction\":[{\"@type\":\"ReadAction\",\"target\":[\"https:\/\/www.tafeldeko.de\/news\/tischdeko-schwarz-weiss-schoene-kontraste\/\"]}]},{\"@type\":\"BreadcrumbList\",\"@id\":\"https:\/\/www.tafeldeko.de\/news\/tischdeko-schwarz-weiss-schoene-kontraste\/#breadcrumb\",\"itemListElement\":[{\"@type\":\"ListItem\",\"position\":1,\"name\":\"Tafeldeko\",\"item\":\"https:\/\/www.tafeldeko.de\/news\/\"},{\"@type\":\"ListItem\",\"position\":2,\"name\":\"Alte Beitr\u00e4ge\",\"item\":\"https:\/\/www.tafeldeko.de\/news\/alte-beitraege\/\"},{\"@type\":\"ListItem\",\"position\":3,\"name\":\"Tischdeko - Blog\",\"item\":\"https:\/\/www.tafeldeko.de\/news\/alte-beitraege\/tischdeko-blog\/\"},{\"@type\":\"ListItem\",\"position\":4,\"name\":\"Tischdeko schwarz wei\u00df \u2013 sch\u00f6ne Kontraste\"}]},{\"@type\":\"WebSite\",\"@id\":\"https:\/\/www.tafeldeko.de\/news\/#website\",\"url\":\"https:\/\/www.tafeldeko.de\/news\/\",\"name\":\"Tafeldeko\",\"description\":\"Blog mit Tischdeko und Tischdekoration Ideen\",\"potentialAction\":[{\"@type\":\"SearchAction\",\"target\":{\"@type\":\"EntryPoint\",\"urlTemplate\":\"https:\/\/www.tafeldeko.de\/news\/?s={search_term_string}\"},\"query-input\":\"required name=search_term_string\"}],\"inLanguage\":\"de-DE\"},{\"@type\":\"Person\",\"@id\":\"https:\/\/www.tafeldeko.de\/news\/#\/schema\/person\/dc309fbb6a3e380919fc08342c3cc233\",\"name\":\"Tafeldeko Deko Team\",\"image\":{\"@type\":\"ImageObject\",\"inLanguage\":\"de-DE\",\"@id\":\"https:\/\/www.tafeldeko.de\/news\/#\/schema\/person\/image\/\",\"url\":\"https:\/\/secure.gravatar.com\/avatar\/1e962f4040dc9996f0d200db31598854?s=96&d=mm&r=g\",\"contentUrl\":\"https:\/\/secure.gravatar.com\/avatar\/1e962f4040dc9996f0d200db31598854?s=96&d=mm&r=g\",\"caption\":\"Tafeldeko Deko Team\"}}]}<\/script>\n<!-- \/ Yoast SEO plugin. -->","yoast_head_json":{"title":"Tischdeko schwarz wei\u00df \u2013 sch\u00f6ne Kontraste - Tafeldeko","description":"Ein kleiner aber feiner Hingucker, ein toller Kontrast, der die Tischdeko schwarz wei\u00df sch\u00f6ne Kontraste zu etwas ganz stilvollem werden l\u00e4sst","robots":{"index":"index","follow":"follow","max-snippet":"max-snippet:-1","max-image-preview":"max-image-preview:large","max-video-preview":"max-video-preview:-1"},"canonical":"https:\/\/www.tafeldeko.de\/news\/tischdeko-schwarz-weiss-schoene-kontraste\/","og_locale":"de_DE","og_type":"article","og_title":"Tischdeko schwarz wei\u00df \u2013 sch\u00f6ne Kontraste - Tafeldeko","og_description":"Ein kleiner aber feiner Hingucker, ein toller Kontrast, der die Tischdeko schwarz wei\u00df sch\u00f6ne Kontraste zu etwas ganz stilvollem werden l\u00e4sst","og_url":"https:\/\/www.tafeldeko.de\/news\/tischdeko-schwarz-weiss-schoene-kontraste\/","og_site_name":"Tafeldeko","article_publisher":"https:\/\/www.facebook.com\/pages\/Tafeldeko-einzigartige-Tischdekoration\/174202655894","article_published_time":"2015-11-15T16:31:23+00:00","article_modified_time":"2022-11-11T09:11:23+00:00","og_image":[{"width":250,"height":250,"url":"https:\/\/www.tafeldeko.de\/news\/wp-content\/uploads\/2015\/11\/duni_schwarzweiss.jpg","type":"image\/jpeg"}],"author":"Tafeldeko Deko Team","twitter_misc":{"Verfasst von":"Tafeldeko Deko Team","Gesch\u00e4tzte Lesezeit":"3 Minuten"},"schema":{"@context":"https:\/\/schema.org","@graph":[{"@type":"WebPage","@id":"https:\/\/www.tafeldeko.de\/news\/tischdeko-schwarz-weiss-schoene-kontraste\/","url":"https:\/\/www.tafeldeko.de\/news\/tischdeko-schwarz-weiss-schoene-kontraste\/","name":"Tischdeko schwarz wei\u00df \u2013 sch\u00f6ne Kontraste - Tafeldeko","isPartOf":{"@id":"https:\/\/www.tafeldeko.de\/news\/#website"},"datePublished":"2015-11-15T16:31:23+00:00","dateModified":"2022-11-11T09:11:23+00:00","author":{"@id":"https:\/\/www.tafeldeko.de\/news\/#\/schema\/person\/dc309fbb6a3e380919fc08342c3cc233"},"description":"Ein kleiner aber feiner Hingucker, ein toller Kontrast, der die Tischdeko schwarz wei\u00df sch\u00f6ne Kontraste zu etwas ganz stilvollem werden l\u00e4sst","breadcrumb":{"@id":"https:\/\/www.tafeldeko.de\/news\/tischdeko-schwarz-weiss-schoene-kontraste\/#breadcrumb"},"inLanguage":"de-DE","potentialAction":[{"@type":"ReadAction","target":["https:\/\/www.tafeldeko.de\/news\/tischdeko-schwarz-weiss-schoene-kontraste\/"]}]},{"@type":"BreadcrumbList","@id":"https:\/\/www.tafeldeko.de\/news\/tischdeko-schwarz-weiss-schoene-kontraste\/#breadcrumb","itemListElement":[{"@type":"ListItem","position":1,"name":"Tafeldeko","item":"https:\/\/www.tafeldeko.de\/news\/"},{"@type":"ListItem","position":2,"name":"Alte Beitr\u00e4ge","item":"https:\/\/www.tafeldeko.de\/news\/alte-beitraege\/"},{"@type":"ListItem","position":3,"name":"Tischdeko - Blog","item":"https:\/\/www.tafeldeko.de\/news\/alte-beitraege\/tischdeko-blog\/"},{"@type":"ListItem","position":4,"name":"Tischdeko schwarz wei\u00df \u2013 sch\u00f6ne Kontraste"}]},{"@type":"WebSite","@id":"https:\/\/www.tafeldeko.de\/news\/#website","url":"https:\/\/www.tafeldeko.de\/news\/","name":"Tafeldeko","description":"Blog mit Tischdeko und Tischdekoration Ideen","potentialAction":[{"@type":"SearchAction","target":{"@type":"EntryPoint","urlTemplate":"https:\/\/www.tafeldeko.de\/news\/?s={search_term_string}"},"query-input":"required name=search_term_string"}],"inLanguage":"de-DE"},{"@type":"Person","@id":"https:\/\/www.tafeldeko.de\/news\/#\/schema\/person\/dc309fbb6a3e380919fc08342c3cc233","name":"Tafeldeko Deko Team","image":{"@type":"ImageObject","inLanguage":"de-DE","@id":"https:\/\/www.tafeldeko.de\/news\/#\/schema\/person\/image\/","url":"https:\/\/secure.gravatar.com\/avatar\/1e962f4040dc9996f0d200db31598854?s=96&d=mm&r=g","contentUrl":"https:\/\/secure.gravatar.com\/avatar\/1e962f4040dc9996f0d200db31598854?s=96&d=mm&r=g","caption":"Tafeldeko Deko Team"}}]}},"_links":{"self":[{"href":"https:\/\/www.tafeldeko.de\/news\/wp-json\/wp\/v2\/posts\/6794"}],"collection":[{"href":"https:\/\/www.tafeldeko.de\/news\/wp-json\/wp\/v2\/posts"}],"about":[{"href":"https:\/\/www.tafeldeko.de\/news\/wp-json\/wp\/v2\/types\/post"}],"author":[{"embeddable":true,"href":"https:\/\/www.tafeldeko.de\/news\/wp-json\/wp\/v2\/users\/6"}],"replies":[{"embeddable":true,"href":"https:\/\/www.tafeldeko.de\/news\/wp-json\/wp\/v2\/comments?post=6794"}],"version-history":[{"count":7,"href":"https:\/\/www.tafeldeko.de\/news\/wp-json\/wp\/v2\/posts\/6794\/revisions"}],"predecessor-version":[{"id":21381,"href":"https:\/\/www.tafeldeko.de\/news\/wp-json\/wp\/v2\/posts\/6794\/revisions\/21381"}],"wp:featuredmedia":[{"embeddable":true,"href":"https:\/\/www.tafeldeko.de\/news\/wp-json\/wp\/v2\/media\/6796"}],"wp:attachment":[{"href":"https:\/\/www.tafeldeko.de\/news\/wp-json\/wp\/v2\/media?parent=6794"}],"wp:term":[{"taxonomy":"category","embeddable":true,"href":"https:\/\/www.tafeldeko.de\/news\/wp-json\/wp\/v2\/categories?post=6794"},{"taxonomy":"post_tag","embeddable":true,"href":"https:\/\/www.tafeldeko.de\/news\/wp-json\/wp\/v2\/tags?post=6794"}],"curies":[{"name":"wp","href":"https:\/\/api.w.org\/{rel}","templated":true}]}}