{"id":6785,"date":"2015-11-07T08:31:09","date_gmt":"2015-11-07T06:31:09","guid":{"rendered":"http:\/\/www.tafeldeko.de\/news\/?p=6785"},"modified":"2015-11-17T21:31:27","modified_gmt":"2015-11-17T19:31:27","slug":"hochzeitsmode-fuer-den-grossen-tag","status":"publish","type":"post","link":"https:\/\/www.tafeldeko.de\/news\/hochzeitsmode-fuer-den-grossen-tag\/","title":{"rendered":"Hochzeitsmode f\u00fcr den \u201egro\u00dfen\u201c Tag"},"content":{"rendered":"<p>Viele Paare blicken mit Vorfreude auf das kommende Jahr \u2013 es wird geheiratet und ein wichtiges Thema bei den Vorbereitungen: die <strong>Hochzeitsmode<\/strong>. Vor allem die Damenwelt fiebert einer kirchlichen Trauung entgegen, tr\u00e4umt man doch von einer <strong>wundervollen Hochzeit<\/strong> mit der Familie und lieben G\u00e4sten. In einem traumhaften Hochzeitskleid vor den Traualtar zu treten, ist ein ganz besonderer Moment im Leben der Braut. Und nat\u00fcrlich auch f\u00fcr den Br\u00e4utigam, der in der Regel seine Zuk\u00fcnftige in ihrem Brautkleid erst am Traualtar zu sehen bekommt. Denn eine alte Tradition besagt, dass die Braut ihr Hochzeitskleid ohne den angehenden Br\u00e4utigam kaufen muss. Mutter oder die beste Freundin d\u00fcrfen sie begleiten, aber nicht ihr Zuk\u00fcnftiger! Denn dies bringe Ungl\u00fcck f\u00fcr das Paar.<\/p>\n<h2>Die Hochzeitsmode \u2013 immer neue Trends<\/h2>\n<p>Wie auch die Mode f\u00fcr Damen und Herren immer neuen Trends unterliegt, machen diese Trends auch bei der Hochzeitsmode nicht halt. Schnitte, Formen und Farben sind es, was die Trends der Hochzeitsmode wiederspiegeln. Nat\u00fcrlich haben die klassischen, traditionellen Brautkleider genauso Bestand wie die Kleider, die viel Haut zeigen und mit dreidimensionalen Applikationen oder Sch\u00e4rpen geschm\u00fcckt sind. Die Trends in Sachen <strong>Hochzeitsmode f\u00fcr 2016<\/strong> pr\u00e4sentieren sich sehr gegens\u00e4tzlich. Sind auf der einen Seite die Hochzeitskleider, die viel Haut zeigen, sind es auf der anderen Seite die klassischen Varianten mit zarter Spitze oder edlem Chiffon. Weich flie\u00dfende R\u00f6cke, eine betonte Taille und Korsagen bestimmen die traditionelle Variante. Blumen in dreidimensionalen Ausrichtungen pr\u00e4sentieren sich auf den Hochzeitskleidern, sind eingestickt oder auch aus Stoff hergestellt und auf die Kleider gen\u00e4ht. Vielseitiger und edler geht es schon fast gar nicht mehr. Sch\u00e4rpen aus T\u00fcll, Organza oder Spitze werden die Hochzeitsmode versch\u00f6nern und sie zu edlen <strong>Blickf\u00e4ngen<\/strong> machen \u2013 ob lang oder kurz.<br \/>\nF\u00fcr die Braut, die mit Kleidern auch bei der Hochzeit nichts am Hut hat, sind Anz\u00fcge f\u00fcr die kommende Hochzeitssaison angesagt. Diese sind aus edlen, feinen Stoffen und k\u00f6nnen mit einem Schleier das gewisse Etwas erhalten.<br \/>\nDie Hochzeitsmode \u2013 ein \u00e4u\u00dferst interessantes Thema, f\u00fcr alle die, die demn\u00e4chst heiraten werden.<\/p>\n","protected":false},"excerpt":{"rendered":"<p>Viele Paare blicken mit Vorfreude auf das kommende Jahr \u2013 es wird geheiratet und ein wichtiges Thema bei den Vorbereitungen: die Hochzeitsmode. Vor allem die Damenwelt fiebert einer kirchlichen Trauung entgegen, tr\u00e4umt man doch von einer wundervollen Hochzeit mit der Familie und lieben G\u00e4sten. In einem traumhaften Hochzeitskleid vor den Traualtar zu treten, ist ein [&hellip;]<\/p>\n","protected":false},"author":6,"featured_media":0,"comment_status":"closed","ping_status":"closed","sticky":false,"template":"","format":"standard","meta":{"footnotes":""},"categories":[1],"tags":[],"yoast_head":"<!-- This site is optimized with the Yoast SEO plugin v20.4 - https:\/\/yoast.com\/wordpress\/plugins\/seo\/ -->\n<title>Hochzeitsmode f\u00fcr den \u201egro\u00dfen\u201c Tag - Tafeldeko<\/title>\n<meta name=\"description\" content=\"Die Trends in Sachen Hochzeitsmode f\u00fcr 2016 pr\u00e4sentieren sich sehr gegens\u00e4tzlich. Vielseitiger und edler geht es schon fast gar nicht mehr.\" \/>\n<meta name=\"robots\" content=\"index, follow, max-snippet:-1, max-image-preview:large, max-video-preview:-1\" \/>\n<link rel=\"canonical\" href=\"https:\/\/www.tafeldeko.de\/news\/hochzeitsmode-fuer-den-grossen-tag\/\" \/>\n<meta property=\"og:locale\" content=\"de_DE\" \/>\n<meta property=\"og:type\" content=\"article\" \/>\n<meta property=\"og:title\" content=\"Hochzeitsmode f\u00fcr den \u201egro\u00dfen\u201c Tag - Tafeldeko\" \/>\n<meta property=\"og:description\" content=\"Die Trends in Sachen Hochzeitsmode f\u00fcr 2016 pr\u00e4sentieren sich sehr gegens\u00e4tzlich. Vielseitiger und edler geht es schon fast gar nicht mehr.\" \/>\n<meta property=\"og:url\" content=\"https:\/\/www.tafeldeko.de\/news\/hochzeitsmode-fuer-den-grossen-tag\/\" \/>\n<meta property=\"og:site_name\" content=\"Tafeldeko\" \/>\n<meta property=\"article:publisher\" content=\"https:\/\/www.facebook.com\/pages\/Tafeldeko-einzigartige-Tischdekoration\/174202655894\" \/>\n<meta property=\"article:published_time\" content=\"2015-11-07T06:31:09+00:00\" \/>\n<meta property=\"article:modified_time\" content=\"2015-11-17T19:31:27+00:00\" \/>\n<meta name=\"author\" content=\"Tafeldeko Deko Team\" \/>\n<meta name=\"twitter:label1\" content=\"Verfasst von\" \/>\n\t<meta name=\"twitter:data1\" content=\"Tafeldeko Deko Team\" \/>\n\t<meta name=\"twitter:label2\" content=\"Gesch\u00e4tzte Lesezeit\" \/>\n\t<meta name=\"twitter:data2\" content=\"2 Minuten\" \/>\n<script type=\"application\/ld+json\" class=\"yoast-schema-graph\">{\"@context\":\"https:\/\/schema.org\",\"@graph\":[{\"@type\":\"WebPage\",\"@id\":\"https:\/\/www.tafeldeko.de\/news\/hochzeitsmode-fuer-den-grossen-tag\/\",\"url\":\"https:\/\/www.tafeldeko.de\/news\/hochzeitsmode-fuer-den-grossen-tag\/\",\"name\":\"Hochzeitsmode f\u00fcr den \u201egro\u00dfen\u201c Tag - Tafeldeko\",\"isPartOf\":{\"@id\":\"https:\/\/www.tafeldeko.de\/news\/#website\"},\"datePublished\":\"2015-11-07T06:31:09+00:00\",\"dateModified\":\"2015-11-17T19:31:27+00:00\",\"author\":{\"@id\":\"https:\/\/www.tafeldeko.de\/news\/#\/schema\/person\/dc309fbb6a3e380919fc08342c3cc233\"},\"description\":\"Die Trends in Sachen Hochzeitsmode f\u00fcr 2016 pr\u00e4sentieren sich sehr gegens\u00e4tzlich. Vielseitiger und edler geht es schon fast gar nicht mehr.\",\"breadcrumb\":{\"@id\":\"https:\/\/www.tafeldeko.de\/news\/hochzeitsmode-fuer-den-grossen-tag\/#breadcrumb\"},\"inLanguage\":\"de-DE\",\"potentialAction\":[{\"@type\":\"ReadAction\",\"target\":[\"https:\/\/www.tafeldeko.de\/news\/hochzeitsmode-fuer-den-grossen-tag\/\"]}]},{\"@type\":\"BreadcrumbList\",\"@id\":\"https:\/\/www.tafeldeko.de\/news\/hochzeitsmode-fuer-den-grossen-tag\/#breadcrumb\",\"itemListElement\":[{\"@type\":\"ListItem\",\"position\":1,\"name\":\"Tafeldeko\",\"item\":\"https:\/\/www.tafeldeko.de\/news\/\"},{\"@type\":\"ListItem\",\"position\":2,\"name\":\"Alte Beitr\u00e4ge\",\"item\":\"https:\/\/www.tafeldeko.de\/news\/alte-beitraege\/\"},{\"@type\":\"ListItem\",\"position\":3,\"name\":\"Tischdeko - Blog\",\"item\":\"https:\/\/www.tafeldeko.de\/news\/alte-beitraege\/tischdeko-blog\/\"},{\"@type\":\"ListItem\",\"position\":4,\"name\":\"Hochzeitsmode f\u00fcr den \u201egro\u00dfen\u201c Tag\"}]},{\"@type\":\"WebSite\",\"@id\":\"https:\/\/www.tafeldeko.de\/news\/#website\",\"url\":\"https:\/\/www.tafeldeko.de\/news\/\",\"name\":\"Tafeldeko\",\"description\":\"Blog mit Tischdeko und Tischdekoration Ideen\",\"potentialAction\":[{\"@type\":\"SearchAction\",\"target\":{\"@type\":\"EntryPoint\",\"urlTemplate\":\"https:\/\/www.tafeldeko.de\/news\/?s={search_term_string}\"},\"query-input\":\"required name=search_term_string\"}],\"inLanguage\":\"de-DE\"},{\"@type\":\"Person\",\"@id\":\"https:\/\/www.tafeldeko.de\/news\/#\/schema\/person\/dc309fbb6a3e380919fc08342c3cc233\",\"name\":\"Tafeldeko Deko Team\",\"image\":{\"@type\":\"ImageObject\",\"inLanguage\":\"de-DE\",\"@id\":\"https:\/\/www.tafeldeko.de\/news\/#\/schema\/person\/image\/\",\"url\":\"https:\/\/secure.gravatar.com\/avatar\/1e962f4040dc9996f0d200db31598854?s=96&d=mm&r=g\",\"contentUrl\":\"https:\/\/secure.gravatar.com\/avatar\/1e962f4040dc9996f0d200db31598854?s=96&d=mm&r=g\",\"caption\":\"Tafeldeko Deko Team\"}}]}<\/script>\n<!-- \/ Yoast SEO plugin. -->","yoast_head_json":{"title":"Hochzeitsmode f\u00fcr den \u201egro\u00dfen\u201c Tag - Tafeldeko","description":"Die Trends in Sachen Hochzeitsmode f\u00fcr 2016 pr\u00e4sentieren sich sehr gegens\u00e4tzlich. Vielseitiger und edler geht es schon fast gar nicht mehr.","robots":{"index":"index","follow":"follow","max-snippet":"max-snippet:-1","max-image-preview":"max-image-preview:large","max-video-preview":"max-video-preview:-1"},"canonical":"https:\/\/www.tafeldeko.de\/news\/hochzeitsmode-fuer-den-grossen-tag\/","og_locale":"de_DE","og_type":"article","og_title":"Hochzeitsmode f\u00fcr den \u201egro\u00dfen\u201c Tag - Tafeldeko","og_description":"Die Trends in Sachen Hochzeitsmode f\u00fcr 2016 pr\u00e4sentieren sich sehr gegens\u00e4tzlich. Vielseitiger und edler geht es schon fast gar nicht mehr.","og_url":"https:\/\/www.tafeldeko.de\/news\/hochzeitsmode-fuer-den-grossen-tag\/","og_site_name":"Tafeldeko","article_publisher":"https:\/\/www.facebook.com\/pages\/Tafeldeko-einzigartige-Tischdekoration\/174202655894","article_published_time":"2015-11-07T06:31:09+00:00","article_modified_time":"2015-11-17T19:31:27+00:00","author":"Tafeldeko Deko Team","twitter_misc":{"Verfasst von":"Tafeldeko Deko Team","Gesch\u00e4tzte Lesezeit":"2 Minuten"},"schema":{"@context":"https:\/\/schema.org","@graph":[{"@type":"WebPage","@id":"https:\/\/www.tafeldeko.de\/news\/hochzeitsmode-fuer-den-grossen-tag\/","url":"https:\/\/www.tafeldeko.de\/news\/hochzeitsmode-fuer-den-grossen-tag\/","name":"Hochzeitsmode f\u00fcr den \u201egro\u00dfen\u201c Tag - Tafeldeko","isPartOf":{"@id":"https:\/\/www.tafeldeko.de\/news\/#website"},"datePublished":"2015-11-07T06:31:09+00:00","dateModified":"2015-11-17T19:31:27+00:00","author":{"@id":"https:\/\/www.tafeldeko.de\/news\/#\/schema\/person\/dc309fbb6a3e380919fc08342c3cc233"},"description":"Die Trends in Sachen Hochzeitsmode f\u00fcr 2016 pr\u00e4sentieren sich sehr gegens\u00e4tzlich. Vielseitiger und edler geht es schon fast gar nicht mehr.","breadcrumb":{"@id":"https:\/\/www.tafeldeko.de\/news\/hochzeitsmode-fuer-den-grossen-tag\/#breadcrumb"},"inLanguage":"de-DE","potentialAction":[{"@type":"ReadAction","target":["https:\/\/www.tafeldeko.de\/news\/hochzeitsmode-fuer-den-grossen-tag\/"]}]},{"@type":"BreadcrumbList","@id":"https:\/\/www.tafeldeko.de\/news\/hochzeitsmode-fuer-den-grossen-tag\/#breadcrumb","itemListElement":[{"@type":"ListItem","position":1,"name":"Tafeldeko","item":"https:\/\/www.tafeldeko.de\/news\/"},{"@type":"ListItem","position":2,"name":"Alte Beitr\u00e4ge","item":"https:\/\/www.tafeldeko.de\/news\/alte-beitraege\/"},{"@type":"ListItem","position":3,"name":"Tischdeko - Blog","item":"https:\/\/www.tafeldeko.de\/news\/alte-beitraege\/tischdeko-blog\/"},{"@type":"ListItem","position":4,"name":"Hochzeitsmode f\u00fcr den \u201egro\u00dfen\u201c Tag"}]},{"@type":"WebSite","@id":"https:\/\/www.tafeldeko.de\/news\/#website","url":"https:\/\/www.tafeldeko.de\/news\/","name":"Tafeldeko","description":"Blog mit Tischdeko und Tischdekoration Ideen","potentialAction":[{"@type":"SearchAction","target":{"@type":"EntryPoint","urlTemplate":"https:\/\/www.tafeldeko.de\/news\/?s={search_term_string}"},"query-input":"required name=search_term_string"}],"inLanguage":"de-DE"},{"@type":"Person","@id":"https:\/\/www.tafeldeko.de\/news\/#\/schema\/person\/dc309fbb6a3e380919fc08342c3cc233","name":"Tafeldeko Deko Team","image":{"@type":"ImageObject","inLanguage":"de-DE","@id":"https:\/\/www.tafeldeko.de\/news\/#\/schema\/person\/image\/","url":"https:\/\/secure.gravatar.com\/avatar\/1e962f4040dc9996f0d200db31598854?s=96&d=mm&r=g","contentUrl":"https:\/\/secure.gravatar.com\/avatar\/1e962f4040dc9996f0d200db31598854?s=96&d=mm&r=g","caption":"Tafeldeko Deko Team"}}]}},"_links":{"self":[{"href":"https:\/\/www.tafeldeko.de\/news\/wp-json\/wp\/v2\/posts\/6785"}],"collection":[{"href":"https:\/\/www.tafeldeko.de\/news\/wp-json\/wp\/v2\/posts"}],"about":[{"href":"https:\/\/www.tafeldeko.de\/news\/wp-json\/wp\/v2\/types\/post"}],"author":[{"embeddable":true,"href":"https:\/\/www.tafeldeko.de\/news\/wp-json\/wp\/v2\/users\/6"}],"replies":[{"embeddable":true,"href":"https:\/\/www.tafeldeko.de\/news\/wp-json\/wp\/v2\/comments?post=6785"}],"version-history":[{"count":1,"href":"https:\/\/www.tafeldeko.de\/news\/wp-json\/wp\/v2\/posts\/6785\/revisions"}],"predecessor-version":[{"id":6787,"href":"https:\/\/www.tafeldeko.de\/news\/wp-json\/wp\/v2\/posts\/6785\/revisions\/6787"}],"wp:attachment":[{"href":"https:\/\/www.tafeldeko.de\/news\/wp-json\/wp\/v2\/media?parent=6785"}],"wp:term":[{"taxonomy":"category","embeddable":true,"href":"https:\/\/www.tafeldeko.de\/news\/wp-json\/wp\/v2\/categories?post=6785"},{"taxonomy":"post_tag","embeddable":true,"href":"https:\/\/www.tafeldeko.de\/news\/wp-json\/wp\/v2\/tags?post=6785"}],"curies":[{"name":"wp","href":"https:\/\/api.w.org\/{rel}","templated":true}]}}