{"id":6748,"date":"2015-10-30T14:51:02","date_gmt":"2015-10-30T12:51:02","guid":{"rendered":"http:\/\/www.tafeldeko.de\/news\/?p=6748"},"modified":"2022-11-11T11:06:16","modified_gmt":"2022-11-11T10:06:16","slug":"tischdeko-november-mit-herbstlichem-touch","status":"publish","type":"post","link":"https:\/\/www.tafeldeko.de\/news\/tischdeko-november-mit-herbstlichem-touch\/","title":{"rendered":"Tischdeko November \u2013 mit herbstlichem Touch"},"content":{"rendered":"<p>Es sind noch einige Tage bis Weihnachten, also f\u00fcr die Weihnachtsdeko ist es noch entschieden zu fr\u00fch \u2013 doch eine herbstliche <strong>TTischdeko November mit herbstlichem Touch\u00a0<\/strong> passt hervorragend in diese Zeit. Halloween ist vorbei, die Gespenster- und K\u00fcrbisdeko verschwindet so langsam wieder und macht anderen Dekorationen Platz. Aber Anfang November schon weihnachtlich dekorieren? Nicht wirklich. Arrangieren Sie doch eine wundersch\u00f6ne Tischdeko November \u2013 mit herbstlichem Flair und tollen Hinguckern. Als kleine Anregung haben wir f\u00fcr Sie den Mustertisch Herbst in Braun\/Gr\u00fcn arrangiert \u2013 ein wundersch\u00f6ner <strong>Willkommensgru\u00df an den Herbst<\/strong> und Ihre G\u00e4ste.<\/p>\n<p><img decoding=\"async\" loading=\"lazy\" src=\"https:\/\/www.tafeldeko.de\/news\/wp-content\/uploads\/2015\/10\/herbst_gruenbraun.jpg\" sizes=\"(max-width: 800px) 100vw, 800px\" srcset=\"https:\/\/www.tafeldeko.de\/news\/wp-content\/uploads\/2015\/10\/herbst_gruenbraun.jpg 1000w, https:\/\/www.tafeldeko.de\/news\/wp-content\/uploads\/2015\/10\/herbst_gruenbraun-300x210.jpg 300w, https:\/\/www.tafeldeko.de\/news\/wp-content\/uploads\/2015\/10\/herbst_gruenbraun-624x437.jpg 624w\" alt=\"Tischdeko November herbstlichem Touch\" width=\"800\" height=\"560\" \/><\/p>\n<h2>L\u00e4ndlicher, rustikal \u2013 Tischdeko November mit herbstlichem Touch<\/h2>\n<p><strong>Naturverbunden, rustikal und l\u00e4ndlich<\/strong> \u2013 so k\u00f6nnte man mit drei Worten die Tischdeko November in Braun\/Gr\u00fcn beschreiben. Drau\u00dfen zeigt sich die Natur von ihrer sch\u00f6nen Seite, bunte gef\u00e4rbte Bl\u00e4tter und wundersch\u00f6ne Herbstblumen zeigen, dass der Herbst alles andere als trist und grau sein kann. Und Sie k\u00f6nnen dem Herbst ebenso Paroli bieten \u2013 mit der ausdrucksstarken Tischdeko November mit herbstlichem Touch .<br \/>\n<strong>Das rustikale, l\u00e4ndliche Flair<\/strong> erh\u00e4lt Ihre Tischdeko durch den Airlaid Papier Tischl\u00e4ufer Karo in Dunkelgr\u00fcn, der die Tischmitte ziert. Gr\u00fcner Filzstoff in Gr\u00fcn wird \u00fcppig darauf drapiert und sorgt f\u00fcr einen wundersch\u00f6nen Blickfang. Passend zum Muster des Tischl\u00e4ufers wurden die Servietten Karo in Dunkelgr\u00fcn gew\u00e4hlt, die mit den Duni Servietten Dunilin in Braun kombiniert wurden. Naturmaterialien passen nat\u00fcrlich hervorragend zu dieser Tischdeko November. So k\u00f6nnen Sie mit dem Baumscheibenstreu, Dekokieseln Natur, Rebenkr\u00e4nzen und \u2013herzen mit Schweif und Rattan-Kugeln die <a href=\"https:\/\/www.tafeldeko.de\" target=\"_blank\" rel=\"noopener\"><strong>Tischdeko<\/strong><\/a> perfekt erg\u00e4nzen.<br \/>\nEinen weiteren Hingucker mit nat\u00fcrlichem Flair platzieren Sie mit den Stumpenkerzen mit echter Birkenrinde umh\u00fcllt.<br \/>\nWer die Tischdeko November etwas auflockern m\u00f6chte, dem empfehlen wir unsere Streudekoteile, die es in den verschiedensten Gestaltungsvarianten gibt. Zum Herbst und dem l\u00e4ndlich-rustikalen Stil passend, k\u00f6nnen Sie Hirschk\u00f6pfe aus Filz, Brezeln aus Filz, Edelweiss aus Holz, Trachtenh\u00fcte aus Filz und <strong>Herzen aus Birkenholzrinde<\/strong>, auf dem Tisch arrangieren.<br \/>\nEine tolle, farbenfrohe und wundersch\u00f6ne Tischdeko, mit denen Sie Ihre G\u00e4ste zu einer sch\u00f6nen Feier willkommen hei\u00dfen.<\/p>\n<h2>Weitere Beitr\u00e4ge:<\/h2>\n<h2>Dekoartikel von A-Z<\/h2>\n<p><a href=\"https:\/\/www.tafeldeko.de\/tischdeko-artikel\/\"><br \/>\nJetzt entdecken <\/a><\/p>\n","protected":false},"excerpt":{"rendered":"<p>Es sind noch einige Tage bis Weihnachten, also f\u00fcr die Weihnachtsdeko ist es noch entschieden zu fr\u00fch \u2013 doch eine herbstliche TTischdeko November mit herbstlichem Touch\u00a0 passt hervorragend in diese Zeit. Halloween ist vorbei, die Gespenster- und K\u00fcrbisdeko verschwindet so langsam wieder und macht anderen Dekorationen Platz. Aber Anfang November schon weihnachtlich dekorieren? Nicht wirklich. [&hellip;]<\/p>\n","protected":false},"author":6,"featured_media":6749,"comment_status":"closed","ping_status":"closed","sticky":false,"template":"","format":"standard","meta":{"footnotes":""},"categories":[1],"tags":[],"yoast_head":"<!-- This site is optimized with the Yoast SEO plugin v20.4 - https:\/\/yoast.com\/wordpress\/plugins\/seo\/ -->\n<title>Tischdeko November \u2013 mit herbstlichem Touch - Tafeldeko<\/title>\n<meta name=\"description\" content=\"Arrangieren Sie doch eine wundersch\u00f6ne Tischdeko November \u2013 mit herbstlichem Touch und tollen Hinguckern. Ideen und Accessoires liefern wir.\" \/>\n<meta name=\"robots\" content=\"index, follow, max-snippet:-1, max-image-preview:large, max-video-preview:-1\" \/>\n<link rel=\"canonical\" href=\"https:\/\/www.tafeldeko.de\/news\/tischdeko-november-mit-herbstlichem-touch\/\" \/>\n<meta property=\"og:locale\" content=\"de_DE\" \/>\n<meta property=\"og:type\" content=\"article\" \/>\n<meta property=\"og:title\" content=\"Tischdeko November \u2013 mit herbstlichem Touch - Tafeldeko\" \/>\n<meta property=\"og:description\" content=\"Arrangieren Sie doch eine wundersch\u00f6ne Tischdeko November \u2013 mit herbstlichem Touch und tollen Hinguckern. Ideen und Accessoires liefern wir.\" \/>\n<meta property=\"og:url\" content=\"https:\/\/www.tafeldeko.de\/news\/tischdeko-november-mit-herbstlichem-touch\/\" \/>\n<meta property=\"og:site_name\" content=\"Tafeldeko\" \/>\n<meta property=\"article:publisher\" content=\"https:\/\/www.facebook.com\/pages\/Tafeldeko-einzigartige-Tischdekoration\/174202655894\" \/>\n<meta property=\"article:published_time\" content=\"2015-10-30T12:51:02+00:00\" \/>\n<meta property=\"article:modified_time\" content=\"2022-11-11T10:06:16+00:00\" \/>\n<meta property=\"og:image\" content=\"https:\/\/www.tafeldeko.de\/news\/wp-content\/uploads\/2015\/10\/herbst_gruenbraun.jpg\" \/>\n\t<meta property=\"og:image:width\" content=\"1000\" \/>\n\t<meta property=\"og:image:height\" content=\"700\" \/>\n\t<meta property=\"og:image:type\" content=\"image\/jpeg\" \/>\n<meta name=\"author\" content=\"Tafeldeko Deko Team\" \/>\n<meta name=\"twitter:label1\" content=\"Verfasst von\" \/>\n\t<meta name=\"twitter:data1\" content=\"Tafeldeko Deko Team\" \/>\n\t<meta name=\"twitter:label2\" content=\"Gesch\u00e4tzte Lesezeit\" \/>\n\t<meta name=\"twitter:data2\" content=\"3 Minuten\" \/>\n<script type=\"application\/ld+json\" class=\"yoast-schema-graph\">{\"@context\":\"https:\/\/schema.org\",\"@graph\":[{\"@type\":\"WebPage\",\"@id\":\"https:\/\/www.tafeldeko.de\/news\/tischdeko-november-mit-herbstlichem-touch\/\",\"url\":\"https:\/\/www.tafeldeko.de\/news\/tischdeko-november-mit-herbstlichem-touch\/\",\"name\":\"Tischdeko November \u2013 mit herbstlichem Touch - Tafeldeko\",\"isPartOf\":{\"@id\":\"https:\/\/www.tafeldeko.de\/news\/#website\"},\"datePublished\":\"2015-10-30T12:51:02+00:00\",\"dateModified\":\"2022-11-11T10:06:16+00:00\",\"author\":{\"@id\":\"https:\/\/www.tafeldeko.de\/news\/#\/schema\/person\/dc309fbb6a3e380919fc08342c3cc233\"},\"description\":\"Arrangieren Sie doch eine wundersch\u00f6ne Tischdeko November \u2013 mit herbstlichem Touch und tollen Hinguckern. Ideen und Accessoires liefern wir.\",\"breadcrumb\":{\"@id\":\"https:\/\/www.tafeldeko.de\/news\/tischdeko-november-mit-herbstlichem-touch\/#breadcrumb\"},\"inLanguage\":\"de-DE\",\"potentialAction\":[{\"@type\":\"ReadAction\",\"target\":[\"https:\/\/www.tafeldeko.de\/news\/tischdeko-november-mit-herbstlichem-touch\/\"]}]},{\"@type\":\"BreadcrumbList\",\"@id\":\"https:\/\/www.tafeldeko.de\/news\/tischdeko-november-mit-herbstlichem-touch\/#breadcrumb\",\"itemListElement\":[{\"@type\":\"ListItem\",\"position\":1,\"name\":\"Tafeldeko\",\"item\":\"https:\/\/www.tafeldeko.de\/news\/\"},{\"@type\":\"ListItem\",\"position\":2,\"name\":\"Alte Beitr\u00e4ge\",\"item\":\"https:\/\/www.tafeldeko.de\/news\/alte-beitraege\/\"},{\"@type\":\"ListItem\",\"position\":3,\"name\":\"Tischdeko - Blog\",\"item\":\"https:\/\/www.tafeldeko.de\/news\/alte-beitraege\/tischdeko-blog\/\"},{\"@type\":\"ListItem\",\"position\":4,\"name\":\"Tischdeko November \u2013 mit herbstlichem Touch\"}]},{\"@type\":\"WebSite\",\"@id\":\"https:\/\/www.tafeldeko.de\/news\/#website\",\"url\":\"https:\/\/www.tafeldeko.de\/news\/\",\"name\":\"Tafeldeko\",\"description\":\"Blog mit Tischdeko und Tischdekoration Ideen\",\"potentialAction\":[{\"@type\":\"SearchAction\",\"target\":{\"@type\":\"EntryPoint\",\"urlTemplate\":\"https:\/\/www.tafeldeko.de\/news\/?s={search_term_string}\"},\"query-input\":\"required name=search_term_string\"}],\"inLanguage\":\"de-DE\"},{\"@type\":\"Person\",\"@id\":\"https:\/\/www.tafeldeko.de\/news\/#\/schema\/person\/dc309fbb6a3e380919fc08342c3cc233\",\"name\":\"Tafeldeko Deko Team\",\"image\":{\"@type\":\"ImageObject\",\"inLanguage\":\"de-DE\",\"@id\":\"https:\/\/www.tafeldeko.de\/news\/#\/schema\/person\/image\/\",\"url\":\"https:\/\/secure.gravatar.com\/avatar\/1e962f4040dc9996f0d200db31598854?s=96&d=mm&r=g\",\"contentUrl\":\"https:\/\/secure.gravatar.com\/avatar\/1e962f4040dc9996f0d200db31598854?s=96&d=mm&r=g\",\"caption\":\"Tafeldeko Deko Team\"}}]}<\/script>\n<!-- \/ Yoast SEO plugin. -->","yoast_head_json":{"title":"Tischdeko November \u2013 mit herbstlichem Touch - Tafeldeko","description":"Arrangieren Sie doch eine wundersch\u00f6ne Tischdeko November \u2013 mit herbstlichem Touch und tollen Hinguckern. Ideen und Accessoires liefern wir.","robots":{"index":"index","follow":"follow","max-snippet":"max-snippet:-1","max-image-preview":"max-image-preview:large","max-video-preview":"max-video-preview:-1"},"canonical":"https:\/\/www.tafeldeko.de\/news\/tischdeko-november-mit-herbstlichem-touch\/","og_locale":"de_DE","og_type":"article","og_title":"Tischdeko November \u2013 mit herbstlichem Touch - Tafeldeko","og_description":"Arrangieren Sie doch eine wundersch\u00f6ne Tischdeko November \u2013 mit herbstlichem Touch und tollen Hinguckern. Ideen und Accessoires liefern wir.","og_url":"https:\/\/www.tafeldeko.de\/news\/tischdeko-november-mit-herbstlichem-touch\/","og_site_name":"Tafeldeko","article_publisher":"https:\/\/www.facebook.com\/pages\/Tafeldeko-einzigartige-Tischdekoration\/174202655894","article_published_time":"2015-10-30T12:51:02+00:00","article_modified_time":"2022-11-11T10:06:16+00:00","og_image":[{"width":1000,"height":700,"url":"https:\/\/www.tafeldeko.de\/news\/wp-content\/uploads\/2015\/10\/herbst_gruenbraun.jpg","type":"image\/jpeg"}],"author":"Tafeldeko Deko Team","twitter_misc":{"Verfasst von":"Tafeldeko Deko Team","Gesch\u00e4tzte Lesezeit":"3 Minuten"},"schema":{"@context":"https:\/\/schema.org","@graph":[{"@type":"WebPage","@id":"https:\/\/www.tafeldeko.de\/news\/tischdeko-november-mit-herbstlichem-touch\/","url":"https:\/\/www.tafeldeko.de\/news\/tischdeko-november-mit-herbstlichem-touch\/","name":"Tischdeko November \u2013 mit herbstlichem Touch - Tafeldeko","isPartOf":{"@id":"https:\/\/www.tafeldeko.de\/news\/#website"},"datePublished":"2015-10-30T12:51:02+00:00","dateModified":"2022-11-11T10:06:16+00:00","author":{"@id":"https:\/\/www.tafeldeko.de\/news\/#\/schema\/person\/dc309fbb6a3e380919fc08342c3cc233"},"description":"Arrangieren Sie doch eine wundersch\u00f6ne Tischdeko November \u2013 mit herbstlichem Touch und tollen Hinguckern. Ideen und Accessoires liefern wir.","breadcrumb":{"@id":"https:\/\/www.tafeldeko.de\/news\/tischdeko-november-mit-herbstlichem-touch\/#breadcrumb"},"inLanguage":"de-DE","potentialAction":[{"@type":"ReadAction","target":["https:\/\/www.tafeldeko.de\/news\/tischdeko-november-mit-herbstlichem-touch\/"]}]},{"@type":"BreadcrumbList","@id":"https:\/\/www.tafeldeko.de\/news\/tischdeko-november-mit-herbstlichem-touch\/#breadcrumb","itemListElement":[{"@type":"ListItem","position":1,"name":"Tafeldeko","item":"https:\/\/www.tafeldeko.de\/news\/"},{"@type":"ListItem","position":2,"name":"Alte Beitr\u00e4ge","item":"https:\/\/www.tafeldeko.de\/news\/alte-beitraege\/"},{"@type":"ListItem","position":3,"name":"Tischdeko - Blog","item":"https:\/\/www.tafeldeko.de\/news\/alte-beitraege\/tischdeko-blog\/"},{"@type":"ListItem","position":4,"name":"Tischdeko November \u2013 mit herbstlichem Touch"}]},{"@type":"WebSite","@id":"https:\/\/www.tafeldeko.de\/news\/#website","url":"https:\/\/www.tafeldeko.de\/news\/","name":"Tafeldeko","description":"Blog mit Tischdeko und Tischdekoration Ideen","potentialAction":[{"@type":"SearchAction","target":{"@type":"EntryPoint","urlTemplate":"https:\/\/www.tafeldeko.de\/news\/?s={search_term_string}"},"query-input":"required name=search_term_string"}],"inLanguage":"de-DE"},{"@type":"Person","@id":"https:\/\/www.tafeldeko.de\/news\/#\/schema\/person\/dc309fbb6a3e380919fc08342c3cc233","name":"Tafeldeko Deko Team","image":{"@type":"ImageObject","inLanguage":"de-DE","@id":"https:\/\/www.tafeldeko.de\/news\/#\/schema\/person\/image\/","url":"https:\/\/secure.gravatar.com\/avatar\/1e962f4040dc9996f0d200db31598854?s=96&d=mm&r=g","contentUrl":"https:\/\/secure.gravatar.com\/avatar\/1e962f4040dc9996f0d200db31598854?s=96&d=mm&r=g","caption":"Tafeldeko Deko Team"}}]}},"_links":{"self":[{"href":"https:\/\/www.tafeldeko.de\/news\/wp-json\/wp\/v2\/posts\/6748"}],"collection":[{"href":"https:\/\/www.tafeldeko.de\/news\/wp-json\/wp\/v2\/posts"}],"about":[{"href":"https:\/\/www.tafeldeko.de\/news\/wp-json\/wp\/v2\/types\/post"}],"author":[{"embeddable":true,"href":"https:\/\/www.tafeldeko.de\/news\/wp-json\/wp\/v2\/users\/6"}],"replies":[{"embeddable":true,"href":"https:\/\/www.tafeldeko.de\/news\/wp-json\/wp\/v2\/comments?post=6748"}],"version-history":[{"count":9,"href":"https:\/\/www.tafeldeko.de\/news\/wp-json\/wp\/v2\/posts\/6748\/revisions"}],"predecessor-version":[{"id":21440,"href":"https:\/\/www.tafeldeko.de\/news\/wp-json\/wp\/v2\/posts\/6748\/revisions\/21440"}],"wp:featuredmedia":[{"embeddable":true,"href":"https:\/\/www.tafeldeko.de\/news\/wp-json\/wp\/v2\/media\/6749"}],"wp:attachment":[{"href":"https:\/\/www.tafeldeko.de\/news\/wp-json\/wp\/v2\/media?parent=6748"}],"wp:term":[{"taxonomy":"category","embeddable":true,"href":"https:\/\/www.tafeldeko.de\/news\/wp-json\/wp\/v2\/categories?post=6748"},{"taxonomy":"post_tag","embeddable":true,"href":"https:\/\/www.tafeldeko.de\/news\/wp-json\/wp\/v2\/tags?post=6748"}],"curies":[{"name":"wp","href":"https:\/\/api.w.org\/{rel}","templated":true}]}}