{"id":6746,"date":"2015-10-21T12:03:49","date_gmt":"2015-10-21T10:03:49","guid":{"rendered":"http:\/\/www.tafeldeko.de\/news\/?p=6746"},"modified":"2022-11-11T12:08:49","modified_gmt":"2022-11-11T11:08:49","slug":"deko-im-herbst-die-wohnung-wird-verschoenert","status":"publish","type":"post","link":"https:\/\/www.tafeldeko.de\/news\/deko-im-herbst-die-wohnung-wird-verschoenert\/","title":{"rendered":"Deko im Herbst &#8211; die Wohnung wird versch\u00f6nert"},"content":{"rendered":"<p>Ein eDeko im Herbst f\u00fcr die Wohnung\u00a0 l\u00e4sst die doch so oft trostlos erscheinende Jahreszeit erst besonders werden. Deko-Artikel rund um den Herbst bringen Farbe ins Spiel und man kann regnerischen Tagen mit neuer Kraft entgegen blicken. Der Herbst ist keinesfalls langweilig oder \u00f6de &#8211; ganz im Gegenteil &#8211; jetzt wird erstmals die Wohnung sch\u00f6n dekoriert. Ein dekoriertes Reich l\u00e4sst Gem\u00fctlichkeit aufkommen und man wird sich auf sein Zuhause freuen zahlreiche Stunden beim <strong>Relaxen<\/strong> verbringen.<\/p>\n<p><img decoding=\"async\" loading=\"lazy\" src=\"https:\/\/www.tafeldeko.de\/news\/wp-content\/uploads\/2015\/10\/20220926_125229-1024x461.jpg\" sizes=\"(max-width: 800px) 100vw, 800px\" srcset=\"https:\/\/www.tafeldeko.de\/news\/wp-content\/uploads\/2015\/10\/20220926_125229-1024x461.jpg 1024w, https:\/\/www.tafeldeko.de\/news\/wp-content\/uploads\/2015\/10\/20220926_125229-300x135.jpg 300w, https:\/\/www.tafeldeko.de\/news\/wp-content\/uploads\/2015\/10\/20220926_125229-768x346.jpg 768w, https:\/\/www.tafeldeko.de\/news\/wp-content\/uploads\/2015\/10\/20220926_125229-1536x692.jpg 1536w, https:\/\/www.tafeldeko.de\/news\/wp-content\/uploads\/2015\/10\/20220926_125229-2048x922.jpg 2048w, https:\/\/www.tafeldeko.de\/news\/wp-content\/uploads\/2015\/10\/20220926_125229-640x288.jpg 640w\" alt=\"Deko im Herbst Wohnung\" width=\"800\" height=\"360\" \/><\/p>\n<h2>Eine sch\u00f6ne Deko im Herbst f\u00fcr die Wohnung w\u00fcnscht sich wohl jeder<\/h2>\n<p>Diejenigen, die sich eine sch\u00f6ne Deko im Herbst f\u00fcr die Wohnung w\u00fcnschen, k\u00f6nnen diese auch haben. Auf die Zusammenstellung der unterschiedlichen dekorativen Accessoires kommt es an und eine originelle sowie stilvolle Herbst-Deko ist gefragt. Die Deko im Herbst h\u00e4lt viele Deko- Ideen parat, die man in die Tat umsetzen kann. Wer m\u00f6chte, kann zum Beispiel einen<strong> herbstlichen Strau\u00df mit Getreidesorten<\/strong>, Gr\u00e4sern und Sonnenblumen zusammenstellen. Dieser kann dann in einer sch\u00f6nen Vase in der Wohnung drapiert werden. Des Weiteren kann man K\u00fcrbisse in Szene setzen; ausgeh\u00f6hlt mit Kerze oder auch nur zur Zierde. Man kann seiner Fantasie freien Lauf lassen und <strong>Materialien aus der Natur<\/strong> mit gekauften dekorativen Accessoires kombinieren.<br \/>\nDie Deko im Herbst ist etwas Sch\u00f6nes und Kerzen zaubern gem\u00fctliches Licht ins Zimmer. Diese k\u00f6nnen in unterschiedlichen Farben, Formen und Gr\u00f6\u00dfen arrangiert werden und so f\u00fcr eine tolle Lichtatmosph\u00e4re sorgen. Au\u00dferdem kann man Windlichter mit herbstlichen Accessoires aufpeppen und dem Ziel \u201eeine <strong>perfekte Deko im Herbst<\/strong>\u201c zu kreieren, kommt man immer n\u00e4her. Mit der Liebe zum Detail und tollen Ideen rund um die Herbstdekoration wird man ein geniales Gesamtbild zaubern- nicht nur f\u00fcr sich selbst, sondern f\u00fcr all seine Liebsten. Sich an einem regnerischen Tag oder auch nach Feierabend in sein herbstliches Reich zur\u00fcckziehen, das ist eine durchaus angenehme Vorstellung und mit der besten Freundin kann der Abend umso sch\u00f6ner werden.<br \/>\nDie Deko im Herbst ist eine saisonale Deko, die vieles zu bieten hat. Langweile kommt da ganz gewiss keine auf.<\/p>\n<h2>Weitere Beitr\u00e4ge:<\/h2>\n<h2>Dekoartikel von A-Z<\/h2>\n<p><a href=\"https:\/\/www.tafeldeko.de\/tischdeko-artikel\/\"><br \/>\nJetzt entdecken <\/a><\/p>\n","protected":false},"excerpt":{"rendered":"<p>Ein eDeko im Herbst f\u00fcr die Wohnung\u00a0 l\u00e4sst die doch so oft trostlos erscheinende Jahreszeit erst besonders werden. Deko-Artikel rund um den Herbst bringen Farbe ins Spiel und man kann regnerischen Tagen mit neuer Kraft entgegen blicken. Der Herbst ist keinesfalls langweilig oder \u00f6de &#8211; ganz im Gegenteil &#8211; jetzt wird erstmals die Wohnung sch\u00f6n [&hellip;]<\/p>\n","protected":false},"author":6,"featured_media":21469,"comment_status":"closed","ping_status":"closed","sticky":false,"template":"","format":"standard","meta":{"footnotes":""},"categories":[1],"tags":[],"yoast_head":"<!-- This site is optimized with the Yoast SEO plugin v20.4 - https:\/\/yoast.com\/wordpress\/plugins\/seo\/ -->\n<title>Deko im Herbst - die Wohnung wird versch\u00f6nert - Tafeldeko<\/title>\n<meta name=\"description\" content=\"Die Deko im Herbst f\u00fcr die Wohnung ist eine saisonale Deko, die vieles zu bieten hat. Langweile kommt da ganz gewiss keine auf und die...\" \/>\n<meta name=\"robots\" content=\"index, follow, max-snippet:-1, max-image-preview:large, max-video-preview:-1\" \/>\n<link rel=\"canonical\" href=\"https:\/\/www.tafeldeko.de\/news\/deko-im-herbst-die-wohnung-wird-verschoenert\/\" \/>\n<meta property=\"og:locale\" content=\"de_DE\" \/>\n<meta property=\"og:type\" content=\"article\" \/>\n<meta property=\"og:title\" content=\"Deko im Herbst - die Wohnung wird versch\u00f6nert - Tafeldeko\" \/>\n<meta property=\"og:description\" content=\"Die Deko im Herbst f\u00fcr die Wohnung ist eine saisonale Deko, die vieles zu bieten hat. Langweile kommt da ganz gewiss keine auf und die...\" \/>\n<meta property=\"og:url\" content=\"https:\/\/www.tafeldeko.de\/news\/deko-im-herbst-die-wohnung-wird-verschoenert\/\" \/>\n<meta property=\"og:site_name\" content=\"Tafeldeko\" \/>\n<meta property=\"article:publisher\" content=\"https:\/\/www.facebook.com\/pages\/Tafeldeko-einzigartige-Tischdekoration\/174202655894\" \/>\n<meta property=\"article:published_time\" content=\"2015-10-21T10:03:49+00:00\" \/>\n<meta property=\"article:modified_time\" content=\"2022-11-11T11:08:49+00:00\" \/>\n<meta property=\"og:image\" content=\"https:\/\/www.tafeldeko.de\/news\/wp-content\/uploads\/2015\/10\/20220926_125229-scaled.jpg\" \/>\n\t<meta property=\"og:image:width\" content=\"2560\" \/>\n\t<meta property=\"og:image:height\" content=\"1153\" \/>\n\t<meta property=\"og:image:type\" content=\"image\/jpeg\" \/>\n<meta name=\"author\" content=\"Tafeldeko Deko Team\" \/>\n<meta name=\"twitter:label1\" content=\"Verfasst von\" \/>\n\t<meta name=\"twitter:data1\" content=\"Tafeldeko Deko Team\" \/>\n\t<meta name=\"twitter:label2\" content=\"Gesch\u00e4tzte Lesezeit\" \/>\n\t<meta name=\"twitter:data2\" content=\"3 Minuten\" \/>\n<script type=\"application\/ld+json\" class=\"yoast-schema-graph\">{\"@context\":\"https:\/\/schema.org\",\"@graph\":[{\"@type\":\"WebPage\",\"@id\":\"https:\/\/www.tafeldeko.de\/news\/deko-im-herbst-die-wohnung-wird-verschoenert\/\",\"url\":\"https:\/\/www.tafeldeko.de\/news\/deko-im-herbst-die-wohnung-wird-verschoenert\/\",\"name\":\"Deko im Herbst - die Wohnung wird versch\u00f6nert - Tafeldeko\",\"isPartOf\":{\"@id\":\"https:\/\/www.tafeldeko.de\/news\/#website\"},\"datePublished\":\"2015-10-21T10:03:49+00:00\",\"dateModified\":\"2022-11-11T11:08:49+00:00\",\"author\":{\"@id\":\"https:\/\/www.tafeldeko.de\/news\/#\/schema\/person\/dc309fbb6a3e380919fc08342c3cc233\"},\"description\":\"Die Deko im Herbst f\u00fcr die Wohnung ist eine saisonale Deko, die vieles zu bieten hat. Langweile kommt da ganz gewiss keine auf und die...\",\"breadcrumb\":{\"@id\":\"https:\/\/www.tafeldeko.de\/news\/deko-im-herbst-die-wohnung-wird-verschoenert\/#breadcrumb\"},\"inLanguage\":\"de-DE\",\"potentialAction\":[{\"@type\":\"ReadAction\",\"target\":[\"https:\/\/www.tafeldeko.de\/news\/deko-im-herbst-die-wohnung-wird-verschoenert\/\"]}]},{\"@type\":\"BreadcrumbList\",\"@id\":\"https:\/\/www.tafeldeko.de\/news\/deko-im-herbst-die-wohnung-wird-verschoenert\/#breadcrumb\",\"itemListElement\":[{\"@type\":\"ListItem\",\"position\":1,\"name\":\"Tafeldeko\",\"item\":\"https:\/\/www.tafeldeko.de\/news\/\"},{\"@type\":\"ListItem\",\"position\":2,\"name\":\"Alte Beitr\u00e4ge\",\"item\":\"https:\/\/www.tafeldeko.de\/news\/alte-beitraege\/\"},{\"@type\":\"ListItem\",\"position\":3,\"name\":\"Tischdeko - Blog\",\"item\":\"https:\/\/www.tafeldeko.de\/news\/alte-beitraege\/tischdeko-blog\/\"},{\"@type\":\"ListItem\",\"position\":4,\"name\":\"Deko im Herbst &#8211; die Wohnung wird versch\u00f6nert\"}]},{\"@type\":\"WebSite\",\"@id\":\"https:\/\/www.tafeldeko.de\/news\/#website\",\"url\":\"https:\/\/www.tafeldeko.de\/news\/\",\"name\":\"Tafeldeko\",\"description\":\"Blog mit Tischdeko und Tischdekoration Ideen\",\"potentialAction\":[{\"@type\":\"SearchAction\",\"target\":{\"@type\":\"EntryPoint\",\"urlTemplate\":\"https:\/\/www.tafeldeko.de\/news\/?s={search_term_string}\"},\"query-input\":\"required name=search_term_string\"}],\"inLanguage\":\"de-DE\"},{\"@type\":\"Person\",\"@id\":\"https:\/\/www.tafeldeko.de\/news\/#\/schema\/person\/dc309fbb6a3e380919fc08342c3cc233\",\"name\":\"Tafeldeko Deko Team\",\"image\":{\"@type\":\"ImageObject\",\"inLanguage\":\"de-DE\",\"@id\":\"https:\/\/www.tafeldeko.de\/news\/#\/schema\/person\/image\/\",\"url\":\"https:\/\/secure.gravatar.com\/avatar\/1e962f4040dc9996f0d200db31598854?s=96&d=mm&r=g\",\"contentUrl\":\"https:\/\/secure.gravatar.com\/avatar\/1e962f4040dc9996f0d200db31598854?s=96&d=mm&r=g\",\"caption\":\"Tafeldeko Deko Team\"}}]}<\/script>\n<!-- \/ Yoast SEO plugin. -->","yoast_head_json":{"title":"Deko im Herbst - die Wohnung wird versch\u00f6nert - Tafeldeko","description":"Die Deko im Herbst f\u00fcr die Wohnung ist eine saisonale Deko, die vieles zu bieten hat. Langweile kommt da ganz gewiss keine auf und die...","robots":{"index":"index","follow":"follow","max-snippet":"max-snippet:-1","max-image-preview":"max-image-preview:large","max-video-preview":"max-video-preview:-1"},"canonical":"https:\/\/www.tafeldeko.de\/news\/deko-im-herbst-die-wohnung-wird-verschoenert\/","og_locale":"de_DE","og_type":"article","og_title":"Deko im Herbst - die Wohnung wird versch\u00f6nert - Tafeldeko","og_description":"Die Deko im Herbst f\u00fcr die Wohnung ist eine saisonale Deko, die vieles zu bieten hat. Langweile kommt da ganz gewiss keine auf und die...","og_url":"https:\/\/www.tafeldeko.de\/news\/deko-im-herbst-die-wohnung-wird-verschoenert\/","og_site_name":"Tafeldeko","article_publisher":"https:\/\/www.facebook.com\/pages\/Tafeldeko-einzigartige-Tischdekoration\/174202655894","article_published_time":"2015-10-21T10:03:49+00:00","article_modified_time":"2022-11-11T11:08:49+00:00","og_image":[{"width":2560,"height":1153,"url":"https:\/\/www.tafeldeko.de\/news\/wp-content\/uploads\/2015\/10\/20220926_125229-scaled.jpg","type":"image\/jpeg"}],"author":"Tafeldeko Deko Team","twitter_misc":{"Verfasst von":"Tafeldeko Deko Team","Gesch\u00e4tzte Lesezeit":"3 Minuten"},"schema":{"@context":"https:\/\/schema.org","@graph":[{"@type":"WebPage","@id":"https:\/\/www.tafeldeko.de\/news\/deko-im-herbst-die-wohnung-wird-verschoenert\/","url":"https:\/\/www.tafeldeko.de\/news\/deko-im-herbst-die-wohnung-wird-verschoenert\/","name":"Deko im Herbst - die Wohnung wird versch\u00f6nert - Tafeldeko","isPartOf":{"@id":"https:\/\/www.tafeldeko.de\/news\/#website"},"datePublished":"2015-10-21T10:03:49+00:00","dateModified":"2022-11-11T11:08:49+00:00","author":{"@id":"https:\/\/www.tafeldeko.de\/news\/#\/schema\/person\/dc309fbb6a3e380919fc08342c3cc233"},"description":"Die Deko im Herbst f\u00fcr die Wohnung ist eine saisonale Deko, die vieles zu bieten hat. Langweile kommt da ganz gewiss keine auf und die...","breadcrumb":{"@id":"https:\/\/www.tafeldeko.de\/news\/deko-im-herbst-die-wohnung-wird-verschoenert\/#breadcrumb"},"inLanguage":"de-DE","potentialAction":[{"@type":"ReadAction","target":["https:\/\/www.tafeldeko.de\/news\/deko-im-herbst-die-wohnung-wird-verschoenert\/"]}]},{"@type":"BreadcrumbList","@id":"https:\/\/www.tafeldeko.de\/news\/deko-im-herbst-die-wohnung-wird-verschoenert\/#breadcrumb","itemListElement":[{"@type":"ListItem","position":1,"name":"Tafeldeko","item":"https:\/\/www.tafeldeko.de\/news\/"},{"@type":"ListItem","position":2,"name":"Alte Beitr\u00e4ge","item":"https:\/\/www.tafeldeko.de\/news\/alte-beitraege\/"},{"@type":"ListItem","position":3,"name":"Tischdeko - Blog","item":"https:\/\/www.tafeldeko.de\/news\/alte-beitraege\/tischdeko-blog\/"},{"@type":"ListItem","position":4,"name":"Deko im Herbst &#8211; die Wohnung wird versch\u00f6nert"}]},{"@type":"WebSite","@id":"https:\/\/www.tafeldeko.de\/news\/#website","url":"https:\/\/www.tafeldeko.de\/news\/","name":"Tafeldeko","description":"Blog mit Tischdeko und Tischdekoration Ideen","potentialAction":[{"@type":"SearchAction","target":{"@type":"EntryPoint","urlTemplate":"https:\/\/www.tafeldeko.de\/news\/?s={search_term_string}"},"query-input":"required name=search_term_string"}],"inLanguage":"de-DE"},{"@type":"Person","@id":"https:\/\/www.tafeldeko.de\/news\/#\/schema\/person\/dc309fbb6a3e380919fc08342c3cc233","name":"Tafeldeko Deko Team","image":{"@type":"ImageObject","inLanguage":"de-DE","@id":"https:\/\/www.tafeldeko.de\/news\/#\/schema\/person\/image\/","url":"https:\/\/secure.gravatar.com\/avatar\/1e962f4040dc9996f0d200db31598854?s=96&d=mm&r=g","contentUrl":"https:\/\/secure.gravatar.com\/avatar\/1e962f4040dc9996f0d200db31598854?s=96&d=mm&r=g","caption":"Tafeldeko Deko Team"}}]}},"_links":{"self":[{"href":"https:\/\/www.tafeldeko.de\/news\/wp-json\/wp\/v2\/posts\/6746"}],"collection":[{"href":"https:\/\/www.tafeldeko.de\/news\/wp-json\/wp\/v2\/posts"}],"about":[{"href":"https:\/\/www.tafeldeko.de\/news\/wp-json\/wp\/v2\/types\/post"}],"author":[{"embeddable":true,"href":"https:\/\/www.tafeldeko.de\/news\/wp-json\/wp\/v2\/users\/6"}],"replies":[{"embeddable":true,"href":"https:\/\/www.tafeldeko.de\/news\/wp-json\/wp\/v2\/comments?post=6746"}],"version-history":[{"count":5,"href":"https:\/\/www.tafeldeko.de\/news\/wp-json\/wp\/v2\/posts\/6746\/revisions"}],"predecessor-version":[{"id":21473,"href":"https:\/\/www.tafeldeko.de\/news\/wp-json\/wp\/v2\/posts\/6746\/revisions\/21473"}],"wp:featuredmedia":[{"embeddable":true,"href":"https:\/\/www.tafeldeko.de\/news\/wp-json\/wp\/v2\/media\/21469"}],"wp:attachment":[{"href":"https:\/\/www.tafeldeko.de\/news\/wp-json\/wp\/v2\/media?parent=6746"}],"wp:term":[{"taxonomy":"category","embeddable":true,"href":"https:\/\/www.tafeldeko.de\/news\/wp-json\/wp\/v2\/categories?post=6746"},{"taxonomy":"post_tag","embeddable":true,"href":"https:\/\/www.tafeldeko.de\/news\/wp-json\/wp\/v2\/tags?post=6746"}],"curies":[{"name":"wp","href":"https:\/\/api.w.org\/{rel}","templated":true}]}}