{"id":6733,"date":"2015-10-24T16:17:04","date_gmt":"2015-10-24T14:17:04","guid":{"rendered":"http:\/\/www.tafeldeko.de\/news\/?p=6733"},"modified":"2022-11-11T11:20:04","modified_gmt":"2022-11-11T10:20:04","slug":"tischdeko-adventssonntage","status":"publish","type":"post","link":"https:\/\/www.tafeldeko.de\/news\/tischdeko-adventssonntage\/","title":{"rendered":"Tischdeko Adventssonntage"},"content":{"rendered":"<p>Ein Bestandteil der <strong>Tischdeko Adventssonntage<\/strong> ist wohl zu hundert Prozent klar \u2013 genau, der <strong>Adventskranz<\/strong>. Er steht f\u00fcr die vier Adventssonntage, mit denen sich die Christenheit sich auf Weihnachten \u2013 das Fest der Geburt von Jesu von Nazareth &#8211; vorbereitet. F\u00fcr die r\u00f6misch-katholische Kirche und auch die evangelische Kirche beginnt mit dem ersten Adventssonntag das neue Kirchenjahr. Das war ein kleiner Ausblick in die Hintergr\u00fcnde des Advents, doch nun zur\u00fcck zur Tischdeko Adventssonntage.<\/p>\n<p><img decoding=\"async\" loading=\"lazy\" src=\"https:\/\/www.tafeldeko.de\/news\/wp-content\/uploads\/2015\/10\/kerzentablett.jpg\" sizes=\"(max-width: 250px) 100vw, 250px\" srcset=\"https:\/\/www.tafeldeko.de\/news\/wp-content\/uploads\/2015\/10\/kerzentablett.jpg 250w, https:\/\/www.tafeldeko.de\/news\/wp-content\/uploads\/2015\/10\/kerzentablett-150x150.jpg 150w\" alt=\"Tischdeko Adventssonntage\" width=\"250\" height=\"250\" \/><\/p>\n<h2>Tischdeko Adventssonntage \u2013 mit tollem Adventskranz<\/h2>\n<p>Der Adventskranz sollte f\u00fcr die Tischdeko Adventssonntage ein fester Bestandteil sein. Mit vier Kerzen und wundersch\u00f6n dekoriert, steht dieser Kranz nicht nur f\u00fcr das Religi\u00f6se, sondern stellt eine tolle Dekoration f\u00fcr die Vorweihnachtszeit dar.<br \/>\nDabei bieten sich f\u00fcr den <strong>Adventskranz<\/strong> sehr viele verschiedene M\u00f6glichkeiten an, von der klassischen Variante bis hin zu modernen und ausgefallenen Gestaltungen des Kranzes.<br \/>\nEine tolle Idee, den Adventskranz dieses Jahr mal anders zu gestalten, bietet Ihnen des gro\u00dfe <strong>Kerzentablett Set in Silber mit Natur Deko<\/strong> \u2013 ein echtes Highlight, was die Deko f\u00fcr die Adventszeit anbelangt. Stellen Sie in die Gl\u00e4ser des Kerzentabletts runde Stumpenkerzen \u2013 in der Farbe, die Ihnen am besten gef\u00e4llt und zu den Accessoires passt, die Sie als Hingucker arrangieren. Stumpenkerzen in kr\u00e4ftigen Farbt\u00f6nen wie Rot oder Gr\u00fcn schimmern leicht durch das Glas hindurch, was einen tollen Effekt in Ihre Tischdeko einbringt. Kleine Tannenzweige, Orangenscheiben, Zimtstangen und kleine <strong>Christbaumkugeln<\/strong> k\u00f6nnen als weitere Accessoires Platz in dem Holztablett finden. Gerade in den Abendstunden verleiht dieses Advents-Arrangement dem Raum eine wundervolle Atmosph\u00e4re \u2013 der Kerzenschein, die Farbe der Kerzen und das Leuchten, das sich in den Gl\u00e4sern wiederspiegelt.<\/p>\n<p>Die Tischdeko sorgt demnach f\u00fcr eine sch\u00f6ne und ausdrucksstarke Basis und wenn sich G\u00e4ste angesagt haben, k\u00f6nnen Sie die <a href=\"https:\/\/www.tafeldeko.de\" target=\"_blank\" rel=\"noopener\"><strong>Tischdeko<\/strong><\/a> beliebig erweitern. Und in die Tischmitte k\u00f6nnen Sie Ihr Adventsarrangement perfekt in Szene setzen.<br \/>\nWeitere Ideen f\u00fcr die Tischdeko erhalten Sie in unserem Online-Shop oder lassen Sie sich von den <strong>Mustertischen zu Weihnachten<\/strong> inspirieren.<\/p>\n<h2>Weitere Beitr\u00e4ge:<\/h2>\n<h2>Dekoartikel von A-Z<\/h2>\n<p><a href=\"https:\/\/www.tafeldeko.de\/tischdeko-artikel\/\"><br \/>\nJetzt entdecken <\/a><\/p>\n","protected":false},"excerpt":{"rendered":"<p>Ein Bestandteil der Tischdeko Adventssonntage ist wohl zu hundert Prozent klar \u2013 genau, der Adventskranz. Er steht f\u00fcr die vier Adventssonntage, mit denen sich die Christenheit sich auf Weihnachten \u2013 das Fest der Geburt von Jesu von Nazareth &#8211; vorbereitet. F\u00fcr die r\u00f6misch-katholische Kirche und auch die evangelische Kirche beginnt mit dem ersten Adventssonntag das [&hellip;]<\/p>\n","protected":false},"author":6,"featured_media":6734,"comment_status":"closed","ping_status":"closed","sticky":false,"template":"","format":"standard","meta":{"footnotes":""},"categories":[1],"tags":[],"yoast_head":"<!-- This site is optimized with the Yoast SEO plugin v20.4 - https:\/\/yoast.com\/wordpress\/plugins\/seo\/ -->\n<title>Tischdeko Adventssonntage - Tafeldeko<\/title>\n<meta name=\"description\" content=\"Die Tischdeko Adventssonntage sorgt demnach f\u00fcr eine ausdrucksstarke Basis und wenn sich G\u00e4ste angesagt haben, wird diese einfach erg\u00e4nzt.\" \/>\n<meta name=\"robots\" content=\"index, follow, max-snippet:-1, max-image-preview:large, max-video-preview:-1\" \/>\n<link rel=\"canonical\" href=\"https:\/\/www.tafeldeko.de\/news\/tischdeko-adventssonntage\/\" \/>\n<meta property=\"og:locale\" content=\"de_DE\" \/>\n<meta property=\"og:type\" content=\"article\" \/>\n<meta property=\"og:title\" content=\"Tischdeko Adventssonntage - Tafeldeko\" \/>\n<meta property=\"og:description\" content=\"Die Tischdeko Adventssonntage sorgt demnach f\u00fcr eine ausdrucksstarke Basis und wenn sich G\u00e4ste angesagt haben, wird diese einfach erg\u00e4nzt.\" \/>\n<meta property=\"og:url\" content=\"https:\/\/www.tafeldeko.de\/news\/tischdeko-adventssonntage\/\" \/>\n<meta property=\"og:site_name\" content=\"Tafeldeko\" \/>\n<meta property=\"article:publisher\" content=\"https:\/\/www.facebook.com\/pages\/Tafeldeko-einzigartige-Tischdekoration\/174202655894\" \/>\n<meta property=\"article:published_time\" content=\"2015-10-24T14:17:04+00:00\" \/>\n<meta property=\"article:modified_time\" content=\"2022-11-11T10:20:04+00:00\" \/>\n<meta property=\"og:image\" content=\"https:\/\/www.tafeldeko.de\/news\/wp-content\/uploads\/2015\/10\/kerzentablett.jpg\" \/>\n\t<meta property=\"og:image:width\" content=\"250\" \/>\n\t<meta property=\"og:image:height\" content=\"250\" \/>\n\t<meta property=\"og:image:type\" content=\"image\/jpeg\" \/>\n<meta name=\"author\" content=\"Tafeldeko Deko Team\" \/>\n<meta name=\"twitter:label1\" content=\"Verfasst von\" \/>\n\t<meta name=\"twitter:data1\" content=\"Tafeldeko Deko Team\" \/>\n\t<meta name=\"twitter:label2\" content=\"Gesch\u00e4tzte Lesezeit\" \/>\n\t<meta name=\"twitter:data2\" content=\"2 Minuten\" \/>\n<script type=\"application\/ld+json\" class=\"yoast-schema-graph\">{\"@context\":\"https:\/\/schema.org\",\"@graph\":[{\"@type\":\"WebPage\",\"@id\":\"https:\/\/www.tafeldeko.de\/news\/tischdeko-adventssonntage\/\",\"url\":\"https:\/\/www.tafeldeko.de\/news\/tischdeko-adventssonntage\/\",\"name\":\"Tischdeko Adventssonntage - Tafeldeko\",\"isPartOf\":{\"@id\":\"https:\/\/www.tafeldeko.de\/news\/#website\"},\"datePublished\":\"2015-10-24T14:17:04+00:00\",\"dateModified\":\"2022-11-11T10:20:04+00:00\",\"author\":{\"@id\":\"https:\/\/www.tafeldeko.de\/news\/#\/schema\/person\/dc309fbb6a3e380919fc08342c3cc233\"},\"description\":\"Die Tischdeko Adventssonntage sorgt demnach f\u00fcr eine ausdrucksstarke Basis und wenn sich G\u00e4ste angesagt haben, wird diese einfach erg\u00e4nzt.\",\"breadcrumb\":{\"@id\":\"https:\/\/www.tafeldeko.de\/news\/tischdeko-adventssonntage\/#breadcrumb\"},\"inLanguage\":\"de-DE\",\"potentialAction\":[{\"@type\":\"ReadAction\",\"target\":[\"https:\/\/www.tafeldeko.de\/news\/tischdeko-adventssonntage\/\"]}]},{\"@type\":\"BreadcrumbList\",\"@id\":\"https:\/\/www.tafeldeko.de\/news\/tischdeko-adventssonntage\/#breadcrumb\",\"itemListElement\":[{\"@type\":\"ListItem\",\"position\":1,\"name\":\"Tafeldeko\",\"item\":\"https:\/\/www.tafeldeko.de\/news\/\"},{\"@type\":\"ListItem\",\"position\":2,\"name\":\"Alte Beitr\u00e4ge\",\"item\":\"https:\/\/www.tafeldeko.de\/news\/alte-beitraege\/\"},{\"@type\":\"ListItem\",\"position\":3,\"name\":\"Tischdeko - Blog\",\"item\":\"https:\/\/www.tafeldeko.de\/news\/alte-beitraege\/tischdeko-blog\/\"},{\"@type\":\"ListItem\",\"position\":4,\"name\":\"Tischdeko Adventssonntage\"}]},{\"@type\":\"WebSite\",\"@id\":\"https:\/\/www.tafeldeko.de\/news\/#website\",\"url\":\"https:\/\/www.tafeldeko.de\/news\/\",\"name\":\"Tafeldeko\",\"description\":\"Blog mit Tischdeko und Tischdekoration Ideen\",\"potentialAction\":[{\"@type\":\"SearchAction\",\"target\":{\"@type\":\"EntryPoint\",\"urlTemplate\":\"https:\/\/www.tafeldeko.de\/news\/?s={search_term_string}\"},\"query-input\":\"required name=search_term_string\"}],\"inLanguage\":\"de-DE\"},{\"@type\":\"Person\",\"@id\":\"https:\/\/www.tafeldeko.de\/news\/#\/schema\/person\/dc309fbb6a3e380919fc08342c3cc233\",\"name\":\"Tafeldeko Deko Team\",\"image\":{\"@type\":\"ImageObject\",\"inLanguage\":\"de-DE\",\"@id\":\"https:\/\/www.tafeldeko.de\/news\/#\/schema\/person\/image\/\",\"url\":\"https:\/\/secure.gravatar.com\/avatar\/1e962f4040dc9996f0d200db31598854?s=96&d=mm&r=g\",\"contentUrl\":\"https:\/\/secure.gravatar.com\/avatar\/1e962f4040dc9996f0d200db31598854?s=96&d=mm&r=g\",\"caption\":\"Tafeldeko Deko Team\"}}]}<\/script>\n<!-- \/ Yoast SEO plugin. -->","yoast_head_json":{"title":"Tischdeko Adventssonntage - Tafeldeko","description":"Die Tischdeko Adventssonntage sorgt demnach f\u00fcr eine ausdrucksstarke Basis und wenn sich G\u00e4ste angesagt haben, wird diese einfach erg\u00e4nzt.","robots":{"index":"index","follow":"follow","max-snippet":"max-snippet:-1","max-image-preview":"max-image-preview:large","max-video-preview":"max-video-preview:-1"},"canonical":"https:\/\/www.tafeldeko.de\/news\/tischdeko-adventssonntage\/","og_locale":"de_DE","og_type":"article","og_title":"Tischdeko Adventssonntage - Tafeldeko","og_description":"Die Tischdeko Adventssonntage sorgt demnach f\u00fcr eine ausdrucksstarke Basis und wenn sich G\u00e4ste angesagt haben, wird diese einfach erg\u00e4nzt.","og_url":"https:\/\/www.tafeldeko.de\/news\/tischdeko-adventssonntage\/","og_site_name":"Tafeldeko","article_publisher":"https:\/\/www.facebook.com\/pages\/Tafeldeko-einzigartige-Tischdekoration\/174202655894","article_published_time":"2015-10-24T14:17:04+00:00","article_modified_time":"2022-11-11T10:20:04+00:00","og_image":[{"width":250,"height":250,"url":"https:\/\/www.tafeldeko.de\/news\/wp-content\/uploads\/2015\/10\/kerzentablett.jpg","type":"image\/jpeg"}],"author":"Tafeldeko Deko Team","twitter_misc":{"Verfasst von":"Tafeldeko Deko Team","Gesch\u00e4tzte Lesezeit":"2 Minuten"},"schema":{"@context":"https:\/\/schema.org","@graph":[{"@type":"WebPage","@id":"https:\/\/www.tafeldeko.de\/news\/tischdeko-adventssonntage\/","url":"https:\/\/www.tafeldeko.de\/news\/tischdeko-adventssonntage\/","name":"Tischdeko Adventssonntage - Tafeldeko","isPartOf":{"@id":"https:\/\/www.tafeldeko.de\/news\/#website"},"datePublished":"2015-10-24T14:17:04+00:00","dateModified":"2022-11-11T10:20:04+00:00","author":{"@id":"https:\/\/www.tafeldeko.de\/news\/#\/schema\/person\/dc309fbb6a3e380919fc08342c3cc233"},"description":"Die Tischdeko Adventssonntage sorgt demnach f\u00fcr eine ausdrucksstarke Basis und wenn sich G\u00e4ste angesagt haben, wird diese einfach erg\u00e4nzt.","breadcrumb":{"@id":"https:\/\/www.tafeldeko.de\/news\/tischdeko-adventssonntage\/#breadcrumb"},"inLanguage":"de-DE","potentialAction":[{"@type":"ReadAction","target":["https:\/\/www.tafeldeko.de\/news\/tischdeko-adventssonntage\/"]}]},{"@type":"BreadcrumbList","@id":"https:\/\/www.tafeldeko.de\/news\/tischdeko-adventssonntage\/#breadcrumb","itemListElement":[{"@type":"ListItem","position":1,"name":"Tafeldeko","item":"https:\/\/www.tafeldeko.de\/news\/"},{"@type":"ListItem","position":2,"name":"Alte Beitr\u00e4ge","item":"https:\/\/www.tafeldeko.de\/news\/alte-beitraege\/"},{"@type":"ListItem","position":3,"name":"Tischdeko - Blog","item":"https:\/\/www.tafeldeko.de\/news\/alte-beitraege\/tischdeko-blog\/"},{"@type":"ListItem","position":4,"name":"Tischdeko Adventssonntage"}]},{"@type":"WebSite","@id":"https:\/\/www.tafeldeko.de\/news\/#website","url":"https:\/\/www.tafeldeko.de\/news\/","name":"Tafeldeko","description":"Blog mit Tischdeko und Tischdekoration Ideen","potentialAction":[{"@type":"SearchAction","target":{"@type":"EntryPoint","urlTemplate":"https:\/\/www.tafeldeko.de\/news\/?s={search_term_string}"},"query-input":"required name=search_term_string"}],"inLanguage":"de-DE"},{"@type":"Person","@id":"https:\/\/www.tafeldeko.de\/news\/#\/schema\/person\/dc309fbb6a3e380919fc08342c3cc233","name":"Tafeldeko Deko Team","image":{"@type":"ImageObject","inLanguage":"de-DE","@id":"https:\/\/www.tafeldeko.de\/news\/#\/schema\/person\/image\/","url":"https:\/\/secure.gravatar.com\/avatar\/1e962f4040dc9996f0d200db31598854?s=96&d=mm&r=g","contentUrl":"https:\/\/secure.gravatar.com\/avatar\/1e962f4040dc9996f0d200db31598854?s=96&d=mm&r=g","caption":"Tafeldeko Deko Team"}}]}},"_links":{"self":[{"href":"https:\/\/www.tafeldeko.de\/news\/wp-json\/wp\/v2\/posts\/6733"}],"collection":[{"href":"https:\/\/www.tafeldeko.de\/news\/wp-json\/wp\/v2\/posts"}],"about":[{"href":"https:\/\/www.tafeldeko.de\/news\/wp-json\/wp\/v2\/types\/post"}],"author":[{"embeddable":true,"href":"https:\/\/www.tafeldeko.de\/news\/wp-json\/wp\/v2\/users\/6"}],"replies":[{"embeddable":true,"href":"https:\/\/www.tafeldeko.de\/news\/wp-json\/wp\/v2\/comments?post=6733"}],"version-history":[{"count":8,"href":"https:\/\/www.tafeldeko.de\/news\/wp-json\/wp\/v2\/posts\/6733\/revisions"}],"predecessor-version":[{"id":21457,"href":"https:\/\/www.tafeldeko.de\/news\/wp-json\/wp\/v2\/posts\/6733\/revisions\/21457"}],"wp:featuredmedia":[{"embeddable":true,"href":"https:\/\/www.tafeldeko.de\/news\/wp-json\/wp\/v2\/media\/6734"}],"wp:attachment":[{"href":"https:\/\/www.tafeldeko.de\/news\/wp-json\/wp\/v2\/media?parent=6733"}],"wp:term":[{"taxonomy":"category","embeddable":true,"href":"https:\/\/www.tafeldeko.de\/news\/wp-json\/wp\/v2\/categories?post=6733"},{"taxonomy":"post_tag","embeddable":true,"href":"https:\/\/www.tafeldeko.de\/news\/wp-json\/wp\/v2\/tags?post=6733"}],"curies":[{"name":"wp","href":"https:\/\/api.w.org\/{rel}","templated":true}]}}