{"id":6727,"date":"2015-10-23T14:22:08","date_gmt":"2015-10-23T12:22:08","guid":{"rendered":"http:\/\/www.tafeldeko.de\/news\/?p=6727"},"modified":"2022-11-11T11:24:31","modified_gmt":"2022-11-11T10:24:31","slug":"tischdeko-weihnachten-nicht-mehr-lange","status":"publish","type":"post","link":"https:\/\/www.tafeldeko.de\/news\/tischdeko-weihnachten-nicht-mehr-lange\/","title":{"rendered":"Tischdeko Weihnachten in Braun \u2013 nicht mehr lange\u2026."},"content":{"rendered":"<p><strong>&#8230;.. und wir feiern Weihnachten.<\/strong><\/p>\n<p>Die <strong>Tischdeko Weihnachten in Braun<\/strong> bietet Ihnen wundervolle M\u00f6glichkeiten, dem Weihnachtsfest eine feierliche Atmosph\u00e4re zu verleihen. Es sind nur noch wenige Wochen und die Adventszeit beginnt. Der <strong>Adventskranz<\/strong> mit den vier Kerzen ist ein Muss und weckt vor allen Dingen die Vorfreude auf Weihnachten. Gerade Kinder lieben es, wenn die Kerzen auf einem tollen Adventskranz leuchten. Die Tischdeko Weihnachten kann mit einem Adventskranz eine ausdrucksstarke Basis erhalten, mit Accessoires wie Dekokugeln, Sternen und allerlei <strong>Naturmaterialien<\/strong> setzen Sie weitere, tolle Akzente.<\/p>\n<p><img decoding=\"async\" loading=\"lazy\" src=\"https:\/\/www.tafeldeko.de\/news\/wp-content\/uploads\/2015\/10\/weihnachten_braun.jpg\" sizes=\"(max-width: 800px) 100vw, 800px\" srcset=\"https:\/\/www.tafeldeko.de\/news\/wp-content\/uploads\/2015\/10\/weihnachten_braun.jpg 1000w, https:\/\/www.tafeldeko.de\/news\/wp-content\/uploads\/2015\/10\/weihnachten_braun-300x210.jpg 300w, https:\/\/www.tafeldeko.de\/news\/wp-content\/uploads\/2015\/10\/weihnachten_braun-624x437.jpg 624w\" alt=\"Tischdeko Weihnachten in Braun\" width=\"800\" height=\"560\" \/><\/p>\n<p>Dabei kann man sich bei der Gestaltung des Adventskranzes von den verschiedensten Vorschl\u00e4gen in Zeitschriften, im Internet oder in den Gesch\u00e4ften inspirieren lassen. Der Klassiker unter den Adventskr\u00e4nzen ist die Ausf\u00fchrung in rund, gebunden aus Tannenzweigen, versch\u00f6nert mit Buchs, Lorbeer und Zweigen. Darauf werden vier runde Stumpenkerzen platziert, die die einzelnen Adventssonntage darstellen.<\/p>\n<h2>Die Tischdeko Weihnachten in Braun \u2013 unser Mustertisch<\/h2>\n<p>Der<strong> Mustertisch Weihnachten in Braun<\/strong> zeigt, wie Sie auch Ihre Tischdeko Weihnachten mal etwas anders arrangieren k\u00f6nnen. Zudem sehen Sie, dass ein Adventskranz nicht immer rund sein muss, sondern auch in einer anderen Form sehr ausdrucksstark wirken kann. Vor allem k\u00f6nnen Sie diesen Adventskranz im Handumdrehen selbst gestalten. Die Basis daf\u00fcr bildet das <strong>Adventskranzgestell Nordic mit vier Kerzentellern<\/strong>. Naturmaterialien wie Orangenscheiben, Christbaumkugeln und Kiefernzapfen eignen sich hervorragend, die Holzschale des Gestells zu bef\u00fcllen. Dekofiguren wie beispielsweise die kleinen Engel, Schneem\u00e4nner oder Weihnachtsm\u00e4nner setzen tolle Akzente. Und bei den Kerzen k\u00f6nnen Sie entweder zu runden oder eckigen Stumpenkerzen greifen. Ob Bestandteil der <a href=\"https:\/\/www.tafeldeko.de\" target=\"_blank\" rel=\"noopener\"><strong>Tischdeko<\/strong><\/a> Weihnachten oder als einzelnes <strong>Schmuckst\u00fcck auf dem Tisch<\/strong> \u2013 dieser Adventskranz ist anders als die anderen. Vor allen Dingen haben Sie hier Ihre eigenen Ideen und Vorstellungen eingebracht und k\u00f6nnen stolz darauf sein. Und wenn Weihnachten vorbei ist, wird das Adventskranzgestell eingepackt, um am n\u00e4chsten Weihnachtsfest mit einer anderen Deko wieder zum Einsatz zu kommen. Kreieren auch Sie Ihre ganz<strong> individuelle Tischdeko Weihnachten<\/strong> \u2013 inspiriert durch unsere Mustertische.<\/p>\n<h2>Weitere Beitr\u00e4ge:<\/h2>\n<h2>Dekoartikel von A-Z<\/h2>\n<p><a href=\"https:\/\/www.tafeldeko.de\/tischdeko-artikel\/\"><br \/>\nJetzt entdecken <\/a><\/p>\n","protected":false},"excerpt":{"rendered":"<p>&#8230;.. und wir feiern Weihnachten. Die Tischdeko Weihnachten in Braun bietet Ihnen wundervolle M\u00f6glichkeiten, dem Weihnachtsfest eine feierliche Atmosph\u00e4re zu verleihen. Es sind nur noch wenige Wochen und die Adventszeit beginnt. Der Adventskranz mit den vier Kerzen ist ein Muss und weckt vor allen Dingen die Vorfreude auf Weihnachten. Gerade Kinder lieben es, wenn die [&hellip;]<\/p>\n","protected":false},"author":6,"featured_media":6728,"comment_status":"closed","ping_status":"closed","sticky":false,"template":"","format":"standard","meta":{"footnotes":""},"categories":[1],"tags":[],"yoast_head":"<!-- This site is optimized with the Yoast SEO plugin v20.4 - https:\/\/yoast.com\/wordpress\/plugins\/seo\/ -->\n<title>Tischdeko Weihnachten in Braun \u2013 nicht mehr lange\u2026. - Tafeldeko<\/title>\n<meta name=\"description\" content=\"Der Mustertisch Weihnachten in Braun zeigt, wie Sie auch Ihre Tischdeko Weihnachten mal etwas anders als sonst arrangieren k\u00f6nnen.\" \/>\n<meta name=\"robots\" content=\"index, follow, max-snippet:-1, max-image-preview:large, max-video-preview:-1\" \/>\n<link rel=\"canonical\" href=\"https:\/\/www.tafeldeko.de\/news\/tischdeko-weihnachten-nicht-mehr-lange\/\" \/>\n<meta property=\"og:locale\" content=\"de_DE\" \/>\n<meta property=\"og:type\" content=\"article\" \/>\n<meta property=\"og:title\" content=\"Tischdeko Weihnachten in Braun \u2013 nicht mehr lange\u2026. - Tafeldeko\" \/>\n<meta property=\"og:description\" content=\"Der Mustertisch Weihnachten in Braun zeigt, wie Sie auch Ihre Tischdeko Weihnachten mal etwas anders als sonst arrangieren k\u00f6nnen.\" \/>\n<meta property=\"og:url\" content=\"https:\/\/www.tafeldeko.de\/news\/tischdeko-weihnachten-nicht-mehr-lange\/\" \/>\n<meta property=\"og:site_name\" content=\"Tafeldeko\" \/>\n<meta property=\"article:publisher\" content=\"https:\/\/www.facebook.com\/pages\/Tafeldeko-einzigartige-Tischdekoration\/174202655894\" \/>\n<meta property=\"article:published_time\" content=\"2015-10-23T12:22:08+00:00\" \/>\n<meta property=\"article:modified_time\" content=\"2022-11-11T10:24:31+00:00\" \/>\n<meta property=\"og:image\" content=\"https:\/\/www.tafeldeko.de\/news\/wp-content\/uploads\/2015\/10\/weihnachten_braun.jpg\" \/>\n\t<meta property=\"og:image:width\" content=\"1000\" \/>\n\t<meta property=\"og:image:height\" content=\"700\" \/>\n\t<meta property=\"og:image:type\" content=\"image\/jpeg\" \/>\n<meta name=\"author\" content=\"Tafeldeko Deko Team\" \/>\n<meta name=\"twitter:label1\" content=\"Verfasst von\" \/>\n\t<meta name=\"twitter:data1\" content=\"Tafeldeko Deko Team\" \/>\n\t<meta name=\"twitter:label2\" content=\"Gesch\u00e4tzte Lesezeit\" \/>\n\t<meta name=\"twitter:data2\" content=\"2 Minuten\" \/>\n<script type=\"application\/ld+json\" class=\"yoast-schema-graph\">{\"@context\":\"https:\/\/schema.org\",\"@graph\":[{\"@type\":\"WebPage\",\"@id\":\"https:\/\/www.tafeldeko.de\/news\/tischdeko-weihnachten-nicht-mehr-lange\/\",\"url\":\"https:\/\/www.tafeldeko.de\/news\/tischdeko-weihnachten-nicht-mehr-lange\/\",\"name\":\"Tischdeko Weihnachten in Braun \u2013 nicht mehr lange\u2026. - Tafeldeko\",\"isPartOf\":{\"@id\":\"https:\/\/www.tafeldeko.de\/news\/#website\"},\"datePublished\":\"2015-10-23T12:22:08+00:00\",\"dateModified\":\"2022-11-11T10:24:31+00:00\",\"author\":{\"@id\":\"https:\/\/www.tafeldeko.de\/news\/#\/schema\/person\/dc309fbb6a3e380919fc08342c3cc233\"},\"description\":\"Der Mustertisch Weihnachten in Braun zeigt, wie Sie auch Ihre Tischdeko Weihnachten mal etwas anders als sonst arrangieren k\u00f6nnen.\",\"breadcrumb\":{\"@id\":\"https:\/\/www.tafeldeko.de\/news\/tischdeko-weihnachten-nicht-mehr-lange\/#breadcrumb\"},\"inLanguage\":\"de-DE\",\"potentialAction\":[{\"@type\":\"ReadAction\",\"target\":[\"https:\/\/www.tafeldeko.de\/news\/tischdeko-weihnachten-nicht-mehr-lange\/\"]}]},{\"@type\":\"BreadcrumbList\",\"@id\":\"https:\/\/www.tafeldeko.de\/news\/tischdeko-weihnachten-nicht-mehr-lange\/#breadcrumb\",\"itemListElement\":[{\"@type\":\"ListItem\",\"position\":1,\"name\":\"Tafeldeko\",\"item\":\"https:\/\/www.tafeldeko.de\/news\/\"},{\"@type\":\"ListItem\",\"position\":2,\"name\":\"Alte Beitr\u00e4ge\",\"item\":\"https:\/\/www.tafeldeko.de\/news\/alte-beitraege\/\"},{\"@type\":\"ListItem\",\"position\":3,\"name\":\"Tischdeko - Blog\",\"item\":\"https:\/\/www.tafeldeko.de\/news\/alte-beitraege\/tischdeko-blog\/\"},{\"@type\":\"ListItem\",\"position\":4,\"name\":\"Tischdeko Weihnachten in Braun \u2013 nicht mehr lange\u2026.\"}]},{\"@type\":\"WebSite\",\"@id\":\"https:\/\/www.tafeldeko.de\/news\/#website\",\"url\":\"https:\/\/www.tafeldeko.de\/news\/\",\"name\":\"Tafeldeko\",\"description\":\"Blog mit Tischdeko und Tischdekoration Ideen\",\"potentialAction\":[{\"@type\":\"SearchAction\",\"target\":{\"@type\":\"EntryPoint\",\"urlTemplate\":\"https:\/\/www.tafeldeko.de\/news\/?s={search_term_string}\"},\"query-input\":\"required name=search_term_string\"}],\"inLanguage\":\"de-DE\"},{\"@type\":\"Person\",\"@id\":\"https:\/\/www.tafeldeko.de\/news\/#\/schema\/person\/dc309fbb6a3e380919fc08342c3cc233\",\"name\":\"Tafeldeko Deko Team\",\"image\":{\"@type\":\"ImageObject\",\"inLanguage\":\"de-DE\",\"@id\":\"https:\/\/www.tafeldeko.de\/news\/#\/schema\/person\/image\/\",\"url\":\"https:\/\/secure.gravatar.com\/avatar\/1e962f4040dc9996f0d200db31598854?s=96&d=mm&r=g\",\"contentUrl\":\"https:\/\/secure.gravatar.com\/avatar\/1e962f4040dc9996f0d200db31598854?s=96&d=mm&r=g\",\"caption\":\"Tafeldeko Deko Team\"}}]}<\/script>\n<!-- \/ Yoast SEO plugin. -->","yoast_head_json":{"title":"Tischdeko Weihnachten in Braun \u2013 nicht mehr lange\u2026. - Tafeldeko","description":"Der Mustertisch Weihnachten in Braun zeigt, wie Sie auch Ihre Tischdeko Weihnachten mal etwas anders als sonst arrangieren k\u00f6nnen.","robots":{"index":"index","follow":"follow","max-snippet":"max-snippet:-1","max-image-preview":"max-image-preview:large","max-video-preview":"max-video-preview:-1"},"canonical":"https:\/\/www.tafeldeko.de\/news\/tischdeko-weihnachten-nicht-mehr-lange\/","og_locale":"de_DE","og_type":"article","og_title":"Tischdeko Weihnachten in Braun \u2013 nicht mehr lange\u2026. - Tafeldeko","og_description":"Der Mustertisch Weihnachten in Braun zeigt, wie Sie auch Ihre Tischdeko Weihnachten mal etwas anders als sonst arrangieren k\u00f6nnen.","og_url":"https:\/\/www.tafeldeko.de\/news\/tischdeko-weihnachten-nicht-mehr-lange\/","og_site_name":"Tafeldeko","article_publisher":"https:\/\/www.facebook.com\/pages\/Tafeldeko-einzigartige-Tischdekoration\/174202655894","article_published_time":"2015-10-23T12:22:08+00:00","article_modified_time":"2022-11-11T10:24:31+00:00","og_image":[{"width":1000,"height":700,"url":"https:\/\/www.tafeldeko.de\/news\/wp-content\/uploads\/2015\/10\/weihnachten_braun.jpg","type":"image\/jpeg"}],"author":"Tafeldeko Deko Team","twitter_misc":{"Verfasst von":"Tafeldeko Deko Team","Gesch\u00e4tzte Lesezeit":"2 Minuten"},"schema":{"@context":"https:\/\/schema.org","@graph":[{"@type":"WebPage","@id":"https:\/\/www.tafeldeko.de\/news\/tischdeko-weihnachten-nicht-mehr-lange\/","url":"https:\/\/www.tafeldeko.de\/news\/tischdeko-weihnachten-nicht-mehr-lange\/","name":"Tischdeko Weihnachten in Braun \u2013 nicht mehr lange\u2026. - Tafeldeko","isPartOf":{"@id":"https:\/\/www.tafeldeko.de\/news\/#website"},"datePublished":"2015-10-23T12:22:08+00:00","dateModified":"2022-11-11T10:24:31+00:00","author":{"@id":"https:\/\/www.tafeldeko.de\/news\/#\/schema\/person\/dc309fbb6a3e380919fc08342c3cc233"},"description":"Der Mustertisch Weihnachten in Braun zeigt, wie Sie auch Ihre Tischdeko Weihnachten mal etwas anders als sonst arrangieren k\u00f6nnen.","breadcrumb":{"@id":"https:\/\/www.tafeldeko.de\/news\/tischdeko-weihnachten-nicht-mehr-lange\/#breadcrumb"},"inLanguage":"de-DE","potentialAction":[{"@type":"ReadAction","target":["https:\/\/www.tafeldeko.de\/news\/tischdeko-weihnachten-nicht-mehr-lange\/"]}]},{"@type":"BreadcrumbList","@id":"https:\/\/www.tafeldeko.de\/news\/tischdeko-weihnachten-nicht-mehr-lange\/#breadcrumb","itemListElement":[{"@type":"ListItem","position":1,"name":"Tafeldeko","item":"https:\/\/www.tafeldeko.de\/news\/"},{"@type":"ListItem","position":2,"name":"Alte Beitr\u00e4ge","item":"https:\/\/www.tafeldeko.de\/news\/alte-beitraege\/"},{"@type":"ListItem","position":3,"name":"Tischdeko - Blog","item":"https:\/\/www.tafeldeko.de\/news\/alte-beitraege\/tischdeko-blog\/"},{"@type":"ListItem","position":4,"name":"Tischdeko Weihnachten in Braun \u2013 nicht mehr lange\u2026."}]},{"@type":"WebSite","@id":"https:\/\/www.tafeldeko.de\/news\/#website","url":"https:\/\/www.tafeldeko.de\/news\/","name":"Tafeldeko","description":"Blog mit Tischdeko und Tischdekoration Ideen","potentialAction":[{"@type":"SearchAction","target":{"@type":"EntryPoint","urlTemplate":"https:\/\/www.tafeldeko.de\/news\/?s={search_term_string}"},"query-input":"required name=search_term_string"}],"inLanguage":"de-DE"},{"@type":"Person","@id":"https:\/\/www.tafeldeko.de\/news\/#\/schema\/person\/dc309fbb6a3e380919fc08342c3cc233","name":"Tafeldeko Deko Team","image":{"@type":"ImageObject","inLanguage":"de-DE","@id":"https:\/\/www.tafeldeko.de\/news\/#\/schema\/person\/image\/","url":"https:\/\/secure.gravatar.com\/avatar\/1e962f4040dc9996f0d200db31598854?s=96&d=mm&r=g","contentUrl":"https:\/\/secure.gravatar.com\/avatar\/1e962f4040dc9996f0d200db31598854?s=96&d=mm&r=g","caption":"Tafeldeko Deko Team"}}]}},"_links":{"self":[{"href":"https:\/\/www.tafeldeko.de\/news\/wp-json\/wp\/v2\/posts\/6727"}],"collection":[{"href":"https:\/\/www.tafeldeko.de\/news\/wp-json\/wp\/v2\/posts"}],"about":[{"href":"https:\/\/www.tafeldeko.de\/news\/wp-json\/wp\/v2\/types\/post"}],"author":[{"embeddable":true,"href":"https:\/\/www.tafeldeko.de\/news\/wp-json\/wp\/v2\/users\/6"}],"replies":[{"embeddable":true,"href":"https:\/\/www.tafeldeko.de\/news\/wp-json\/wp\/v2\/comments?post=6727"}],"version-history":[{"count":6,"href":"https:\/\/www.tafeldeko.de\/news\/wp-json\/wp\/v2\/posts\/6727\/revisions"}],"predecessor-version":[{"id":21462,"href":"https:\/\/www.tafeldeko.de\/news\/wp-json\/wp\/v2\/posts\/6727\/revisions\/21462"}],"wp:featuredmedia":[{"embeddable":true,"href":"https:\/\/www.tafeldeko.de\/news\/wp-json\/wp\/v2\/media\/6728"}],"wp:attachment":[{"href":"https:\/\/www.tafeldeko.de\/news\/wp-json\/wp\/v2\/media?parent=6727"}],"wp:term":[{"taxonomy":"category","embeddable":true,"href":"https:\/\/www.tafeldeko.de\/news\/wp-json\/wp\/v2\/categories?post=6727"},{"taxonomy":"post_tag","embeddable":true,"href":"https:\/\/www.tafeldeko.de\/news\/wp-json\/wp\/v2\/tags?post=6727"}],"curies":[{"name":"wp","href":"https:\/\/api.w.org\/{rel}","templated":true}]}}