{"id":6710,"date":"2015-10-29T10:11:29","date_gmt":"2015-10-29T08:11:29","guid":{"rendered":"http:\/\/www.tafeldeko.de\/news\/?p=6710"},"modified":"2015-10-29T10:11:43","modified_gmt":"2015-10-29T08:11:43","slug":"geburtstagseinladung-fuer-die-gaeste-2","status":"publish","type":"post","link":"https:\/\/www.tafeldeko.de\/news\/geburtstagseinladung-fuer-die-gaeste-2\/","title":{"rendered":"Geburtstagseinladung f\u00fcr die G\u00e4ste"},"content":{"rendered":"<p>Wer seinen Geburtstag feiern m\u00f6chte, sollte auch an die <strong>Geburtstagseinladung<\/strong> f\u00fcr seine Liebsten denken. Mit der Einladung l\u00e4dt man seine G\u00e4ste sozusagen schwarz auf wei\u00df sowie formal ein. So wei\u00df jeder, wann und wo die Geburtstagsfete stattfindet, denn es ist keine Selbstverst\u00e4ndlichkeit, dass gefeiert wird oder dass man eingeladen ist. Mit der Geburtstagseinladung kann man sicher sein, dass man ein Teil an diesem besonderen Tag sein darf. Mit seiner Familie, Freunden, Arbeitskollegen oder auch seinen Nachbarn zu feiern ist gro\u00dfartig und immer wieder etwas Sch\u00f6nes. Nicht nur f\u00fcr Kinder sollte der Geburtstag einzigartig und unvergesslich sein, sondern auch f\u00fcr Erwachsene ein unbeschwerter Tag werden. Damit dies der Fall wird, ist eine sch\u00f6ne Geburtstagseinladung der erste Schritt.<\/p>\n<h2>Eine sch\u00f6ne Geburtstagseinladung seinen G\u00e4sten pr\u00e4sentieren<\/h2>\n<p>Um seinen G\u00e4sten eine sch\u00f6ne Geburtstagseinladung zu pr\u00e4sentieren, muss die entsprechende Idee her. Diese kann ganz unterschiedlich aussehen und es gibt unz\u00e4hlige M\u00f6glichkeiten, die in die Tat umgesetzt werden k\u00f6nnen. In punkto \u201eGeburtstagseinladung f\u00fcr Erwachsene\u201c kann man beispielsweise ein <strong>Kinderfoto<\/strong> in die Einladung miteinflie\u00dfen lassen oder man entscheidet sich f\u00fcr etwas Lustiges, wie zum Beispiel eine Geburtstagseinladung in Form einer Parkscheibe oder ein <strong>\u201eVIP Ticket\u201c<\/strong> f\u00fcr die Party des Jahres.<br \/>\nWie man sieht, kann man seiner Fantasie freien Lauf lassen und tolle Ideen kreieren. Des Weiteren ist eine Mottoparty auch eine tolle Variante, die man in die Tat umsetzen kann. <strong>Mottoparty<\/strong> &#8211; wurde hierf\u00fcr das Interesse geweckt?<br \/>\nMit dem Themenabend bringt man Spa\u00df in das Partygeschehen und es stellt eine andere Art des Feierns da. Die G\u00e4ste sowie der Gastgeber werden sich getreu dem Motto kleiden und auch die Lokation wird in einem besonderen Licht erscheinen.<br \/>\nWer solch eine Geburtstagsparty veranstalten m\u00f6chte, der sollte dies bereits mit der Geburtstagseinladung seinen G\u00e4sten mitteilen. Dann kann sich jeder darauf einstellen und sein Outfit dementsprechend anpassen. Von <strong>Helden aus der Kindheit<\/strong> \u00fcber eine karibische Nacht kann alles in Betracht kommen &#8211; am Ende kann man nur noch viel Freude beim Feiern w\u00fcnschen.<\/p>\n","protected":false},"excerpt":{"rendered":"<p>Wer seinen Geburtstag feiern m\u00f6chte, sollte auch an die Geburtstagseinladung f\u00fcr seine Liebsten denken. Mit der Einladung l\u00e4dt man seine G\u00e4ste sozusagen schwarz auf wei\u00df sowie formal ein. So wei\u00df jeder, wann und wo die Geburtstagsfete stattfindet, denn es ist keine Selbstverst\u00e4ndlichkeit, dass gefeiert wird oder dass man eingeladen ist. Mit der Geburtstagseinladung kann man [&hellip;]<\/p>\n","protected":false},"author":6,"featured_media":0,"comment_status":"closed","ping_status":"closed","sticky":false,"template":"","format":"standard","meta":{"footnotes":""},"categories":[1],"tags":[],"yoast_head":"<!-- This site is optimized with the Yoast SEO plugin v20.4 - https:\/\/yoast.com\/wordpress\/plugins\/seo\/ -->\n<title>Geburtstagseinladung f\u00fcr die G\u00e4ste - Tafeldeko<\/title>\n<meta name=\"description\" content=\"Mit der Geburtstagseinladung kann man sicher sein, dass man ein Teil an diesem besonderen Tag sein darf. Wir haben Ideen f\u00fcr die Einladung.\" \/>\n<meta name=\"robots\" content=\"index, follow, max-snippet:-1, max-image-preview:large, max-video-preview:-1\" \/>\n<link rel=\"canonical\" href=\"https:\/\/www.tafeldeko.de\/news\/geburtstagseinladung-fuer-die-gaeste-2\/\" \/>\n<meta property=\"og:locale\" content=\"de_DE\" \/>\n<meta property=\"og:type\" content=\"article\" \/>\n<meta property=\"og:title\" content=\"Geburtstagseinladung f\u00fcr die G\u00e4ste - Tafeldeko\" \/>\n<meta property=\"og:description\" content=\"Mit der Geburtstagseinladung kann man sicher sein, dass man ein Teil an diesem besonderen Tag sein darf. Wir haben Ideen f\u00fcr die Einladung.\" \/>\n<meta property=\"og:url\" content=\"https:\/\/www.tafeldeko.de\/news\/geburtstagseinladung-fuer-die-gaeste-2\/\" \/>\n<meta property=\"og:site_name\" content=\"Tafeldeko\" \/>\n<meta property=\"article:publisher\" content=\"https:\/\/www.facebook.com\/pages\/Tafeldeko-einzigartige-Tischdekoration\/174202655894\" \/>\n<meta property=\"article:published_time\" content=\"2015-10-29T08:11:29+00:00\" \/>\n<meta property=\"article:modified_time\" content=\"2015-10-29T08:11:43+00:00\" \/>\n<meta name=\"author\" content=\"Tafeldeko Deko Team\" \/>\n<meta name=\"twitter:label1\" content=\"Verfasst von\" \/>\n\t<meta name=\"twitter:data1\" content=\"Tafeldeko Deko Team\" \/>\n\t<meta name=\"twitter:label2\" content=\"Gesch\u00e4tzte Lesezeit\" \/>\n\t<meta name=\"twitter:data2\" content=\"2 Minuten\" \/>\n<script type=\"application\/ld+json\" class=\"yoast-schema-graph\">{\"@context\":\"https:\/\/schema.org\",\"@graph\":[{\"@type\":\"WebPage\",\"@id\":\"https:\/\/www.tafeldeko.de\/news\/geburtstagseinladung-fuer-die-gaeste-2\/\",\"url\":\"https:\/\/www.tafeldeko.de\/news\/geburtstagseinladung-fuer-die-gaeste-2\/\",\"name\":\"Geburtstagseinladung f\u00fcr die G\u00e4ste - Tafeldeko\",\"isPartOf\":{\"@id\":\"https:\/\/www.tafeldeko.de\/news\/#website\"},\"datePublished\":\"2015-10-29T08:11:29+00:00\",\"dateModified\":\"2015-10-29T08:11:43+00:00\",\"author\":{\"@id\":\"https:\/\/www.tafeldeko.de\/news\/#\/schema\/person\/dc309fbb6a3e380919fc08342c3cc233\"},\"description\":\"Mit der Geburtstagseinladung kann man sicher sein, dass man ein Teil an diesem besonderen Tag sein darf. Wir haben Ideen f\u00fcr die Einladung.\",\"breadcrumb\":{\"@id\":\"https:\/\/www.tafeldeko.de\/news\/geburtstagseinladung-fuer-die-gaeste-2\/#breadcrumb\"},\"inLanguage\":\"de-DE\",\"potentialAction\":[{\"@type\":\"ReadAction\",\"target\":[\"https:\/\/www.tafeldeko.de\/news\/geburtstagseinladung-fuer-die-gaeste-2\/\"]}]},{\"@type\":\"BreadcrumbList\",\"@id\":\"https:\/\/www.tafeldeko.de\/news\/geburtstagseinladung-fuer-die-gaeste-2\/#breadcrumb\",\"itemListElement\":[{\"@type\":\"ListItem\",\"position\":1,\"name\":\"Tafeldeko\",\"item\":\"https:\/\/www.tafeldeko.de\/news\/\"},{\"@type\":\"ListItem\",\"position\":2,\"name\":\"Alte Beitr\u00e4ge\",\"item\":\"https:\/\/www.tafeldeko.de\/news\/alte-beitraege\/\"},{\"@type\":\"ListItem\",\"position\":3,\"name\":\"Tischdeko - Blog\",\"item\":\"https:\/\/www.tafeldeko.de\/news\/alte-beitraege\/tischdeko-blog\/\"},{\"@type\":\"ListItem\",\"position\":4,\"name\":\"Geburtstagseinladung f\u00fcr die G\u00e4ste\"}]},{\"@type\":\"WebSite\",\"@id\":\"https:\/\/www.tafeldeko.de\/news\/#website\",\"url\":\"https:\/\/www.tafeldeko.de\/news\/\",\"name\":\"Tafeldeko\",\"description\":\"Blog mit Tischdeko und Tischdekoration Ideen\",\"potentialAction\":[{\"@type\":\"SearchAction\",\"target\":{\"@type\":\"EntryPoint\",\"urlTemplate\":\"https:\/\/www.tafeldeko.de\/news\/?s={search_term_string}\"},\"query-input\":\"required name=search_term_string\"}],\"inLanguage\":\"de-DE\"},{\"@type\":\"Person\",\"@id\":\"https:\/\/www.tafeldeko.de\/news\/#\/schema\/person\/dc309fbb6a3e380919fc08342c3cc233\",\"name\":\"Tafeldeko Deko Team\",\"image\":{\"@type\":\"ImageObject\",\"inLanguage\":\"de-DE\",\"@id\":\"https:\/\/www.tafeldeko.de\/news\/#\/schema\/person\/image\/\",\"url\":\"https:\/\/secure.gravatar.com\/avatar\/1e962f4040dc9996f0d200db31598854?s=96&d=mm&r=g\",\"contentUrl\":\"https:\/\/secure.gravatar.com\/avatar\/1e962f4040dc9996f0d200db31598854?s=96&d=mm&r=g\",\"caption\":\"Tafeldeko Deko Team\"}}]}<\/script>\n<!-- \/ Yoast SEO plugin. -->","yoast_head_json":{"title":"Geburtstagseinladung f\u00fcr die G\u00e4ste - Tafeldeko","description":"Mit der Geburtstagseinladung kann man sicher sein, dass man ein Teil an diesem besonderen Tag sein darf. Wir haben Ideen f\u00fcr die Einladung.","robots":{"index":"index","follow":"follow","max-snippet":"max-snippet:-1","max-image-preview":"max-image-preview:large","max-video-preview":"max-video-preview:-1"},"canonical":"https:\/\/www.tafeldeko.de\/news\/geburtstagseinladung-fuer-die-gaeste-2\/","og_locale":"de_DE","og_type":"article","og_title":"Geburtstagseinladung f\u00fcr die G\u00e4ste - Tafeldeko","og_description":"Mit der Geburtstagseinladung kann man sicher sein, dass man ein Teil an diesem besonderen Tag sein darf. Wir haben Ideen f\u00fcr die Einladung.","og_url":"https:\/\/www.tafeldeko.de\/news\/geburtstagseinladung-fuer-die-gaeste-2\/","og_site_name":"Tafeldeko","article_publisher":"https:\/\/www.facebook.com\/pages\/Tafeldeko-einzigartige-Tischdekoration\/174202655894","article_published_time":"2015-10-29T08:11:29+00:00","article_modified_time":"2015-10-29T08:11:43+00:00","author":"Tafeldeko Deko Team","twitter_misc":{"Verfasst von":"Tafeldeko Deko Team","Gesch\u00e4tzte Lesezeit":"2 Minuten"},"schema":{"@context":"https:\/\/schema.org","@graph":[{"@type":"WebPage","@id":"https:\/\/www.tafeldeko.de\/news\/geburtstagseinladung-fuer-die-gaeste-2\/","url":"https:\/\/www.tafeldeko.de\/news\/geburtstagseinladung-fuer-die-gaeste-2\/","name":"Geburtstagseinladung f\u00fcr die G\u00e4ste - Tafeldeko","isPartOf":{"@id":"https:\/\/www.tafeldeko.de\/news\/#website"},"datePublished":"2015-10-29T08:11:29+00:00","dateModified":"2015-10-29T08:11:43+00:00","author":{"@id":"https:\/\/www.tafeldeko.de\/news\/#\/schema\/person\/dc309fbb6a3e380919fc08342c3cc233"},"description":"Mit der Geburtstagseinladung kann man sicher sein, dass man ein Teil an diesem besonderen Tag sein darf. Wir haben Ideen f\u00fcr die Einladung.","breadcrumb":{"@id":"https:\/\/www.tafeldeko.de\/news\/geburtstagseinladung-fuer-die-gaeste-2\/#breadcrumb"},"inLanguage":"de-DE","potentialAction":[{"@type":"ReadAction","target":["https:\/\/www.tafeldeko.de\/news\/geburtstagseinladung-fuer-die-gaeste-2\/"]}]},{"@type":"BreadcrumbList","@id":"https:\/\/www.tafeldeko.de\/news\/geburtstagseinladung-fuer-die-gaeste-2\/#breadcrumb","itemListElement":[{"@type":"ListItem","position":1,"name":"Tafeldeko","item":"https:\/\/www.tafeldeko.de\/news\/"},{"@type":"ListItem","position":2,"name":"Alte Beitr\u00e4ge","item":"https:\/\/www.tafeldeko.de\/news\/alte-beitraege\/"},{"@type":"ListItem","position":3,"name":"Tischdeko - Blog","item":"https:\/\/www.tafeldeko.de\/news\/alte-beitraege\/tischdeko-blog\/"},{"@type":"ListItem","position":4,"name":"Geburtstagseinladung f\u00fcr die G\u00e4ste"}]},{"@type":"WebSite","@id":"https:\/\/www.tafeldeko.de\/news\/#website","url":"https:\/\/www.tafeldeko.de\/news\/","name":"Tafeldeko","description":"Blog mit Tischdeko und Tischdekoration Ideen","potentialAction":[{"@type":"SearchAction","target":{"@type":"EntryPoint","urlTemplate":"https:\/\/www.tafeldeko.de\/news\/?s={search_term_string}"},"query-input":"required name=search_term_string"}],"inLanguage":"de-DE"},{"@type":"Person","@id":"https:\/\/www.tafeldeko.de\/news\/#\/schema\/person\/dc309fbb6a3e380919fc08342c3cc233","name":"Tafeldeko Deko Team","image":{"@type":"ImageObject","inLanguage":"de-DE","@id":"https:\/\/www.tafeldeko.de\/news\/#\/schema\/person\/image\/","url":"https:\/\/secure.gravatar.com\/avatar\/1e962f4040dc9996f0d200db31598854?s=96&d=mm&r=g","contentUrl":"https:\/\/secure.gravatar.com\/avatar\/1e962f4040dc9996f0d200db31598854?s=96&d=mm&r=g","caption":"Tafeldeko Deko Team"}}]}},"_links":{"self":[{"href":"https:\/\/www.tafeldeko.de\/news\/wp-json\/wp\/v2\/posts\/6710"}],"collection":[{"href":"https:\/\/www.tafeldeko.de\/news\/wp-json\/wp\/v2\/posts"}],"about":[{"href":"https:\/\/www.tafeldeko.de\/news\/wp-json\/wp\/v2\/types\/post"}],"author":[{"embeddable":true,"href":"https:\/\/www.tafeldeko.de\/news\/wp-json\/wp\/v2\/users\/6"}],"replies":[{"embeddable":true,"href":"https:\/\/www.tafeldeko.de\/news\/wp-json\/wp\/v2\/comments?post=6710"}],"version-history":[{"count":1,"href":"https:\/\/www.tafeldeko.de\/news\/wp-json\/wp\/v2\/posts\/6710\/revisions"}],"predecessor-version":[{"id":6711,"href":"https:\/\/www.tafeldeko.de\/news\/wp-json\/wp\/v2\/posts\/6710\/revisions\/6711"}],"wp:attachment":[{"href":"https:\/\/www.tafeldeko.de\/news\/wp-json\/wp\/v2\/media?parent=6710"}],"wp:term":[{"taxonomy":"category","embeddable":true,"href":"https:\/\/www.tafeldeko.de\/news\/wp-json\/wp\/v2\/categories?post=6710"},{"taxonomy":"post_tag","embeddable":true,"href":"https:\/\/www.tafeldeko.de\/news\/wp-json\/wp\/v2\/tags?post=6710"}],"curies":[{"name":"wp","href":"https:\/\/api.w.org\/{rel}","templated":true}]}}