{"id":6692,"date":"2015-10-14T15:50:21","date_gmt":"2015-10-14T13:50:21","guid":{"rendered":"http:\/\/www.tafeldeko.de\/news\/?p=6692"},"modified":"2015-10-17T15:52:21","modified_gmt":"2015-10-17T13:52:21","slug":"geburtstagsgedichte-fuer-das-geburtstagskind-3","status":"publish","type":"post","link":"https:\/\/www.tafeldeko.de\/news\/geburtstagsgedichte-fuer-das-geburtstagskind-3\/","title":{"rendered":"Geburtstagsgedichte f\u00fcr das Geburtstagskind"},"content":{"rendered":"<p>Individuelle oder vorgefasste <strong>Geburtstagsgedichte<\/strong> &#8211; das ist die Frage aller Fragen, die man sich an jedem Geburtstag stellen wird. Nicht jeder Geburtstag sollte nach dem gleichen Prinzip ablaufen, ganz im Gegenteil, denn jeder hat einen einzigartigen Tag verdient. Die Kleinigkeiten tragen zum Gelingen des Tages bei und sind daher enorm wichtig. Geburtstagsgedichte, Geschenke, \u00dcberraschungen, Kaffee und Kuchen sowie Geburtstagsspiele oder Mottoparty &#8211; das sind Schlagw\u00f6rter, die man rund um den Geburtstag in Verbindung bringt. Geburtstagsgedichte sollen den Jubilar &#8211; ob Jung oder Alt &#8211; erfreuen und k\u00f6nnen ideal mit den Geschenken in Szene gesetzt werden. Wichtig ist, dass man etwa Ad\u00e4quates f\u00fcr jedermann findet und Gedichte aussucht, die auch zum Geburtstagskind passen.<\/p>\n<h2>Ad\u00e4quate Geburtstagsgedichte f\u00fcr den n\u00e4chsten Jubeltag finden<\/h2>\n<p>Anregungen und Mustertexte findet man beispielsweise \u00fcber das Internet und die ausgesuchten Spr\u00fcche k\u00f6nnen durchaus individuell ver\u00e4ndert werden. Geburtstagsgedichte k\u00f6nnen nicht nur auf der Karte an sich zum Einsatz kommen, sondern eignen sich auch f\u00fcr die Einladung. Lustige Verse oder Verse voller <strong>Lebensweisheiten<\/strong> liest man gerne und sind vielerlei einsetzbar &#8211; da hat man sozusagen die Qual der Wahl. Eine Entscheidung zu treffen ist nicht immer leicht und kann durchaus etwas Zeit in Anspruch nehmen. Das sollte man im Hinterkopf haben, ob man nun die Karte oder die Einladung gestaltet; der zeitliche Faktor sollte nicht untersch\u00e4tzt werden.<br \/>\nRunde Geburtstage sind meist etwas Besonders und dies wird sich auch bei den Geburtstagsgedichten wiederspiegeln. In dieser Rubrik gibt es eine gro\u00dfe Auswahl an sch\u00f6nen Versen, zwischen denen man w\u00e4hlen kann und sich das sch\u00f6nste Gedicht heraussuchen kann. Geburtstagsgedichte sind wahre <strong>Fundst\u00fccke<\/strong>, die sich auch zum Vortragen auf der Feier an sich eignet und sowohl bei dem Geburtstagskind als auch bei den G\u00e4sten f\u00fcr eine gro\u00dfe Portion Freude sorgen kann. Geburtstagsgedichte sind somit ein Must have f\u00fcr den n\u00e4chsten Geburtstag und damit man keinen Tag vergisst, ist ein Geburtstagskalender genau das Richtige. So wird man Tag f\u00fcr Tag an die Geburtstage seiner Liebsten erinnert.<\/p>\n","protected":false},"excerpt":{"rendered":"<p>Individuelle oder vorgefasste Geburtstagsgedichte &#8211; das ist die Frage aller Fragen, die man sich an jedem Geburtstag stellen wird. Nicht jeder Geburtstag sollte nach dem gleichen Prinzip ablaufen, ganz im Gegenteil, denn jeder hat einen einzigartigen Tag verdient. Die Kleinigkeiten tragen zum Gelingen des Tages bei und sind daher enorm wichtig. Geburtstagsgedichte, Geschenke, \u00dcberraschungen, Kaffee [&hellip;]<\/p>\n","protected":false},"author":6,"featured_media":0,"comment_status":"closed","ping_status":"closed","sticky":false,"template":"","format":"standard","meta":{"footnotes":""},"categories":[1],"tags":[],"yoast_head":"<!-- This site is optimized with the Yoast SEO plugin v20.4 - https:\/\/yoast.com\/wordpress\/plugins\/seo\/ -->\n<title>Geburtstagsgedichte f\u00fcr das Geburtstagskind - Tafeldeko<\/title>\n<meta name=\"description\" content=\"Geburtstagsgedichte sollen den Jubilar - ob Jung oder Alt - erfreuen und k\u00f6nnen ideal mit den Geschenken in Szene gesetzt werden.\" \/>\n<meta name=\"robots\" content=\"index, follow, max-snippet:-1, max-image-preview:large, max-video-preview:-1\" \/>\n<link rel=\"canonical\" href=\"https:\/\/www.tafeldeko.de\/news\/geburtstagsgedichte-fuer-das-geburtstagskind-3\/\" \/>\n<meta property=\"og:locale\" content=\"de_DE\" \/>\n<meta property=\"og:type\" content=\"article\" \/>\n<meta property=\"og:title\" content=\"Geburtstagsgedichte f\u00fcr das Geburtstagskind - Tafeldeko\" \/>\n<meta property=\"og:description\" content=\"Geburtstagsgedichte sollen den Jubilar - ob Jung oder Alt - erfreuen und k\u00f6nnen ideal mit den Geschenken in Szene gesetzt werden.\" \/>\n<meta property=\"og:url\" content=\"https:\/\/www.tafeldeko.de\/news\/geburtstagsgedichte-fuer-das-geburtstagskind-3\/\" \/>\n<meta property=\"og:site_name\" content=\"Tafeldeko\" \/>\n<meta property=\"article:publisher\" content=\"https:\/\/www.facebook.com\/pages\/Tafeldeko-einzigartige-Tischdekoration\/174202655894\" \/>\n<meta property=\"article:published_time\" content=\"2015-10-14T13:50:21+00:00\" \/>\n<meta property=\"article:modified_time\" content=\"2015-10-17T13:52:21+00:00\" \/>\n<meta name=\"author\" content=\"Tafeldeko Deko Team\" \/>\n<meta name=\"twitter:label1\" content=\"Verfasst von\" \/>\n\t<meta name=\"twitter:data1\" content=\"Tafeldeko Deko Team\" \/>\n\t<meta name=\"twitter:label2\" content=\"Gesch\u00e4tzte Lesezeit\" \/>\n\t<meta name=\"twitter:data2\" content=\"2 Minuten\" \/>\n<script type=\"application\/ld+json\" class=\"yoast-schema-graph\">{\"@context\":\"https:\/\/schema.org\",\"@graph\":[{\"@type\":\"WebPage\",\"@id\":\"https:\/\/www.tafeldeko.de\/news\/geburtstagsgedichte-fuer-das-geburtstagskind-3\/\",\"url\":\"https:\/\/www.tafeldeko.de\/news\/geburtstagsgedichte-fuer-das-geburtstagskind-3\/\",\"name\":\"Geburtstagsgedichte f\u00fcr das Geburtstagskind - Tafeldeko\",\"isPartOf\":{\"@id\":\"https:\/\/www.tafeldeko.de\/news\/#website\"},\"datePublished\":\"2015-10-14T13:50:21+00:00\",\"dateModified\":\"2015-10-17T13:52:21+00:00\",\"author\":{\"@id\":\"https:\/\/www.tafeldeko.de\/news\/#\/schema\/person\/dc309fbb6a3e380919fc08342c3cc233\"},\"description\":\"Geburtstagsgedichte sollen den Jubilar - ob Jung oder Alt - erfreuen und k\u00f6nnen ideal mit den Geschenken in Szene gesetzt werden.\",\"breadcrumb\":{\"@id\":\"https:\/\/www.tafeldeko.de\/news\/geburtstagsgedichte-fuer-das-geburtstagskind-3\/#breadcrumb\"},\"inLanguage\":\"de-DE\",\"potentialAction\":[{\"@type\":\"ReadAction\",\"target\":[\"https:\/\/www.tafeldeko.de\/news\/geburtstagsgedichte-fuer-das-geburtstagskind-3\/\"]}]},{\"@type\":\"BreadcrumbList\",\"@id\":\"https:\/\/www.tafeldeko.de\/news\/geburtstagsgedichte-fuer-das-geburtstagskind-3\/#breadcrumb\",\"itemListElement\":[{\"@type\":\"ListItem\",\"position\":1,\"name\":\"Tafeldeko\",\"item\":\"https:\/\/www.tafeldeko.de\/news\/\"},{\"@type\":\"ListItem\",\"position\":2,\"name\":\"Alte Beitr\u00e4ge\",\"item\":\"https:\/\/www.tafeldeko.de\/news\/alte-beitraege\/\"},{\"@type\":\"ListItem\",\"position\":3,\"name\":\"Tischdeko - Blog\",\"item\":\"https:\/\/www.tafeldeko.de\/news\/alte-beitraege\/tischdeko-blog\/\"},{\"@type\":\"ListItem\",\"position\":4,\"name\":\"Geburtstagsgedichte f\u00fcr das Geburtstagskind\"}]},{\"@type\":\"WebSite\",\"@id\":\"https:\/\/www.tafeldeko.de\/news\/#website\",\"url\":\"https:\/\/www.tafeldeko.de\/news\/\",\"name\":\"Tafeldeko\",\"description\":\"Blog mit Tischdeko und Tischdekoration Ideen\",\"potentialAction\":[{\"@type\":\"SearchAction\",\"target\":{\"@type\":\"EntryPoint\",\"urlTemplate\":\"https:\/\/www.tafeldeko.de\/news\/?s={search_term_string}\"},\"query-input\":\"required name=search_term_string\"}],\"inLanguage\":\"de-DE\"},{\"@type\":\"Person\",\"@id\":\"https:\/\/www.tafeldeko.de\/news\/#\/schema\/person\/dc309fbb6a3e380919fc08342c3cc233\",\"name\":\"Tafeldeko Deko Team\",\"image\":{\"@type\":\"ImageObject\",\"inLanguage\":\"de-DE\",\"@id\":\"https:\/\/www.tafeldeko.de\/news\/#\/schema\/person\/image\/\",\"url\":\"https:\/\/secure.gravatar.com\/avatar\/1e962f4040dc9996f0d200db31598854?s=96&d=mm&r=g\",\"contentUrl\":\"https:\/\/secure.gravatar.com\/avatar\/1e962f4040dc9996f0d200db31598854?s=96&d=mm&r=g\",\"caption\":\"Tafeldeko Deko Team\"}}]}<\/script>\n<!-- \/ Yoast SEO plugin. -->","yoast_head_json":{"title":"Geburtstagsgedichte f\u00fcr das Geburtstagskind - Tafeldeko","description":"Geburtstagsgedichte sollen den Jubilar - ob Jung oder Alt - erfreuen und k\u00f6nnen ideal mit den Geschenken in Szene gesetzt werden.","robots":{"index":"index","follow":"follow","max-snippet":"max-snippet:-1","max-image-preview":"max-image-preview:large","max-video-preview":"max-video-preview:-1"},"canonical":"https:\/\/www.tafeldeko.de\/news\/geburtstagsgedichte-fuer-das-geburtstagskind-3\/","og_locale":"de_DE","og_type":"article","og_title":"Geburtstagsgedichte f\u00fcr das Geburtstagskind - Tafeldeko","og_description":"Geburtstagsgedichte sollen den Jubilar - ob Jung oder Alt - erfreuen und k\u00f6nnen ideal mit den Geschenken in Szene gesetzt werden.","og_url":"https:\/\/www.tafeldeko.de\/news\/geburtstagsgedichte-fuer-das-geburtstagskind-3\/","og_site_name":"Tafeldeko","article_publisher":"https:\/\/www.facebook.com\/pages\/Tafeldeko-einzigartige-Tischdekoration\/174202655894","article_published_time":"2015-10-14T13:50:21+00:00","article_modified_time":"2015-10-17T13:52:21+00:00","author":"Tafeldeko Deko Team","twitter_misc":{"Verfasst von":"Tafeldeko Deko Team","Gesch\u00e4tzte Lesezeit":"2 Minuten"},"schema":{"@context":"https:\/\/schema.org","@graph":[{"@type":"WebPage","@id":"https:\/\/www.tafeldeko.de\/news\/geburtstagsgedichte-fuer-das-geburtstagskind-3\/","url":"https:\/\/www.tafeldeko.de\/news\/geburtstagsgedichte-fuer-das-geburtstagskind-3\/","name":"Geburtstagsgedichte f\u00fcr das Geburtstagskind - Tafeldeko","isPartOf":{"@id":"https:\/\/www.tafeldeko.de\/news\/#website"},"datePublished":"2015-10-14T13:50:21+00:00","dateModified":"2015-10-17T13:52:21+00:00","author":{"@id":"https:\/\/www.tafeldeko.de\/news\/#\/schema\/person\/dc309fbb6a3e380919fc08342c3cc233"},"description":"Geburtstagsgedichte sollen den Jubilar - ob Jung oder Alt - erfreuen und k\u00f6nnen ideal mit den Geschenken in Szene gesetzt werden.","breadcrumb":{"@id":"https:\/\/www.tafeldeko.de\/news\/geburtstagsgedichte-fuer-das-geburtstagskind-3\/#breadcrumb"},"inLanguage":"de-DE","potentialAction":[{"@type":"ReadAction","target":["https:\/\/www.tafeldeko.de\/news\/geburtstagsgedichte-fuer-das-geburtstagskind-3\/"]}]},{"@type":"BreadcrumbList","@id":"https:\/\/www.tafeldeko.de\/news\/geburtstagsgedichte-fuer-das-geburtstagskind-3\/#breadcrumb","itemListElement":[{"@type":"ListItem","position":1,"name":"Tafeldeko","item":"https:\/\/www.tafeldeko.de\/news\/"},{"@type":"ListItem","position":2,"name":"Alte Beitr\u00e4ge","item":"https:\/\/www.tafeldeko.de\/news\/alte-beitraege\/"},{"@type":"ListItem","position":3,"name":"Tischdeko - Blog","item":"https:\/\/www.tafeldeko.de\/news\/alte-beitraege\/tischdeko-blog\/"},{"@type":"ListItem","position":4,"name":"Geburtstagsgedichte f\u00fcr das Geburtstagskind"}]},{"@type":"WebSite","@id":"https:\/\/www.tafeldeko.de\/news\/#website","url":"https:\/\/www.tafeldeko.de\/news\/","name":"Tafeldeko","description":"Blog mit Tischdeko und Tischdekoration Ideen","potentialAction":[{"@type":"SearchAction","target":{"@type":"EntryPoint","urlTemplate":"https:\/\/www.tafeldeko.de\/news\/?s={search_term_string}"},"query-input":"required name=search_term_string"}],"inLanguage":"de-DE"},{"@type":"Person","@id":"https:\/\/www.tafeldeko.de\/news\/#\/schema\/person\/dc309fbb6a3e380919fc08342c3cc233","name":"Tafeldeko Deko Team","image":{"@type":"ImageObject","inLanguage":"de-DE","@id":"https:\/\/www.tafeldeko.de\/news\/#\/schema\/person\/image\/","url":"https:\/\/secure.gravatar.com\/avatar\/1e962f4040dc9996f0d200db31598854?s=96&d=mm&r=g","contentUrl":"https:\/\/secure.gravatar.com\/avatar\/1e962f4040dc9996f0d200db31598854?s=96&d=mm&r=g","caption":"Tafeldeko Deko Team"}}]}},"_links":{"self":[{"href":"https:\/\/www.tafeldeko.de\/news\/wp-json\/wp\/v2\/posts\/6692"}],"collection":[{"href":"https:\/\/www.tafeldeko.de\/news\/wp-json\/wp\/v2\/posts"}],"about":[{"href":"https:\/\/www.tafeldeko.de\/news\/wp-json\/wp\/v2\/types\/post"}],"author":[{"embeddable":true,"href":"https:\/\/www.tafeldeko.de\/news\/wp-json\/wp\/v2\/users\/6"}],"replies":[{"embeddable":true,"href":"https:\/\/www.tafeldeko.de\/news\/wp-json\/wp\/v2\/comments?post=6692"}],"version-history":[{"count":1,"href":"https:\/\/www.tafeldeko.de\/news\/wp-json\/wp\/v2\/posts\/6692\/revisions"}],"predecessor-version":[{"id":6693,"href":"https:\/\/www.tafeldeko.de\/news\/wp-json\/wp\/v2\/posts\/6692\/revisions\/6693"}],"wp:attachment":[{"href":"https:\/\/www.tafeldeko.de\/news\/wp-json\/wp\/v2\/media?parent=6692"}],"wp:term":[{"taxonomy":"category","embeddable":true,"href":"https:\/\/www.tafeldeko.de\/news\/wp-json\/wp\/v2\/categories?post=6692"},{"taxonomy":"post_tag","embeddable":true,"href":"https:\/\/www.tafeldeko.de\/news\/wp-json\/wp\/v2\/tags?post=6692"}],"curies":[{"name":"wp","href":"https:\/\/api.w.org\/{rel}","templated":true}]}}