{"id":6690,"date":"2015-10-14T15:44:56","date_gmt":"2015-10-14T13:44:56","guid":{"rendered":"http:\/\/www.tafeldeko.de\/news\/?p=6690"},"modified":"2022-11-11T12:19:05","modified_gmt":"2022-11-11T11:19:05","slug":"deko-oktoberfest-sich-die-wiesn-nach-hause-holen","status":"publish","type":"post","link":"https:\/\/www.tafeldeko.de\/news\/deko-oktoberfest-sich-die-wiesn-nach-hause-holen\/","title":{"rendered":"Deko Oktoberfest- sich die \u201eWiesn\u201c nach Hause holen"},"content":{"rendered":"<p>Wenn in M\u00fcnchen das allseits bekannte <strong>Oktoberfest<\/strong> beginnt, werden viele Menschen zu diesem Volksfest angelockt &#8211; der Spa\u00dffaktor und die tolle <strong>Deko Oktoberfest<\/strong> stehen hierbei im Vordergrund. J\u00e4hrlich sind rund 6 Millionen Menschen aus aller Welt Gast auf dem Oktoberfest. Dieses Volksfest hat vielerlei Fans und nicht nur in Bayer wird gefeiert, sondern auch in vielen Orten. Auch in den eigenen vier W\u00e4nden ist das Schlagwort \u201eOktoberfest\u201c ein Grund zum Feiern. Im Dirndl oder in der Lederhose macht das Feiern gleich doppelt so viel Freude &#8211; ist allerdings kein Muss.<\/p>\n<p><img decoding=\"async\" loading=\"lazy\" src=\"https:\/\/www.tafeldeko.de\/news\/wp-content\/uploads\/2013\/04\/C2A4287-1024x683.jpg\" sizes=\"(max-width: 800px) 100vw, 800px\" srcset=\"https:\/\/www.tafeldeko.de\/news\/wp-content\/uploads\/2013\/04\/C2A4287-1024x683.jpg 1024w, https:\/\/www.tafeldeko.de\/news\/wp-content\/uploads\/2013\/04\/C2A4287-300x200.jpg 300w, https:\/\/www.tafeldeko.de\/news\/wp-content\/uploads\/2013\/04\/C2A4287-768x512.jpg 768w, https:\/\/www.tafeldeko.de\/news\/wp-content\/uploads\/2013\/04\/C2A4287-1536x1024.jpg 1536w, https:\/\/www.tafeldeko.de\/news\/wp-content\/uploads\/2013\/04\/C2A4287-2048x1365.jpg 2048w, https:\/\/www.tafeldeko.de\/news\/wp-content\/uploads\/2013\/04\/C2A4287-640x427.jpg 640w\" alt=\"Deko Oktoberfest\" width=\"800\" height=\"534\" \/><\/p>\n<h2>Eine sch\u00f6ne Deko Oktoberfest ist schnell kreiert<\/h2>\n<p>Beim Dekorieren sollte man all die dekorativen Accessoires kombinieren, die zueinander passen und mit dem Motto harmonisieren. F\u00fcr die Deko Oktoberfest im Eigenheim kann man zu Pappbecher, Pappteller und Servietten im bayrischen Look greifen und erspart sich damit jede Menge Arbeit &#8211; das l\u00e4stige Absp\u00fclen wird so hinf\u00e4llig. Des Weiteren kann man Tischdecken, beispielsweise in blau-wei\u00df auf dem Tisch drapieren und Girlanden an den W\u00e4nden oder Fenstern entlang aufh\u00e4ngen &#8211; das l\u00e4sst <strong>Oktoberfest Feeling<\/strong> aufkommen. F\u00fcr die Wiesn-Party und den bayrischen Abend eignet sich alles in der Farbkombination blau und wei\u00df &#8211; das macht das Feeling perfekt. Dar\u00fcber hinaus sollte man neben der Deko f\u00fcrs Oktoberfest das leibliche Wohl nicht vergessen. F\u00fcr das bayrische Fest muss nat\u00fcrlich auch ein typisches Essen auf den Tisch kommen. Das beginnt bei den Weiw\u00fcrsten und endet bei dem Ma\u00df Bier.<br \/>\nUm eine unvergessliche <strong>Wiesn-Gaudi Atmosph\u00e4re<\/strong> auf die Beine zu stellen, ist Fingerspitzengef\u00fchl gefragt. Wer sich zur Deko Oktoberfest und dem Essen einige Gedanken gemacht hat, der sollte sich \u00fcber die Musik Gedanken machen. Bayrische Stimmung kommt erst bei entsprechender Musik auf und da kann man durchaus zu einer z\u00fcnftigen Musik greifen.<br \/>\nEin Abend rund um Wei\u00dfwurst, Brezeln und Obatzter l\u00e4sst gewiss ein Oktoberfest Stimmung aufkommen und man kann einen unvergesslichen Tag mit all seinen Liebsten verbringen.<\/p>\n<h2>Weitere Beitr\u00e4ge:<\/h2>\n<h2>Dekoartikel von A-Z<\/h2>\n<p><a href=\"https:\/\/www.tafeldeko.de\/tischdeko-artikel\/\"><br \/>\nJetzt entdecken <\/a><\/p>\n","protected":false},"excerpt":{"rendered":"<p>Wenn in M\u00fcnchen das allseits bekannte Oktoberfest beginnt, werden viele Menschen zu diesem Volksfest angelockt &#8211; der Spa\u00dffaktor und die tolle Deko Oktoberfest stehen hierbei im Vordergrund. J\u00e4hrlich sind rund 6 Millionen Menschen aus aller Welt Gast auf dem Oktoberfest. Dieses Volksfest hat vielerlei Fans und nicht nur in Bayer wird gefeiert, sondern auch in [&hellip;]<\/p>\n","protected":false},"author":6,"featured_media":19678,"comment_status":"closed","ping_status":"closed","sticky":false,"template":"","format":"standard","meta":{"footnotes":""},"categories":[1],"tags":[],"yoast_head":"<!-- This site is optimized with the Yoast SEO plugin v20.4 - https:\/\/yoast.com\/wordpress\/plugins\/seo\/ -->\n<title>Deko Oktoberfest- sich die \u201eWiesn\u201c nach Hause holen - Tafeldeko<\/title>\n<meta name=\"description\" content=\"F\u00fcr die Deko Oktoberfest im Eigenheim kann man zu Pappbecher, Pappteller und Servietten im bayrischen Look greifen, spart sich etwas Arbeit\" \/>\n<meta name=\"robots\" content=\"index, follow, max-snippet:-1, max-image-preview:large, max-video-preview:-1\" \/>\n<link rel=\"canonical\" href=\"https:\/\/www.tafeldeko.de\/news\/deko-oktoberfest-sich-die-wiesn-nach-hause-holen\/\" \/>\n<meta property=\"og:locale\" content=\"de_DE\" \/>\n<meta property=\"og:type\" content=\"article\" \/>\n<meta property=\"og:title\" content=\"Deko Oktoberfest- sich die \u201eWiesn\u201c nach Hause holen - Tafeldeko\" \/>\n<meta property=\"og:description\" content=\"F\u00fcr die Deko Oktoberfest im Eigenheim kann man zu Pappbecher, Pappteller und Servietten im bayrischen Look greifen, spart sich etwas Arbeit\" \/>\n<meta property=\"og:url\" content=\"https:\/\/www.tafeldeko.de\/news\/deko-oktoberfest-sich-die-wiesn-nach-hause-holen\/\" \/>\n<meta property=\"og:site_name\" content=\"Tafeldeko\" \/>\n<meta property=\"article:publisher\" content=\"https:\/\/www.facebook.com\/pages\/Tafeldeko-einzigartige-Tischdekoration\/174202655894\" \/>\n<meta property=\"article:published_time\" content=\"2015-10-14T13:44:56+00:00\" \/>\n<meta property=\"article:modified_time\" content=\"2022-11-11T11:19:05+00:00\" \/>\n<meta property=\"og:image\" content=\"https:\/\/www.tafeldeko.de\/news\/wp-content\/uploads\/2013\/04\/C2A4287-scaled.jpg\" \/>\n\t<meta property=\"og:image:width\" content=\"2560\" \/>\n\t<meta property=\"og:image:height\" content=\"1707\" \/>\n\t<meta property=\"og:image:type\" content=\"image\/jpeg\" \/>\n<meta name=\"author\" content=\"Tafeldeko Deko Team\" \/>\n<meta name=\"twitter:label1\" content=\"Verfasst von\" \/>\n\t<meta name=\"twitter:data1\" content=\"Tafeldeko Deko Team\" \/>\n\t<meta name=\"twitter:label2\" content=\"Gesch\u00e4tzte Lesezeit\" \/>\n\t<meta name=\"twitter:data2\" content=\"2 Minuten\" \/>\n<script type=\"application\/ld+json\" class=\"yoast-schema-graph\">{\"@context\":\"https:\/\/schema.org\",\"@graph\":[{\"@type\":\"WebPage\",\"@id\":\"https:\/\/www.tafeldeko.de\/news\/deko-oktoberfest-sich-die-wiesn-nach-hause-holen\/\",\"url\":\"https:\/\/www.tafeldeko.de\/news\/deko-oktoberfest-sich-die-wiesn-nach-hause-holen\/\",\"name\":\"Deko Oktoberfest- sich die \u201eWiesn\u201c nach Hause holen - Tafeldeko\",\"isPartOf\":{\"@id\":\"https:\/\/www.tafeldeko.de\/news\/#website\"},\"datePublished\":\"2015-10-14T13:44:56+00:00\",\"dateModified\":\"2022-11-11T11:19:05+00:00\",\"author\":{\"@id\":\"https:\/\/www.tafeldeko.de\/news\/#\/schema\/person\/dc309fbb6a3e380919fc08342c3cc233\"},\"description\":\"F\u00fcr die Deko Oktoberfest im Eigenheim kann man zu Pappbecher, Pappteller und Servietten im bayrischen Look greifen, spart sich etwas Arbeit\",\"breadcrumb\":{\"@id\":\"https:\/\/www.tafeldeko.de\/news\/deko-oktoberfest-sich-die-wiesn-nach-hause-holen\/#breadcrumb\"},\"inLanguage\":\"de-DE\",\"potentialAction\":[{\"@type\":\"ReadAction\",\"target\":[\"https:\/\/www.tafeldeko.de\/news\/deko-oktoberfest-sich-die-wiesn-nach-hause-holen\/\"]}]},{\"@type\":\"BreadcrumbList\",\"@id\":\"https:\/\/www.tafeldeko.de\/news\/deko-oktoberfest-sich-die-wiesn-nach-hause-holen\/#breadcrumb\",\"itemListElement\":[{\"@type\":\"ListItem\",\"position\":1,\"name\":\"Tafeldeko\",\"item\":\"https:\/\/www.tafeldeko.de\/news\/\"},{\"@type\":\"ListItem\",\"position\":2,\"name\":\"Alte Beitr\u00e4ge\",\"item\":\"https:\/\/www.tafeldeko.de\/news\/alte-beitraege\/\"},{\"@type\":\"ListItem\",\"position\":3,\"name\":\"Tischdeko - Blog\",\"item\":\"https:\/\/www.tafeldeko.de\/news\/alte-beitraege\/tischdeko-blog\/\"},{\"@type\":\"ListItem\",\"position\":4,\"name\":\"Deko Oktoberfest- sich die \u201eWiesn\u201c nach Hause holen\"}]},{\"@type\":\"WebSite\",\"@id\":\"https:\/\/www.tafeldeko.de\/news\/#website\",\"url\":\"https:\/\/www.tafeldeko.de\/news\/\",\"name\":\"Tafeldeko\",\"description\":\"Blog mit Tischdeko und Tischdekoration Ideen\",\"potentialAction\":[{\"@type\":\"SearchAction\",\"target\":{\"@type\":\"EntryPoint\",\"urlTemplate\":\"https:\/\/www.tafeldeko.de\/news\/?s={search_term_string}\"},\"query-input\":\"required name=search_term_string\"}],\"inLanguage\":\"de-DE\"},{\"@type\":\"Person\",\"@id\":\"https:\/\/www.tafeldeko.de\/news\/#\/schema\/person\/dc309fbb6a3e380919fc08342c3cc233\",\"name\":\"Tafeldeko Deko Team\",\"image\":{\"@type\":\"ImageObject\",\"inLanguage\":\"de-DE\",\"@id\":\"https:\/\/www.tafeldeko.de\/news\/#\/schema\/person\/image\/\",\"url\":\"https:\/\/secure.gravatar.com\/avatar\/1e962f4040dc9996f0d200db31598854?s=96&d=mm&r=g\",\"contentUrl\":\"https:\/\/secure.gravatar.com\/avatar\/1e962f4040dc9996f0d200db31598854?s=96&d=mm&r=g\",\"caption\":\"Tafeldeko Deko Team\"}}]}<\/script>\n<!-- \/ Yoast SEO plugin. -->","yoast_head_json":{"title":"Deko Oktoberfest- sich die \u201eWiesn\u201c nach Hause holen - Tafeldeko","description":"F\u00fcr die Deko Oktoberfest im Eigenheim kann man zu Pappbecher, Pappteller und Servietten im bayrischen Look greifen, spart sich etwas Arbeit","robots":{"index":"index","follow":"follow","max-snippet":"max-snippet:-1","max-image-preview":"max-image-preview:large","max-video-preview":"max-video-preview:-1"},"canonical":"https:\/\/www.tafeldeko.de\/news\/deko-oktoberfest-sich-die-wiesn-nach-hause-holen\/","og_locale":"de_DE","og_type":"article","og_title":"Deko Oktoberfest- sich die \u201eWiesn\u201c nach Hause holen - Tafeldeko","og_description":"F\u00fcr die Deko Oktoberfest im Eigenheim kann man zu Pappbecher, Pappteller und Servietten im bayrischen Look greifen, spart sich etwas Arbeit","og_url":"https:\/\/www.tafeldeko.de\/news\/deko-oktoberfest-sich-die-wiesn-nach-hause-holen\/","og_site_name":"Tafeldeko","article_publisher":"https:\/\/www.facebook.com\/pages\/Tafeldeko-einzigartige-Tischdekoration\/174202655894","article_published_time":"2015-10-14T13:44:56+00:00","article_modified_time":"2022-11-11T11:19:05+00:00","og_image":[{"width":2560,"height":1707,"url":"https:\/\/www.tafeldeko.de\/news\/wp-content\/uploads\/2013\/04\/C2A4287-scaled.jpg","type":"image\/jpeg"}],"author":"Tafeldeko Deko Team","twitter_misc":{"Verfasst von":"Tafeldeko Deko Team","Gesch\u00e4tzte Lesezeit":"2 Minuten"},"schema":{"@context":"https:\/\/schema.org","@graph":[{"@type":"WebPage","@id":"https:\/\/www.tafeldeko.de\/news\/deko-oktoberfest-sich-die-wiesn-nach-hause-holen\/","url":"https:\/\/www.tafeldeko.de\/news\/deko-oktoberfest-sich-die-wiesn-nach-hause-holen\/","name":"Deko Oktoberfest- sich die \u201eWiesn\u201c nach Hause holen - Tafeldeko","isPartOf":{"@id":"https:\/\/www.tafeldeko.de\/news\/#website"},"datePublished":"2015-10-14T13:44:56+00:00","dateModified":"2022-11-11T11:19:05+00:00","author":{"@id":"https:\/\/www.tafeldeko.de\/news\/#\/schema\/person\/dc309fbb6a3e380919fc08342c3cc233"},"description":"F\u00fcr die Deko Oktoberfest im Eigenheim kann man zu Pappbecher, Pappteller und Servietten im bayrischen Look greifen, spart sich etwas Arbeit","breadcrumb":{"@id":"https:\/\/www.tafeldeko.de\/news\/deko-oktoberfest-sich-die-wiesn-nach-hause-holen\/#breadcrumb"},"inLanguage":"de-DE","potentialAction":[{"@type":"ReadAction","target":["https:\/\/www.tafeldeko.de\/news\/deko-oktoberfest-sich-die-wiesn-nach-hause-holen\/"]}]},{"@type":"BreadcrumbList","@id":"https:\/\/www.tafeldeko.de\/news\/deko-oktoberfest-sich-die-wiesn-nach-hause-holen\/#breadcrumb","itemListElement":[{"@type":"ListItem","position":1,"name":"Tafeldeko","item":"https:\/\/www.tafeldeko.de\/news\/"},{"@type":"ListItem","position":2,"name":"Alte Beitr\u00e4ge","item":"https:\/\/www.tafeldeko.de\/news\/alte-beitraege\/"},{"@type":"ListItem","position":3,"name":"Tischdeko - Blog","item":"https:\/\/www.tafeldeko.de\/news\/alte-beitraege\/tischdeko-blog\/"},{"@type":"ListItem","position":4,"name":"Deko Oktoberfest- sich die \u201eWiesn\u201c nach Hause holen"}]},{"@type":"WebSite","@id":"https:\/\/www.tafeldeko.de\/news\/#website","url":"https:\/\/www.tafeldeko.de\/news\/","name":"Tafeldeko","description":"Blog mit Tischdeko und Tischdekoration Ideen","potentialAction":[{"@type":"SearchAction","target":{"@type":"EntryPoint","urlTemplate":"https:\/\/www.tafeldeko.de\/news\/?s={search_term_string}"},"query-input":"required name=search_term_string"}],"inLanguage":"de-DE"},{"@type":"Person","@id":"https:\/\/www.tafeldeko.de\/news\/#\/schema\/person\/dc309fbb6a3e380919fc08342c3cc233","name":"Tafeldeko Deko Team","image":{"@type":"ImageObject","inLanguage":"de-DE","@id":"https:\/\/www.tafeldeko.de\/news\/#\/schema\/person\/image\/","url":"https:\/\/secure.gravatar.com\/avatar\/1e962f4040dc9996f0d200db31598854?s=96&d=mm&r=g","contentUrl":"https:\/\/secure.gravatar.com\/avatar\/1e962f4040dc9996f0d200db31598854?s=96&d=mm&r=g","caption":"Tafeldeko Deko Team"}}]}},"_links":{"self":[{"href":"https:\/\/www.tafeldeko.de\/news\/wp-json\/wp\/v2\/posts\/6690"}],"collection":[{"href":"https:\/\/www.tafeldeko.de\/news\/wp-json\/wp\/v2\/posts"}],"about":[{"href":"https:\/\/www.tafeldeko.de\/news\/wp-json\/wp\/v2\/types\/post"}],"author":[{"embeddable":true,"href":"https:\/\/www.tafeldeko.de\/news\/wp-json\/wp\/v2\/users\/6"}],"replies":[{"embeddable":true,"href":"https:\/\/www.tafeldeko.de\/news\/wp-json\/wp\/v2\/comments?post=6690"}],"version-history":[{"count":5,"href":"https:\/\/www.tafeldeko.de\/news\/wp-json\/wp\/v2\/posts\/6690\/revisions"}],"predecessor-version":[{"id":21483,"href":"https:\/\/www.tafeldeko.de\/news\/wp-json\/wp\/v2\/posts\/6690\/revisions\/21483"}],"wp:featuredmedia":[{"embeddable":true,"href":"https:\/\/www.tafeldeko.de\/news\/wp-json\/wp\/v2\/media\/19678"}],"wp:attachment":[{"href":"https:\/\/www.tafeldeko.de\/news\/wp-json\/wp\/v2\/media?parent=6690"}],"wp:term":[{"taxonomy":"category","embeddable":true,"href":"https:\/\/www.tafeldeko.de\/news\/wp-json\/wp\/v2\/categories?post=6690"},{"taxonomy":"post_tag","embeddable":true,"href":"https:\/\/www.tafeldeko.de\/news\/wp-json\/wp\/v2\/tags?post=6690"}],"curies":[{"name":"wp","href":"https:\/\/api.w.org\/{rel}","templated":true}]}}