{"id":6679,"date":"2015-10-09T14:20:12","date_gmt":"2015-10-09T12:20:12","guid":{"rendered":"http:\/\/www.tafeldeko.de\/news\/?p=6679"},"modified":"2022-11-11T13:24:02","modified_gmt":"2022-11-11T12:24:02","slug":"tischdeko-oktoberfest-die-gaudi-kann-beginnen","status":"publish","type":"post","link":"https:\/\/www.tafeldeko.de\/news\/tischdeko-oktoberfest-die-gaudi-kann-beginnen\/","title":{"rendered":"Tischdeko Oktoberfest &#8211; die Gaudi kann beginnen"},"content":{"rendered":"<p>Die <strong>Tischdeko Oktoberfest Gaudi<\/strong> gewinnt dann an Interesse, wenn man ein privates Oktoberfest in seinem Eigenheim oder einer Lokation plant. Erst mit den richtigen dekorativen Accessoires kommt das beabsichtigte Feeling auf und man kann einen <strong>unvergesslichen Abend<\/strong> mit der Familie, Freunden, Bekannten oder Arbeitskollegen erleben &#8211; die Liebe zum Detail tr\u00e4gt zum Gelingen des Abends bei. Kreiert hat man ein stimmiges Gesamtbild, kann man voller Vorfreude dem besagten Tag entgegen blicken und sich darauf freuen, ein Teil dieses Festes zu sein. Dar\u00fcber hinaus d\u00fcrfen an einem bayrischen Abend auch typische Speisen, wie Wei\u00dfw\u00fcrste, Brezeln usw. nicht fehlen &#8211; dies geh\u00f6rt eben zum Oktoberfest dazu.<\/p>\n<p><img decoding=\"async\" loading=\"lazy\" src=\"https:\/\/www.tafeldeko.de\/news\/wp-content\/uploads\/2015\/10\/streudeko_brezeln.jpg\" sizes=\"(max-width: 250px) 100vw, 250px\" srcset=\"https:\/\/www.tafeldeko.de\/news\/wp-content\/uploads\/2015\/10\/streudeko_brezeln.jpg 250w, https:\/\/www.tafeldeko.de\/news\/wp-content\/uploads\/2015\/10\/streudeko_brezeln-150x150.jpg 150w\" alt=\"Tischdeko Oktoberfest Gaudi\" width=\"250\" height=\"250\" \/><\/p>\n<h2>Tischdeko Oktoberfest Gaudi &#8211; jetzt wird es ganz sch\u00f6n bayrisch<\/h2>\n<p>Die Tischdeko Oktoberfest Gaudi l\u00e4sst einem jede Menge Spielraum in der Gestaltung und Umsetzung. Man kann zu den Farben Blau und Wei\u00df greifen, die mit dem Oktoberfest in Verbindung gebracht werden und ideal f\u00fcr einen bayrischen Abend sind. Da Oktoberfeste immer mehr an Beliebtheit gewinnen, ist die Auswahl an Deko-Artikeln sehr gro\u00df und vielf\u00e4ltig.<br \/>\nM\u00f6chte man f\u00fcr nette und ausdrucksstarke Kleinigkeiten auf dem Tisch sorgen, kann man die <strong>Streudeko Brezeln<\/strong> von Tafeldeko beispielsweise in der Tischmitte platzieren. Brezeln sind nat\u00fcrlich sehr passend zu dem Thema und dies nicht nur zum Essen, sondern auch f\u00fcr die <a href=\"https:\/\/www.tafeldeko.de\" target=\"_blank\" rel=\"noopener\"><strong>Tischdeko<\/strong><\/a> Oktoberfest hervorragend geeignet. Des Weiteren kann man sich f\u00fcr eine bayrische Tischware mit entsprechenden Servietten entscheiden und hat bereits eine tolle Grundlage geschaffen. Darauf bauen dann all die anderen dekorativen Accessoires auf und verhelfen zu einem tollen Gesamtbild. Die Tischdeko Oktoberfest ist somit eine Aufgabe, die man mit etwas Kreativit\u00e4t in Nu in die Tat umsetzen kann.<br \/>\nWenn die G\u00e4ste sich in bayrischer Tracht zeigen, wie zum Beispiel Dirndl und Lederhose, dann wird einem unvergesslichen<strong> bayrischem Abend<\/strong> nichts mehr im Wege stehen. Die musikalische Begleitung sollte nicht au\u00dfer Acht gelassen werden, denn erst so kommt die gew\u00fcnschte Stimmung auf.<\/p>\n<h2>Weitere Beitr\u00e4ge:<\/h2>\n<h2>Dekoartikel von A-Z<\/h2>\n<p><a href=\"https:\/\/www.tafeldeko.de\/tischdeko-artikel\/\"><br \/>\nJetzt entdecken <\/a><\/p>\n","protected":false},"excerpt":{"rendered":"<p>Die Tischdeko Oktoberfest Gaudi gewinnt dann an Interesse, wenn man ein privates Oktoberfest in seinem Eigenheim oder einer Lokation plant. Erst mit den richtigen dekorativen Accessoires kommt das beabsichtigte Feeling auf und man kann einen unvergesslichen Abend mit der Familie, Freunden, Bekannten oder Arbeitskollegen erleben &#8211; die Liebe zum Detail tr\u00e4gt zum Gelingen des Abends [&hellip;]<\/p>\n","protected":false},"author":6,"featured_media":6680,"comment_status":"closed","ping_status":"closed","sticky":false,"template":"","format":"standard","meta":{"footnotes":""},"categories":[1],"tags":[],"yoast_head":"<!-- This site is optimized with the Yoast SEO plugin v20.4 - https:\/\/yoast.com\/wordpress\/plugins\/seo\/ -->\n<title>Tischdeko Oktoberfest - die Gaudi kann beginnen - Tafeldeko<\/title>\n<meta name=\"description\" content=\"Die Tischdeko Oktoberfest Gaudi l\u00e4sst einem jede Menge Spielraum in der Gestaltung und Umsetzung. Und es muss nicht immer in Blau und Wei\u00df..\" \/>\n<meta name=\"robots\" content=\"index, follow, max-snippet:-1, max-image-preview:large, max-video-preview:-1\" \/>\n<link rel=\"canonical\" href=\"https:\/\/www.tafeldeko.de\/news\/tischdeko-oktoberfest-die-gaudi-kann-beginnen\/\" \/>\n<meta property=\"og:locale\" content=\"de_DE\" \/>\n<meta property=\"og:type\" content=\"article\" \/>\n<meta property=\"og:title\" content=\"Tischdeko Oktoberfest - die Gaudi kann beginnen - Tafeldeko\" \/>\n<meta property=\"og:description\" content=\"Die Tischdeko Oktoberfest Gaudi l\u00e4sst einem jede Menge Spielraum in der Gestaltung und Umsetzung. Und es muss nicht immer in Blau und Wei\u00df..\" \/>\n<meta property=\"og:url\" content=\"https:\/\/www.tafeldeko.de\/news\/tischdeko-oktoberfest-die-gaudi-kann-beginnen\/\" \/>\n<meta property=\"og:site_name\" content=\"Tafeldeko\" \/>\n<meta property=\"article:publisher\" content=\"https:\/\/www.facebook.com\/pages\/Tafeldeko-einzigartige-Tischdekoration\/174202655894\" \/>\n<meta property=\"article:published_time\" content=\"2015-10-09T12:20:12+00:00\" \/>\n<meta property=\"article:modified_time\" content=\"2022-11-11T12:24:02+00:00\" \/>\n<meta property=\"og:image\" content=\"https:\/\/www.tafeldeko.de\/news\/wp-content\/uploads\/2015\/10\/streudeko_brezeln.jpg\" \/>\n\t<meta property=\"og:image:width\" content=\"250\" \/>\n\t<meta property=\"og:image:height\" content=\"250\" \/>\n\t<meta property=\"og:image:type\" content=\"image\/jpeg\" \/>\n<meta name=\"author\" content=\"Tafeldeko Deko Team\" \/>\n<meta name=\"twitter:label1\" content=\"Verfasst von\" \/>\n\t<meta name=\"twitter:data1\" content=\"Tafeldeko Deko Team\" \/>\n\t<meta name=\"twitter:label2\" content=\"Gesch\u00e4tzte Lesezeit\" \/>\n\t<meta name=\"twitter:data2\" content=\"2 Minuten\" \/>\n<script type=\"application\/ld+json\" class=\"yoast-schema-graph\">{\"@context\":\"https:\/\/schema.org\",\"@graph\":[{\"@type\":\"WebPage\",\"@id\":\"https:\/\/www.tafeldeko.de\/news\/tischdeko-oktoberfest-die-gaudi-kann-beginnen\/\",\"url\":\"https:\/\/www.tafeldeko.de\/news\/tischdeko-oktoberfest-die-gaudi-kann-beginnen\/\",\"name\":\"Tischdeko Oktoberfest - die Gaudi kann beginnen - Tafeldeko\",\"isPartOf\":{\"@id\":\"https:\/\/www.tafeldeko.de\/news\/#website\"},\"datePublished\":\"2015-10-09T12:20:12+00:00\",\"dateModified\":\"2022-11-11T12:24:02+00:00\",\"author\":{\"@id\":\"https:\/\/www.tafeldeko.de\/news\/#\/schema\/person\/dc309fbb6a3e380919fc08342c3cc233\"},\"description\":\"Die Tischdeko Oktoberfest Gaudi l\u00e4sst einem jede Menge Spielraum in der Gestaltung und Umsetzung. Und es muss nicht immer in Blau und Wei\u00df..\",\"breadcrumb\":{\"@id\":\"https:\/\/www.tafeldeko.de\/news\/tischdeko-oktoberfest-die-gaudi-kann-beginnen\/#breadcrumb\"},\"inLanguage\":\"de-DE\",\"potentialAction\":[{\"@type\":\"ReadAction\",\"target\":[\"https:\/\/www.tafeldeko.de\/news\/tischdeko-oktoberfest-die-gaudi-kann-beginnen\/\"]}]},{\"@type\":\"BreadcrumbList\",\"@id\":\"https:\/\/www.tafeldeko.de\/news\/tischdeko-oktoberfest-die-gaudi-kann-beginnen\/#breadcrumb\",\"itemListElement\":[{\"@type\":\"ListItem\",\"position\":1,\"name\":\"Tafeldeko\",\"item\":\"https:\/\/www.tafeldeko.de\/news\/\"},{\"@type\":\"ListItem\",\"position\":2,\"name\":\"Alte Beitr\u00e4ge\",\"item\":\"https:\/\/www.tafeldeko.de\/news\/alte-beitraege\/\"},{\"@type\":\"ListItem\",\"position\":3,\"name\":\"Tischdeko - Blog\",\"item\":\"https:\/\/www.tafeldeko.de\/news\/alte-beitraege\/tischdeko-blog\/\"},{\"@type\":\"ListItem\",\"position\":4,\"name\":\"Tischdeko Oktoberfest &#8211; die Gaudi kann beginnen\"}]},{\"@type\":\"WebSite\",\"@id\":\"https:\/\/www.tafeldeko.de\/news\/#website\",\"url\":\"https:\/\/www.tafeldeko.de\/news\/\",\"name\":\"Tafeldeko\",\"description\":\"Blog mit Tischdeko und Tischdekoration Ideen\",\"potentialAction\":[{\"@type\":\"SearchAction\",\"target\":{\"@type\":\"EntryPoint\",\"urlTemplate\":\"https:\/\/www.tafeldeko.de\/news\/?s={search_term_string}\"},\"query-input\":\"required name=search_term_string\"}],\"inLanguage\":\"de-DE\"},{\"@type\":\"Person\",\"@id\":\"https:\/\/www.tafeldeko.de\/news\/#\/schema\/person\/dc309fbb6a3e380919fc08342c3cc233\",\"name\":\"Tafeldeko Deko Team\",\"image\":{\"@type\":\"ImageObject\",\"inLanguage\":\"de-DE\",\"@id\":\"https:\/\/www.tafeldeko.de\/news\/#\/schema\/person\/image\/\",\"url\":\"https:\/\/secure.gravatar.com\/avatar\/1e962f4040dc9996f0d200db31598854?s=96&d=mm&r=g\",\"contentUrl\":\"https:\/\/secure.gravatar.com\/avatar\/1e962f4040dc9996f0d200db31598854?s=96&d=mm&r=g\",\"caption\":\"Tafeldeko Deko Team\"}}]}<\/script>\n<!-- \/ Yoast SEO plugin. -->","yoast_head_json":{"title":"Tischdeko Oktoberfest - die Gaudi kann beginnen - Tafeldeko","description":"Die Tischdeko Oktoberfest Gaudi l\u00e4sst einem jede Menge Spielraum in der Gestaltung und Umsetzung. Und es muss nicht immer in Blau und Wei\u00df..","robots":{"index":"index","follow":"follow","max-snippet":"max-snippet:-1","max-image-preview":"max-image-preview:large","max-video-preview":"max-video-preview:-1"},"canonical":"https:\/\/www.tafeldeko.de\/news\/tischdeko-oktoberfest-die-gaudi-kann-beginnen\/","og_locale":"de_DE","og_type":"article","og_title":"Tischdeko Oktoberfest - die Gaudi kann beginnen - Tafeldeko","og_description":"Die Tischdeko Oktoberfest Gaudi l\u00e4sst einem jede Menge Spielraum in der Gestaltung und Umsetzung. Und es muss nicht immer in Blau und Wei\u00df..","og_url":"https:\/\/www.tafeldeko.de\/news\/tischdeko-oktoberfest-die-gaudi-kann-beginnen\/","og_site_name":"Tafeldeko","article_publisher":"https:\/\/www.facebook.com\/pages\/Tafeldeko-einzigartige-Tischdekoration\/174202655894","article_published_time":"2015-10-09T12:20:12+00:00","article_modified_time":"2022-11-11T12:24:02+00:00","og_image":[{"width":250,"height":250,"url":"https:\/\/www.tafeldeko.de\/news\/wp-content\/uploads\/2015\/10\/streudeko_brezeln.jpg","type":"image\/jpeg"}],"author":"Tafeldeko Deko Team","twitter_misc":{"Verfasst von":"Tafeldeko Deko Team","Gesch\u00e4tzte Lesezeit":"2 Minuten"},"schema":{"@context":"https:\/\/schema.org","@graph":[{"@type":"WebPage","@id":"https:\/\/www.tafeldeko.de\/news\/tischdeko-oktoberfest-die-gaudi-kann-beginnen\/","url":"https:\/\/www.tafeldeko.de\/news\/tischdeko-oktoberfest-die-gaudi-kann-beginnen\/","name":"Tischdeko Oktoberfest - die Gaudi kann beginnen - Tafeldeko","isPartOf":{"@id":"https:\/\/www.tafeldeko.de\/news\/#website"},"datePublished":"2015-10-09T12:20:12+00:00","dateModified":"2022-11-11T12:24:02+00:00","author":{"@id":"https:\/\/www.tafeldeko.de\/news\/#\/schema\/person\/dc309fbb6a3e380919fc08342c3cc233"},"description":"Die Tischdeko Oktoberfest Gaudi l\u00e4sst einem jede Menge Spielraum in der Gestaltung und Umsetzung. Und es muss nicht immer in Blau und Wei\u00df..","breadcrumb":{"@id":"https:\/\/www.tafeldeko.de\/news\/tischdeko-oktoberfest-die-gaudi-kann-beginnen\/#breadcrumb"},"inLanguage":"de-DE","potentialAction":[{"@type":"ReadAction","target":["https:\/\/www.tafeldeko.de\/news\/tischdeko-oktoberfest-die-gaudi-kann-beginnen\/"]}]},{"@type":"BreadcrumbList","@id":"https:\/\/www.tafeldeko.de\/news\/tischdeko-oktoberfest-die-gaudi-kann-beginnen\/#breadcrumb","itemListElement":[{"@type":"ListItem","position":1,"name":"Tafeldeko","item":"https:\/\/www.tafeldeko.de\/news\/"},{"@type":"ListItem","position":2,"name":"Alte Beitr\u00e4ge","item":"https:\/\/www.tafeldeko.de\/news\/alte-beitraege\/"},{"@type":"ListItem","position":3,"name":"Tischdeko - Blog","item":"https:\/\/www.tafeldeko.de\/news\/alte-beitraege\/tischdeko-blog\/"},{"@type":"ListItem","position":4,"name":"Tischdeko Oktoberfest &#8211; die Gaudi kann beginnen"}]},{"@type":"WebSite","@id":"https:\/\/www.tafeldeko.de\/news\/#website","url":"https:\/\/www.tafeldeko.de\/news\/","name":"Tafeldeko","description":"Blog mit Tischdeko und Tischdekoration Ideen","potentialAction":[{"@type":"SearchAction","target":{"@type":"EntryPoint","urlTemplate":"https:\/\/www.tafeldeko.de\/news\/?s={search_term_string}"},"query-input":"required name=search_term_string"}],"inLanguage":"de-DE"},{"@type":"Person","@id":"https:\/\/www.tafeldeko.de\/news\/#\/schema\/person\/dc309fbb6a3e380919fc08342c3cc233","name":"Tafeldeko Deko Team","image":{"@type":"ImageObject","inLanguage":"de-DE","@id":"https:\/\/www.tafeldeko.de\/news\/#\/schema\/person\/image\/","url":"https:\/\/secure.gravatar.com\/avatar\/1e962f4040dc9996f0d200db31598854?s=96&d=mm&r=g","contentUrl":"https:\/\/secure.gravatar.com\/avatar\/1e962f4040dc9996f0d200db31598854?s=96&d=mm&r=g","caption":"Tafeldeko Deko Team"}}]}},"_links":{"self":[{"href":"https:\/\/www.tafeldeko.de\/news\/wp-json\/wp\/v2\/posts\/6679"}],"collection":[{"href":"https:\/\/www.tafeldeko.de\/news\/wp-json\/wp\/v2\/posts"}],"about":[{"href":"https:\/\/www.tafeldeko.de\/news\/wp-json\/wp\/v2\/types\/post"}],"author":[{"embeddable":true,"href":"https:\/\/www.tafeldeko.de\/news\/wp-json\/wp\/v2\/users\/6"}],"replies":[{"embeddable":true,"href":"https:\/\/www.tafeldeko.de\/news\/wp-json\/wp\/v2\/comments?post=6679"}],"version-history":[{"count":6,"href":"https:\/\/www.tafeldeko.de\/news\/wp-json\/wp\/v2\/posts\/6679\/revisions"}],"predecessor-version":[{"id":21499,"href":"https:\/\/www.tafeldeko.de\/news\/wp-json\/wp\/v2\/posts\/6679\/revisions\/21499"}],"wp:featuredmedia":[{"embeddable":true,"href":"https:\/\/www.tafeldeko.de\/news\/wp-json\/wp\/v2\/media\/6680"}],"wp:attachment":[{"href":"https:\/\/www.tafeldeko.de\/news\/wp-json\/wp\/v2\/media?parent=6679"}],"wp:term":[{"taxonomy":"category","embeddable":true,"href":"https:\/\/www.tafeldeko.de\/news\/wp-json\/wp\/v2\/categories?post=6679"},{"taxonomy":"post_tag","embeddable":true,"href":"https:\/\/www.tafeldeko.de\/news\/wp-json\/wp\/v2\/tags?post=6679"}],"curies":[{"name":"wp","href":"https:\/\/api.w.org\/{rel}","templated":true}]}}