{"id":6666,"date":"2015-09-30T09:55:24","date_gmt":"2015-09-30T07:55:24","guid":{"rendered":"http:\/\/www.tafeldeko.de\/news\/?p=6666"},"modified":"2022-11-14T09:09:46","modified_gmt":"2022-11-14T08:09:46","slug":"tischdeko-oktoberfest-zuenftig-und-fesch","status":"publish","type":"post","link":"https:\/\/www.tafeldeko.de\/news\/tischdeko-oktoberfest-zuenftig-und-fesch\/","title":{"rendered":"Tischdeko Oktoberfest \u2013 z\u00fcnftig und fesch"},"content":{"rendered":"<p>Jetzt ist wieder die Zeit der Oktoberfeste \u2013 es wird z\u00fcnftig gefeiert und f\u00fcr das entsprechende Ambiente kann eine fesche <strong>Tischdeko Oktoberfest<\/strong> nat\u00fcrlich sorgen. Oktoberfeste sind angesagt und stehen mittlerweile nicht nur in den September- und Oktobermonaten auf dem Kalender. Wer ein Motto f\u00fcr eine Party oder eine Geburtstagsfeier sucht, wird sich oftmals f\u00fcr das Motto Oktoberfest entscheiden. Verst\u00e4ndlich, bietet dieses Thema nicht nur ausreichend Stoff f\u00fcr eine<strong> wundersch\u00f6ne Dekoration<\/strong>, sondern auch f\u00fcr gutes, reichhaltiges und z\u00fcnftiges Essen. Und die Musik verspricht nat\u00fcrlich gute Stimmung, Schunkeln, Tanzen und Fr\u00f6hlich-sein ist angesagt. Die Tischdeko kann sich sehr vielf\u00e4ltig pr\u00e4sentieren und dass das ber\u00fchmte Rautenmuster sich auch sehr feierlich pr\u00e4sentieren kann, zeigt unser Mustertisch.<\/p>\n<p><img decoding=\"async\" loading=\"lazy\" src=\"https:\/\/www.tafeldeko.de\/news\/wp-content\/uploads\/2015\/09\/IMG_5117_1-1024x683.jpg\" sizes=\"(max-width: 800px) 100vw, 800px\" srcset=\"https:\/\/www.tafeldeko.de\/news\/wp-content\/uploads\/2015\/09\/IMG_5117_1-1024x683.jpg 1024w, https:\/\/www.tafeldeko.de\/news\/wp-content\/uploads\/2015\/09\/IMG_5117_1-300x200.jpg 300w, https:\/\/www.tafeldeko.de\/news\/wp-content\/uploads\/2015\/09\/IMG_5117_1-768x512.jpg 768w, https:\/\/www.tafeldeko.de\/news\/wp-content\/uploads\/2015\/09\/IMG_5117_1-1536x1024.jpg 1536w, https:\/\/www.tafeldeko.de\/news\/wp-content\/uploads\/2015\/09\/IMG_5117_1-2048x1365.jpg 2048w, https:\/\/www.tafeldeko.de\/news\/wp-content\/uploads\/2015\/09\/IMG_5117_1-640x427.jpg 640w\" alt=\"Tischdeko Oktoberfest\" width=\"800\" height=\"534\" \/><\/p>\n<h2>Tischdeko Oktoberfest \u2013 tolle Kombination mit Rautenmuster<\/h2>\n<p>Das Rautenmuster in Wei\u00df und Blau \u2013 einfach typisch f\u00fcr das Oktoberfest. Wer eine schnelle Tischdeko Oktoberfest sucht, greift in aller Regel zu den Accessoires mit dem wei\u00df-blauen-Rautenmuster. Dabei k\u00f6nnen Kombinationen mit Rauten und ausdrucksstarken Accessoires der <a href=\"https:\/\/www.tafeldeko.de\" target=\"_blank\" rel=\"noopener\"><strong>Tischdeko<\/strong><\/a> das gewisse, tolle Etwas verleihen, was unser Mustertisch Herbst Oktoberfest eindrucksvoll zeigt.<br \/>\nBasis der Tischdeko ist ein Airlaid Papier Tischl\u00e4ufer bayrische Raute, auf dem verschiedene <strong>Deko-Blickf\u00e4nge<\/strong> arrangiert werden. Zum einen k\u00f6nnen Sie Naturdeko Heu auf den Tisch auflegen und darauf geben Sie die verschiedensten Accessoires, beispielsweise Herzmagneten Alpengl\u00fcck, bayrische B\u00e4rchen mit Lebkuchenstern, Baumscheibenstreu, Treibholz in Natur und so weiter. So haben Sie im Handumdrehen einen l\u00e4ndlich rustikalen Touch in Ihre Tischdeko gebracht.<br \/>\nEin <strong>toller Blickfang<\/strong> und eine Bereicherung f\u00fcr die Oktoberfest Tischdeko ist der Kerzenteller Baumscheibe. Legen Sie mehrere dieser Kerzenteller aufeinander, etwas versetzt und darauf arrangieren Sie Ihre ausgew\u00e4hlten Kerzen. Wer es etwas einfacher mag, dem empfehlen wir den Treibholz Kerzenst\u00e4nder mit vier Teelichtgl\u00e4sern. Sie sehen, Sie haben viele M\u00f6glichkeiten, die Tischdeko etwas anders als normal zu gestalten. Accessoires daf\u00fcr haben wir f\u00fcr Sie in unserem Online-Shop zusammengestellt. Einfach reinschauen, st\u00f6bern und sich von unseren Ideen und Vorschl\u00e4gen <strong>inspirieren lassen<\/strong>.<\/p>\n<h2>Weitere Beitr\u00e4ge:<\/h2>\n<h2>Dekoartikel von A-Z<\/h2>\n<p><a href=\"https:\/\/www.tafeldeko.de\/tischdeko-artikel\/\"><br \/>\nJetzt entdecken <\/a><\/p>\n","protected":false},"excerpt":{"rendered":"<p>Jetzt ist wieder die Zeit der Oktoberfeste \u2013 es wird z\u00fcnftig gefeiert und f\u00fcr das entsprechende Ambiente kann eine fesche Tischdeko Oktoberfest nat\u00fcrlich sorgen. Oktoberfeste sind angesagt und stehen mittlerweile nicht nur in den September- und Oktobermonaten auf dem Kalender. Wer ein Motto f\u00fcr eine Party oder eine Geburtstagsfeier sucht, wird sich oftmals f\u00fcr das [&hellip;]<\/p>\n","protected":false},"author":6,"featured_media":21521,"comment_status":"closed","ping_status":"closed","sticky":false,"template":"","format":"standard","meta":{"footnotes":""},"categories":[1],"tags":[],"yoast_head":"<!-- This site is optimized with the Yoast SEO plugin v20.4 - https:\/\/yoast.com\/wordpress\/plugins\/seo\/ -->\n<title>Tischdeko Oktoberfest \u2013 z\u00fcnftig und fesch - Tafeldeko<\/title>\n<meta name=\"description\" content=\"Wer eine Tischdeko Oktoberfest sucht, greift in aller Regel zu den Accessoires mit dem wei\u00df-blauen-Rautenmuster. Wir haben da andere Ideen!\" \/>\n<meta name=\"robots\" content=\"index, follow, max-snippet:-1, max-image-preview:large, max-video-preview:-1\" \/>\n<link rel=\"canonical\" href=\"https:\/\/www.tafeldeko.de\/news\/tischdeko-oktoberfest-zuenftig-und-fesch\/\" \/>\n<meta property=\"og:locale\" content=\"de_DE\" \/>\n<meta property=\"og:type\" content=\"article\" \/>\n<meta property=\"og:title\" content=\"Tischdeko Oktoberfest \u2013 z\u00fcnftig und fesch - Tafeldeko\" \/>\n<meta property=\"og:description\" content=\"Wer eine Tischdeko Oktoberfest sucht, greift in aller Regel zu den Accessoires mit dem wei\u00df-blauen-Rautenmuster. Wir haben da andere Ideen!\" \/>\n<meta property=\"og:url\" content=\"https:\/\/www.tafeldeko.de\/news\/tischdeko-oktoberfest-zuenftig-und-fesch\/\" \/>\n<meta property=\"og:site_name\" content=\"Tafeldeko\" \/>\n<meta property=\"article:publisher\" content=\"https:\/\/www.facebook.com\/pages\/Tafeldeko-einzigartige-Tischdekoration\/174202655894\" \/>\n<meta property=\"article:published_time\" content=\"2015-09-30T07:55:24+00:00\" \/>\n<meta property=\"article:modified_time\" content=\"2022-11-14T08:09:46+00:00\" \/>\n<meta property=\"og:image\" content=\"https:\/\/www.tafeldeko.de\/news\/wp-content\/uploads\/2015\/09\/IMG_5117_1-scaled.jpg\" \/>\n\t<meta property=\"og:image:width\" content=\"2560\" \/>\n\t<meta property=\"og:image:height\" content=\"1707\" \/>\n\t<meta property=\"og:image:type\" content=\"image\/jpeg\" \/>\n<meta name=\"author\" content=\"Tafeldeko Deko Team\" \/>\n<meta name=\"twitter:label1\" content=\"Verfasst von\" \/>\n\t<meta name=\"twitter:data1\" content=\"Tafeldeko Deko Team\" \/>\n\t<meta name=\"twitter:label2\" content=\"Gesch\u00e4tzte Lesezeit\" \/>\n\t<meta name=\"twitter:data2\" content=\"2 Minuten\" \/>\n<script type=\"application\/ld+json\" class=\"yoast-schema-graph\">{\"@context\":\"https:\/\/schema.org\",\"@graph\":[{\"@type\":\"WebPage\",\"@id\":\"https:\/\/www.tafeldeko.de\/news\/tischdeko-oktoberfest-zuenftig-und-fesch\/\",\"url\":\"https:\/\/www.tafeldeko.de\/news\/tischdeko-oktoberfest-zuenftig-und-fesch\/\",\"name\":\"Tischdeko Oktoberfest \u2013 z\u00fcnftig und fesch - Tafeldeko\",\"isPartOf\":{\"@id\":\"https:\/\/www.tafeldeko.de\/news\/#website\"},\"datePublished\":\"2015-09-30T07:55:24+00:00\",\"dateModified\":\"2022-11-14T08:09:46+00:00\",\"author\":{\"@id\":\"https:\/\/www.tafeldeko.de\/news\/#\/schema\/person\/dc309fbb6a3e380919fc08342c3cc233\"},\"description\":\"Wer eine Tischdeko Oktoberfest sucht, greift in aller Regel zu den Accessoires mit dem wei\u00df-blauen-Rautenmuster. Wir haben da andere Ideen!\",\"breadcrumb\":{\"@id\":\"https:\/\/www.tafeldeko.de\/news\/tischdeko-oktoberfest-zuenftig-und-fesch\/#breadcrumb\"},\"inLanguage\":\"de-DE\",\"potentialAction\":[{\"@type\":\"ReadAction\",\"target\":[\"https:\/\/www.tafeldeko.de\/news\/tischdeko-oktoberfest-zuenftig-und-fesch\/\"]}]},{\"@type\":\"BreadcrumbList\",\"@id\":\"https:\/\/www.tafeldeko.de\/news\/tischdeko-oktoberfest-zuenftig-und-fesch\/#breadcrumb\",\"itemListElement\":[{\"@type\":\"ListItem\",\"position\":1,\"name\":\"Tafeldeko\",\"item\":\"https:\/\/www.tafeldeko.de\/news\/\"},{\"@type\":\"ListItem\",\"position\":2,\"name\":\"Alte Beitr\u00e4ge\",\"item\":\"https:\/\/www.tafeldeko.de\/news\/alte-beitraege\/\"},{\"@type\":\"ListItem\",\"position\":3,\"name\":\"Tischdeko - Blog\",\"item\":\"https:\/\/www.tafeldeko.de\/news\/alte-beitraege\/tischdeko-blog\/\"},{\"@type\":\"ListItem\",\"position\":4,\"name\":\"Tischdeko Oktoberfest \u2013 z\u00fcnftig und fesch\"}]},{\"@type\":\"WebSite\",\"@id\":\"https:\/\/www.tafeldeko.de\/news\/#website\",\"url\":\"https:\/\/www.tafeldeko.de\/news\/\",\"name\":\"Tafeldeko\",\"description\":\"Blog mit Tischdeko und Tischdekoration Ideen\",\"potentialAction\":[{\"@type\":\"SearchAction\",\"target\":{\"@type\":\"EntryPoint\",\"urlTemplate\":\"https:\/\/www.tafeldeko.de\/news\/?s={search_term_string}\"},\"query-input\":\"required name=search_term_string\"}],\"inLanguage\":\"de-DE\"},{\"@type\":\"Person\",\"@id\":\"https:\/\/www.tafeldeko.de\/news\/#\/schema\/person\/dc309fbb6a3e380919fc08342c3cc233\",\"name\":\"Tafeldeko Deko Team\",\"image\":{\"@type\":\"ImageObject\",\"inLanguage\":\"de-DE\",\"@id\":\"https:\/\/www.tafeldeko.de\/news\/#\/schema\/person\/image\/\",\"url\":\"https:\/\/secure.gravatar.com\/avatar\/1e962f4040dc9996f0d200db31598854?s=96&d=mm&r=g\",\"contentUrl\":\"https:\/\/secure.gravatar.com\/avatar\/1e962f4040dc9996f0d200db31598854?s=96&d=mm&r=g\",\"caption\":\"Tafeldeko Deko Team\"}}]}<\/script>\n<!-- \/ Yoast SEO plugin. -->","yoast_head_json":{"title":"Tischdeko Oktoberfest \u2013 z\u00fcnftig und fesch - Tafeldeko","description":"Wer eine Tischdeko Oktoberfest sucht, greift in aller Regel zu den Accessoires mit dem wei\u00df-blauen-Rautenmuster. Wir haben da andere Ideen!","robots":{"index":"index","follow":"follow","max-snippet":"max-snippet:-1","max-image-preview":"max-image-preview:large","max-video-preview":"max-video-preview:-1"},"canonical":"https:\/\/www.tafeldeko.de\/news\/tischdeko-oktoberfest-zuenftig-und-fesch\/","og_locale":"de_DE","og_type":"article","og_title":"Tischdeko Oktoberfest \u2013 z\u00fcnftig und fesch - Tafeldeko","og_description":"Wer eine Tischdeko Oktoberfest sucht, greift in aller Regel zu den Accessoires mit dem wei\u00df-blauen-Rautenmuster. Wir haben da andere Ideen!","og_url":"https:\/\/www.tafeldeko.de\/news\/tischdeko-oktoberfest-zuenftig-und-fesch\/","og_site_name":"Tafeldeko","article_publisher":"https:\/\/www.facebook.com\/pages\/Tafeldeko-einzigartige-Tischdekoration\/174202655894","article_published_time":"2015-09-30T07:55:24+00:00","article_modified_time":"2022-11-14T08:09:46+00:00","og_image":[{"width":2560,"height":1707,"url":"https:\/\/www.tafeldeko.de\/news\/wp-content\/uploads\/2015\/09\/IMG_5117_1-scaled.jpg","type":"image\/jpeg"}],"author":"Tafeldeko Deko Team","twitter_misc":{"Verfasst von":"Tafeldeko Deko Team","Gesch\u00e4tzte Lesezeit":"2 Minuten"},"schema":{"@context":"https:\/\/schema.org","@graph":[{"@type":"WebPage","@id":"https:\/\/www.tafeldeko.de\/news\/tischdeko-oktoberfest-zuenftig-und-fesch\/","url":"https:\/\/www.tafeldeko.de\/news\/tischdeko-oktoberfest-zuenftig-und-fesch\/","name":"Tischdeko Oktoberfest \u2013 z\u00fcnftig und fesch - Tafeldeko","isPartOf":{"@id":"https:\/\/www.tafeldeko.de\/news\/#website"},"datePublished":"2015-09-30T07:55:24+00:00","dateModified":"2022-11-14T08:09:46+00:00","author":{"@id":"https:\/\/www.tafeldeko.de\/news\/#\/schema\/person\/dc309fbb6a3e380919fc08342c3cc233"},"description":"Wer eine Tischdeko Oktoberfest sucht, greift in aller Regel zu den Accessoires mit dem wei\u00df-blauen-Rautenmuster. Wir haben da andere Ideen!","breadcrumb":{"@id":"https:\/\/www.tafeldeko.de\/news\/tischdeko-oktoberfest-zuenftig-und-fesch\/#breadcrumb"},"inLanguage":"de-DE","potentialAction":[{"@type":"ReadAction","target":["https:\/\/www.tafeldeko.de\/news\/tischdeko-oktoberfest-zuenftig-und-fesch\/"]}]},{"@type":"BreadcrumbList","@id":"https:\/\/www.tafeldeko.de\/news\/tischdeko-oktoberfest-zuenftig-und-fesch\/#breadcrumb","itemListElement":[{"@type":"ListItem","position":1,"name":"Tafeldeko","item":"https:\/\/www.tafeldeko.de\/news\/"},{"@type":"ListItem","position":2,"name":"Alte Beitr\u00e4ge","item":"https:\/\/www.tafeldeko.de\/news\/alte-beitraege\/"},{"@type":"ListItem","position":3,"name":"Tischdeko - Blog","item":"https:\/\/www.tafeldeko.de\/news\/alte-beitraege\/tischdeko-blog\/"},{"@type":"ListItem","position":4,"name":"Tischdeko Oktoberfest \u2013 z\u00fcnftig und fesch"}]},{"@type":"WebSite","@id":"https:\/\/www.tafeldeko.de\/news\/#website","url":"https:\/\/www.tafeldeko.de\/news\/","name":"Tafeldeko","description":"Blog mit Tischdeko und Tischdekoration Ideen","potentialAction":[{"@type":"SearchAction","target":{"@type":"EntryPoint","urlTemplate":"https:\/\/www.tafeldeko.de\/news\/?s={search_term_string}"},"query-input":"required name=search_term_string"}],"inLanguage":"de-DE"},{"@type":"Person","@id":"https:\/\/www.tafeldeko.de\/news\/#\/schema\/person\/dc309fbb6a3e380919fc08342c3cc233","name":"Tafeldeko Deko Team","image":{"@type":"ImageObject","inLanguage":"de-DE","@id":"https:\/\/www.tafeldeko.de\/news\/#\/schema\/person\/image\/","url":"https:\/\/secure.gravatar.com\/avatar\/1e962f4040dc9996f0d200db31598854?s=96&d=mm&r=g","contentUrl":"https:\/\/secure.gravatar.com\/avatar\/1e962f4040dc9996f0d200db31598854?s=96&d=mm&r=g","caption":"Tafeldeko Deko Team"}}]}},"_links":{"self":[{"href":"https:\/\/www.tafeldeko.de\/news\/wp-json\/wp\/v2\/posts\/6666"}],"collection":[{"href":"https:\/\/www.tafeldeko.de\/news\/wp-json\/wp\/v2\/posts"}],"about":[{"href":"https:\/\/www.tafeldeko.de\/news\/wp-json\/wp\/v2\/types\/post"}],"author":[{"embeddable":true,"href":"https:\/\/www.tafeldeko.de\/news\/wp-json\/wp\/v2\/users\/6"}],"replies":[{"embeddable":true,"href":"https:\/\/www.tafeldeko.de\/news\/wp-json\/wp\/v2\/comments?post=6666"}],"version-history":[{"count":6,"href":"https:\/\/www.tafeldeko.de\/news\/wp-json\/wp\/v2\/posts\/6666\/revisions"}],"predecessor-version":[{"id":21526,"href":"https:\/\/www.tafeldeko.de\/news\/wp-json\/wp\/v2\/posts\/6666\/revisions\/21526"}],"wp:featuredmedia":[{"embeddable":true,"href":"https:\/\/www.tafeldeko.de\/news\/wp-json\/wp\/v2\/media\/21521"}],"wp:attachment":[{"href":"https:\/\/www.tafeldeko.de\/news\/wp-json\/wp\/v2\/media?parent=6666"}],"wp:term":[{"taxonomy":"category","embeddable":true,"href":"https:\/\/www.tafeldeko.de\/news\/wp-json\/wp\/v2\/categories?post=6666"},{"taxonomy":"post_tag","embeddable":true,"href":"https:\/\/www.tafeldeko.de\/news\/wp-json\/wp\/v2\/tags?post=6666"}],"curies":[{"name":"wp","href":"https:\/\/api.w.org\/{rel}","templated":true}]}}