{"id":6663,"date":"2015-09-28T09:26:01","date_gmt":"2015-09-28T07:26:01","guid":{"rendered":"http:\/\/www.tafeldeko.de\/news\/?p=6663"},"modified":"2022-11-14T09:15:31","modified_gmt":"2022-11-14T08:15:31","slug":"tischdeko-herbst-braun-und-tuerkis","status":"publish","type":"post","link":"https:\/\/www.tafeldeko.de\/news\/tischdeko-herbst-braun-und-tuerkis\/","title":{"rendered":"Tischdeko Herbst in Braun und T\u00fcrkis"},"content":{"rendered":"<p>W\u00e4hrend es drau\u00dfen so langsam herbstlich wird, k\u00f6nnen wir es uns in den Wohnungen mit einer wundersch\u00f6nen <strong>Tischdeko Herbst<\/strong>, beispielsweise in Braun und T\u00fcrkis, gem\u00fctlich machen. Dabei kommen wundersch\u00f6ne Accessoires zum Einsatz, die zum einen<strong> tolle Effekte<\/strong> auf den Tisch bringen und zum anderen die bunten, leuchtenden Farben des Herbstes wiederspiegeln. Die Kombination Braun und T\u00fcrkis zeigt, wie sch\u00f6n und bunt der Herbst sein kann. Eine wundervolle Farbkombination, die durch die verschiedenen, farblich passenden Accessoires, das gewisse Etwas erh\u00e4lt. Und wenn man sich den Mustertisch genauer anschaut: es sind noch nicht einmal viele Accessoires, die f\u00fcr diese Tischdeko Herbst ben\u00f6tigt werden.<\/p>\n<p><img decoding=\"async\" loading=\"lazy\" src=\"https:\/\/www.tafeldeko.de\/news\/wp-content\/uploads\/2015\/10\/tischdeko_herbst_tuerkis.jpg\" sizes=\"(max-width: 800px) 100vw, 800px\" srcset=\"https:\/\/www.tafeldeko.de\/news\/wp-content\/uploads\/2015\/10\/tischdeko_herbst_tuerkis.jpg 1000w, https:\/\/www.tafeldeko.de\/news\/wp-content\/uploads\/2015\/10\/tischdeko_herbst_tuerkis-300x210.jpg 300w, https:\/\/www.tafeldeko.de\/news\/wp-content\/uploads\/2015\/10\/tischdeko_herbst_tuerkis-624x437.jpg 624w\" alt=\"Tischdeko Herbst Braun und T\u00fcrkis\" width=\"800\" height=\"560\" \/><\/p>\n<h2>Wundersch\u00f6n \u2013 die Tischdeko Herbst in Braun und T\u00fcrkis<\/h2>\n<p>Dieser Tisch hat das gewisse etwas. T\u00fcrkis und Braun passen perfekt zueinander und die tollen Accessoires wie Keramik Eulen in Wei\u00df und Orange\/Braun und die verschiedenen <strong>Naturmaterialien<\/strong> setzen weitere Blickf\u00e4nge und Akzente.<br \/>\nF\u00fcr diese wundersch\u00f6ne <a href=\"https:\/\/www.tafeldeko.de\" target=\"_blank\" rel=\"noopener\"><strong>Tischdeko<\/strong><\/a> Herbst in Braun und T\u00fcrkis ben\u00f6tigen Sie folgende Teile:<br \/>\nF\u00fcr die Basis haben wir einen Duni Tischl\u00e4ufer in Grau verwendet. Auf diesem wurde Sizoweb Tischband in Braun und Organza Rolle in T\u00fcrkis arrangiert. Kleines Highlight bereits bei der Basis: die Filzkordel in Taupe.<br \/>\nAuf dieser Grunddeko finden nun die verschiedenen Accessoires ihren Platz \u2013 beliebig arrangiert. Naturmaterialien passen hervorragend zu dieser Tischdeko Herbst in Braun und T\u00fcrkis, sie bringen einen sch\u00f6nen Kontrast und <strong>nat\u00fcrlichen Akzent<\/strong> ein. Rattan Kugeln in Braun, Natur Birkenrindenkr\u00e4nze, Herzen aus Birkenholzrinde, Holzgranulat und Rattan Kugeln in T\u00fcrkis schm\u00fccken die Tischmitte. Wer den Tischmittelpunkt gerne besonders hervorheben m\u00f6chte, kann hier ein Glaswindlicht \u2013 Wood Nature \u2013 mit Holzsockel arrangieren. Peppig und modern wird dieses Windlicht durch das Bef\u00fcllen mit Holzgranulat und einer t\u00fcrkisfarbenen Kerze. Kleine Rattan Kugeln und etwas Streudeko wie das Ahornblatt aus Birkenholzrinde in Orange-Braun verleihen dem Arrangement<strong> eine gewisse Lockerheit<\/strong>.<br \/>\nIn punkto Kerzen f\u00fcr die Tischdeko Herbst bieten sich Ihnen viele M\u00f6glichkeiten, von den Stumpenkerzen mit echter Birkenrinde umh\u00fcllt bis hin zu dem Holztablett quadratisch, vier geteilt, in welchem Sie kleine Stumpenkerzen hervorragend arrangieren k\u00f6nnen.<br \/>\nDieser Mustertisch ist eine tolle Variante, dem tristen Herbst etwas<strong> Farbe zu verleihen<\/strong>.<\/p>\n<h2>Weitere Beitr\u00e4ge:<\/h2>\n<h2>Dekoartikel von A-Z<\/h2>\n<p><a href=\"https:\/\/www.tafeldeko.de\/tischdeko-artikel\/\"><br \/>\nJetzt entdecken <\/a><\/p>\n","protected":false},"excerpt":{"rendered":"<p>W\u00e4hrend es drau\u00dfen so langsam herbstlich wird, k\u00f6nnen wir es uns in den Wohnungen mit einer wundersch\u00f6nen Tischdeko Herbst, beispielsweise in Braun und T\u00fcrkis, gem\u00fctlich machen. Dabei kommen wundersch\u00f6ne Accessoires zum Einsatz, die zum einen tolle Effekte auf den Tisch bringen und zum anderen die bunten, leuchtenden Farben des Herbstes wiederspiegeln. Die Kombination Braun und [&hellip;]<\/p>\n","protected":false},"author":6,"featured_media":6664,"comment_status":"closed","ping_status":"closed","sticky":false,"template":"","format":"standard","meta":{"footnotes":""},"categories":[1],"tags":[],"yoast_head":"<!-- This site is optimized with the Yoast SEO plugin v20.4 - https:\/\/yoast.com\/wordpress\/plugins\/seo\/ -->\n<title>Tischdeko Herbst in Braun und T\u00fcrkis - Tafeldeko<\/title>\n<meta name=\"description\" content=\"W\u00e4hrend es drau\u00dfen so langsam herbstlich wird, wird es sich mit einer wundersch\u00f6nen Tischdeko Herbst in Braun und T\u00fcrkis gem\u00fctlich gemacht..\" \/>\n<meta name=\"robots\" content=\"index, follow, max-snippet:-1, max-image-preview:large, max-video-preview:-1\" \/>\n<link rel=\"canonical\" href=\"https:\/\/www.tafeldeko.de\/news\/tischdeko-herbst-braun-und-tuerkis\/\" \/>\n<meta property=\"og:locale\" content=\"de_DE\" \/>\n<meta property=\"og:type\" content=\"article\" \/>\n<meta property=\"og:title\" content=\"Tischdeko Herbst in Braun und T\u00fcrkis - Tafeldeko\" \/>\n<meta property=\"og:description\" content=\"W\u00e4hrend es drau\u00dfen so langsam herbstlich wird, wird es sich mit einer wundersch\u00f6nen Tischdeko Herbst in Braun und T\u00fcrkis gem\u00fctlich gemacht..\" \/>\n<meta property=\"og:url\" content=\"https:\/\/www.tafeldeko.de\/news\/tischdeko-herbst-braun-und-tuerkis\/\" \/>\n<meta property=\"og:site_name\" content=\"Tafeldeko\" \/>\n<meta property=\"article:publisher\" content=\"https:\/\/www.facebook.com\/pages\/Tafeldeko-einzigartige-Tischdekoration\/174202655894\" \/>\n<meta property=\"article:published_time\" content=\"2015-09-28T07:26:01+00:00\" \/>\n<meta property=\"article:modified_time\" content=\"2022-11-14T08:15:31+00:00\" \/>\n<meta property=\"og:image\" content=\"https:\/\/www.tafeldeko.de\/news\/wp-content\/uploads\/2015\/10\/tischdeko_herbst_tuerkis.jpg\" \/>\n\t<meta property=\"og:image:width\" content=\"1000\" \/>\n\t<meta property=\"og:image:height\" content=\"700\" \/>\n\t<meta property=\"og:image:type\" content=\"image\/jpeg\" \/>\n<meta name=\"author\" content=\"Tafeldeko Deko Team\" \/>\n<meta name=\"twitter:label1\" content=\"Verfasst von\" \/>\n\t<meta name=\"twitter:data1\" content=\"Tafeldeko Deko Team\" \/>\n\t<meta name=\"twitter:label2\" content=\"Gesch\u00e4tzte Lesezeit\" \/>\n\t<meta name=\"twitter:data2\" content=\"3 Minuten\" \/>\n<script type=\"application\/ld+json\" class=\"yoast-schema-graph\">{\"@context\":\"https:\/\/schema.org\",\"@graph\":[{\"@type\":\"WebPage\",\"@id\":\"https:\/\/www.tafeldeko.de\/news\/tischdeko-herbst-braun-und-tuerkis\/\",\"url\":\"https:\/\/www.tafeldeko.de\/news\/tischdeko-herbst-braun-und-tuerkis\/\",\"name\":\"Tischdeko Herbst in Braun und T\u00fcrkis - Tafeldeko\",\"isPartOf\":{\"@id\":\"https:\/\/www.tafeldeko.de\/news\/#website\"},\"datePublished\":\"2015-09-28T07:26:01+00:00\",\"dateModified\":\"2022-11-14T08:15:31+00:00\",\"author\":{\"@id\":\"https:\/\/www.tafeldeko.de\/news\/#\/schema\/person\/dc309fbb6a3e380919fc08342c3cc233\"},\"description\":\"W\u00e4hrend es drau\u00dfen so langsam herbstlich wird, wird es sich mit einer wundersch\u00f6nen Tischdeko Herbst in Braun und T\u00fcrkis gem\u00fctlich gemacht..\",\"breadcrumb\":{\"@id\":\"https:\/\/www.tafeldeko.de\/news\/tischdeko-herbst-braun-und-tuerkis\/#breadcrumb\"},\"inLanguage\":\"de-DE\",\"potentialAction\":[{\"@type\":\"ReadAction\",\"target\":[\"https:\/\/www.tafeldeko.de\/news\/tischdeko-herbst-braun-und-tuerkis\/\"]}]},{\"@type\":\"BreadcrumbList\",\"@id\":\"https:\/\/www.tafeldeko.de\/news\/tischdeko-herbst-braun-und-tuerkis\/#breadcrumb\",\"itemListElement\":[{\"@type\":\"ListItem\",\"position\":1,\"name\":\"Tafeldeko\",\"item\":\"https:\/\/www.tafeldeko.de\/news\/\"},{\"@type\":\"ListItem\",\"position\":2,\"name\":\"Alte Beitr\u00e4ge\",\"item\":\"https:\/\/www.tafeldeko.de\/news\/alte-beitraege\/\"},{\"@type\":\"ListItem\",\"position\":3,\"name\":\"Tischdeko - Blog\",\"item\":\"https:\/\/www.tafeldeko.de\/news\/alte-beitraege\/tischdeko-blog\/\"},{\"@type\":\"ListItem\",\"position\":4,\"name\":\"Tischdeko Herbst in Braun und T\u00fcrkis\"}]},{\"@type\":\"WebSite\",\"@id\":\"https:\/\/www.tafeldeko.de\/news\/#website\",\"url\":\"https:\/\/www.tafeldeko.de\/news\/\",\"name\":\"Tafeldeko\",\"description\":\"Blog mit Tischdeko und Tischdekoration Ideen\",\"potentialAction\":[{\"@type\":\"SearchAction\",\"target\":{\"@type\":\"EntryPoint\",\"urlTemplate\":\"https:\/\/www.tafeldeko.de\/news\/?s={search_term_string}\"},\"query-input\":\"required name=search_term_string\"}],\"inLanguage\":\"de-DE\"},{\"@type\":\"Person\",\"@id\":\"https:\/\/www.tafeldeko.de\/news\/#\/schema\/person\/dc309fbb6a3e380919fc08342c3cc233\",\"name\":\"Tafeldeko Deko Team\",\"image\":{\"@type\":\"ImageObject\",\"inLanguage\":\"de-DE\",\"@id\":\"https:\/\/www.tafeldeko.de\/news\/#\/schema\/person\/image\/\",\"url\":\"https:\/\/secure.gravatar.com\/avatar\/1e962f4040dc9996f0d200db31598854?s=96&d=mm&r=g\",\"contentUrl\":\"https:\/\/secure.gravatar.com\/avatar\/1e962f4040dc9996f0d200db31598854?s=96&d=mm&r=g\",\"caption\":\"Tafeldeko Deko Team\"}}]}<\/script>\n<!-- \/ Yoast SEO plugin. -->","yoast_head_json":{"title":"Tischdeko Herbst in Braun und T\u00fcrkis - Tafeldeko","description":"W\u00e4hrend es drau\u00dfen so langsam herbstlich wird, wird es sich mit einer wundersch\u00f6nen Tischdeko Herbst in Braun und T\u00fcrkis gem\u00fctlich gemacht..","robots":{"index":"index","follow":"follow","max-snippet":"max-snippet:-1","max-image-preview":"max-image-preview:large","max-video-preview":"max-video-preview:-1"},"canonical":"https:\/\/www.tafeldeko.de\/news\/tischdeko-herbst-braun-und-tuerkis\/","og_locale":"de_DE","og_type":"article","og_title":"Tischdeko Herbst in Braun und T\u00fcrkis - Tafeldeko","og_description":"W\u00e4hrend es drau\u00dfen so langsam herbstlich wird, wird es sich mit einer wundersch\u00f6nen Tischdeko Herbst in Braun und T\u00fcrkis gem\u00fctlich gemacht..","og_url":"https:\/\/www.tafeldeko.de\/news\/tischdeko-herbst-braun-und-tuerkis\/","og_site_name":"Tafeldeko","article_publisher":"https:\/\/www.facebook.com\/pages\/Tafeldeko-einzigartige-Tischdekoration\/174202655894","article_published_time":"2015-09-28T07:26:01+00:00","article_modified_time":"2022-11-14T08:15:31+00:00","og_image":[{"width":1000,"height":700,"url":"https:\/\/www.tafeldeko.de\/news\/wp-content\/uploads\/2015\/10\/tischdeko_herbst_tuerkis.jpg","type":"image\/jpeg"}],"author":"Tafeldeko Deko Team","twitter_misc":{"Verfasst von":"Tafeldeko Deko Team","Gesch\u00e4tzte Lesezeit":"3 Minuten"},"schema":{"@context":"https:\/\/schema.org","@graph":[{"@type":"WebPage","@id":"https:\/\/www.tafeldeko.de\/news\/tischdeko-herbst-braun-und-tuerkis\/","url":"https:\/\/www.tafeldeko.de\/news\/tischdeko-herbst-braun-und-tuerkis\/","name":"Tischdeko Herbst in Braun und T\u00fcrkis - Tafeldeko","isPartOf":{"@id":"https:\/\/www.tafeldeko.de\/news\/#website"},"datePublished":"2015-09-28T07:26:01+00:00","dateModified":"2022-11-14T08:15:31+00:00","author":{"@id":"https:\/\/www.tafeldeko.de\/news\/#\/schema\/person\/dc309fbb6a3e380919fc08342c3cc233"},"description":"W\u00e4hrend es drau\u00dfen so langsam herbstlich wird, wird es sich mit einer wundersch\u00f6nen Tischdeko Herbst in Braun und T\u00fcrkis gem\u00fctlich gemacht..","breadcrumb":{"@id":"https:\/\/www.tafeldeko.de\/news\/tischdeko-herbst-braun-und-tuerkis\/#breadcrumb"},"inLanguage":"de-DE","potentialAction":[{"@type":"ReadAction","target":["https:\/\/www.tafeldeko.de\/news\/tischdeko-herbst-braun-und-tuerkis\/"]}]},{"@type":"BreadcrumbList","@id":"https:\/\/www.tafeldeko.de\/news\/tischdeko-herbst-braun-und-tuerkis\/#breadcrumb","itemListElement":[{"@type":"ListItem","position":1,"name":"Tafeldeko","item":"https:\/\/www.tafeldeko.de\/news\/"},{"@type":"ListItem","position":2,"name":"Alte Beitr\u00e4ge","item":"https:\/\/www.tafeldeko.de\/news\/alte-beitraege\/"},{"@type":"ListItem","position":3,"name":"Tischdeko - Blog","item":"https:\/\/www.tafeldeko.de\/news\/alte-beitraege\/tischdeko-blog\/"},{"@type":"ListItem","position":4,"name":"Tischdeko Herbst in Braun und T\u00fcrkis"}]},{"@type":"WebSite","@id":"https:\/\/www.tafeldeko.de\/news\/#website","url":"https:\/\/www.tafeldeko.de\/news\/","name":"Tafeldeko","description":"Blog mit Tischdeko und Tischdekoration Ideen","potentialAction":[{"@type":"SearchAction","target":{"@type":"EntryPoint","urlTemplate":"https:\/\/www.tafeldeko.de\/news\/?s={search_term_string}"},"query-input":"required name=search_term_string"}],"inLanguage":"de-DE"},{"@type":"Person","@id":"https:\/\/www.tafeldeko.de\/news\/#\/schema\/person\/dc309fbb6a3e380919fc08342c3cc233","name":"Tafeldeko Deko Team","image":{"@type":"ImageObject","inLanguage":"de-DE","@id":"https:\/\/www.tafeldeko.de\/news\/#\/schema\/person\/image\/","url":"https:\/\/secure.gravatar.com\/avatar\/1e962f4040dc9996f0d200db31598854?s=96&d=mm&r=g","contentUrl":"https:\/\/secure.gravatar.com\/avatar\/1e962f4040dc9996f0d200db31598854?s=96&d=mm&r=g","caption":"Tafeldeko Deko Team"}}]}},"_links":{"self":[{"href":"https:\/\/www.tafeldeko.de\/news\/wp-json\/wp\/v2\/posts\/6663"}],"collection":[{"href":"https:\/\/www.tafeldeko.de\/news\/wp-json\/wp\/v2\/posts"}],"about":[{"href":"https:\/\/www.tafeldeko.de\/news\/wp-json\/wp\/v2\/types\/post"}],"author":[{"embeddable":true,"href":"https:\/\/www.tafeldeko.de\/news\/wp-json\/wp\/v2\/users\/6"}],"replies":[{"embeddable":true,"href":"https:\/\/www.tafeldeko.de\/news\/wp-json\/wp\/v2\/comments?post=6663"}],"version-history":[{"count":6,"href":"https:\/\/www.tafeldeko.de\/news\/wp-json\/wp\/v2\/posts\/6663\/revisions"}],"predecessor-version":[{"id":21531,"href":"https:\/\/www.tafeldeko.de\/news\/wp-json\/wp\/v2\/posts\/6663\/revisions\/21531"}],"wp:featuredmedia":[{"embeddable":true,"href":"https:\/\/www.tafeldeko.de\/news\/wp-json\/wp\/v2\/media\/6664"}],"wp:attachment":[{"href":"https:\/\/www.tafeldeko.de\/news\/wp-json\/wp\/v2\/media?parent=6663"}],"wp:term":[{"taxonomy":"category","embeddable":true,"href":"https:\/\/www.tafeldeko.de\/news\/wp-json\/wp\/v2\/categories?post=6663"},{"taxonomy":"post_tag","embeddable":true,"href":"https:\/\/www.tafeldeko.de\/news\/wp-json\/wp\/v2\/tags?post=6663"}],"curies":[{"name":"wp","href":"https:\/\/api.w.org\/{rel}","templated":true}]}}