{"id":6656,"date":"2015-09-30T18:24:46","date_gmt":"2015-09-30T16:24:46","guid":{"rendered":"http:\/\/www.tafeldeko.de\/news\/?p=6656"},"modified":"2015-10-01T11:26:32","modified_gmt":"2015-10-01T09:26:32","slug":"geburtstagsgedicht-nette-geste","status":"publish","type":"post","link":"https:\/\/www.tafeldeko.de\/news\/geburtstagsgedicht-nette-geste\/","title":{"rendered":"Geburtstagsgedicht \u2013 nette Geste"},"content":{"rendered":"<p>G\u00e4ste k\u00f6nnen nicht nur mit Geschenken zum Gelingen einer Geburtstagsfeier beitragen, sondern auch mit einem sch\u00f6nen <strong>Geburtstagsgedicht<\/strong>. Dabei muss das Gedicht noch nicht einmal unbedingt w\u00e4hrend der Geburtstagsfeier vorgetragen werden, sondern das Gedicht kann beispielsweise die Geburtstagskarte schm\u00fccken. Nat\u00fcrlich ist es auch wundersch\u00f6n f\u00fcr das Geburtstagskind und die G\u00e4ste, wenn ein sch\u00f6nes Geburtstagsgedicht w\u00e4hrend der Feier vorgetragen wird. Dabei muss dieses Gedicht noch nicht einmal von der vortragenden Person selbst geschrieben, sprich gedichtet worden sein. Dank Internet bieten sich heute zahlreiche M\u00f6glichkeiten, mit Geburtstagsgedichten und anderen Dingen eine Geburtstagsfeier zu unterhalten. Denn der <strong>Unterhaltungsfaktor<\/strong> spielt im gewissen Sinne mit eine Rolle, ob eine Feier sch\u00f6n ist oder nicht.<\/p>\n<h2>Was zeichnet ein Geburtstagsgedicht aus?<\/h2>\n<p>Ein Geburtstagsgedicht, das man selbst zusammenstellt, ist etwas wirklich Besonderes. Es zeigt, wie sehr man sich dem Geburtstagskind verbunden f\u00fchlt, zeigt, dass man anl\u00e4sslich des Geburtstages ihm etwas Wunderbares zukommen lassen m\u00f6chte \u2013 und das eben nicht nur in Form eines Geschenkes zum Geburtstag. Pers\u00f6nliche Worte sind manchmal mehr wert als jedes noch so teure Geschenk \u2013 und das eben nicht nur zum <strong>Geburtstag<\/strong>.<br \/>\nDer Inhalt des Geburtstagsgedichts kann ganz unterschiedlich sein \u2013 eben so unterschiedlich wie wir Menschen. Bei der Auswahl des Geburtstagsgedichts sollte man sich im Vorfeld \u00fcberlegen, was man ansprechen m\u00f6chte, was einem ganz besonders ber\u00fchrt und was man gerne dem Geburtstagskind mitteilen m\u00f6chte. Allein diese Punkte beanspruchen viel Zeit bis man sich im Klaren dar\u00fcber ist, was der Inhalt des Gedichts sein soll. Ist diese erste H\u00fcrde genommen, sollte man sich <strong>Stichworte<\/strong> notieren, die Bestandteil des Geburtstagsgedichts sein sollen. Und eben aus diesen Stichworten entsteht das eigens f\u00fcr das Geburtstagskind kreierte Geburtstagsgedicht.<br \/>\nDabei wird man sich manchmal schwer tun, Worte zu finden, die gedanklich passen und sich noch reimen und mehr als einmal wird durchgestrichen, umgeschrieben und weggestrichen. Doch das Ergebnis, wenn es dann mal fertig ist, kann sich auf jeden Fall h\u00f6ren lassen und wird das Geburtstagskind <strong>auf sch\u00f6ne Weise \u00fcberraschen<\/strong>.<\/p>\n","protected":false},"excerpt":{"rendered":"<p>G\u00e4ste k\u00f6nnen nicht nur mit Geschenken zum Gelingen einer Geburtstagsfeier beitragen, sondern auch mit einem sch\u00f6nen Geburtstagsgedicht. Dabei muss das Gedicht noch nicht einmal unbedingt w\u00e4hrend der Geburtstagsfeier vorgetragen werden, sondern das Gedicht kann beispielsweise die Geburtstagskarte schm\u00fccken. Nat\u00fcrlich ist es auch wundersch\u00f6n f\u00fcr das Geburtstagskind und die G\u00e4ste, wenn ein sch\u00f6nes Geburtstagsgedicht w\u00e4hrend der [&hellip;]<\/p>\n","protected":false},"author":6,"featured_media":0,"comment_status":"closed","ping_status":"closed","sticky":false,"template":"","format":"standard","meta":{"footnotes":""},"categories":[1],"tags":[],"yoast_head":"<!-- This site is optimized with the Yoast SEO plugin v20.4 - https:\/\/yoast.com\/wordpress\/plugins\/seo\/ -->\n<title>Geburtstagsgedicht \u2013 nette Geste - Tafeldeko<\/title>\n<meta name=\"description\" content=\"Ein Geburtstagsgedicht, das man selbst zusammenstellt, ist etwas wirklich Besonderes. Es dr\u00fcckt die Verbundenheit zum Geburtstagskind aus.\" \/>\n<meta name=\"robots\" content=\"index, follow, max-snippet:-1, max-image-preview:large, max-video-preview:-1\" \/>\n<link rel=\"canonical\" href=\"https:\/\/www.tafeldeko.de\/news\/geburtstagsgedicht-nette-geste\/\" \/>\n<meta property=\"og:locale\" content=\"de_DE\" \/>\n<meta property=\"og:type\" content=\"article\" \/>\n<meta property=\"og:title\" content=\"Geburtstagsgedicht \u2013 nette Geste - Tafeldeko\" \/>\n<meta property=\"og:description\" content=\"Ein Geburtstagsgedicht, das man selbst zusammenstellt, ist etwas wirklich Besonderes. Es dr\u00fcckt die Verbundenheit zum Geburtstagskind aus.\" \/>\n<meta property=\"og:url\" content=\"https:\/\/www.tafeldeko.de\/news\/geburtstagsgedicht-nette-geste\/\" \/>\n<meta property=\"og:site_name\" content=\"Tafeldeko\" \/>\n<meta property=\"article:publisher\" content=\"https:\/\/www.facebook.com\/pages\/Tafeldeko-einzigartige-Tischdekoration\/174202655894\" \/>\n<meta property=\"article:published_time\" content=\"2015-09-30T16:24:46+00:00\" \/>\n<meta property=\"article:modified_time\" content=\"2015-10-01T09:26:32+00:00\" \/>\n<meta name=\"author\" content=\"Tafeldeko Deko Team\" \/>\n<meta name=\"twitter:label1\" content=\"Verfasst von\" \/>\n\t<meta name=\"twitter:data1\" content=\"Tafeldeko Deko Team\" \/>\n\t<meta name=\"twitter:label2\" content=\"Gesch\u00e4tzte Lesezeit\" \/>\n\t<meta name=\"twitter:data2\" content=\"2 Minuten\" \/>\n<script type=\"application\/ld+json\" class=\"yoast-schema-graph\">{\"@context\":\"https:\/\/schema.org\",\"@graph\":[{\"@type\":\"WebPage\",\"@id\":\"https:\/\/www.tafeldeko.de\/news\/geburtstagsgedicht-nette-geste\/\",\"url\":\"https:\/\/www.tafeldeko.de\/news\/geburtstagsgedicht-nette-geste\/\",\"name\":\"Geburtstagsgedicht \u2013 nette Geste - Tafeldeko\",\"isPartOf\":{\"@id\":\"https:\/\/www.tafeldeko.de\/news\/#website\"},\"datePublished\":\"2015-09-30T16:24:46+00:00\",\"dateModified\":\"2015-10-01T09:26:32+00:00\",\"author\":{\"@id\":\"https:\/\/www.tafeldeko.de\/news\/#\/schema\/person\/dc309fbb6a3e380919fc08342c3cc233\"},\"description\":\"Ein Geburtstagsgedicht, das man selbst zusammenstellt, ist etwas wirklich Besonderes. Es dr\u00fcckt die Verbundenheit zum Geburtstagskind aus.\",\"breadcrumb\":{\"@id\":\"https:\/\/www.tafeldeko.de\/news\/geburtstagsgedicht-nette-geste\/#breadcrumb\"},\"inLanguage\":\"de-DE\",\"potentialAction\":[{\"@type\":\"ReadAction\",\"target\":[\"https:\/\/www.tafeldeko.de\/news\/geburtstagsgedicht-nette-geste\/\"]}]},{\"@type\":\"BreadcrumbList\",\"@id\":\"https:\/\/www.tafeldeko.de\/news\/geburtstagsgedicht-nette-geste\/#breadcrumb\",\"itemListElement\":[{\"@type\":\"ListItem\",\"position\":1,\"name\":\"Tafeldeko\",\"item\":\"https:\/\/www.tafeldeko.de\/news\/\"},{\"@type\":\"ListItem\",\"position\":2,\"name\":\"Alte Beitr\u00e4ge\",\"item\":\"https:\/\/www.tafeldeko.de\/news\/alte-beitraege\/\"},{\"@type\":\"ListItem\",\"position\":3,\"name\":\"Tischdeko - Blog\",\"item\":\"https:\/\/www.tafeldeko.de\/news\/alte-beitraege\/tischdeko-blog\/\"},{\"@type\":\"ListItem\",\"position\":4,\"name\":\"Geburtstagsgedicht \u2013 nette Geste\"}]},{\"@type\":\"WebSite\",\"@id\":\"https:\/\/www.tafeldeko.de\/news\/#website\",\"url\":\"https:\/\/www.tafeldeko.de\/news\/\",\"name\":\"Tafeldeko\",\"description\":\"Blog mit Tischdeko und Tischdekoration Ideen\",\"potentialAction\":[{\"@type\":\"SearchAction\",\"target\":{\"@type\":\"EntryPoint\",\"urlTemplate\":\"https:\/\/www.tafeldeko.de\/news\/?s={search_term_string}\"},\"query-input\":\"required name=search_term_string\"}],\"inLanguage\":\"de-DE\"},{\"@type\":\"Person\",\"@id\":\"https:\/\/www.tafeldeko.de\/news\/#\/schema\/person\/dc309fbb6a3e380919fc08342c3cc233\",\"name\":\"Tafeldeko Deko Team\",\"image\":{\"@type\":\"ImageObject\",\"inLanguage\":\"de-DE\",\"@id\":\"https:\/\/www.tafeldeko.de\/news\/#\/schema\/person\/image\/\",\"url\":\"https:\/\/secure.gravatar.com\/avatar\/1e962f4040dc9996f0d200db31598854?s=96&d=mm&r=g\",\"contentUrl\":\"https:\/\/secure.gravatar.com\/avatar\/1e962f4040dc9996f0d200db31598854?s=96&d=mm&r=g\",\"caption\":\"Tafeldeko Deko Team\"}}]}<\/script>\n<!-- \/ Yoast SEO plugin. -->","yoast_head_json":{"title":"Geburtstagsgedicht \u2013 nette Geste - Tafeldeko","description":"Ein Geburtstagsgedicht, das man selbst zusammenstellt, ist etwas wirklich Besonderes. Es dr\u00fcckt die Verbundenheit zum Geburtstagskind aus.","robots":{"index":"index","follow":"follow","max-snippet":"max-snippet:-1","max-image-preview":"max-image-preview:large","max-video-preview":"max-video-preview:-1"},"canonical":"https:\/\/www.tafeldeko.de\/news\/geburtstagsgedicht-nette-geste\/","og_locale":"de_DE","og_type":"article","og_title":"Geburtstagsgedicht \u2013 nette Geste - Tafeldeko","og_description":"Ein Geburtstagsgedicht, das man selbst zusammenstellt, ist etwas wirklich Besonderes. Es dr\u00fcckt die Verbundenheit zum Geburtstagskind aus.","og_url":"https:\/\/www.tafeldeko.de\/news\/geburtstagsgedicht-nette-geste\/","og_site_name":"Tafeldeko","article_publisher":"https:\/\/www.facebook.com\/pages\/Tafeldeko-einzigartige-Tischdekoration\/174202655894","article_published_time":"2015-09-30T16:24:46+00:00","article_modified_time":"2015-10-01T09:26:32+00:00","author":"Tafeldeko Deko Team","twitter_misc":{"Verfasst von":"Tafeldeko Deko Team","Gesch\u00e4tzte Lesezeit":"2 Minuten"},"schema":{"@context":"https:\/\/schema.org","@graph":[{"@type":"WebPage","@id":"https:\/\/www.tafeldeko.de\/news\/geburtstagsgedicht-nette-geste\/","url":"https:\/\/www.tafeldeko.de\/news\/geburtstagsgedicht-nette-geste\/","name":"Geburtstagsgedicht \u2013 nette Geste - Tafeldeko","isPartOf":{"@id":"https:\/\/www.tafeldeko.de\/news\/#website"},"datePublished":"2015-09-30T16:24:46+00:00","dateModified":"2015-10-01T09:26:32+00:00","author":{"@id":"https:\/\/www.tafeldeko.de\/news\/#\/schema\/person\/dc309fbb6a3e380919fc08342c3cc233"},"description":"Ein Geburtstagsgedicht, das man selbst zusammenstellt, ist etwas wirklich Besonderes. Es dr\u00fcckt die Verbundenheit zum Geburtstagskind aus.","breadcrumb":{"@id":"https:\/\/www.tafeldeko.de\/news\/geburtstagsgedicht-nette-geste\/#breadcrumb"},"inLanguage":"de-DE","potentialAction":[{"@type":"ReadAction","target":["https:\/\/www.tafeldeko.de\/news\/geburtstagsgedicht-nette-geste\/"]}]},{"@type":"BreadcrumbList","@id":"https:\/\/www.tafeldeko.de\/news\/geburtstagsgedicht-nette-geste\/#breadcrumb","itemListElement":[{"@type":"ListItem","position":1,"name":"Tafeldeko","item":"https:\/\/www.tafeldeko.de\/news\/"},{"@type":"ListItem","position":2,"name":"Alte Beitr\u00e4ge","item":"https:\/\/www.tafeldeko.de\/news\/alte-beitraege\/"},{"@type":"ListItem","position":3,"name":"Tischdeko - Blog","item":"https:\/\/www.tafeldeko.de\/news\/alte-beitraege\/tischdeko-blog\/"},{"@type":"ListItem","position":4,"name":"Geburtstagsgedicht \u2013 nette Geste"}]},{"@type":"WebSite","@id":"https:\/\/www.tafeldeko.de\/news\/#website","url":"https:\/\/www.tafeldeko.de\/news\/","name":"Tafeldeko","description":"Blog mit Tischdeko und Tischdekoration Ideen","potentialAction":[{"@type":"SearchAction","target":{"@type":"EntryPoint","urlTemplate":"https:\/\/www.tafeldeko.de\/news\/?s={search_term_string}"},"query-input":"required name=search_term_string"}],"inLanguage":"de-DE"},{"@type":"Person","@id":"https:\/\/www.tafeldeko.de\/news\/#\/schema\/person\/dc309fbb6a3e380919fc08342c3cc233","name":"Tafeldeko Deko Team","image":{"@type":"ImageObject","inLanguage":"de-DE","@id":"https:\/\/www.tafeldeko.de\/news\/#\/schema\/person\/image\/","url":"https:\/\/secure.gravatar.com\/avatar\/1e962f4040dc9996f0d200db31598854?s=96&d=mm&r=g","contentUrl":"https:\/\/secure.gravatar.com\/avatar\/1e962f4040dc9996f0d200db31598854?s=96&d=mm&r=g","caption":"Tafeldeko Deko Team"}}]}},"_links":{"self":[{"href":"https:\/\/www.tafeldeko.de\/news\/wp-json\/wp\/v2\/posts\/6656"}],"collection":[{"href":"https:\/\/www.tafeldeko.de\/news\/wp-json\/wp\/v2\/posts"}],"about":[{"href":"https:\/\/www.tafeldeko.de\/news\/wp-json\/wp\/v2\/types\/post"}],"author":[{"embeddable":true,"href":"https:\/\/www.tafeldeko.de\/news\/wp-json\/wp\/v2\/users\/6"}],"replies":[{"embeddable":true,"href":"https:\/\/www.tafeldeko.de\/news\/wp-json\/wp\/v2\/comments?post=6656"}],"version-history":[{"count":3,"href":"https:\/\/www.tafeldeko.de\/news\/wp-json\/wp\/v2\/posts\/6656\/revisions"}],"predecessor-version":[{"id":6659,"href":"https:\/\/www.tafeldeko.de\/news\/wp-json\/wp\/v2\/posts\/6656\/revisions\/6659"}],"wp:attachment":[{"href":"https:\/\/www.tafeldeko.de\/news\/wp-json\/wp\/v2\/media?parent=6656"}],"wp:term":[{"taxonomy":"category","embeddable":true,"href":"https:\/\/www.tafeldeko.de\/news\/wp-json\/wp\/v2\/categories?post=6656"},{"taxonomy":"post_tag","embeddable":true,"href":"https:\/\/www.tafeldeko.de\/news\/wp-json\/wp\/v2\/tags?post=6656"}],"curies":[{"name":"wp","href":"https:\/\/api.w.org\/{rel}","templated":true}]}}