{"id":6643,"date":"2015-09-21T15:43:37","date_gmt":"2015-09-21T13:43:37","guid":{"rendered":"http:\/\/www.tafeldeko.de\/news\/?p=6643"},"modified":"2015-09-25T15:47:01","modified_gmt":"2015-09-25T13:47:01","slug":"geburtstags-tischdeko-fuer-die-naechste-party","status":"publish","type":"post","link":"https:\/\/www.tafeldeko.de\/news\/geburtstags-tischdeko-fuer-die-naechste-party\/","title":{"rendered":"Geburtstags Tischdeko f\u00fcr die n\u00e4chste Party"},"content":{"rendered":"<figure id=\"attachment_6644\" aria-describedby=\"caption-attachment-6644\" style=\"width: 250px\" class=\"wp-caption alignleft\"><a href=\"https:\/\/www.tafeldeko.de\/news\/wp-content\/uploads\/2015\/09\/deko_einmachglas.jpg\"><img decoding=\"async\" loading=\"lazy\" class=\"size-full wp-image-6644\" src=\"https:\/\/www.tafeldeko.de\/news\/wp-content\/uploads\/2015\/09\/deko_einmachglas.jpg\" alt=\"Geburtstags Tischdeko\" width=\"250\" height=\"250\" srcset=\"https:\/\/www.tafeldeko.de\/news\/wp-content\/uploads\/2015\/09\/deko_einmachglas.jpg 250w, https:\/\/www.tafeldeko.de\/news\/wp-content\/uploads\/2015\/09\/deko_einmachglas-150x150.jpg 150w\" sizes=\"(max-width: 250px) 100vw, 250px\" \/><\/a><figcaption id=\"caption-attachment-6644\" class=\"wp-caption-text\">Geburtstags Tischdeko<\/figcaption><\/figure>\n<p>Wer sich um eine <strong>Geburtstags Tischdeko<\/strong> k\u00fcmmert, mag zu Beginn mit dieser Aufgabe eventuell \u201ehilflos\u201c und \u201e\u00fcberfordert\u201c sein, dennoch ist dies kein Grund zur Panik. Dieser Herausforderung kann sich jeder stellen und am Ende ist eine sch\u00f6ne und ausdrucksstarke Geburtstags Tischdeko der Dank f\u00fcr alle Bem\u00fchungen. Ideen gibt es mehr als genug und man hat sozusagen die Qual der Wahl &#8211; der Geschmack ist definitiv entscheidend. Wer \u00fcber ein gewisses Ma\u00df an <strong>Kreativit\u00e4t und Einfallsreichtum<\/strong> verf\u00fcgt, der wird auch ohne die Ideen aus dem Internet eine tolle Geburtstags Tischdeko zaubern und die G\u00e4ste auf sch\u00f6ne Weise empfangen.<\/p>\n<h2>Die Geburtstags Tischdeko \u2013 Ideen und Anregungen<\/h2>\n<p>Wer eine ungef\u00e4hre Vorstellung dessen hat, wie die <a href=\"https:\/\/www.tafeldeko.de\" target=\"_blank\"><strong>Tischdekoration<\/strong><\/a> auszusehen hat, ist bereits auf einem guten Weg. Auf jeden Fall werden passende dekorative Accessoires ben\u00f6tigt, die man bei Tafeldeko finden kann. Diese Internetseite hat nicht nur eine gro\u00dfe Auswahl an Mustertischen, sondern auch jede Menge Deko-Equipment im Angebot &#8211; das macht die Entscheidung f\u00fcr die Geburtstags Tischdeko nicht unbedingt einfacher.<br \/>\nWie die Deko auf dem Tisch aussieht, das ist von Gastgeber zu Gastgeber verschieden. Neben einer farblich aufeinander abgestimmten Tischware und den dazu passenden Servietten k\u00f6nnen beispielsweise Kerzen, Deko-Gestecke, Blumen in Vasen, Dekosteine und vieles mehr ihren Platz finden.<br \/>\nAuch die Variante \u201eBonbonieren\u201c wird immer beliebter. So kann zum Beispiel ein \u201e<strong>Mini Deko Einmachglas<\/strong>, Bonbonierenglas mit B\u00fcgelverschluss, 65 mm\u201c liebevoll aufgepeppt werden und auf dem Tisch entsprechend drapiert werden. Bunte Schokolinsen sind genauso geeignet wie umh\u00fcllte Mandeln oder Schoko-Rosinen. Da hat man jede Menge Freiraum und die Gl\u00e4ser k\u00f6nnen mit B\u00e4ndern versch\u00f6nert werden. Dar\u00fcber hinaus kann es auch gleichzeitig als Platzhalter genutzt werden &#8211; so wissen die G\u00e4ste auch, wo sie sich am besten hinsetzen. Da kommt die anf\u00e4ngliche Unsicherheit erst gar nicht auf und man kann direkt mit dem Feiern beginnen. Die Geburtstags Tischdeko ist somit ein Punkt auf der \u201eTo-do-Liste\u201c, die keinesfalls fehlen darf.<\/p>\n","protected":false},"excerpt":{"rendered":"<p>Wer sich um eine Geburtstags Tischdeko k\u00fcmmert, mag zu Beginn mit dieser Aufgabe eventuell \u201ehilflos\u201c und \u201e\u00fcberfordert\u201c sein, dennoch ist dies kein Grund zur Panik. Dieser Herausforderung kann sich jeder stellen und am Ende ist eine sch\u00f6ne und ausdrucksstarke Geburtstags Tischdeko der Dank f\u00fcr alle Bem\u00fchungen. Ideen gibt es mehr als genug und man hat [&hellip;]<\/p>\n","protected":false},"author":6,"featured_media":6644,"comment_status":"closed","ping_status":"closed","sticky":false,"template":"","format":"standard","meta":{"footnotes":""},"categories":[1],"tags":[],"yoast_head":"<!-- This site is optimized with the Yoast SEO plugin v20.4 - https:\/\/yoast.com\/wordpress\/plugins\/seo\/ -->\n<title>Geburtstags Tischdeko f\u00fcr die n\u00e4chste Party - Tafeldeko<\/title>\n<meta name=\"description\" content=\"Eine ausdrucksstarke Geburtstags Tischdeko empf\u00e4ngt die G\u00e4ste auf eine sch\u00f6ne Art und Weise und macht die Feier zum Highlight.\" \/>\n<meta name=\"robots\" content=\"index, follow, max-snippet:-1, max-image-preview:large, max-video-preview:-1\" \/>\n<link rel=\"canonical\" href=\"https:\/\/www.tafeldeko.de\/news\/geburtstags-tischdeko-fuer-die-naechste-party\/\" \/>\n<meta property=\"og:locale\" content=\"de_DE\" \/>\n<meta property=\"og:type\" content=\"article\" \/>\n<meta property=\"og:title\" content=\"Geburtstags Tischdeko f\u00fcr die n\u00e4chste Party - Tafeldeko\" \/>\n<meta property=\"og:description\" content=\"Eine ausdrucksstarke Geburtstags Tischdeko empf\u00e4ngt die G\u00e4ste auf eine sch\u00f6ne Art und Weise und macht die Feier zum Highlight.\" \/>\n<meta property=\"og:url\" content=\"https:\/\/www.tafeldeko.de\/news\/geburtstags-tischdeko-fuer-die-naechste-party\/\" \/>\n<meta property=\"og:site_name\" content=\"Tafeldeko\" \/>\n<meta property=\"article:publisher\" content=\"https:\/\/www.facebook.com\/pages\/Tafeldeko-einzigartige-Tischdekoration\/174202655894\" \/>\n<meta property=\"article:published_time\" content=\"2015-09-21T13:43:37+00:00\" \/>\n<meta property=\"article:modified_time\" content=\"2015-09-25T13:47:01+00:00\" \/>\n<meta property=\"og:image\" content=\"https:\/\/www.tafeldeko.de\/news\/wp-content\/uploads\/2015\/09\/deko_einmachglas.jpg\" \/>\n\t<meta property=\"og:image:width\" content=\"250\" \/>\n\t<meta property=\"og:image:height\" content=\"250\" \/>\n\t<meta property=\"og:image:type\" content=\"image\/jpeg\" \/>\n<meta name=\"author\" content=\"Tafeldeko Deko Team\" \/>\n<meta name=\"twitter:label1\" content=\"Verfasst von\" \/>\n\t<meta name=\"twitter:data1\" content=\"Tafeldeko Deko Team\" \/>\n\t<meta name=\"twitter:label2\" content=\"Gesch\u00e4tzte Lesezeit\" \/>\n\t<meta name=\"twitter:data2\" content=\"2 Minuten\" \/>\n<script type=\"application\/ld+json\" class=\"yoast-schema-graph\">{\"@context\":\"https:\/\/schema.org\",\"@graph\":[{\"@type\":\"WebPage\",\"@id\":\"https:\/\/www.tafeldeko.de\/news\/geburtstags-tischdeko-fuer-die-naechste-party\/\",\"url\":\"https:\/\/www.tafeldeko.de\/news\/geburtstags-tischdeko-fuer-die-naechste-party\/\",\"name\":\"Geburtstags Tischdeko f\u00fcr die n\u00e4chste Party - Tafeldeko\",\"isPartOf\":{\"@id\":\"https:\/\/www.tafeldeko.de\/news\/#website\"},\"datePublished\":\"2015-09-21T13:43:37+00:00\",\"dateModified\":\"2015-09-25T13:47:01+00:00\",\"author\":{\"@id\":\"https:\/\/www.tafeldeko.de\/news\/#\/schema\/person\/dc309fbb6a3e380919fc08342c3cc233\"},\"description\":\"Eine ausdrucksstarke Geburtstags Tischdeko empf\u00e4ngt die G\u00e4ste auf eine sch\u00f6ne Art und Weise und macht die Feier zum Highlight.\",\"breadcrumb\":{\"@id\":\"https:\/\/www.tafeldeko.de\/news\/geburtstags-tischdeko-fuer-die-naechste-party\/#breadcrumb\"},\"inLanguage\":\"de-DE\",\"potentialAction\":[{\"@type\":\"ReadAction\",\"target\":[\"https:\/\/www.tafeldeko.de\/news\/geburtstags-tischdeko-fuer-die-naechste-party\/\"]}]},{\"@type\":\"BreadcrumbList\",\"@id\":\"https:\/\/www.tafeldeko.de\/news\/geburtstags-tischdeko-fuer-die-naechste-party\/#breadcrumb\",\"itemListElement\":[{\"@type\":\"ListItem\",\"position\":1,\"name\":\"Tafeldeko\",\"item\":\"https:\/\/www.tafeldeko.de\/news\/\"},{\"@type\":\"ListItem\",\"position\":2,\"name\":\"Alte Beitr\u00e4ge\",\"item\":\"https:\/\/www.tafeldeko.de\/news\/alte-beitraege\/\"},{\"@type\":\"ListItem\",\"position\":3,\"name\":\"Tischdeko - Blog\",\"item\":\"https:\/\/www.tafeldeko.de\/news\/alte-beitraege\/tischdeko-blog\/\"},{\"@type\":\"ListItem\",\"position\":4,\"name\":\"Geburtstags Tischdeko f\u00fcr die n\u00e4chste Party\"}]},{\"@type\":\"WebSite\",\"@id\":\"https:\/\/www.tafeldeko.de\/news\/#website\",\"url\":\"https:\/\/www.tafeldeko.de\/news\/\",\"name\":\"Tafeldeko\",\"description\":\"Blog mit Tischdeko und Tischdekoration Ideen\",\"potentialAction\":[{\"@type\":\"SearchAction\",\"target\":{\"@type\":\"EntryPoint\",\"urlTemplate\":\"https:\/\/www.tafeldeko.de\/news\/?s={search_term_string}\"},\"query-input\":\"required name=search_term_string\"}],\"inLanguage\":\"de-DE\"},{\"@type\":\"Person\",\"@id\":\"https:\/\/www.tafeldeko.de\/news\/#\/schema\/person\/dc309fbb6a3e380919fc08342c3cc233\",\"name\":\"Tafeldeko Deko Team\",\"image\":{\"@type\":\"ImageObject\",\"inLanguage\":\"de-DE\",\"@id\":\"https:\/\/www.tafeldeko.de\/news\/#\/schema\/person\/image\/\",\"url\":\"https:\/\/secure.gravatar.com\/avatar\/1e962f4040dc9996f0d200db31598854?s=96&d=mm&r=g\",\"contentUrl\":\"https:\/\/secure.gravatar.com\/avatar\/1e962f4040dc9996f0d200db31598854?s=96&d=mm&r=g\",\"caption\":\"Tafeldeko Deko Team\"}}]}<\/script>\n<!-- \/ Yoast SEO plugin. -->","yoast_head_json":{"title":"Geburtstags Tischdeko f\u00fcr die n\u00e4chste Party - Tafeldeko","description":"Eine ausdrucksstarke Geburtstags Tischdeko empf\u00e4ngt die G\u00e4ste auf eine sch\u00f6ne Art und Weise und macht die Feier zum Highlight.","robots":{"index":"index","follow":"follow","max-snippet":"max-snippet:-1","max-image-preview":"max-image-preview:large","max-video-preview":"max-video-preview:-1"},"canonical":"https:\/\/www.tafeldeko.de\/news\/geburtstags-tischdeko-fuer-die-naechste-party\/","og_locale":"de_DE","og_type":"article","og_title":"Geburtstags Tischdeko f\u00fcr die n\u00e4chste Party - Tafeldeko","og_description":"Eine ausdrucksstarke Geburtstags Tischdeko empf\u00e4ngt die G\u00e4ste auf eine sch\u00f6ne Art und Weise und macht die Feier zum Highlight.","og_url":"https:\/\/www.tafeldeko.de\/news\/geburtstags-tischdeko-fuer-die-naechste-party\/","og_site_name":"Tafeldeko","article_publisher":"https:\/\/www.facebook.com\/pages\/Tafeldeko-einzigartige-Tischdekoration\/174202655894","article_published_time":"2015-09-21T13:43:37+00:00","article_modified_time":"2015-09-25T13:47:01+00:00","og_image":[{"width":250,"height":250,"url":"https:\/\/www.tafeldeko.de\/news\/wp-content\/uploads\/2015\/09\/deko_einmachglas.jpg","type":"image\/jpeg"}],"author":"Tafeldeko Deko Team","twitter_misc":{"Verfasst von":"Tafeldeko Deko Team","Gesch\u00e4tzte Lesezeit":"2 Minuten"},"schema":{"@context":"https:\/\/schema.org","@graph":[{"@type":"WebPage","@id":"https:\/\/www.tafeldeko.de\/news\/geburtstags-tischdeko-fuer-die-naechste-party\/","url":"https:\/\/www.tafeldeko.de\/news\/geburtstags-tischdeko-fuer-die-naechste-party\/","name":"Geburtstags Tischdeko f\u00fcr die n\u00e4chste Party - Tafeldeko","isPartOf":{"@id":"https:\/\/www.tafeldeko.de\/news\/#website"},"datePublished":"2015-09-21T13:43:37+00:00","dateModified":"2015-09-25T13:47:01+00:00","author":{"@id":"https:\/\/www.tafeldeko.de\/news\/#\/schema\/person\/dc309fbb6a3e380919fc08342c3cc233"},"description":"Eine ausdrucksstarke Geburtstags Tischdeko empf\u00e4ngt die G\u00e4ste auf eine sch\u00f6ne Art und Weise und macht die Feier zum Highlight.","breadcrumb":{"@id":"https:\/\/www.tafeldeko.de\/news\/geburtstags-tischdeko-fuer-die-naechste-party\/#breadcrumb"},"inLanguage":"de-DE","potentialAction":[{"@type":"ReadAction","target":["https:\/\/www.tafeldeko.de\/news\/geburtstags-tischdeko-fuer-die-naechste-party\/"]}]},{"@type":"BreadcrumbList","@id":"https:\/\/www.tafeldeko.de\/news\/geburtstags-tischdeko-fuer-die-naechste-party\/#breadcrumb","itemListElement":[{"@type":"ListItem","position":1,"name":"Tafeldeko","item":"https:\/\/www.tafeldeko.de\/news\/"},{"@type":"ListItem","position":2,"name":"Alte Beitr\u00e4ge","item":"https:\/\/www.tafeldeko.de\/news\/alte-beitraege\/"},{"@type":"ListItem","position":3,"name":"Tischdeko - Blog","item":"https:\/\/www.tafeldeko.de\/news\/alte-beitraege\/tischdeko-blog\/"},{"@type":"ListItem","position":4,"name":"Geburtstags Tischdeko f\u00fcr die n\u00e4chste Party"}]},{"@type":"WebSite","@id":"https:\/\/www.tafeldeko.de\/news\/#website","url":"https:\/\/www.tafeldeko.de\/news\/","name":"Tafeldeko","description":"Blog mit Tischdeko und Tischdekoration Ideen","potentialAction":[{"@type":"SearchAction","target":{"@type":"EntryPoint","urlTemplate":"https:\/\/www.tafeldeko.de\/news\/?s={search_term_string}"},"query-input":"required name=search_term_string"}],"inLanguage":"de-DE"},{"@type":"Person","@id":"https:\/\/www.tafeldeko.de\/news\/#\/schema\/person\/dc309fbb6a3e380919fc08342c3cc233","name":"Tafeldeko Deko Team","image":{"@type":"ImageObject","inLanguage":"de-DE","@id":"https:\/\/www.tafeldeko.de\/news\/#\/schema\/person\/image\/","url":"https:\/\/secure.gravatar.com\/avatar\/1e962f4040dc9996f0d200db31598854?s=96&d=mm&r=g","contentUrl":"https:\/\/secure.gravatar.com\/avatar\/1e962f4040dc9996f0d200db31598854?s=96&d=mm&r=g","caption":"Tafeldeko Deko Team"}}]}},"_links":{"self":[{"href":"https:\/\/www.tafeldeko.de\/news\/wp-json\/wp\/v2\/posts\/6643"}],"collection":[{"href":"https:\/\/www.tafeldeko.de\/news\/wp-json\/wp\/v2\/posts"}],"about":[{"href":"https:\/\/www.tafeldeko.de\/news\/wp-json\/wp\/v2\/types\/post"}],"author":[{"embeddable":true,"href":"https:\/\/www.tafeldeko.de\/news\/wp-json\/wp\/v2\/users\/6"}],"replies":[{"embeddable":true,"href":"https:\/\/www.tafeldeko.de\/news\/wp-json\/wp\/v2\/comments?post=6643"}],"version-history":[{"count":1,"href":"https:\/\/www.tafeldeko.de\/news\/wp-json\/wp\/v2\/posts\/6643\/revisions"}],"predecessor-version":[{"id":6645,"href":"https:\/\/www.tafeldeko.de\/news\/wp-json\/wp\/v2\/posts\/6643\/revisions\/6645"}],"wp:featuredmedia":[{"embeddable":true,"href":"https:\/\/www.tafeldeko.de\/news\/wp-json\/wp\/v2\/media\/6644"}],"wp:attachment":[{"href":"https:\/\/www.tafeldeko.de\/news\/wp-json\/wp\/v2\/media?parent=6643"}],"wp:term":[{"taxonomy":"category","embeddable":true,"href":"https:\/\/www.tafeldeko.de\/news\/wp-json\/wp\/v2\/categories?post=6643"},{"taxonomy":"post_tag","embeddable":true,"href":"https:\/\/www.tafeldeko.de\/news\/wp-json\/wp\/v2\/tags?post=6643"}],"curies":[{"name":"wp","href":"https:\/\/api.w.org\/{rel}","templated":true}]}}