{"id":6639,"date":"2015-09-23T14:46:16","date_gmt":"2015-09-23T12:46:16","guid":{"rendered":"http:\/\/www.tafeldeko.de\/news\/?p=6639"},"modified":"2022-11-14T09:21:12","modified_gmt":"2022-11-14T08:21:12","slug":"deko-mit-vasen-jetzt-wird-es-dekorativ","status":"publish","type":"post","link":"https:\/\/www.tafeldeko.de\/news\/deko-mit-vasen-jetzt-wird-es-dekorativ\/","title":{"rendered":"Deko mit Vasen &#8211; jetzt wird es dekorativ"},"content":{"rendered":"<p>Die <strong>Deko mit Vasen dekorativ<\/strong> ist eine Gestaltungsm\u00f6glichkeit, die voller Abwechslung und Einzigartigkeit ist. Die Vasen k\u00f6nnen vollkommen unterschiedlich arrangiert werden und mit den unterschiedlichsten Blumen aufgepeppt sein. Es gibt eben keine Vorgabe, wie das Ergebnis am Ende auszusehen hat. Eines ist jedoch klar, dass man selbst mit dem Endprodukt zufrieden sein soll. Die Deko mit Vasen stellt somit einen Anfang dar, auf den man aufbauen kann und zu einer unschlagbar sch\u00f6nen Deko f\u00fcr Zuhause verhelfen kann. Eine sch\u00f6ne Dekoration ist nicht nur etwas f\u00fcr einen Geburtstag &#8211; ganz im Gegenteil, eine Deko kann sich jeden Tag blicken lassen.<\/p>\n<p><img decoding=\"async\" loading=\"lazy\" src=\"https:\/\/www.tafeldeko.de\/news\/wp-content\/uploads\/2015\/09\/MG_4533-1024x683.jpg\" sizes=\"(max-width: 800px) 100vw, 800px\" srcset=\"https:\/\/www.tafeldeko.de\/news\/wp-content\/uploads\/2015\/09\/MG_4533-1024x683.jpg 1024w, https:\/\/www.tafeldeko.de\/news\/wp-content\/uploads\/2015\/09\/MG_4533-300x200.jpg 300w, https:\/\/www.tafeldeko.de\/news\/wp-content\/uploads\/2015\/09\/MG_4533-768x512.jpg 768w, https:\/\/www.tafeldeko.de\/news\/wp-content\/uploads\/2015\/09\/MG_4533-1536x1024.jpg 1536w, https:\/\/www.tafeldeko.de\/news\/wp-content\/uploads\/2015\/09\/MG_4533-2048x1365.jpg 2048w, https:\/\/www.tafeldeko.de\/news\/wp-content\/uploads\/2015\/09\/MG_4533-640x427.jpg 640w\" alt=\"Deko mit Vasen dekorativ\" width=\"800\" height=\"534\" \/><\/p>\n<h2>Deko mit Vasen dekorativ &#8211; wir spielen mit Kontrasten und Accessoires<\/h2>\n<p>Eine <strong>kontrastreiche Dekoration<\/strong> ist immer etwas Sch\u00f6nes und man kann ideal damit den Farben experimentieren. Auch die Kombi aus Schwarz und Wei\u00df ist eine Variante, die man durchaus in die Tat umsetzten kann. H\u00e4ufig erzielt man mit den Kleinigkeiten ein tolle Wirkung und St\u00fcck f\u00fcr St\u00fcck n\u00e4hert man sich so einer tollen Dekoration. Die Deko mit Vasen dekorativ kann mit weiteren dekorativen Accessoires optisch aufgewertet werden. Fragt man sich nun mit welchen? Hier kommen ein paar Tipps. Neben den Vasen k\u00f6nnen Bilderrahmen, Deko-Figuren, Mitbringsel aus dem Urlaub usw. zum Einsatz kommen und f\u00fcr<strong> eine tolle Optik<\/strong> sorgen. Des Weiteren sind farblich passende Kissen, Tischl\u00e4ufer und Kerzen gern gesehen und eignen sich die Dekoration.<br \/>\nDie Deko mit Vasen kann der Anfang einer tollen und einzigartigen Dekoration sein. Nach und nach kann man auf die vorhandene Deko aufbauen und die Liebe zum Detail sorgt f\u00fcr den letzten Feinschliff.<br \/>\nEiner sterilen und langweiligen Wohnung sollte man auf Wiedersehen sagen. Es wird Zeit f\u00fcr eine Wohnung voller Pepp, Individualit\u00e4t und jeder Menge Wohlf\u00fchlcharakter. So freut man sich definitiv nach Hause zu kommen und l\u00e4dt Freunde gerne zu sich ein. Schlie\u00dflich tankt man in den eigenen vier W\u00e4nden h\u00e4ufig seine Energie f\u00fcr den Alltag.<\/p>\n<h2>Weitere Beitr\u00e4ge:<\/h2>\n<h2>Dekoartikel von A-Z<\/h2>\n<p><a href=\"https:\/\/www.tafeldeko.de\/tischdeko-artikel\/\"><br \/>\nJetzt entdecken <\/a><\/p>\n","protected":false},"excerpt":{"rendered":"<p>Die Deko mit Vasen dekorativ ist eine Gestaltungsm\u00f6glichkeit, die voller Abwechslung und Einzigartigkeit ist. Die Vasen k\u00f6nnen vollkommen unterschiedlich arrangiert werden und mit den unterschiedlichsten Blumen aufgepeppt sein. Es gibt eben keine Vorgabe, wie das Ergebnis am Ende auszusehen hat. Eines ist jedoch klar, dass man selbst mit dem Endprodukt zufrieden sein soll. Die Deko [&hellip;]<\/p>\n","protected":false},"author":6,"featured_media":21532,"comment_status":"closed","ping_status":"closed","sticky":false,"template":"","format":"standard","meta":{"footnotes":""},"categories":[1],"tags":[],"yoast_head":"<!-- This site is optimized with the Yoast SEO plugin v20.4 - https:\/\/yoast.com\/wordpress\/plugins\/seo\/ -->\n<title>Deko mit Vasen - jetzt wird es dekorativ - Tafeldeko<\/title>\n<meta name=\"description\" content=\"Die Deko mit Vasen dekorativ kann mit weiteren dekorativen Accessoires optisch aufgewertet werden. Tipps und Ideen finden Sie bei uns.\" \/>\n<meta name=\"robots\" content=\"index, follow, max-snippet:-1, max-image-preview:large, max-video-preview:-1\" \/>\n<link rel=\"canonical\" href=\"https:\/\/www.tafeldeko.de\/news\/deko-mit-vasen-jetzt-wird-es-dekorativ\/\" \/>\n<meta property=\"og:locale\" content=\"de_DE\" \/>\n<meta property=\"og:type\" content=\"article\" \/>\n<meta property=\"og:title\" content=\"Deko mit Vasen - jetzt wird es dekorativ - Tafeldeko\" \/>\n<meta property=\"og:description\" content=\"Die Deko mit Vasen dekorativ kann mit weiteren dekorativen Accessoires optisch aufgewertet werden. Tipps und Ideen finden Sie bei uns.\" \/>\n<meta property=\"og:url\" content=\"https:\/\/www.tafeldeko.de\/news\/deko-mit-vasen-jetzt-wird-es-dekorativ\/\" \/>\n<meta property=\"og:site_name\" content=\"Tafeldeko\" \/>\n<meta property=\"article:publisher\" content=\"https:\/\/www.facebook.com\/pages\/Tafeldeko-einzigartige-Tischdekoration\/174202655894\" \/>\n<meta property=\"article:published_time\" content=\"2015-09-23T12:46:16+00:00\" \/>\n<meta property=\"article:modified_time\" content=\"2022-11-14T08:21:12+00:00\" \/>\n<meta property=\"og:image\" content=\"https:\/\/www.tafeldeko.de\/news\/wp-content\/uploads\/2015\/09\/MG_4533-scaled.jpg\" \/>\n\t<meta property=\"og:image:width\" content=\"2560\" \/>\n\t<meta property=\"og:image:height\" content=\"1707\" \/>\n\t<meta property=\"og:image:type\" content=\"image\/jpeg\" \/>\n<meta name=\"author\" content=\"Tafeldeko Deko Team\" \/>\n<meta name=\"twitter:label1\" content=\"Verfasst von\" \/>\n\t<meta name=\"twitter:data1\" content=\"Tafeldeko Deko Team\" \/>\n\t<meta name=\"twitter:label2\" content=\"Gesch\u00e4tzte Lesezeit\" \/>\n\t<meta name=\"twitter:data2\" content=\"2 Minuten\" \/>\n<script type=\"application\/ld+json\" class=\"yoast-schema-graph\">{\"@context\":\"https:\/\/schema.org\",\"@graph\":[{\"@type\":\"WebPage\",\"@id\":\"https:\/\/www.tafeldeko.de\/news\/deko-mit-vasen-jetzt-wird-es-dekorativ\/\",\"url\":\"https:\/\/www.tafeldeko.de\/news\/deko-mit-vasen-jetzt-wird-es-dekorativ\/\",\"name\":\"Deko mit Vasen - jetzt wird es dekorativ - Tafeldeko\",\"isPartOf\":{\"@id\":\"https:\/\/www.tafeldeko.de\/news\/#website\"},\"datePublished\":\"2015-09-23T12:46:16+00:00\",\"dateModified\":\"2022-11-14T08:21:12+00:00\",\"author\":{\"@id\":\"https:\/\/www.tafeldeko.de\/news\/#\/schema\/person\/dc309fbb6a3e380919fc08342c3cc233\"},\"description\":\"Die Deko mit Vasen dekorativ kann mit weiteren dekorativen Accessoires optisch aufgewertet werden. Tipps und Ideen finden Sie bei uns.\",\"breadcrumb\":{\"@id\":\"https:\/\/www.tafeldeko.de\/news\/deko-mit-vasen-jetzt-wird-es-dekorativ\/#breadcrumb\"},\"inLanguage\":\"de-DE\",\"potentialAction\":[{\"@type\":\"ReadAction\",\"target\":[\"https:\/\/www.tafeldeko.de\/news\/deko-mit-vasen-jetzt-wird-es-dekorativ\/\"]}]},{\"@type\":\"BreadcrumbList\",\"@id\":\"https:\/\/www.tafeldeko.de\/news\/deko-mit-vasen-jetzt-wird-es-dekorativ\/#breadcrumb\",\"itemListElement\":[{\"@type\":\"ListItem\",\"position\":1,\"name\":\"Tafeldeko\",\"item\":\"https:\/\/www.tafeldeko.de\/news\/\"},{\"@type\":\"ListItem\",\"position\":2,\"name\":\"Alte Beitr\u00e4ge\",\"item\":\"https:\/\/www.tafeldeko.de\/news\/alte-beitraege\/\"},{\"@type\":\"ListItem\",\"position\":3,\"name\":\"Tischdeko - Blog\",\"item\":\"https:\/\/www.tafeldeko.de\/news\/alte-beitraege\/tischdeko-blog\/\"},{\"@type\":\"ListItem\",\"position\":4,\"name\":\"Deko mit Vasen &#8211; jetzt wird es dekorativ\"}]},{\"@type\":\"WebSite\",\"@id\":\"https:\/\/www.tafeldeko.de\/news\/#website\",\"url\":\"https:\/\/www.tafeldeko.de\/news\/\",\"name\":\"Tafeldeko\",\"description\":\"Blog mit Tischdeko und Tischdekoration Ideen\",\"potentialAction\":[{\"@type\":\"SearchAction\",\"target\":{\"@type\":\"EntryPoint\",\"urlTemplate\":\"https:\/\/www.tafeldeko.de\/news\/?s={search_term_string}\"},\"query-input\":\"required name=search_term_string\"}],\"inLanguage\":\"de-DE\"},{\"@type\":\"Person\",\"@id\":\"https:\/\/www.tafeldeko.de\/news\/#\/schema\/person\/dc309fbb6a3e380919fc08342c3cc233\",\"name\":\"Tafeldeko Deko Team\",\"image\":{\"@type\":\"ImageObject\",\"inLanguage\":\"de-DE\",\"@id\":\"https:\/\/www.tafeldeko.de\/news\/#\/schema\/person\/image\/\",\"url\":\"https:\/\/secure.gravatar.com\/avatar\/1e962f4040dc9996f0d200db31598854?s=96&d=mm&r=g\",\"contentUrl\":\"https:\/\/secure.gravatar.com\/avatar\/1e962f4040dc9996f0d200db31598854?s=96&d=mm&r=g\",\"caption\":\"Tafeldeko Deko Team\"}}]}<\/script>\n<!-- \/ Yoast SEO plugin. -->","yoast_head_json":{"title":"Deko mit Vasen - jetzt wird es dekorativ - Tafeldeko","description":"Die Deko mit Vasen dekorativ kann mit weiteren dekorativen Accessoires optisch aufgewertet werden. Tipps und Ideen finden Sie bei uns.","robots":{"index":"index","follow":"follow","max-snippet":"max-snippet:-1","max-image-preview":"max-image-preview:large","max-video-preview":"max-video-preview:-1"},"canonical":"https:\/\/www.tafeldeko.de\/news\/deko-mit-vasen-jetzt-wird-es-dekorativ\/","og_locale":"de_DE","og_type":"article","og_title":"Deko mit Vasen - jetzt wird es dekorativ - Tafeldeko","og_description":"Die Deko mit Vasen dekorativ kann mit weiteren dekorativen Accessoires optisch aufgewertet werden. Tipps und Ideen finden Sie bei uns.","og_url":"https:\/\/www.tafeldeko.de\/news\/deko-mit-vasen-jetzt-wird-es-dekorativ\/","og_site_name":"Tafeldeko","article_publisher":"https:\/\/www.facebook.com\/pages\/Tafeldeko-einzigartige-Tischdekoration\/174202655894","article_published_time":"2015-09-23T12:46:16+00:00","article_modified_time":"2022-11-14T08:21:12+00:00","og_image":[{"width":2560,"height":1707,"url":"https:\/\/www.tafeldeko.de\/news\/wp-content\/uploads\/2015\/09\/MG_4533-scaled.jpg","type":"image\/jpeg"}],"author":"Tafeldeko Deko Team","twitter_misc":{"Verfasst von":"Tafeldeko Deko Team","Gesch\u00e4tzte Lesezeit":"2 Minuten"},"schema":{"@context":"https:\/\/schema.org","@graph":[{"@type":"WebPage","@id":"https:\/\/www.tafeldeko.de\/news\/deko-mit-vasen-jetzt-wird-es-dekorativ\/","url":"https:\/\/www.tafeldeko.de\/news\/deko-mit-vasen-jetzt-wird-es-dekorativ\/","name":"Deko mit Vasen - jetzt wird es dekorativ - Tafeldeko","isPartOf":{"@id":"https:\/\/www.tafeldeko.de\/news\/#website"},"datePublished":"2015-09-23T12:46:16+00:00","dateModified":"2022-11-14T08:21:12+00:00","author":{"@id":"https:\/\/www.tafeldeko.de\/news\/#\/schema\/person\/dc309fbb6a3e380919fc08342c3cc233"},"description":"Die Deko mit Vasen dekorativ kann mit weiteren dekorativen Accessoires optisch aufgewertet werden. Tipps und Ideen finden Sie bei uns.","breadcrumb":{"@id":"https:\/\/www.tafeldeko.de\/news\/deko-mit-vasen-jetzt-wird-es-dekorativ\/#breadcrumb"},"inLanguage":"de-DE","potentialAction":[{"@type":"ReadAction","target":["https:\/\/www.tafeldeko.de\/news\/deko-mit-vasen-jetzt-wird-es-dekorativ\/"]}]},{"@type":"BreadcrumbList","@id":"https:\/\/www.tafeldeko.de\/news\/deko-mit-vasen-jetzt-wird-es-dekorativ\/#breadcrumb","itemListElement":[{"@type":"ListItem","position":1,"name":"Tafeldeko","item":"https:\/\/www.tafeldeko.de\/news\/"},{"@type":"ListItem","position":2,"name":"Alte Beitr\u00e4ge","item":"https:\/\/www.tafeldeko.de\/news\/alte-beitraege\/"},{"@type":"ListItem","position":3,"name":"Tischdeko - Blog","item":"https:\/\/www.tafeldeko.de\/news\/alte-beitraege\/tischdeko-blog\/"},{"@type":"ListItem","position":4,"name":"Deko mit Vasen &#8211; jetzt wird es dekorativ"}]},{"@type":"WebSite","@id":"https:\/\/www.tafeldeko.de\/news\/#website","url":"https:\/\/www.tafeldeko.de\/news\/","name":"Tafeldeko","description":"Blog mit Tischdeko und Tischdekoration Ideen","potentialAction":[{"@type":"SearchAction","target":{"@type":"EntryPoint","urlTemplate":"https:\/\/www.tafeldeko.de\/news\/?s={search_term_string}"},"query-input":"required name=search_term_string"}],"inLanguage":"de-DE"},{"@type":"Person","@id":"https:\/\/www.tafeldeko.de\/news\/#\/schema\/person\/dc309fbb6a3e380919fc08342c3cc233","name":"Tafeldeko Deko Team","image":{"@type":"ImageObject","inLanguage":"de-DE","@id":"https:\/\/www.tafeldeko.de\/news\/#\/schema\/person\/image\/","url":"https:\/\/secure.gravatar.com\/avatar\/1e962f4040dc9996f0d200db31598854?s=96&d=mm&r=g","contentUrl":"https:\/\/secure.gravatar.com\/avatar\/1e962f4040dc9996f0d200db31598854?s=96&d=mm&r=g","caption":"Tafeldeko Deko Team"}}]}},"_links":{"self":[{"href":"https:\/\/www.tafeldeko.de\/news\/wp-json\/wp\/v2\/posts\/6639"}],"collection":[{"href":"https:\/\/www.tafeldeko.de\/news\/wp-json\/wp\/v2\/posts"}],"about":[{"href":"https:\/\/www.tafeldeko.de\/news\/wp-json\/wp\/v2\/types\/post"}],"author":[{"embeddable":true,"href":"https:\/\/www.tafeldeko.de\/news\/wp-json\/wp\/v2\/users\/6"}],"replies":[{"embeddable":true,"href":"https:\/\/www.tafeldeko.de\/news\/wp-json\/wp\/v2\/comments?post=6639"}],"version-history":[{"count":5,"href":"https:\/\/www.tafeldeko.de\/news\/wp-json\/wp\/v2\/posts\/6639\/revisions"}],"predecessor-version":[{"id":21536,"href":"https:\/\/www.tafeldeko.de\/news\/wp-json\/wp\/v2\/posts\/6639\/revisions\/21536"}],"wp:featuredmedia":[{"embeddable":true,"href":"https:\/\/www.tafeldeko.de\/news\/wp-json\/wp\/v2\/media\/21532"}],"wp:attachment":[{"href":"https:\/\/www.tafeldeko.de\/news\/wp-json\/wp\/v2\/media?parent=6639"}],"wp:term":[{"taxonomy":"category","embeddable":true,"href":"https:\/\/www.tafeldeko.de\/news\/wp-json\/wp\/v2\/categories?post=6639"},{"taxonomy":"post_tag","embeddable":true,"href":"https:\/\/www.tafeldeko.de\/news\/wp-json\/wp\/v2\/tags?post=6639"}],"curies":[{"name":"wp","href":"https:\/\/api.w.org\/{rel}","templated":true}]}}