{"id":6624,"date":"2015-09-18T13:50:00","date_gmt":"2015-09-18T11:50:00","guid":{"rendered":"http:\/\/www.tafeldeko.de\/news\/?p=6624"},"modified":"2015-09-18T13:54:53","modified_gmt":"2015-09-18T11:54:53","slug":"geburtstagseinladung-fuer-die-gaeste","status":"publish","type":"post","link":"https:\/\/www.tafeldeko.de\/news\/geburtstagseinladung-fuer-die-gaeste\/","title":{"rendered":"Geburtstagseinladung f\u00fcr die G\u00e4ste"},"content":{"rendered":"<p>Eine au\u00dfergew\u00f6hnliche <strong>Geburtstagseinladung<\/strong> ist genau das Richtige f\u00fcr einen unvergesslichen Tag mit all seinen Lieben. Der Geburtstag ist schlie\u00dflich ein besonderer Tag und sollte Jahr f\u00fcr Jahr auch entsprechend gefeiert. Damit die G\u00e4ste \u00fcber alle wichtigen Informationen im Bilde sind, stellt die Geburtstagseinladung hierf\u00fcr eine tolle M\u00f6glichkeit dar. Originell und au\u00dfergew\u00f6hnlich sollte sie sein, denn langweilige und trostlose Einladungen h\u00e4lt man viel zu oft in den H\u00e4nden. Daher lieber Originalit\u00e4t und Kreativit\u00e4t verspr\u00fchen. Die G\u00e4ste freuen sich dar\u00fcber definitiv.<\/p>\n<h2>Eine originelle Geburtstagseinladung selbst gestalten<\/h2>\n<p>Wie die Geburtstagseinladung letztlich aussieht, das ist eine Frage des Geschmackes und der Ideenvielfalt. Wer noch die eine oder andere Idee sucht, sollte sich einmal im Internet umschauen. Dort gibt es sowohl Internetanbieter, die sich tolle Geburtstagseinladungen als Ziel gesetzt haben als auch Anregungen, die man selbst in die Tat umsetzen kann. Beides ist m\u00f6glich. Wichtig ist allerdings, dass man an alle wichtigen Informationen denkt, die f\u00fcr die G\u00e4ste von Bedeutung sind.<br \/>\n\u00dcber eine <strong>sch\u00f6ne Einladung<\/strong> wird man sich als Gast freuen und wer eine Mottoparty ins Leben rufen m\u00f6chte, sollte dies bereits bei der Einladung zur Geltung bringen. So wissen die G\u00e4ste, was einem auf der Party erwarten wird und k\u00f6nnen sich getreu dem Motto kleiden &#8211; da kommt Freude auf. Und das auch bereits im Vorfeld, wenn man das passende <strong>Outfit f\u00fcr die Geburtstagsparty<\/strong> suchen darf. F\u00fcr die <strong>Hawaii Party<\/strong> kann man beispielsweise im Strandoutfit kommen oder f\u00fcr die \u201eBad Taste Party\u201c kann man sich in die Kleidungsst\u00fccke werfen, die definitiv nicht zueinander passt. Als Gastgeber und Geburtstagskind wird man im Gegenzug auf eine harmonische Dekoration achten und so ein stimmiges Gesamtbild zaubern. Letztlich steht das Geburtstagskind mit all seinen Lieben im Vordergrund und man wird einen unvergesslichen Tag\/Abend miteinander erleben. Fotos visualisieren die Momente voller Freude und k\u00f6nnen zu einer x-beliebigen Zeit wieder betrachtet werden.<br \/>\nEine sch\u00f6ne und aussagekr\u00e4ftige Geburtstagseinladung stellt den optimalen Start f\u00fcr eine unvergessliche Feier dar.<\/p>\n","protected":false},"excerpt":{"rendered":"<p>Eine au\u00dfergew\u00f6hnliche Geburtstagseinladung ist genau das Richtige f\u00fcr einen unvergesslichen Tag mit all seinen Lieben. Der Geburtstag ist schlie\u00dflich ein besonderer Tag und sollte Jahr f\u00fcr Jahr auch entsprechend gefeiert. Damit die G\u00e4ste \u00fcber alle wichtigen Informationen im Bilde sind, stellt die Geburtstagseinladung hierf\u00fcr eine tolle M\u00f6glichkeit dar. Originell und au\u00dfergew\u00f6hnlich sollte sie sein, denn [&hellip;]<\/p>\n","protected":false},"author":6,"featured_media":0,"comment_status":"closed","ping_status":"closed","sticky":false,"template":"","format":"standard","meta":{"footnotes":""},"categories":[1],"tags":[],"yoast_head":"<!-- This site is optimized with the Yoast SEO plugin v20.4 - https:\/\/yoast.com\/wordpress\/plugins\/seo\/ -->\n<title>Geburtstagseinladung f\u00fcr die G\u00e4ste - Tafeldeko<\/title>\n<meta name=\"description\" content=\"Eine au\u00dfergew\u00f6hnliche Geburtstagseinladung ist genau das Richtige f\u00fcr einen unvergesslichen Tag mit all seinen Lieben und weckt Vorfreude.\" \/>\n<meta name=\"robots\" content=\"index, follow, max-snippet:-1, max-image-preview:large, max-video-preview:-1\" \/>\n<link rel=\"canonical\" href=\"https:\/\/www.tafeldeko.de\/news\/geburtstagseinladung-fuer-die-gaeste\/\" \/>\n<meta property=\"og:locale\" content=\"de_DE\" \/>\n<meta property=\"og:type\" content=\"article\" \/>\n<meta property=\"og:title\" content=\"Geburtstagseinladung f\u00fcr die G\u00e4ste - Tafeldeko\" \/>\n<meta property=\"og:description\" content=\"Eine au\u00dfergew\u00f6hnliche Geburtstagseinladung ist genau das Richtige f\u00fcr einen unvergesslichen Tag mit all seinen Lieben und weckt Vorfreude.\" \/>\n<meta property=\"og:url\" content=\"https:\/\/www.tafeldeko.de\/news\/geburtstagseinladung-fuer-die-gaeste\/\" \/>\n<meta property=\"og:site_name\" content=\"Tafeldeko\" \/>\n<meta property=\"article:publisher\" content=\"https:\/\/www.facebook.com\/pages\/Tafeldeko-einzigartige-Tischdekoration\/174202655894\" \/>\n<meta property=\"article:published_time\" content=\"2015-09-18T11:50:00+00:00\" \/>\n<meta property=\"article:modified_time\" content=\"2015-09-18T11:54:53+00:00\" \/>\n<meta name=\"author\" content=\"Tafeldeko Deko Team\" \/>\n<meta name=\"twitter:label1\" content=\"Verfasst von\" \/>\n\t<meta name=\"twitter:data1\" content=\"Tafeldeko Deko Team\" \/>\n\t<meta name=\"twitter:label2\" content=\"Gesch\u00e4tzte Lesezeit\" \/>\n\t<meta name=\"twitter:data2\" content=\"2 Minuten\" \/>\n<script type=\"application\/ld+json\" class=\"yoast-schema-graph\">{\"@context\":\"https:\/\/schema.org\",\"@graph\":[{\"@type\":\"WebPage\",\"@id\":\"https:\/\/www.tafeldeko.de\/news\/geburtstagseinladung-fuer-die-gaeste\/\",\"url\":\"https:\/\/www.tafeldeko.de\/news\/geburtstagseinladung-fuer-die-gaeste\/\",\"name\":\"Geburtstagseinladung f\u00fcr die G\u00e4ste - Tafeldeko\",\"isPartOf\":{\"@id\":\"https:\/\/www.tafeldeko.de\/news\/#website\"},\"datePublished\":\"2015-09-18T11:50:00+00:00\",\"dateModified\":\"2015-09-18T11:54:53+00:00\",\"author\":{\"@id\":\"https:\/\/www.tafeldeko.de\/news\/#\/schema\/person\/dc309fbb6a3e380919fc08342c3cc233\"},\"description\":\"Eine au\u00dfergew\u00f6hnliche Geburtstagseinladung ist genau das Richtige f\u00fcr einen unvergesslichen Tag mit all seinen Lieben und weckt Vorfreude.\",\"breadcrumb\":{\"@id\":\"https:\/\/www.tafeldeko.de\/news\/geburtstagseinladung-fuer-die-gaeste\/#breadcrumb\"},\"inLanguage\":\"de-DE\",\"potentialAction\":[{\"@type\":\"ReadAction\",\"target\":[\"https:\/\/www.tafeldeko.de\/news\/geburtstagseinladung-fuer-die-gaeste\/\"]}]},{\"@type\":\"BreadcrumbList\",\"@id\":\"https:\/\/www.tafeldeko.de\/news\/geburtstagseinladung-fuer-die-gaeste\/#breadcrumb\",\"itemListElement\":[{\"@type\":\"ListItem\",\"position\":1,\"name\":\"Tafeldeko\",\"item\":\"https:\/\/www.tafeldeko.de\/news\/\"},{\"@type\":\"ListItem\",\"position\":2,\"name\":\"Alte Beitr\u00e4ge\",\"item\":\"https:\/\/www.tafeldeko.de\/news\/alte-beitraege\/\"},{\"@type\":\"ListItem\",\"position\":3,\"name\":\"Tischdeko - Blog\",\"item\":\"https:\/\/www.tafeldeko.de\/news\/alte-beitraege\/tischdeko-blog\/\"},{\"@type\":\"ListItem\",\"position\":4,\"name\":\"Geburtstagseinladung f\u00fcr die G\u00e4ste\"}]},{\"@type\":\"WebSite\",\"@id\":\"https:\/\/www.tafeldeko.de\/news\/#website\",\"url\":\"https:\/\/www.tafeldeko.de\/news\/\",\"name\":\"Tafeldeko\",\"description\":\"Blog mit Tischdeko und Tischdekoration Ideen\",\"potentialAction\":[{\"@type\":\"SearchAction\",\"target\":{\"@type\":\"EntryPoint\",\"urlTemplate\":\"https:\/\/www.tafeldeko.de\/news\/?s={search_term_string}\"},\"query-input\":\"required name=search_term_string\"}],\"inLanguage\":\"de-DE\"},{\"@type\":\"Person\",\"@id\":\"https:\/\/www.tafeldeko.de\/news\/#\/schema\/person\/dc309fbb6a3e380919fc08342c3cc233\",\"name\":\"Tafeldeko Deko Team\",\"image\":{\"@type\":\"ImageObject\",\"inLanguage\":\"de-DE\",\"@id\":\"https:\/\/www.tafeldeko.de\/news\/#\/schema\/person\/image\/\",\"url\":\"https:\/\/secure.gravatar.com\/avatar\/1e962f4040dc9996f0d200db31598854?s=96&d=mm&r=g\",\"contentUrl\":\"https:\/\/secure.gravatar.com\/avatar\/1e962f4040dc9996f0d200db31598854?s=96&d=mm&r=g\",\"caption\":\"Tafeldeko Deko Team\"}}]}<\/script>\n<!-- \/ Yoast SEO plugin. -->","yoast_head_json":{"title":"Geburtstagseinladung f\u00fcr die G\u00e4ste - Tafeldeko","description":"Eine au\u00dfergew\u00f6hnliche Geburtstagseinladung ist genau das Richtige f\u00fcr einen unvergesslichen Tag mit all seinen Lieben und weckt Vorfreude.","robots":{"index":"index","follow":"follow","max-snippet":"max-snippet:-1","max-image-preview":"max-image-preview:large","max-video-preview":"max-video-preview:-1"},"canonical":"https:\/\/www.tafeldeko.de\/news\/geburtstagseinladung-fuer-die-gaeste\/","og_locale":"de_DE","og_type":"article","og_title":"Geburtstagseinladung f\u00fcr die G\u00e4ste - Tafeldeko","og_description":"Eine au\u00dfergew\u00f6hnliche Geburtstagseinladung ist genau das Richtige f\u00fcr einen unvergesslichen Tag mit all seinen Lieben und weckt Vorfreude.","og_url":"https:\/\/www.tafeldeko.de\/news\/geburtstagseinladung-fuer-die-gaeste\/","og_site_name":"Tafeldeko","article_publisher":"https:\/\/www.facebook.com\/pages\/Tafeldeko-einzigartige-Tischdekoration\/174202655894","article_published_time":"2015-09-18T11:50:00+00:00","article_modified_time":"2015-09-18T11:54:53+00:00","author":"Tafeldeko Deko Team","twitter_misc":{"Verfasst von":"Tafeldeko Deko Team","Gesch\u00e4tzte Lesezeit":"2 Minuten"},"schema":{"@context":"https:\/\/schema.org","@graph":[{"@type":"WebPage","@id":"https:\/\/www.tafeldeko.de\/news\/geburtstagseinladung-fuer-die-gaeste\/","url":"https:\/\/www.tafeldeko.de\/news\/geburtstagseinladung-fuer-die-gaeste\/","name":"Geburtstagseinladung f\u00fcr die G\u00e4ste - Tafeldeko","isPartOf":{"@id":"https:\/\/www.tafeldeko.de\/news\/#website"},"datePublished":"2015-09-18T11:50:00+00:00","dateModified":"2015-09-18T11:54:53+00:00","author":{"@id":"https:\/\/www.tafeldeko.de\/news\/#\/schema\/person\/dc309fbb6a3e380919fc08342c3cc233"},"description":"Eine au\u00dfergew\u00f6hnliche Geburtstagseinladung ist genau das Richtige f\u00fcr einen unvergesslichen Tag mit all seinen Lieben und weckt Vorfreude.","breadcrumb":{"@id":"https:\/\/www.tafeldeko.de\/news\/geburtstagseinladung-fuer-die-gaeste\/#breadcrumb"},"inLanguage":"de-DE","potentialAction":[{"@type":"ReadAction","target":["https:\/\/www.tafeldeko.de\/news\/geburtstagseinladung-fuer-die-gaeste\/"]}]},{"@type":"BreadcrumbList","@id":"https:\/\/www.tafeldeko.de\/news\/geburtstagseinladung-fuer-die-gaeste\/#breadcrumb","itemListElement":[{"@type":"ListItem","position":1,"name":"Tafeldeko","item":"https:\/\/www.tafeldeko.de\/news\/"},{"@type":"ListItem","position":2,"name":"Alte Beitr\u00e4ge","item":"https:\/\/www.tafeldeko.de\/news\/alte-beitraege\/"},{"@type":"ListItem","position":3,"name":"Tischdeko - Blog","item":"https:\/\/www.tafeldeko.de\/news\/alte-beitraege\/tischdeko-blog\/"},{"@type":"ListItem","position":4,"name":"Geburtstagseinladung f\u00fcr die G\u00e4ste"}]},{"@type":"WebSite","@id":"https:\/\/www.tafeldeko.de\/news\/#website","url":"https:\/\/www.tafeldeko.de\/news\/","name":"Tafeldeko","description":"Blog mit Tischdeko und Tischdekoration Ideen","potentialAction":[{"@type":"SearchAction","target":{"@type":"EntryPoint","urlTemplate":"https:\/\/www.tafeldeko.de\/news\/?s={search_term_string}"},"query-input":"required name=search_term_string"}],"inLanguage":"de-DE"},{"@type":"Person","@id":"https:\/\/www.tafeldeko.de\/news\/#\/schema\/person\/dc309fbb6a3e380919fc08342c3cc233","name":"Tafeldeko Deko Team","image":{"@type":"ImageObject","inLanguage":"de-DE","@id":"https:\/\/www.tafeldeko.de\/news\/#\/schema\/person\/image\/","url":"https:\/\/secure.gravatar.com\/avatar\/1e962f4040dc9996f0d200db31598854?s=96&d=mm&r=g","contentUrl":"https:\/\/secure.gravatar.com\/avatar\/1e962f4040dc9996f0d200db31598854?s=96&d=mm&r=g","caption":"Tafeldeko Deko Team"}}]}},"_links":{"self":[{"href":"https:\/\/www.tafeldeko.de\/news\/wp-json\/wp\/v2\/posts\/6624"}],"collection":[{"href":"https:\/\/www.tafeldeko.de\/news\/wp-json\/wp\/v2\/posts"}],"about":[{"href":"https:\/\/www.tafeldeko.de\/news\/wp-json\/wp\/v2\/types\/post"}],"author":[{"embeddable":true,"href":"https:\/\/www.tafeldeko.de\/news\/wp-json\/wp\/v2\/users\/6"}],"replies":[{"embeddable":true,"href":"https:\/\/www.tafeldeko.de\/news\/wp-json\/wp\/v2\/comments?post=6624"}],"version-history":[{"count":5,"href":"https:\/\/www.tafeldeko.de\/news\/wp-json\/wp\/v2\/posts\/6624\/revisions"}],"predecessor-version":[{"id":6629,"href":"https:\/\/www.tafeldeko.de\/news\/wp-json\/wp\/v2\/posts\/6624\/revisions\/6629"}],"wp:attachment":[{"href":"https:\/\/www.tafeldeko.de\/news\/wp-json\/wp\/v2\/media?parent=6624"}],"wp:term":[{"taxonomy":"category","embeddable":true,"href":"https:\/\/www.tafeldeko.de\/news\/wp-json\/wp\/v2\/categories?post=6624"},{"taxonomy":"post_tag","embeddable":true,"href":"https:\/\/www.tafeldeko.de\/news\/wp-json\/wp\/v2\/tags?post=6624"}],"curies":[{"name":"wp","href":"https:\/\/api.w.org\/{rel}","templated":true}]}}