{"id":6622,"date":"2015-09-16T18:46:03","date_gmt":"2015-09-16T16:46:03","guid":{"rendered":"http:\/\/www.tafeldeko.de\/news\/?p=6622"},"modified":"2022-11-14T10:15:25","modified_gmt":"2022-11-14T09:15:25","slug":"deko-an-der-wand-und-somit","status":"publish","type":"post","link":"https:\/\/www.tafeldeko.de\/news\/deko-an-der-wand-und-somit\/","title":{"rendered":"Deko an der Wand und somit \u2026"},"content":{"rendered":"<p><strong>&#8230; der Langeweile Tsch\u00fcss sagen.<\/strong><\/p>\n<p>Eine sch\u00f6ne <strong>Deko an der Wand<\/strong> l\u00e4sst die Wohnung gleich in einem anderen Licht erscheinen. Ist die Wohnung oder das Eigenheim mit einer tollen Deko versehen und mit liebevollen Details best\u00fcckt, freut man sich nach Hause zu kommen und kann auf <strong>gem\u00fctliche Stunden<\/strong> hoffen. Die Deko kann in der Gestaltung sehr unterschiedlich sein. Dennoch ist es wichtig, dass es zur Gesamteinheit passt. Die Deko an der Wand sollte sich beispielsweise an der Farbe zur Wand beziehungsweise Tapete passen oder auch zur M\u00f6beleinrichtung.<\/p>\n<p><img decoding=\"async\" loading=\"lazy\" src=\"https:\/\/www.tafeldeko.de\/news\/wp-content\/uploads\/2015\/09\/20220412074911_IMG_6147-1024x683.jpg\" sizes=\"(max-width: 800px) 100vw, 800px\" srcset=\"https:\/\/www.tafeldeko.de\/news\/wp-content\/uploads\/2015\/09\/20220412074911_IMG_6147-1024x683.jpg 1024w, https:\/\/www.tafeldeko.de\/news\/wp-content\/uploads\/2015\/09\/20220412074911_IMG_6147-300x200.jpg 300w, https:\/\/www.tafeldeko.de\/news\/wp-content\/uploads\/2015\/09\/20220412074911_IMG_6147-768x512.jpg 768w, https:\/\/www.tafeldeko.de\/news\/wp-content\/uploads\/2015\/09\/20220412074911_IMG_6147-1536x1024.jpg 1536w, https:\/\/www.tafeldeko.de\/news\/wp-content\/uploads\/2015\/09\/20220412074911_IMG_6147-640x427.jpg 640w, https:\/\/www.tafeldeko.de\/news\/wp-content\/uploads\/2015\/09\/20220412074911_IMG_6147.jpg 1920w\" alt=\"Deko an der Wand\" width=\"800\" height=\"534\" \/><\/p>\n<h2>Die Deko an der Wand l\u00e4sst Herzen h\u00f6her schlagen<\/h2>\n<p>Die Deko an der Wand kann voller Emotionen sein und somit die Herzen h\u00f6her schlagen lassen. Rahmt man zum Beispiel sein Lieblingsfoto oder das letzte Urlaubsfoto ein, wird man Tag f\u00fcr Tag an diesen sch\u00f6ne Momente erinnert werden. Da richtet man gerne seinen Blick zur Wand. Dar\u00fcber hinaus ist eine Uhr oder ein sch\u00f6nes Regal ebenfalls <strong>ein toller Blickfang<\/strong> f\u00fcr die eigene Wohnung.<br \/>\nWer m\u00f6chte, kann M\u00f6belst\u00fccke, die man zu Hause hat, entsprechend aufpeppen und gestalten. Hierf\u00fcr k\u00f6nnen Klebefolien mit Muster oder auch in Holzoptik, verschiedene dekorative Accessoires und vieles mehr in Betracht kommen. Der Fantasie sind keinerlei Grenzen gesetzt und man kann sich in Punkto Deko f\u00f6rmlich austoben.<br \/>\nWer noch einige <strong>Ideen ben\u00f6tigt<\/strong>, kann im Internet st\u00f6bern und wird sehr schnell f\u00fcndig werden. \u00dcber das Internet lassen sich jede Menge Ideen finde, die man auch in Nu in die Tat umgesetzt hat. Eine originelle und kreative Dekoration ist immer etwas Sch\u00f6nes und dies nicht nur an der Wand.<br \/>\nF\u00fcr eine tolle Dekoration hat man viele Pl\u00e4tze zur Verf\u00fcgung, ob dies im Flur, auf dem Wohn- oder Esszimmertisch oder auch auf dem Sideboard im Zimmer ist. Vasen in unterschiedlicher Farbe und Form, Kerzen und Kerzenst\u00e4nder, Dekoschalen mit Rattan-Kugeln oder auch Pflanzen in dekorativen Blument\u00f6pfen auf der Fensterbank sind M\u00f6glichkeiten, um <strong>Gem\u00fctlichkeit<\/strong> zu Hause aufkommen zu lassen. Zum Schluss kann man nur noch viel Freude beim Dekorieren w\u00fcnschen.<\/p>\n<h2>Weitere Beitr\u00e4ge:<\/h2>\n<h2>Dekoartikel von A-Z<\/h2>\n<p><a href=\"https:\/\/www.tafeldeko.de\/tischdeko-artikel\/\"><br \/>\nJetzt entdecken <\/a><\/p>\n","protected":false},"excerpt":{"rendered":"<p>&#8230; der Langeweile Tsch\u00fcss sagen. Eine sch\u00f6ne Deko an der Wand l\u00e4sst die Wohnung gleich in einem anderen Licht erscheinen. Ist die Wohnung oder das Eigenheim mit einer tollen Deko versehen und mit liebevollen Details best\u00fcckt, freut man sich nach Hause zu kommen und kann auf gem\u00fctliche Stunden hoffen. Die Deko kann in der Gestaltung [&hellip;]<\/p>\n","protected":false},"author":6,"featured_media":21556,"comment_status":"closed","ping_status":"closed","sticky":false,"template":"","format":"standard","meta":{"footnotes":""},"categories":[1],"tags":[],"yoast_head":"<!-- This site is optimized with the Yoast SEO plugin v20.4 - https:\/\/yoast.com\/wordpress\/plugins\/seo\/ -->\n<title>Deko an der Wand und somit \u2026 - Tafeldeko<\/title>\n<meta name=\"description\" content=\"Die Deko an der Wand kann voller Emotionen sein und somit die Herzen h\u00f6her schlagen lassen, bspw. ein Familienfoto im modernen Rahmen.\" \/>\n<meta name=\"robots\" content=\"index, follow, max-snippet:-1, max-image-preview:large, max-video-preview:-1\" \/>\n<link rel=\"canonical\" href=\"https:\/\/www.tafeldeko.de\/news\/deko-an-der-wand-und-somit\/\" \/>\n<meta property=\"og:locale\" content=\"de_DE\" \/>\n<meta property=\"og:type\" content=\"article\" \/>\n<meta property=\"og:title\" content=\"Deko an der Wand und somit \u2026 - Tafeldeko\" \/>\n<meta property=\"og:description\" content=\"Die Deko an der Wand kann voller Emotionen sein und somit die Herzen h\u00f6her schlagen lassen, bspw. ein Familienfoto im modernen Rahmen.\" \/>\n<meta property=\"og:url\" content=\"https:\/\/www.tafeldeko.de\/news\/deko-an-der-wand-und-somit\/\" \/>\n<meta property=\"og:site_name\" content=\"Tafeldeko\" \/>\n<meta property=\"article:publisher\" content=\"https:\/\/www.facebook.com\/pages\/Tafeldeko-einzigartige-Tischdekoration\/174202655894\" \/>\n<meta property=\"article:published_time\" content=\"2015-09-16T16:46:03+00:00\" \/>\n<meta property=\"article:modified_time\" content=\"2022-11-14T09:15:25+00:00\" \/>\n<meta property=\"og:image\" content=\"https:\/\/www.tafeldeko.de\/news\/wp-content\/uploads\/2015\/09\/20220412074911_IMG_6147.jpg\" \/>\n\t<meta property=\"og:image:width\" content=\"1920\" \/>\n\t<meta property=\"og:image:height\" content=\"1280\" \/>\n\t<meta property=\"og:image:type\" content=\"image\/jpeg\" \/>\n<meta name=\"author\" content=\"Tafeldeko Deko Team\" \/>\n<meta name=\"twitter:label1\" content=\"Verfasst von\" \/>\n\t<meta name=\"twitter:data1\" content=\"Tafeldeko Deko Team\" \/>\n\t<meta name=\"twitter:label2\" content=\"Gesch\u00e4tzte Lesezeit\" \/>\n\t<meta name=\"twitter:data2\" content=\"3 Minuten\" \/>\n<script type=\"application\/ld+json\" class=\"yoast-schema-graph\">{\"@context\":\"https:\/\/schema.org\",\"@graph\":[{\"@type\":\"WebPage\",\"@id\":\"https:\/\/www.tafeldeko.de\/news\/deko-an-der-wand-und-somit\/\",\"url\":\"https:\/\/www.tafeldeko.de\/news\/deko-an-der-wand-und-somit\/\",\"name\":\"Deko an der Wand und somit \u2026 - Tafeldeko\",\"isPartOf\":{\"@id\":\"https:\/\/www.tafeldeko.de\/news\/#website\"},\"datePublished\":\"2015-09-16T16:46:03+00:00\",\"dateModified\":\"2022-11-14T09:15:25+00:00\",\"author\":{\"@id\":\"https:\/\/www.tafeldeko.de\/news\/#\/schema\/person\/dc309fbb6a3e380919fc08342c3cc233\"},\"description\":\"Die Deko an der Wand kann voller Emotionen sein und somit die Herzen h\u00f6her schlagen lassen, bspw. ein Familienfoto im modernen Rahmen.\",\"breadcrumb\":{\"@id\":\"https:\/\/www.tafeldeko.de\/news\/deko-an-der-wand-und-somit\/#breadcrumb\"},\"inLanguage\":\"de-DE\",\"potentialAction\":[{\"@type\":\"ReadAction\",\"target\":[\"https:\/\/www.tafeldeko.de\/news\/deko-an-der-wand-und-somit\/\"]}]},{\"@type\":\"BreadcrumbList\",\"@id\":\"https:\/\/www.tafeldeko.de\/news\/deko-an-der-wand-und-somit\/#breadcrumb\",\"itemListElement\":[{\"@type\":\"ListItem\",\"position\":1,\"name\":\"Tafeldeko\",\"item\":\"https:\/\/www.tafeldeko.de\/news\/\"},{\"@type\":\"ListItem\",\"position\":2,\"name\":\"Alte Beitr\u00e4ge\",\"item\":\"https:\/\/www.tafeldeko.de\/news\/alte-beitraege\/\"},{\"@type\":\"ListItem\",\"position\":3,\"name\":\"Tischdeko - Blog\",\"item\":\"https:\/\/www.tafeldeko.de\/news\/alte-beitraege\/tischdeko-blog\/\"},{\"@type\":\"ListItem\",\"position\":4,\"name\":\"Deko an der Wand und somit \u2026\"}]},{\"@type\":\"WebSite\",\"@id\":\"https:\/\/www.tafeldeko.de\/news\/#website\",\"url\":\"https:\/\/www.tafeldeko.de\/news\/\",\"name\":\"Tafeldeko\",\"description\":\"Blog mit Tischdeko und Tischdekoration Ideen\",\"potentialAction\":[{\"@type\":\"SearchAction\",\"target\":{\"@type\":\"EntryPoint\",\"urlTemplate\":\"https:\/\/www.tafeldeko.de\/news\/?s={search_term_string}\"},\"query-input\":\"required name=search_term_string\"}],\"inLanguage\":\"de-DE\"},{\"@type\":\"Person\",\"@id\":\"https:\/\/www.tafeldeko.de\/news\/#\/schema\/person\/dc309fbb6a3e380919fc08342c3cc233\",\"name\":\"Tafeldeko Deko Team\",\"image\":{\"@type\":\"ImageObject\",\"inLanguage\":\"de-DE\",\"@id\":\"https:\/\/www.tafeldeko.de\/news\/#\/schema\/person\/image\/\",\"url\":\"https:\/\/secure.gravatar.com\/avatar\/1e962f4040dc9996f0d200db31598854?s=96&d=mm&r=g\",\"contentUrl\":\"https:\/\/secure.gravatar.com\/avatar\/1e962f4040dc9996f0d200db31598854?s=96&d=mm&r=g\",\"caption\":\"Tafeldeko Deko Team\"}}]}<\/script>\n<!-- \/ Yoast SEO plugin. -->","yoast_head_json":{"title":"Deko an der Wand und somit \u2026 - Tafeldeko","description":"Die Deko an der Wand kann voller Emotionen sein und somit die Herzen h\u00f6her schlagen lassen, bspw. ein Familienfoto im modernen Rahmen.","robots":{"index":"index","follow":"follow","max-snippet":"max-snippet:-1","max-image-preview":"max-image-preview:large","max-video-preview":"max-video-preview:-1"},"canonical":"https:\/\/www.tafeldeko.de\/news\/deko-an-der-wand-und-somit\/","og_locale":"de_DE","og_type":"article","og_title":"Deko an der Wand und somit \u2026 - Tafeldeko","og_description":"Die Deko an der Wand kann voller Emotionen sein und somit die Herzen h\u00f6her schlagen lassen, bspw. ein Familienfoto im modernen Rahmen.","og_url":"https:\/\/www.tafeldeko.de\/news\/deko-an-der-wand-und-somit\/","og_site_name":"Tafeldeko","article_publisher":"https:\/\/www.facebook.com\/pages\/Tafeldeko-einzigartige-Tischdekoration\/174202655894","article_published_time":"2015-09-16T16:46:03+00:00","article_modified_time":"2022-11-14T09:15:25+00:00","og_image":[{"width":1920,"height":1280,"url":"https:\/\/www.tafeldeko.de\/news\/wp-content\/uploads\/2015\/09\/20220412074911_IMG_6147.jpg","type":"image\/jpeg"}],"author":"Tafeldeko Deko Team","twitter_misc":{"Verfasst von":"Tafeldeko Deko Team","Gesch\u00e4tzte Lesezeit":"3 Minuten"},"schema":{"@context":"https:\/\/schema.org","@graph":[{"@type":"WebPage","@id":"https:\/\/www.tafeldeko.de\/news\/deko-an-der-wand-und-somit\/","url":"https:\/\/www.tafeldeko.de\/news\/deko-an-der-wand-und-somit\/","name":"Deko an der Wand und somit \u2026 - Tafeldeko","isPartOf":{"@id":"https:\/\/www.tafeldeko.de\/news\/#website"},"datePublished":"2015-09-16T16:46:03+00:00","dateModified":"2022-11-14T09:15:25+00:00","author":{"@id":"https:\/\/www.tafeldeko.de\/news\/#\/schema\/person\/dc309fbb6a3e380919fc08342c3cc233"},"description":"Die Deko an der Wand kann voller Emotionen sein und somit die Herzen h\u00f6her schlagen lassen, bspw. ein Familienfoto im modernen Rahmen.","breadcrumb":{"@id":"https:\/\/www.tafeldeko.de\/news\/deko-an-der-wand-und-somit\/#breadcrumb"},"inLanguage":"de-DE","potentialAction":[{"@type":"ReadAction","target":["https:\/\/www.tafeldeko.de\/news\/deko-an-der-wand-und-somit\/"]}]},{"@type":"BreadcrumbList","@id":"https:\/\/www.tafeldeko.de\/news\/deko-an-der-wand-und-somit\/#breadcrumb","itemListElement":[{"@type":"ListItem","position":1,"name":"Tafeldeko","item":"https:\/\/www.tafeldeko.de\/news\/"},{"@type":"ListItem","position":2,"name":"Alte Beitr\u00e4ge","item":"https:\/\/www.tafeldeko.de\/news\/alte-beitraege\/"},{"@type":"ListItem","position":3,"name":"Tischdeko - Blog","item":"https:\/\/www.tafeldeko.de\/news\/alte-beitraege\/tischdeko-blog\/"},{"@type":"ListItem","position":4,"name":"Deko an der Wand und somit \u2026"}]},{"@type":"WebSite","@id":"https:\/\/www.tafeldeko.de\/news\/#website","url":"https:\/\/www.tafeldeko.de\/news\/","name":"Tafeldeko","description":"Blog mit Tischdeko und Tischdekoration Ideen","potentialAction":[{"@type":"SearchAction","target":{"@type":"EntryPoint","urlTemplate":"https:\/\/www.tafeldeko.de\/news\/?s={search_term_string}"},"query-input":"required name=search_term_string"}],"inLanguage":"de-DE"},{"@type":"Person","@id":"https:\/\/www.tafeldeko.de\/news\/#\/schema\/person\/dc309fbb6a3e380919fc08342c3cc233","name":"Tafeldeko Deko Team","image":{"@type":"ImageObject","inLanguage":"de-DE","@id":"https:\/\/www.tafeldeko.de\/news\/#\/schema\/person\/image\/","url":"https:\/\/secure.gravatar.com\/avatar\/1e962f4040dc9996f0d200db31598854?s=96&d=mm&r=g","contentUrl":"https:\/\/secure.gravatar.com\/avatar\/1e962f4040dc9996f0d200db31598854?s=96&d=mm&r=g","caption":"Tafeldeko Deko Team"}}]}},"_links":{"self":[{"href":"https:\/\/www.tafeldeko.de\/news\/wp-json\/wp\/v2\/posts\/6622"}],"collection":[{"href":"https:\/\/www.tafeldeko.de\/news\/wp-json\/wp\/v2\/posts"}],"about":[{"href":"https:\/\/www.tafeldeko.de\/news\/wp-json\/wp\/v2\/types\/post"}],"author":[{"embeddable":true,"href":"https:\/\/www.tafeldeko.de\/news\/wp-json\/wp\/v2\/users\/6"}],"replies":[{"embeddable":true,"href":"https:\/\/www.tafeldeko.de\/news\/wp-json\/wp\/v2\/comments?post=6622"}],"version-history":[{"count":5,"href":"https:\/\/www.tafeldeko.de\/news\/wp-json\/wp\/v2\/posts\/6622\/revisions"}],"predecessor-version":[{"id":21561,"href":"https:\/\/www.tafeldeko.de\/news\/wp-json\/wp\/v2\/posts\/6622\/revisions\/21561"}],"wp:featuredmedia":[{"embeddable":true,"href":"https:\/\/www.tafeldeko.de\/news\/wp-json\/wp\/v2\/media\/21556"}],"wp:attachment":[{"href":"https:\/\/www.tafeldeko.de\/news\/wp-json\/wp\/v2\/media?parent=6622"}],"wp:term":[{"taxonomy":"category","embeddable":true,"href":"https:\/\/www.tafeldeko.de\/news\/wp-json\/wp\/v2\/categories?post=6622"},{"taxonomy":"post_tag","embeddable":true,"href":"https:\/\/www.tafeldeko.de\/news\/wp-json\/wp\/v2\/tags?post=6622"}],"curies":[{"name":"wp","href":"https:\/\/api.w.org\/{rel}","templated":true}]}}