{"id":6617,"date":"2015-09-16T16:42:49","date_gmt":"2015-09-16T14:42:49","guid":{"rendered":"http:\/\/www.tafeldeko.de\/news\/?p=6617"},"modified":"2022-11-14T10:20:04","modified_gmt":"2022-11-14T09:20:04","slug":"herbstliche-tischdeko","status":"publish","type":"post","link":"https:\/\/www.tafeldeko.de\/news\/herbstliche-tischdeko\/","title":{"rendered":"Herbstliche Tischdeko in Braun und Orange"},"content":{"rendered":"<p>Wenn die Tage k\u00fcrzer und regnerisch werden, wenn unsere Laune nicht mehr unbedingt die beste ist, dann wird es Zeit f\u00fcr eine <strong>herbstliche Tischdeko in Braun und Orange<\/strong>, die mit ihren leuchtenden Farben f\u00fcr eine tolle Atmosph\u00e4re sorgt. Dabei ist der Herbst doch gar nicht so tr\u00fcbe und tr\u00fcbsinnig. Schaut man sich das bunt gef\u00e4rbte Laub, die strahlenden K\u00fcrbisse und Sonnenblumen an, sollte sich die Laune doch etwas verbessern. Mit einer sch\u00f6nen herbstlichen Tischdeko kann man es sich zu Hause gem\u00fctlich machen, vor dem ersten Kaminfeuer f\u00fcr diese Jahreszeit, einer guten Tasse Tee oder Kaffee \u2013 <strong>so l\u00e4sst sich der Herbst genie\u00dfen<\/strong>.<\/p>\n<p><img decoding=\"async\" loading=\"lazy\" src=\"https:\/\/www.tafeldeko.de\/news\/wp-content\/uploads\/2015\/09\/herbst_orangebraun.jpg\" sizes=\"(max-width: 800px) 100vw, 800px\" srcset=\"https:\/\/www.tafeldeko.de\/news\/wp-content\/uploads\/2015\/09\/herbst_orangebraun.jpg 1000w, https:\/\/www.tafeldeko.de\/news\/wp-content\/uploads\/2015\/09\/herbst_orangebraun-300x210.jpg 300w, https:\/\/www.tafeldeko.de\/news\/wp-content\/uploads\/2015\/09\/herbst_orangebraun-624x437.jpg 624w\" alt=\"herbstliche Tischdeko Braun Orange\" width=\"800\" height=\"560\" \/><\/p>\n<h2>Die herbstliche Tischdeko in Braun und Orange<\/h2>\n<p>\u201eFangen Sie den Herbst ein\u201c, so k\u00f6nnte das Motto unseres <strong>Mustertisches in Braun und Orange<\/strong> lauten. Die Farben des Herbstes pr\u00e4sentieren sich in einer wundervollen Kombination und zeigen beschaulich, wie die herbstliche Tischdekoin Braun und Orange strahlen und leuchten kann. Eine Feier erh\u00e4lt mit dieser Tischdekoration eine wundervolle Basis.<br \/>\nF\u00fcr einen sch\u00f6nen Akzent sind die Filz Tischsets, Untersetzer Ahornblatt in Gelb\/Orange, Dunkelrot und Braun zust\u00e4ndig. Diese k\u00f6nnen Sie entweder \u2013 wie hier auf dem Mustertisch \u2013 in der Tischmitte arrangieren oder als echte Tischsets an den Sitzpl\u00e4tzen der G\u00e4ste. Mit diesen tollen Accessoires bringen Sie den ersten <strong>farbenfrohen Akzent<\/strong> auf den Tisch. Diese Tischsets k\u00f6nnen auch bei dem t\u00e4glichen Fr\u00fchst\u00fcck von nun an Ihr st\u00e4ndiger Begleiter sein, denn etwas Farbe steht dem Fr\u00fchst\u00fcckstisch ebenfalls gut.<br \/>\nF\u00fcr etwas mehr \u00dcppigkeit und F\u00fclle innerhalb dieser herbstlichen <a href=\"https:\/\/www.tafeldeko.de\" target=\"_blank\" rel=\"noopener\"><strong>Tischdeko<\/strong><\/a> sorgt der Beerenzweig in Rot, der einfach in der Tischmitte drapiert wird. Darum tummeln sich kleine Keramik Igel mit Fliegenpilz oder Apfel, Deko \u00c4pfel und Deko K\u00fcrbisse erg\u00e4nzen das lockere Bild.<br \/>\n<strong>Herbstlich<\/strong>, mit einem nat\u00fcrlichen Akzent, pr\u00e4sentieren sich die Holz Teelichthalter Ahornblatt in Orange. Best\u00fcckt mit einem Teelicht, sorgen sie f\u00fcr einen tollen Hingucker auf dem Tisch oder auf M\u00f6beln.<br \/>\nSie sehen, es reichen wenige Accessoires aus, um eine herbstliche Tischdeko in leuchtenden und strahlenden Farbt\u00f6nen zu kreieren \u2013 das n\u00e4chste Fest im Herbst kann kommen.<\/p>\n<h2>Weitere Beitr\u00e4ge:<\/h2>\n<h2>Dekoartikel von A-Z<\/h2>\n<p><a href=\"https:\/\/www.tafeldeko.de\/tischdeko-artikel\/\"><br \/>\nJetzt entdecken <\/a><\/p>\n","protected":false},"excerpt":{"rendered":"<p>Wenn die Tage k\u00fcrzer und regnerisch werden, wenn unsere Laune nicht mehr unbedingt die beste ist, dann wird es Zeit f\u00fcr eine herbstliche Tischdeko in Braun und Orange, die mit ihren leuchtenden Farben f\u00fcr eine tolle Atmosph\u00e4re sorgt. Dabei ist der Herbst doch gar nicht so tr\u00fcbe und tr\u00fcbsinnig. Schaut man sich das bunt gef\u00e4rbte [&hellip;]<\/p>\n","protected":false},"author":6,"featured_media":6618,"comment_status":"closed","ping_status":"closed","sticky":false,"template":"","format":"standard","meta":{"footnotes":""},"categories":[1],"tags":[],"yoast_head":"<!-- This site is optimized with the Yoast SEO plugin v20.4 - https:\/\/yoast.com\/wordpress\/plugins\/seo\/ -->\n<title>Herbstliche Tischdeko in Braun und Orange - Tafeldeko<\/title>\n<meta name=\"description\" content=\"Es reichen wenige Accessoires aus, um eine herbstliche Tischdeko in Braun und Orange zu kreieren - passend zu den Ideen findet ihr tolle...\" \/>\n<meta name=\"robots\" content=\"index, follow, max-snippet:-1, max-image-preview:large, max-video-preview:-1\" \/>\n<link rel=\"canonical\" href=\"https:\/\/www.tafeldeko.de\/news\/herbstliche-tischdeko\/\" \/>\n<meta property=\"og:locale\" content=\"de_DE\" \/>\n<meta property=\"og:type\" content=\"article\" \/>\n<meta property=\"og:title\" content=\"Herbstliche Tischdeko in Braun und Orange - Tafeldeko\" \/>\n<meta property=\"og:description\" content=\"Es reichen wenige Accessoires aus, um eine herbstliche Tischdeko in Braun und Orange zu kreieren - passend zu den Ideen findet ihr tolle...\" \/>\n<meta property=\"og:url\" content=\"https:\/\/www.tafeldeko.de\/news\/herbstliche-tischdeko\/\" \/>\n<meta property=\"og:site_name\" content=\"Tafeldeko\" \/>\n<meta property=\"article:publisher\" content=\"https:\/\/www.facebook.com\/pages\/Tafeldeko-einzigartige-Tischdekoration\/174202655894\" \/>\n<meta property=\"article:published_time\" content=\"2015-09-16T14:42:49+00:00\" \/>\n<meta property=\"article:modified_time\" content=\"2022-11-14T09:20:04+00:00\" \/>\n<meta property=\"og:image\" content=\"https:\/\/www.tafeldeko.de\/news\/wp-content\/uploads\/2015\/09\/herbst_orangebraun.jpg\" \/>\n\t<meta property=\"og:image:width\" content=\"1000\" \/>\n\t<meta property=\"og:image:height\" content=\"700\" \/>\n\t<meta property=\"og:image:type\" content=\"image\/jpeg\" \/>\n<meta name=\"author\" content=\"Tafeldeko Deko Team\" \/>\n<meta name=\"twitter:label1\" content=\"Verfasst von\" \/>\n\t<meta name=\"twitter:data1\" content=\"Tafeldeko Deko Team\" \/>\n\t<meta name=\"twitter:label2\" content=\"Gesch\u00e4tzte Lesezeit\" \/>\n\t<meta name=\"twitter:data2\" content=\"3 Minuten\" \/>\n<script type=\"application\/ld+json\" class=\"yoast-schema-graph\">{\"@context\":\"https:\/\/schema.org\",\"@graph\":[{\"@type\":\"WebPage\",\"@id\":\"https:\/\/www.tafeldeko.de\/news\/herbstliche-tischdeko\/\",\"url\":\"https:\/\/www.tafeldeko.de\/news\/herbstliche-tischdeko\/\",\"name\":\"Herbstliche Tischdeko in Braun und Orange - Tafeldeko\",\"isPartOf\":{\"@id\":\"https:\/\/www.tafeldeko.de\/news\/#website\"},\"datePublished\":\"2015-09-16T14:42:49+00:00\",\"dateModified\":\"2022-11-14T09:20:04+00:00\",\"author\":{\"@id\":\"https:\/\/www.tafeldeko.de\/news\/#\/schema\/person\/dc309fbb6a3e380919fc08342c3cc233\"},\"description\":\"Es reichen wenige Accessoires aus, um eine herbstliche Tischdeko in Braun und Orange zu kreieren - passend zu den Ideen findet ihr tolle...\",\"breadcrumb\":{\"@id\":\"https:\/\/www.tafeldeko.de\/news\/herbstliche-tischdeko\/#breadcrumb\"},\"inLanguage\":\"de-DE\",\"potentialAction\":[{\"@type\":\"ReadAction\",\"target\":[\"https:\/\/www.tafeldeko.de\/news\/herbstliche-tischdeko\/\"]}]},{\"@type\":\"BreadcrumbList\",\"@id\":\"https:\/\/www.tafeldeko.de\/news\/herbstliche-tischdeko\/#breadcrumb\",\"itemListElement\":[{\"@type\":\"ListItem\",\"position\":1,\"name\":\"Tafeldeko\",\"item\":\"https:\/\/www.tafeldeko.de\/news\/\"},{\"@type\":\"ListItem\",\"position\":2,\"name\":\"Alte Beitr\u00e4ge\",\"item\":\"https:\/\/www.tafeldeko.de\/news\/alte-beitraege\/\"},{\"@type\":\"ListItem\",\"position\":3,\"name\":\"Tischdeko - Blog\",\"item\":\"https:\/\/www.tafeldeko.de\/news\/alte-beitraege\/tischdeko-blog\/\"},{\"@type\":\"ListItem\",\"position\":4,\"name\":\"Herbstliche Tischdeko in Braun und Orange\"}]},{\"@type\":\"WebSite\",\"@id\":\"https:\/\/www.tafeldeko.de\/news\/#website\",\"url\":\"https:\/\/www.tafeldeko.de\/news\/\",\"name\":\"Tafeldeko\",\"description\":\"Blog mit Tischdeko und Tischdekoration Ideen\",\"potentialAction\":[{\"@type\":\"SearchAction\",\"target\":{\"@type\":\"EntryPoint\",\"urlTemplate\":\"https:\/\/www.tafeldeko.de\/news\/?s={search_term_string}\"},\"query-input\":\"required name=search_term_string\"}],\"inLanguage\":\"de-DE\"},{\"@type\":\"Person\",\"@id\":\"https:\/\/www.tafeldeko.de\/news\/#\/schema\/person\/dc309fbb6a3e380919fc08342c3cc233\",\"name\":\"Tafeldeko Deko Team\",\"image\":{\"@type\":\"ImageObject\",\"inLanguage\":\"de-DE\",\"@id\":\"https:\/\/www.tafeldeko.de\/news\/#\/schema\/person\/image\/\",\"url\":\"https:\/\/secure.gravatar.com\/avatar\/1e962f4040dc9996f0d200db31598854?s=96&d=mm&r=g\",\"contentUrl\":\"https:\/\/secure.gravatar.com\/avatar\/1e962f4040dc9996f0d200db31598854?s=96&d=mm&r=g\",\"caption\":\"Tafeldeko Deko Team\"}}]}<\/script>\n<!-- \/ Yoast SEO plugin. -->","yoast_head_json":{"title":"Herbstliche Tischdeko in Braun und Orange - Tafeldeko","description":"Es reichen wenige Accessoires aus, um eine herbstliche Tischdeko in Braun und Orange zu kreieren - passend zu den Ideen findet ihr tolle...","robots":{"index":"index","follow":"follow","max-snippet":"max-snippet:-1","max-image-preview":"max-image-preview:large","max-video-preview":"max-video-preview:-1"},"canonical":"https:\/\/www.tafeldeko.de\/news\/herbstliche-tischdeko\/","og_locale":"de_DE","og_type":"article","og_title":"Herbstliche Tischdeko in Braun und Orange - Tafeldeko","og_description":"Es reichen wenige Accessoires aus, um eine herbstliche Tischdeko in Braun und Orange zu kreieren - passend zu den Ideen findet ihr tolle...","og_url":"https:\/\/www.tafeldeko.de\/news\/herbstliche-tischdeko\/","og_site_name":"Tafeldeko","article_publisher":"https:\/\/www.facebook.com\/pages\/Tafeldeko-einzigartige-Tischdekoration\/174202655894","article_published_time":"2015-09-16T14:42:49+00:00","article_modified_time":"2022-11-14T09:20:04+00:00","og_image":[{"width":1000,"height":700,"url":"https:\/\/www.tafeldeko.de\/news\/wp-content\/uploads\/2015\/09\/herbst_orangebraun.jpg","type":"image\/jpeg"}],"author":"Tafeldeko Deko Team","twitter_misc":{"Verfasst von":"Tafeldeko Deko Team","Gesch\u00e4tzte Lesezeit":"3 Minuten"},"schema":{"@context":"https:\/\/schema.org","@graph":[{"@type":"WebPage","@id":"https:\/\/www.tafeldeko.de\/news\/herbstliche-tischdeko\/","url":"https:\/\/www.tafeldeko.de\/news\/herbstliche-tischdeko\/","name":"Herbstliche Tischdeko in Braun und Orange - Tafeldeko","isPartOf":{"@id":"https:\/\/www.tafeldeko.de\/news\/#website"},"datePublished":"2015-09-16T14:42:49+00:00","dateModified":"2022-11-14T09:20:04+00:00","author":{"@id":"https:\/\/www.tafeldeko.de\/news\/#\/schema\/person\/dc309fbb6a3e380919fc08342c3cc233"},"description":"Es reichen wenige Accessoires aus, um eine herbstliche Tischdeko in Braun und Orange zu kreieren - passend zu den Ideen findet ihr tolle...","breadcrumb":{"@id":"https:\/\/www.tafeldeko.de\/news\/herbstliche-tischdeko\/#breadcrumb"},"inLanguage":"de-DE","potentialAction":[{"@type":"ReadAction","target":["https:\/\/www.tafeldeko.de\/news\/herbstliche-tischdeko\/"]}]},{"@type":"BreadcrumbList","@id":"https:\/\/www.tafeldeko.de\/news\/herbstliche-tischdeko\/#breadcrumb","itemListElement":[{"@type":"ListItem","position":1,"name":"Tafeldeko","item":"https:\/\/www.tafeldeko.de\/news\/"},{"@type":"ListItem","position":2,"name":"Alte Beitr\u00e4ge","item":"https:\/\/www.tafeldeko.de\/news\/alte-beitraege\/"},{"@type":"ListItem","position":3,"name":"Tischdeko - Blog","item":"https:\/\/www.tafeldeko.de\/news\/alte-beitraege\/tischdeko-blog\/"},{"@type":"ListItem","position":4,"name":"Herbstliche Tischdeko in Braun und Orange"}]},{"@type":"WebSite","@id":"https:\/\/www.tafeldeko.de\/news\/#website","url":"https:\/\/www.tafeldeko.de\/news\/","name":"Tafeldeko","description":"Blog mit Tischdeko und Tischdekoration Ideen","potentialAction":[{"@type":"SearchAction","target":{"@type":"EntryPoint","urlTemplate":"https:\/\/www.tafeldeko.de\/news\/?s={search_term_string}"},"query-input":"required name=search_term_string"}],"inLanguage":"de-DE"},{"@type":"Person","@id":"https:\/\/www.tafeldeko.de\/news\/#\/schema\/person\/dc309fbb6a3e380919fc08342c3cc233","name":"Tafeldeko Deko Team","image":{"@type":"ImageObject","inLanguage":"de-DE","@id":"https:\/\/www.tafeldeko.de\/news\/#\/schema\/person\/image\/","url":"https:\/\/secure.gravatar.com\/avatar\/1e962f4040dc9996f0d200db31598854?s=96&d=mm&r=g","contentUrl":"https:\/\/secure.gravatar.com\/avatar\/1e962f4040dc9996f0d200db31598854?s=96&d=mm&r=g","caption":"Tafeldeko Deko Team"}}]}},"_links":{"self":[{"href":"https:\/\/www.tafeldeko.de\/news\/wp-json\/wp\/v2\/posts\/6617"}],"collection":[{"href":"https:\/\/www.tafeldeko.de\/news\/wp-json\/wp\/v2\/posts"}],"about":[{"href":"https:\/\/www.tafeldeko.de\/news\/wp-json\/wp\/v2\/types\/post"}],"author":[{"embeddable":true,"href":"https:\/\/www.tafeldeko.de\/news\/wp-json\/wp\/v2\/users\/6"}],"replies":[{"embeddable":true,"href":"https:\/\/www.tafeldeko.de\/news\/wp-json\/wp\/v2\/comments?post=6617"}],"version-history":[{"count":10,"href":"https:\/\/www.tafeldeko.de\/news\/wp-json\/wp\/v2\/posts\/6617\/revisions"}],"predecessor-version":[{"id":21571,"href":"https:\/\/www.tafeldeko.de\/news\/wp-json\/wp\/v2\/posts\/6617\/revisions\/21571"}],"wp:featuredmedia":[{"embeddable":true,"href":"https:\/\/www.tafeldeko.de\/news\/wp-json\/wp\/v2\/media\/6618"}],"wp:attachment":[{"href":"https:\/\/www.tafeldeko.de\/news\/wp-json\/wp\/v2\/media?parent=6617"}],"wp:term":[{"taxonomy":"category","embeddable":true,"href":"https:\/\/www.tafeldeko.de\/news\/wp-json\/wp\/v2\/categories?post=6617"},{"taxonomy":"post_tag","embeddable":true,"href":"https:\/\/www.tafeldeko.de\/news\/wp-json\/wp\/v2\/tags?post=6617"}],"curies":[{"name":"wp","href":"https:\/\/api.w.org\/{rel}","templated":true}]}}