{"id":6586,"date":"2015-09-07T09:29:12","date_gmt":"2015-09-07T07:29:12","guid":{"rendered":"http:\/\/www.tafeldeko.de\/news\/?p=6586"},"modified":"2022-11-14T11:10:49","modified_gmt":"2022-11-14T10:10:49","slug":"tischdeko-oktober-blau-weiss-gruesst","status":"publish","type":"post","link":"https:\/\/www.tafeldeko.de\/news\/tischdeko-oktober-blau-weiss-gruesst\/","title":{"rendered":"Tischdeko Oktober \u2013 blau-wei\u00df gr\u00fc\u00dft"},"content":{"rendered":"<p>Auf der Suche nach einer <strong>Tischdeko Oktober blau-wei\u00df<\/strong> landet man garantiert bei der bayrischen Tischdeko, abgestimmt auf die gro\u00dfe Festivit\u00e4t M\u00fcnchens, dem <strong>Oktoberfest<\/strong>. Naja, das Oktoberfest beginnt zwar bereits im September, doch das urspr\u00fcngliche Oktoberfest wurde im Oktober gefeiert. Heute beginnt das Fest genau einen Monat vorher, da die teilweise miese, auch gerne als \u201eM\u00fcnchner Sauwetter\u201c bezeichnete, Witterung schon den einen oder anderen Schneesturm im Oktober brachte. Bei der Tischdeko Oktober ist man da doch unabh\u00e4ngig vom Wetter. Ein sch\u00f6n gedeckter Tisch begeistert zu jeder Jahreszeit, ganz gleich, ob es drau\u00dfen regnet, st\u00fcrmt oder schneit. Die typische Tischdeko beim Oktoberfest pr\u00e4sentiert sich in <strong>Blau und Wei\u00df<\/strong>, genau genommen in dem wohl jedem bekannten <strong>Rautenmuster<\/strong>.<\/p>\n<p><img decoding=\"async\" loading=\"lazy\" src=\"https:\/\/www.tafeldeko.de\/news\/wp-content\/uploads\/2015\/09\/servietten_heimat.jpg\" sizes=\"(max-width: 250px) 100vw, 250px\" srcset=\"https:\/\/www.tafeldeko.de\/news\/wp-content\/uploads\/2015\/09\/servietten_heimat.jpg 250w, https:\/\/www.tafeldeko.de\/news\/wp-content\/uploads\/2015\/09\/servietten_heimat-150x150.jpg 150w\" alt=\"Tischdeko Oktober blau-wei\u00df\" width=\"250\" height=\"250\" \/><\/p>\n<h2>Die Tischdeko Oktober blau-wei\u00df und die Heimat l\u00e4sst gr\u00fc\u00dfen<\/h2>\n<p>Wer die Tischdeko Oktober blau-wei\u00df ausstattet, wird zuallererst an das Rautenmuster denken. Doch es gibt viele andere, sch\u00f6ne M\u00f6glichkeiten, die Tischdeko im Oktober zu gestalten und sie mit Blickf\u00e4ngen zu versehen. Die <strong>Servietten Heimat Herz Blau<\/strong> sehen wundersch\u00f6n aus und vereinen die Oktoberfest-Charakteristik mit dem l\u00e4ndlich, rustikalen Flair einer tollen Tischdeko. Ein Herz, verziert mit Edelwei\u00df und Schleife, verleiht dieser Serviette einen <strong>wundersch\u00f6nen Effekt<\/strong> und beweist, dass diese Serviette bei der l\u00e4ndlich rustikalen <a href=\"https:\/\/www.tafeldeko.de\" target=\"_blank\" rel=\"noopener\"><strong>Tischdeko<\/strong><\/a> Oktober auf keinem Fall fehlen sollte.<br \/>\nWer f\u00fcr weitere Effekte auf dem Tisch sorgen m\u00f6chte, kann dies mit der tollen Streudeko, die Tafeldeko im Shop zum Thema \u201eOktoberfest\u201c anbietet. Brezeln aus Filz, Dirndl in verschiedenen Farben, ebenfalls aus Filz, Lederhosen, Trachtenh\u00fcte und bayrische Dekoherzen aus Holz zum Aufh\u00e4ngen sind nur einige der Accessoires, die f\u00fcr die <strong>ausdrucksstarken Hingucker<\/strong> auf dem Tisch sorgen. Diverse Dekofiguren, beispielsweise die bayrischen B\u00e4ren, Deko Kuhglocken und Deko Hirsche bieten ebenfalls eine tolle M\u00f6glichkeit, f\u00fcr starke Akzente auf dem gedeckten Tisch zu sorgen.<br \/>\nDie Tischdeko Oktober l\u00e4dt zum Feiern ein und verbreitet bei Ihren G\u00e4sten garantiert gute Laune. Mit passender Musik und gutem Essen wird das Fest zu einem tollen Erlebnis.<\/p>\n<h2>Weitere Beitr\u00e4ge:<\/h2>\n<h2>Dekoartikel von A-Z<\/h2>\n<p><a href=\"https:\/\/www.tafeldeko.de\/tischdeko-artikel\/\"><br \/>\nJetzt entdecken <\/a><\/p>\n","protected":false},"excerpt":{"rendered":"<p>Auf der Suche nach einer Tischdeko Oktober blau-wei\u00df landet man garantiert bei der bayrischen Tischdeko, abgestimmt auf die gro\u00dfe Festivit\u00e4t M\u00fcnchens, dem Oktoberfest. Naja, das Oktoberfest beginnt zwar bereits im September, doch das urspr\u00fcngliche Oktoberfest wurde im Oktober gefeiert. Heute beginnt das Fest genau einen Monat vorher, da die teilweise miese, auch gerne als \u201eM\u00fcnchner [&hellip;]<\/p>\n","protected":false},"author":6,"featured_media":6587,"comment_status":"closed","ping_status":"closed","sticky":false,"template":"","format":"standard","meta":{"footnotes":""},"categories":[1],"tags":[],"yoast_head":"<!-- This site is optimized with the Yoast SEO plugin v20.4 - https:\/\/yoast.com\/wordpress\/plugins\/seo\/ -->\n<title>Tischdeko Oktober \u2013 blau-wei\u00df gr\u00fc\u00dft - Tafeldeko<\/title>\n<meta name=\"description\" content=\"Wer die Tischdeko Oktober blau-wei\u00df ausstattet, wird zuallererst an das Rautenmuster denken. Doch es gibt viele andere, sch\u00f6ne M\u00f6glichkeiten.\" \/>\n<meta name=\"robots\" content=\"index, follow, max-snippet:-1, max-image-preview:large, max-video-preview:-1\" \/>\n<link rel=\"canonical\" href=\"https:\/\/www.tafeldeko.de\/news\/tischdeko-oktober-blau-weiss-gruesst\/\" \/>\n<meta property=\"og:locale\" content=\"de_DE\" \/>\n<meta property=\"og:type\" content=\"article\" \/>\n<meta property=\"og:title\" content=\"Tischdeko Oktober \u2013 blau-wei\u00df gr\u00fc\u00dft - Tafeldeko\" \/>\n<meta property=\"og:description\" content=\"Wer die Tischdeko Oktober blau-wei\u00df ausstattet, wird zuallererst an das Rautenmuster denken. Doch es gibt viele andere, sch\u00f6ne M\u00f6glichkeiten.\" \/>\n<meta property=\"og:url\" content=\"https:\/\/www.tafeldeko.de\/news\/tischdeko-oktober-blau-weiss-gruesst\/\" \/>\n<meta property=\"og:site_name\" content=\"Tafeldeko\" \/>\n<meta property=\"article:publisher\" content=\"https:\/\/www.facebook.com\/pages\/Tafeldeko-einzigartige-Tischdekoration\/174202655894\" \/>\n<meta property=\"article:published_time\" content=\"2015-09-07T07:29:12+00:00\" \/>\n<meta property=\"article:modified_time\" content=\"2022-11-14T10:10:49+00:00\" \/>\n<meta property=\"og:image\" content=\"https:\/\/www.tafeldeko.de\/news\/wp-content\/uploads\/2015\/09\/servietten_heimat.jpg\" \/>\n\t<meta property=\"og:image:width\" content=\"250\" \/>\n\t<meta property=\"og:image:height\" content=\"250\" \/>\n\t<meta property=\"og:image:type\" content=\"image\/jpeg\" \/>\n<meta name=\"author\" content=\"Tafeldeko Deko Team\" \/>\n<meta name=\"twitter:label1\" content=\"Verfasst von\" \/>\n\t<meta name=\"twitter:data1\" content=\"Tafeldeko Deko Team\" \/>\n\t<meta name=\"twitter:label2\" content=\"Gesch\u00e4tzte Lesezeit\" \/>\n\t<meta name=\"twitter:data2\" content=\"2 Minuten\" \/>\n<script type=\"application\/ld+json\" class=\"yoast-schema-graph\">{\"@context\":\"https:\/\/schema.org\",\"@graph\":[{\"@type\":\"WebPage\",\"@id\":\"https:\/\/www.tafeldeko.de\/news\/tischdeko-oktober-blau-weiss-gruesst\/\",\"url\":\"https:\/\/www.tafeldeko.de\/news\/tischdeko-oktober-blau-weiss-gruesst\/\",\"name\":\"Tischdeko Oktober \u2013 blau-wei\u00df gr\u00fc\u00dft - Tafeldeko\",\"isPartOf\":{\"@id\":\"https:\/\/www.tafeldeko.de\/news\/#website\"},\"datePublished\":\"2015-09-07T07:29:12+00:00\",\"dateModified\":\"2022-11-14T10:10:49+00:00\",\"author\":{\"@id\":\"https:\/\/www.tafeldeko.de\/news\/#\/schema\/person\/dc309fbb6a3e380919fc08342c3cc233\"},\"description\":\"Wer die Tischdeko Oktober blau-wei\u00df ausstattet, wird zuallererst an das Rautenmuster denken. Doch es gibt viele andere, sch\u00f6ne M\u00f6glichkeiten.\",\"breadcrumb\":{\"@id\":\"https:\/\/www.tafeldeko.de\/news\/tischdeko-oktober-blau-weiss-gruesst\/#breadcrumb\"},\"inLanguage\":\"de-DE\",\"potentialAction\":[{\"@type\":\"ReadAction\",\"target\":[\"https:\/\/www.tafeldeko.de\/news\/tischdeko-oktober-blau-weiss-gruesst\/\"]}]},{\"@type\":\"BreadcrumbList\",\"@id\":\"https:\/\/www.tafeldeko.de\/news\/tischdeko-oktober-blau-weiss-gruesst\/#breadcrumb\",\"itemListElement\":[{\"@type\":\"ListItem\",\"position\":1,\"name\":\"Tafeldeko\",\"item\":\"https:\/\/www.tafeldeko.de\/news\/\"},{\"@type\":\"ListItem\",\"position\":2,\"name\":\"Alte Beitr\u00e4ge\",\"item\":\"https:\/\/www.tafeldeko.de\/news\/alte-beitraege\/\"},{\"@type\":\"ListItem\",\"position\":3,\"name\":\"Tischdeko - Blog\",\"item\":\"https:\/\/www.tafeldeko.de\/news\/alte-beitraege\/tischdeko-blog\/\"},{\"@type\":\"ListItem\",\"position\":4,\"name\":\"Tischdeko Oktober \u2013 blau-wei\u00df gr\u00fc\u00dft\"}]},{\"@type\":\"WebSite\",\"@id\":\"https:\/\/www.tafeldeko.de\/news\/#website\",\"url\":\"https:\/\/www.tafeldeko.de\/news\/\",\"name\":\"Tafeldeko\",\"description\":\"Blog mit Tischdeko und Tischdekoration Ideen\",\"potentialAction\":[{\"@type\":\"SearchAction\",\"target\":{\"@type\":\"EntryPoint\",\"urlTemplate\":\"https:\/\/www.tafeldeko.de\/news\/?s={search_term_string}\"},\"query-input\":\"required name=search_term_string\"}],\"inLanguage\":\"de-DE\"},{\"@type\":\"Person\",\"@id\":\"https:\/\/www.tafeldeko.de\/news\/#\/schema\/person\/dc309fbb6a3e380919fc08342c3cc233\",\"name\":\"Tafeldeko Deko Team\",\"image\":{\"@type\":\"ImageObject\",\"inLanguage\":\"de-DE\",\"@id\":\"https:\/\/www.tafeldeko.de\/news\/#\/schema\/person\/image\/\",\"url\":\"https:\/\/secure.gravatar.com\/avatar\/1e962f4040dc9996f0d200db31598854?s=96&d=mm&r=g\",\"contentUrl\":\"https:\/\/secure.gravatar.com\/avatar\/1e962f4040dc9996f0d200db31598854?s=96&d=mm&r=g\",\"caption\":\"Tafeldeko Deko Team\"}}]}<\/script>\n<!-- \/ Yoast SEO plugin. -->","yoast_head_json":{"title":"Tischdeko Oktober \u2013 blau-wei\u00df gr\u00fc\u00dft - Tafeldeko","description":"Wer die Tischdeko Oktober blau-wei\u00df ausstattet, wird zuallererst an das Rautenmuster denken. Doch es gibt viele andere, sch\u00f6ne M\u00f6glichkeiten.","robots":{"index":"index","follow":"follow","max-snippet":"max-snippet:-1","max-image-preview":"max-image-preview:large","max-video-preview":"max-video-preview:-1"},"canonical":"https:\/\/www.tafeldeko.de\/news\/tischdeko-oktober-blau-weiss-gruesst\/","og_locale":"de_DE","og_type":"article","og_title":"Tischdeko Oktober \u2013 blau-wei\u00df gr\u00fc\u00dft - Tafeldeko","og_description":"Wer die Tischdeko Oktober blau-wei\u00df ausstattet, wird zuallererst an das Rautenmuster denken. Doch es gibt viele andere, sch\u00f6ne M\u00f6glichkeiten.","og_url":"https:\/\/www.tafeldeko.de\/news\/tischdeko-oktober-blau-weiss-gruesst\/","og_site_name":"Tafeldeko","article_publisher":"https:\/\/www.facebook.com\/pages\/Tafeldeko-einzigartige-Tischdekoration\/174202655894","article_published_time":"2015-09-07T07:29:12+00:00","article_modified_time":"2022-11-14T10:10:49+00:00","og_image":[{"width":250,"height":250,"url":"https:\/\/www.tafeldeko.de\/news\/wp-content\/uploads\/2015\/09\/servietten_heimat.jpg","type":"image\/jpeg"}],"author":"Tafeldeko Deko Team","twitter_misc":{"Verfasst von":"Tafeldeko Deko Team","Gesch\u00e4tzte Lesezeit":"2 Minuten"},"schema":{"@context":"https:\/\/schema.org","@graph":[{"@type":"WebPage","@id":"https:\/\/www.tafeldeko.de\/news\/tischdeko-oktober-blau-weiss-gruesst\/","url":"https:\/\/www.tafeldeko.de\/news\/tischdeko-oktober-blau-weiss-gruesst\/","name":"Tischdeko Oktober \u2013 blau-wei\u00df gr\u00fc\u00dft - Tafeldeko","isPartOf":{"@id":"https:\/\/www.tafeldeko.de\/news\/#website"},"datePublished":"2015-09-07T07:29:12+00:00","dateModified":"2022-11-14T10:10:49+00:00","author":{"@id":"https:\/\/www.tafeldeko.de\/news\/#\/schema\/person\/dc309fbb6a3e380919fc08342c3cc233"},"description":"Wer die Tischdeko Oktober blau-wei\u00df ausstattet, wird zuallererst an das Rautenmuster denken. Doch es gibt viele andere, sch\u00f6ne M\u00f6glichkeiten.","breadcrumb":{"@id":"https:\/\/www.tafeldeko.de\/news\/tischdeko-oktober-blau-weiss-gruesst\/#breadcrumb"},"inLanguage":"de-DE","potentialAction":[{"@type":"ReadAction","target":["https:\/\/www.tafeldeko.de\/news\/tischdeko-oktober-blau-weiss-gruesst\/"]}]},{"@type":"BreadcrumbList","@id":"https:\/\/www.tafeldeko.de\/news\/tischdeko-oktober-blau-weiss-gruesst\/#breadcrumb","itemListElement":[{"@type":"ListItem","position":1,"name":"Tafeldeko","item":"https:\/\/www.tafeldeko.de\/news\/"},{"@type":"ListItem","position":2,"name":"Alte Beitr\u00e4ge","item":"https:\/\/www.tafeldeko.de\/news\/alte-beitraege\/"},{"@type":"ListItem","position":3,"name":"Tischdeko - Blog","item":"https:\/\/www.tafeldeko.de\/news\/alte-beitraege\/tischdeko-blog\/"},{"@type":"ListItem","position":4,"name":"Tischdeko Oktober \u2013 blau-wei\u00df gr\u00fc\u00dft"}]},{"@type":"WebSite","@id":"https:\/\/www.tafeldeko.de\/news\/#website","url":"https:\/\/www.tafeldeko.de\/news\/","name":"Tafeldeko","description":"Blog mit Tischdeko und Tischdekoration Ideen","potentialAction":[{"@type":"SearchAction","target":{"@type":"EntryPoint","urlTemplate":"https:\/\/www.tafeldeko.de\/news\/?s={search_term_string}"},"query-input":"required name=search_term_string"}],"inLanguage":"de-DE"},{"@type":"Person","@id":"https:\/\/www.tafeldeko.de\/news\/#\/schema\/person\/dc309fbb6a3e380919fc08342c3cc233","name":"Tafeldeko Deko Team","image":{"@type":"ImageObject","inLanguage":"de-DE","@id":"https:\/\/www.tafeldeko.de\/news\/#\/schema\/person\/image\/","url":"https:\/\/secure.gravatar.com\/avatar\/1e962f4040dc9996f0d200db31598854?s=96&d=mm&r=g","contentUrl":"https:\/\/secure.gravatar.com\/avatar\/1e962f4040dc9996f0d200db31598854?s=96&d=mm&r=g","caption":"Tafeldeko Deko Team"}}]}},"_links":{"self":[{"href":"https:\/\/www.tafeldeko.de\/news\/wp-json\/wp\/v2\/posts\/6586"}],"collection":[{"href":"https:\/\/www.tafeldeko.de\/news\/wp-json\/wp\/v2\/posts"}],"about":[{"href":"https:\/\/www.tafeldeko.de\/news\/wp-json\/wp\/v2\/types\/post"}],"author":[{"embeddable":true,"href":"https:\/\/www.tafeldeko.de\/news\/wp-json\/wp\/v2\/users\/6"}],"replies":[{"embeddable":true,"href":"https:\/\/www.tafeldeko.de\/news\/wp-json\/wp\/v2\/comments?post=6586"}],"version-history":[{"count":6,"href":"https:\/\/www.tafeldeko.de\/news\/wp-json\/wp\/v2\/posts\/6586\/revisions"}],"predecessor-version":[{"id":21591,"href":"https:\/\/www.tafeldeko.de\/news\/wp-json\/wp\/v2\/posts\/6586\/revisions\/21591"}],"wp:featuredmedia":[{"embeddable":true,"href":"https:\/\/www.tafeldeko.de\/news\/wp-json\/wp\/v2\/media\/6587"}],"wp:attachment":[{"href":"https:\/\/www.tafeldeko.de\/news\/wp-json\/wp\/v2\/media?parent=6586"}],"wp:term":[{"taxonomy":"category","embeddable":true,"href":"https:\/\/www.tafeldeko.de\/news\/wp-json\/wp\/v2\/categories?post=6586"},{"taxonomy":"post_tag","embeddable":true,"href":"https:\/\/www.tafeldeko.de\/news\/wp-json\/wp\/v2\/tags?post=6586"}],"curies":[{"name":"wp","href":"https:\/\/api.w.org\/{rel}","templated":true}]}}