{"id":6557,"date":"2015-08-19T12:48:15","date_gmt":"2015-08-19T10:48:15","guid":{"rendered":"http:\/\/www.tafeldeko.de\/news\/?p=6557"},"modified":"2015-08-28T12:56:40","modified_gmt":"2015-08-28T10:56:40","slug":"geburtstagssprueche-fuer-besondere-menschen","status":"publish","type":"post","link":"https:\/\/www.tafeldeko.de\/news\/geburtstagssprueche-fuer-besondere-menschen\/","title":{"rendered":"Geburtstagsspr\u00fcche f\u00fcr besondere Menschen"},"content":{"rendered":"<p>Wer Geburtstag hat, ist die Hauptperson an diesem Tag und wird sich \u00fcber <strong>Geburtstagsspr\u00fcche<\/strong> freuen. Spr\u00fcche erfreuen das Herz und sorgen f\u00fcr eine Portion Besonderheit. Dar\u00fcber hinaus zeigt man einem besonderen Menschen, wie gerne man ihn hat. Geburtstagsspr\u00fcche gibt es f\u00fcr jedes Alter, f\u00fcr unterschiedliche Charaktere, von lustig bis hin zu Standard-Worten &#8211; es ist alles m\u00f6glich. Um beim Geburtstagskind f\u00fcr ein besonderes Geschenk, sprich Gesamtpaket zu sorgen, ist die <strong>Liebe zum Detail<\/strong> gefragt. Neben einem materiellen Geschenk, wenn es auch nur eine Kleinigkeit ist, sollte auch eine perfekte Aufmachung her. Damit ist gemeint, dass man sowohl sch\u00f6nes Geschenkpapier aussucht als auch f\u00fcr das gewisse Etwas sorgt &#8211; in welcher Form auch immer. Geburtstagsspr\u00fcche sind hierf\u00fcr genau das Richtige.<\/p>\n<h2>Geburtstagsspr\u00fcche &#8211; lieb gemeinte Worte<\/h2>\n<p>Klappt man beispielsweise die geschenkte Geburtstagskarte auf und liest die lieb gemeinten Worte, dann ist dies sehr sch\u00f6n. Geburtstagsspr\u00fcche tragen hier einen gro\u00dfen Faktor dazu bei, denn Standardverse sind langweilig. \u201eHerzlichen Gl\u00fcckwunsch\u201c oder auch \u201eAlles Gute\u201c liest man viel zu oft und es muss etwas Neues her.<br \/>\nGeburtstagsspr\u00fcche kann man selbst schreiben oder man schaut sich im Internet um. Da gibt es spezielle Seiten, die sich dies zur Hauptaufgabe gemacht haben und stellen zahlreiche Spr\u00fcche zu den unterschiedlichsten Kategorien dar. Des Weiteren kann man die <strong>Geburtstagskarte selbst kreieren<\/strong> und eine individuelle Karte f\u00fcr das Geburtstagskind zaubern- ganz gleichg\u00fcltig wie alt die Person letztlich wird.<br \/>\nGeburtstage sollte man so feiern, wie sie fallen und dies am besten mit seinen Liebsten. Man kann mit der Familie, mit Freunden und Bekannten bei Kaffee und Kuchen gemeinsam feiern oder man veranstaltet zum Beispiel eine Party. Auch eine <strong>Mottoparty<\/strong> ist eine sch\u00f6ne M\u00f6glichkeit um den Ehrentag in einem angemessenen Rahmen zu feiern. Wer m\u00f6chte, kann seine G\u00e4ste schriftlich und formal einladen und ihnen eine <strong>aussagekr\u00e4ftige Geburtstagseinladung<\/strong> \u00fcberreichen. Wie man feststellen kann, ist vieles m\u00f6glich und jeder kann f\u00fcr sich selbst entscheiden, wie der Geburtstag letztlich \u00fcber die B\u00fchne gehen soll.<\/p>\n","protected":false},"excerpt":{"rendered":"<p>Wer Geburtstag hat, ist die Hauptperson an diesem Tag und wird sich \u00fcber Geburtstagsspr\u00fcche freuen. Spr\u00fcche erfreuen das Herz und sorgen f\u00fcr eine Portion Besonderheit. Dar\u00fcber hinaus zeigt man einem besonderen Menschen, wie gerne man ihn hat. Geburtstagsspr\u00fcche gibt es f\u00fcr jedes Alter, f\u00fcr unterschiedliche Charaktere, von lustig bis hin zu Standard-Worten &#8211; es ist [&hellip;]<\/p>\n","protected":false},"author":6,"featured_media":0,"comment_status":"closed","ping_status":"closed","sticky":false,"template":"","format":"standard","meta":{"footnotes":""},"categories":[1],"tags":[],"yoast_head":"<!-- This site is optimized with the Yoast SEO plugin v20.4 - https:\/\/yoast.com\/wordpress\/plugins\/seo\/ -->\n<title>Geburtstagsspr\u00fcche f\u00fcr besondere Menschen - Tafeldeko<\/title>\n<meta name=\"description\" content=\"Geburtstagsspr\u00fcche kann man selbst schreiben oder man schaut sich im Internet um - denn es sollten nicht immer nur die Standardspr\u00fcche sein.\" \/>\n<meta name=\"robots\" content=\"index, follow, max-snippet:-1, max-image-preview:large, max-video-preview:-1\" \/>\n<link rel=\"canonical\" href=\"https:\/\/www.tafeldeko.de\/news\/geburtstagssprueche-fuer-besondere-menschen\/\" \/>\n<meta property=\"og:locale\" content=\"de_DE\" \/>\n<meta property=\"og:type\" content=\"article\" \/>\n<meta property=\"og:title\" content=\"Geburtstagsspr\u00fcche f\u00fcr besondere Menschen - Tafeldeko\" \/>\n<meta property=\"og:description\" content=\"Geburtstagsspr\u00fcche kann man selbst schreiben oder man schaut sich im Internet um - denn es sollten nicht immer nur die Standardspr\u00fcche sein.\" \/>\n<meta property=\"og:url\" content=\"https:\/\/www.tafeldeko.de\/news\/geburtstagssprueche-fuer-besondere-menschen\/\" \/>\n<meta property=\"og:site_name\" content=\"Tafeldeko\" \/>\n<meta property=\"article:publisher\" content=\"https:\/\/www.facebook.com\/pages\/Tafeldeko-einzigartige-Tischdekoration\/174202655894\" \/>\n<meta property=\"article:published_time\" content=\"2015-08-19T10:48:15+00:00\" \/>\n<meta property=\"article:modified_time\" content=\"2015-08-28T10:56:40+00:00\" \/>\n<meta name=\"author\" content=\"Tafeldeko Deko Team\" \/>\n<meta name=\"twitter:label1\" content=\"Verfasst von\" \/>\n\t<meta name=\"twitter:data1\" content=\"Tafeldeko Deko Team\" \/>\n\t<meta name=\"twitter:label2\" content=\"Gesch\u00e4tzte Lesezeit\" \/>\n\t<meta name=\"twitter:data2\" content=\"2 Minuten\" \/>\n<script type=\"application\/ld+json\" class=\"yoast-schema-graph\">{\"@context\":\"https:\/\/schema.org\",\"@graph\":[{\"@type\":\"WebPage\",\"@id\":\"https:\/\/www.tafeldeko.de\/news\/geburtstagssprueche-fuer-besondere-menschen\/\",\"url\":\"https:\/\/www.tafeldeko.de\/news\/geburtstagssprueche-fuer-besondere-menschen\/\",\"name\":\"Geburtstagsspr\u00fcche f\u00fcr besondere Menschen - Tafeldeko\",\"isPartOf\":{\"@id\":\"https:\/\/www.tafeldeko.de\/news\/#website\"},\"datePublished\":\"2015-08-19T10:48:15+00:00\",\"dateModified\":\"2015-08-28T10:56:40+00:00\",\"author\":{\"@id\":\"https:\/\/www.tafeldeko.de\/news\/#\/schema\/person\/dc309fbb6a3e380919fc08342c3cc233\"},\"description\":\"Geburtstagsspr\u00fcche kann man selbst schreiben oder man schaut sich im Internet um - denn es sollten nicht immer nur die Standardspr\u00fcche sein.\",\"breadcrumb\":{\"@id\":\"https:\/\/www.tafeldeko.de\/news\/geburtstagssprueche-fuer-besondere-menschen\/#breadcrumb\"},\"inLanguage\":\"de-DE\",\"potentialAction\":[{\"@type\":\"ReadAction\",\"target\":[\"https:\/\/www.tafeldeko.de\/news\/geburtstagssprueche-fuer-besondere-menschen\/\"]}]},{\"@type\":\"BreadcrumbList\",\"@id\":\"https:\/\/www.tafeldeko.de\/news\/geburtstagssprueche-fuer-besondere-menschen\/#breadcrumb\",\"itemListElement\":[{\"@type\":\"ListItem\",\"position\":1,\"name\":\"Tafeldeko\",\"item\":\"https:\/\/www.tafeldeko.de\/news\/\"},{\"@type\":\"ListItem\",\"position\":2,\"name\":\"Alte Beitr\u00e4ge\",\"item\":\"https:\/\/www.tafeldeko.de\/news\/alte-beitraege\/\"},{\"@type\":\"ListItem\",\"position\":3,\"name\":\"Tischdeko - Blog\",\"item\":\"https:\/\/www.tafeldeko.de\/news\/alte-beitraege\/tischdeko-blog\/\"},{\"@type\":\"ListItem\",\"position\":4,\"name\":\"Geburtstagsspr\u00fcche f\u00fcr besondere Menschen\"}]},{\"@type\":\"WebSite\",\"@id\":\"https:\/\/www.tafeldeko.de\/news\/#website\",\"url\":\"https:\/\/www.tafeldeko.de\/news\/\",\"name\":\"Tafeldeko\",\"description\":\"Blog mit Tischdeko und Tischdekoration Ideen\",\"potentialAction\":[{\"@type\":\"SearchAction\",\"target\":{\"@type\":\"EntryPoint\",\"urlTemplate\":\"https:\/\/www.tafeldeko.de\/news\/?s={search_term_string}\"},\"query-input\":\"required name=search_term_string\"}],\"inLanguage\":\"de-DE\"},{\"@type\":\"Person\",\"@id\":\"https:\/\/www.tafeldeko.de\/news\/#\/schema\/person\/dc309fbb6a3e380919fc08342c3cc233\",\"name\":\"Tafeldeko Deko Team\",\"image\":{\"@type\":\"ImageObject\",\"inLanguage\":\"de-DE\",\"@id\":\"https:\/\/www.tafeldeko.de\/news\/#\/schema\/person\/image\/\",\"url\":\"https:\/\/secure.gravatar.com\/avatar\/1e962f4040dc9996f0d200db31598854?s=96&d=mm&r=g\",\"contentUrl\":\"https:\/\/secure.gravatar.com\/avatar\/1e962f4040dc9996f0d200db31598854?s=96&d=mm&r=g\",\"caption\":\"Tafeldeko Deko Team\"}}]}<\/script>\n<!-- \/ Yoast SEO plugin. -->","yoast_head_json":{"title":"Geburtstagsspr\u00fcche f\u00fcr besondere Menschen - Tafeldeko","description":"Geburtstagsspr\u00fcche kann man selbst schreiben oder man schaut sich im Internet um - denn es sollten nicht immer nur die Standardspr\u00fcche sein.","robots":{"index":"index","follow":"follow","max-snippet":"max-snippet:-1","max-image-preview":"max-image-preview:large","max-video-preview":"max-video-preview:-1"},"canonical":"https:\/\/www.tafeldeko.de\/news\/geburtstagssprueche-fuer-besondere-menschen\/","og_locale":"de_DE","og_type":"article","og_title":"Geburtstagsspr\u00fcche f\u00fcr besondere Menschen - Tafeldeko","og_description":"Geburtstagsspr\u00fcche kann man selbst schreiben oder man schaut sich im Internet um - denn es sollten nicht immer nur die Standardspr\u00fcche sein.","og_url":"https:\/\/www.tafeldeko.de\/news\/geburtstagssprueche-fuer-besondere-menschen\/","og_site_name":"Tafeldeko","article_publisher":"https:\/\/www.facebook.com\/pages\/Tafeldeko-einzigartige-Tischdekoration\/174202655894","article_published_time":"2015-08-19T10:48:15+00:00","article_modified_time":"2015-08-28T10:56:40+00:00","author":"Tafeldeko Deko Team","twitter_misc":{"Verfasst von":"Tafeldeko Deko Team","Gesch\u00e4tzte Lesezeit":"2 Minuten"},"schema":{"@context":"https:\/\/schema.org","@graph":[{"@type":"WebPage","@id":"https:\/\/www.tafeldeko.de\/news\/geburtstagssprueche-fuer-besondere-menschen\/","url":"https:\/\/www.tafeldeko.de\/news\/geburtstagssprueche-fuer-besondere-menschen\/","name":"Geburtstagsspr\u00fcche f\u00fcr besondere Menschen - Tafeldeko","isPartOf":{"@id":"https:\/\/www.tafeldeko.de\/news\/#website"},"datePublished":"2015-08-19T10:48:15+00:00","dateModified":"2015-08-28T10:56:40+00:00","author":{"@id":"https:\/\/www.tafeldeko.de\/news\/#\/schema\/person\/dc309fbb6a3e380919fc08342c3cc233"},"description":"Geburtstagsspr\u00fcche kann man selbst schreiben oder man schaut sich im Internet um - denn es sollten nicht immer nur die Standardspr\u00fcche sein.","breadcrumb":{"@id":"https:\/\/www.tafeldeko.de\/news\/geburtstagssprueche-fuer-besondere-menschen\/#breadcrumb"},"inLanguage":"de-DE","potentialAction":[{"@type":"ReadAction","target":["https:\/\/www.tafeldeko.de\/news\/geburtstagssprueche-fuer-besondere-menschen\/"]}]},{"@type":"BreadcrumbList","@id":"https:\/\/www.tafeldeko.de\/news\/geburtstagssprueche-fuer-besondere-menschen\/#breadcrumb","itemListElement":[{"@type":"ListItem","position":1,"name":"Tafeldeko","item":"https:\/\/www.tafeldeko.de\/news\/"},{"@type":"ListItem","position":2,"name":"Alte Beitr\u00e4ge","item":"https:\/\/www.tafeldeko.de\/news\/alte-beitraege\/"},{"@type":"ListItem","position":3,"name":"Tischdeko - Blog","item":"https:\/\/www.tafeldeko.de\/news\/alte-beitraege\/tischdeko-blog\/"},{"@type":"ListItem","position":4,"name":"Geburtstagsspr\u00fcche f\u00fcr besondere Menschen"}]},{"@type":"WebSite","@id":"https:\/\/www.tafeldeko.de\/news\/#website","url":"https:\/\/www.tafeldeko.de\/news\/","name":"Tafeldeko","description":"Blog mit Tischdeko und Tischdekoration Ideen","potentialAction":[{"@type":"SearchAction","target":{"@type":"EntryPoint","urlTemplate":"https:\/\/www.tafeldeko.de\/news\/?s={search_term_string}"},"query-input":"required name=search_term_string"}],"inLanguage":"de-DE"},{"@type":"Person","@id":"https:\/\/www.tafeldeko.de\/news\/#\/schema\/person\/dc309fbb6a3e380919fc08342c3cc233","name":"Tafeldeko Deko Team","image":{"@type":"ImageObject","inLanguage":"de-DE","@id":"https:\/\/www.tafeldeko.de\/news\/#\/schema\/person\/image\/","url":"https:\/\/secure.gravatar.com\/avatar\/1e962f4040dc9996f0d200db31598854?s=96&d=mm&r=g","contentUrl":"https:\/\/secure.gravatar.com\/avatar\/1e962f4040dc9996f0d200db31598854?s=96&d=mm&r=g","caption":"Tafeldeko Deko Team"}}]}},"_links":{"self":[{"href":"https:\/\/www.tafeldeko.de\/news\/wp-json\/wp\/v2\/posts\/6557"}],"collection":[{"href":"https:\/\/www.tafeldeko.de\/news\/wp-json\/wp\/v2\/posts"}],"about":[{"href":"https:\/\/www.tafeldeko.de\/news\/wp-json\/wp\/v2\/types\/post"}],"author":[{"embeddable":true,"href":"https:\/\/www.tafeldeko.de\/news\/wp-json\/wp\/v2\/users\/6"}],"replies":[{"embeddable":true,"href":"https:\/\/www.tafeldeko.de\/news\/wp-json\/wp\/v2\/comments?post=6557"}],"version-history":[{"count":1,"href":"https:\/\/www.tafeldeko.de\/news\/wp-json\/wp\/v2\/posts\/6557\/revisions"}],"predecessor-version":[{"id":6558,"href":"https:\/\/www.tafeldeko.de\/news\/wp-json\/wp\/v2\/posts\/6557\/revisions\/6558"}],"wp:attachment":[{"href":"https:\/\/www.tafeldeko.de\/news\/wp-json\/wp\/v2\/media?parent=6557"}],"wp:term":[{"taxonomy":"category","embeddable":true,"href":"https:\/\/www.tafeldeko.de\/news\/wp-json\/wp\/v2\/categories?post=6557"},{"taxonomy":"post_tag","embeddable":true,"href":"https:\/\/www.tafeldeko.de\/news\/wp-json\/wp\/v2\/tags?post=6557"}],"curies":[{"name":"wp","href":"https:\/\/api.w.org\/{rel}","templated":true}]}}