{"id":6496,"date":"2015-07-31T12:28:52","date_gmt":"2015-07-31T10:28:52","guid":{"rendered":"http:\/\/www.tafeldeko.de\/news\/?p=6496"},"modified":"2015-07-31T12:29:04","modified_gmt":"2015-07-31T10:29:04","slug":"geburtstagsgedichte-fuer-gross-und-klein","status":"publish","type":"post","link":"https:\/\/www.tafeldeko.de\/news\/geburtstagsgedichte-fuer-gross-und-klein\/","title":{"rendered":"Geburtstagsgedichte f\u00fcr Gro\u00df und Klein"},"content":{"rendered":"<p><strong>Geburtstagsgedichte<\/strong> eignen sich hervorragend, um eindrucksvoll zum Geburtstag zu gratulieren.<br \/>\nOb man \u201enur\u201c die Geburtstagsgl\u00fcckw\u00fcnsche \u00fcberbringt oder als Gast zu einer Geburtstagsfeier eingeladen ist, mit einem Geburtstagsgedicht kann man hervorragend gratulieren. Vor allem k\u00f6nnen Sie mit einem Geburtstagsgedicht sich von der Masse der Gratulanten abheben und einen gewissen Eindruck hinterlassen. Sch\u00f6ne Geburtstagsgedichte werden unter Garantie aufgehoben, weil man sich eben dar\u00fcber gefreut hat. Und vielleicht kann man andere Geburtstagskinder mit solchen Geburtstagsgedichten \u00fcberraschen.<\/p>\n<h2>Einige Ideen f\u00fcr sch\u00f6ne Geburtstagsgedichte<\/h2>\n<p>Nicht jedem ist es gegeben zu reimen und eindrucksvolle, lustige oder tiefgr\u00fcndige Gedichte zu verfassen. Doch dies sollte keineswegs ein Hindernis darstellen, denn das Internet liefert heute viele M\u00f6glichkeiten und Ideen in punkto Geburtstagsgedichte. F\u00fcr jedes Alter finden Sie hier sch\u00f6ne Geburtstagsgedichte, die Sie entweder so oder in etwas abge\u00e4nderter Form \u00fcbernehmen k\u00f6nnen. Geburtstagsgedichte k\u00f6nnen Sie auf eine <strong>Geburtstagskarte<\/strong> \u00fcbertragen und dem Geburtstagskind auf besondere Art gratulieren.<br \/>\nWird der Geburtstag im gro\u00dfen Stil gefeiert? Dann k\u00f6nnen Sie das ausgew\u00e4hlte Geburtstagsgedicht auch <strong>w\u00e4hrend der Feier vortragen<\/strong> und somit zur guten Unterhaltung beitragen. Gerade Geburtstagsgedichte, die lustig, vielleicht mit einem etwas \u201efrechen\u201c Touch geschrieben sind, sorgen f\u00fcr den einen oder anderen Lacher w\u00e4hrend der Geburtstagsfeier.<br \/>\nDas Netz bietet eine F\u00fclle an Geburtstagsgedichten, die auf das Geburtstagskind angepasst werden k\u00f6nnen. Vielleicht tragen Sie das ausgew\u00e4hlte Geburtstagsgedicht mit einer weiteren Person im Dialog am Geburtstag vor, w\u00e4hlen entsprechende Accessoires, um das Ganze zu untermalen.<br \/>\nSch\u00f6n ist es, wenn Sie das Geburtstagsgedicht auf sch\u00f6nes Papier schreiben, es zu einer <strong>Schriftrolle<\/strong> formen und mit einer Schleife versehen. Und nach dem Vortragen des Gedichtes \u00fcberreichen Sie dem Geburtstagskind diese Rolle als Andenken an einen wundersch\u00f6nen Geburtstag.<\/p>\n<p>Auch Kinder lieben kleine Geburtstagsgedichte. \u00dcberreichen Sie mit dem Geburtstagsgeschenk eine sch\u00f6ne Geburtstagskarte, schreiben Sie ein paar nette Zeilen in gereimter Form darauf und erfreuen Sie das Geburtstagskind. Doch viel wichtiger ist das <strong>Geburtstagsgeschenk<\/strong>!<\/p>\n","protected":false},"excerpt":{"rendered":"<p>Geburtstagsgedichte eignen sich hervorragend, um eindrucksvoll zum Geburtstag zu gratulieren. Ob man \u201enur\u201c die Geburtstagsgl\u00fcckw\u00fcnsche \u00fcberbringt oder als Gast zu einer Geburtstagsfeier eingeladen ist, mit einem Geburtstagsgedicht kann man hervorragend gratulieren. Vor allem k\u00f6nnen Sie mit einem Geburtstagsgedicht sich von der Masse der Gratulanten abheben und einen gewissen Eindruck hinterlassen. Sch\u00f6ne Geburtstagsgedichte werden unter Garantie [&hellip;]<\/p>\n","protected":false},"author":6,"featured_media":0,"comment_status":"closed","ping_status":"closed","sticky":false,"template":"","format":"standard","meta":{"footnotes":""},"categories":[1],"tags":[],"yoast_head":"<!-- This site is optimized with the Yoast SEO plugin v20.4 - https:\/\/yoast.com\/wordpress\/plugins\/seo\/ -->\n<title>Geburtstagsgedichte f\u00fcr Gro\u00df und Klein - Tafeldeko<\/title>\n<meta name=\"description\" content=\"F\u00fcr jedes Alter finden Sie hier sch\u00f6ne Geburtstagsgedichte, die Sie entweder so oder in etwas abge\u00e4nderter Form \u00fcbernehmen k\u00f6nnen.\" \/>\n<meta name=\"robots\" content=\"index, follow, max-snippet:-1, max-image-preview:large, max-video-preview:-1\" \/>\n<link rel=\"canonical\" href=\"https:\/\/www.tafeldeko.de\/news\/geburtstagsgedichte-fuer-gross-und-klein\/\" \/>\n<meta property=\"og:locale\" content=\"de_DE\" \/>\n<meta property=\"og:type\" content=\"article\" \/>\n<meta property=\"og:title\" content=\"Geburtstagsgedichte f\u00fcr Gro\u00df und Klein - Tafeldeko\" \/>\n<meta property=\"og:description\" content=\"F\u00fcr jedes Alter finden Sie hier sch\u00f6ne Geburtstagsgedichte, die Sie entweder so oder in etwas abge\u00e4nderter Form \u00fcbernehmen k\u00f6nnen.\" \/>\n<meta property=\"og:url\" content=\"https:\/\/www.tafeldeko.de\/news\/geburtstagsgedichte-fuer-gross-und-klein\/\" \/>\n<meta property=\"og:site_name\" content=\"Tafeldeko\" \/>\n<meta property=\"article:publisher\" content=\"https:\/\/www.facebook.com\/pages\/Tafeldeko-einzigartige-Tischdekoration\/174202655894\" \/>\n<meta property=\"article:published_time\" content=\"2015-07-31T10:28:52+00:00\" \/>\n<meta property=\"article:modified_time\" content=\"2015-07-31T10:29:04+00:00\" \/>\n<meta name=\"author\" content=\"Tafeldeko Deko Team\" \/>\n<meta name=\"twitter:label1\" content=\"Verfasst von\" \/>\n\t<meta name=\"twitter:data1\" content=\"Tafeldeko Deko Team\" \/>\n\t<meta name=\"twitter:label2\" content=\"Gesch\u00e4tzte Lesezeit\" \/>\n\t<meta name=\"twitter:data2\" content=\"2 Minuten\" \/>\n<script type=\"application\/ld+json\" class=\"yoast-schema-graph\">{\"@context\":\"https:\/\/schema.org\",\"@graph\":[{\"@type\":\"WebPage\",\"@id\":\"https:\/\/www.tafeldeko.de\/news\/geburtstagsgedichte-fuer-gross-und-klein\/\",\"url\":\"https:\/\/www.tafeldeko.de\/news\/geburtstagsgedichte-fuer-gross-und-klein\/\",\"name\":\"Geburtstagsgedichte f\u00fcr Gro\u00df und Klein - Tafeldeko\",\"isPartOf\":{\"@id\":\"https:\/\/www.tafeldeko.de\/news\/#website\"},\"datePublished\":\"2015-07-31T10:28:52+00:00\",\"dateModified\":\"2015-07-31T10:29:04+00:00\",\"author\":{\"@id\":\"https:\/\/www.tafeldeko.de\/news\/#\/schema\/person\/dc309fbb6a3e380919fc08342c3cc233\"},\"description\":\"F\u00fcr jedes Alter finden Sie hier sch\u00f6ne Geburtstagsgedichte, die Sie entweder so oder in etwas abge\u00e4nderter Form \u00fcbernehmen k\u00f6nnen.\",\"breadcrumb\":{\"@id\":\"https:\/\/www.tafeldeko.de\/news\/geburtstagsgedichte-fuer-gross-und-klein\/#breadcrumb\"},\"inLanguage\":\"de-DE\",\"potentialAction\":[{\"@type\":\"ReadAction\",\"target\":[\"https:\/\/www.tafeldeko.de\/news\/geburtstagsgedichte-fuer-gross-und-klein\/\"]}]},{\"@type\":\"BreadcrumbList\",\"@id\":\"https:\/\/www.tafeldeko.de\/news\/geburtstagsgedichte-fuer-gross-und-klein\/#breadcrumb\",\"itemListElement\":[{\"@type\":\"ListItem\",\"position\":1,\"name\":\"Tafeldeko\",\"item\":\"https:\/\/www.tafeldeko.de\/news\/\"},{\"@type\":\"ListItem\",\"position\":2,\"name\":\"Alte Beitr\u00e4ge\",\"item\":\"https:\/\/www.tafeldeko.de\/news\/alte-beitraege\/\"},{\"@type\":\"ListItem\",\"position\":3,\"name\":\"Tischdeko - Blog\",\"item\":\"https:\/\/www.tafeldeko.de\/news\/alte-beitraege\/tischdeko-blog\/\"},{\"@type\":\"ListItem\",\"position\":4,\"name\":\"Geburtstagsgedichte f\u00fcr Gro\u00df und Klein\"}]},{\"@type\":\"WebSite\",\"@id\":\"https:\/\/www.tafeldeko.de\/news\/#website\",\"url\":\"https:\/\/www.tafeldeko.de\/news\/\",\"name\":\"Tafeldeko\",\"description\":\"Blog mit Tischdeko und Tischdekoration Ideen\",\"potentialAction\":[{\"@type\":\"SearchAction\",\"target\":{\"@type\":\"EntryPoint\",\"urlTemplate\":\"https:\/\/www.tafeldeko.de\/news\/?s={search_term_string}\"},\"query-input\":\"required name=search_term_string\"}],\"inLanguage\":\"de-DE\"},{\"@type\":\"Person\",\"@id\":\"https:\/\/www.tafeldeko.de\/news\/#\/schema\/person\/dc309fbb6a3e380919fc08342c3cc233\",\"name\":\"Tafeldeko Deko Team\",\"image\":{\"@type\":\"ImageObject\",\"inLanguage\":\"de-DE\",\"@id\":\"https:\/\/www.tafeldeko.de\/news\/#\/schema\/person\/image\/\",\"url\":\"https:\/\/secure.gravatar.com\/avatar\/1e962f4040dc9996f0d200db31598854?s=96&d=mm&r=g\",\"contentUrl\":\"https:\/\/secure.gravatar.com\/avatar\/1e962f4040dc9996f0d200db31598854?s=96&d=mm&r=g\",\"caption\":\"Tafeldeko Deko Team\"}}]}<\/script>\n<!-- \/ Yoast SEO plugin. -->","yoast_head_json":{"title":"Geburtstagsgedichte f\u00fcr Gro\u00df und Klein - Tafeldeko","description":"F\u00fcr jedes Alter finden Sie hier sch\u00f6ne Geburtstagsgedichte, die Sie entweder so oder in etwas abge\u00e4nderter Form \u00fcbernehmen k\u00f6nnen.","robots":{"index":"index","follow":"follow","max-snippet":"max-snippet:-1","max-image-preview":"max-image-preview:large","max-video-preview":"max-video-preview:-1"},"canonical":"https:\/\/www.tafeldeko.de\/news\/geburtstagsgedichte-fuer-gross-und-klein\/","og_locale":"de_DE","og_type":"article","og_title":"Geburtstagsgedichte f\u00fcr Gro\u00df und Klein - Tafeldeko","og_description":"F\u00fcr jedes Alter finden Sie hier sch\u00f6ne Geburtstagsgedichte, die Sie entweder so oder in etwas abge\u00e4nderter Form \u00fcbernehmen k\u00f6nnen.","og_url":"https:\/\/www.tafeldeko.de\/news\/geburtstagsgedichte-fuer-gross-und-klein\/","og_site_name":"Tafeldeko","article_publisher":"https:\/\/www.facebook.com\/pages\/Tafeldeko-einzigartige-Tischdekoration\/174202655894","article_published_time":"2015-07-31T10:28:52+00:00","article_modified_time":"2015-07-31T10:29:04+00:00","author":"Tafeldeko Deko Team","twitter_misc":{"Verfasst von":"Tafeldeko Deko Team","Gesch\u00e4tzte Lesezeit":"2 Minuten"},"schema":{"@context":"https:\/\/schema.org","@graph":[{"@type":"WebPage","@id":"https:\/\/www.tafeldeko.de\/news\/geburtstagsgedichte-fuer-gross-und-klein\/","url":"https:\/\/www.tafeldeko.de\/news\/geburtstagsgedichte-fuer-gross-und-klein\/","name":"Geburtstagsgedichte f\u00fcr Gro\u00df und Klein - Tafeldeko","isPartOf":{"@id":"https:\/\/www.tafeldeko.de\/news\/#website"},"datePublished":"2015-07-31T10:28:52+00:00","dateModified":"2015-07-31T10:29:04+00:00","author":{"@id":"https:\/\/www.tafeldeko.de\/news\/#\/schema\/person\/dc309fbb6a3e380919fc08342c3cc233"},"description":"F\u00fcr jedes Alter finden Sie hier sch\u00f6ne Geburtstagsgedichte, die Sie entweder so oder in etwas abge\u00e4nderter Form \u00fcbernehmen k\u00f6nnen.","breadcrumb":{"@id":"https:\/\/www.tafeldeko.de\/news\/geburtstagsgedichte-fuer-gross-und-klein\/#breadcrumb"},"inLanguage":"de-DE","potentialAction":[{"@type":"ReadAction","target":["https:\/\/www.tafeldeko.de\/news\/geburtstagsgedichte-fuer-gross-und-klein\/"]}]},{"@type":"BreadcrumbList","@id":"https:\/\/www.tafeldeko.de\/news\/geburtstagsgedichte-fuer-gross-und-klein\/#breadcrumb","itemListElement":[{"@type":"ListItem","position":1,"name":"Tafeldeko","item":"https:\/\/www.tafeldeko.de\/news\/"},{"@type":"ListItem","position":2,"name":"Alte Beitr\u00e4ge","item":"https:\/\/www.tafeldeko.de\/news\/alte-beitraege\/"},{"@type":"ListItem","position":3,"name":"Tischdeko - Blog","item":"https:\/\/www.tafeldeko.de\/news\/alte-beitraege\/tischdeko-blog\/"},{"@type":"ListItem","position":4,"name":"Geburtstagsgedichte f\u00fcr Gro\u00df und Klein"}]},{"@type":"WebSite","@id":"https:\/\/www.tafeldeko.de\/news\/#website","url":"https:\/\/www.tafeldeko.de\/news\/","name":"Tafeldeko","description":"Blog mit Tischdeko und Tischdekoration Ideen","potentialAction":[{"@type":"SearchAction","target":{"@type":"EntryPoint","urlTemplate":"https:\/\/www.tafeldeko.de\/news\/?s={search_term_string}"},"query-input":"required name=search_term_string"}],"inLanguage":"de-DE"},{"@type":"Person","@id":"https:\/\/www.tafeldeko.de\/news\/#\/schema\/person\/dc309fbb6a3e380919fc08342c3cc233","name":"Tafeldeko Deko Team","image":{"@type":"ImageObject","inLanguage":"de-DE","@id":"https:\/\/www.tafeldeko.de\/news\/#\/schema\/person\/image\/","url":"https:\/\/secure.gravatar.com\/avatar\/1e962f4040dc9996f0d200db31598854?s=96&d=mm&r=g","contentUrl":"https:\/\/secure.gravatar.com\/avatar\/1e962f4040dc9996f0d200db31598854?s=96&d=mm&r=g","caption":"Tafeldeko Deko Team"}}]}},"_links":{"self":[{"href":"https:\/\/www.tafeldeko.de\/news\/wp-json\/wp\/v2\/posts\/6496"}],"collection":[{"href":"https:\/\/www.tafeldeko.de\/news\/wp-json\/wp\/v2\/posts"}],"about":[{"href":"https:\/\/www.tafeldeko.de\/news\/wp-json\/wp\/v2\/types\/post"}],"author":[{"embeddable":true,"href":"https:\/\/www.tafeldeko.de\/news\/wp-json\/wp\/v2\/users\/6"}],"replies":[{"embeddable":true,"href":"https:\/\/www.tafeldeko.de\/news\/wp-json\/wp\/v2\/comments?post=6496"}],"version-history":[{"count":1,"href":"https:\/\/www.tafeldeko.de\/news\/wp-json\/wp\/v2\/posts\/6496\/revisions"}],"predecessor-version":[{"id":6497,"href":"https:\/\/www.tafeldeko.de\/news\/wp-json\/wp\/v2\/posts\/6496\/revisions\/6497"}],"wp:attachment":[{"href":"https:\/\/www.tafeldeko.de\/news\/wp-json\/wp\/v2\/media?parent=6496"}],"wp:term":[{"taxonomy":"category","embeddable":true,"href":"https:\/\/www.tafeldeko.de\/news\/wp-json\/wp\/v2\/categories?post=6496"},{"taxonomy":"post_tag","embeddable":true,"href":"https:\/\/www.tafeldeko.de\/news\/wp-json\/wp\/v2\/tags?post=6496"}],"curies":[{"name":"wp","href":"https:\/\/api.w.org\/{rel}","templated":true}]}}