{"id":6473,"date":"2015-07-20T18:47:21","date_gmt":"2015-07-20T16:47:21","guid":{"rendered":"http:\/\/www.tafeldeko.de\/news\/?p=6473"},"modified":"2023-01-24T10:27:55","modified_gmt":"2023-01-24T09:27:55","slug":"dekotrend-natur-zu-jeder-jahreszeit","status":"publish","type":"post","link":"https:\/\/www.tafeldeko.de\/news\/dekotrend-natur-zu-jeder-jahreszeit\/","title":{"rendered":"Dekotrend Natur \u2013 zu jeder Jahreszeit"},"content":{"rendered":"<p>Der<strong> Dekotrend Natur<\/strong> zieht sich durch alle Jahreszeiten. Mit wundersch\u00f6nen, ausdrucksstarken Elementen die Deko in den R\u00e4umen auszustatten, hat was f\u00fcr sich. Der Natur ein St\u00fcck n\u00e4her, nat\u00fcrliche Elemente sorgen f\u00fcr die tollen Blickf\u00e4nge und Hingucker auf Tischen, M\u00f6beln und Fensterb\u00e4nken.<br \/>\nDenkt man an eine <strong>Deko mit Naturelementen<\/strong>, fallen einem spontan verschiedene Gegenst\u00e4nde ein, die f\u00fcr die Deko verwendet werden k\u00f6nnen. Getreide, Sonnenblumen, Obst, H\u00f6lzer, Baumst\u00e4mme, Wurzeln, Gr\u00e4ser, Tannenzapfen und vieles mehr k\u00f6nnen Verwendung finden.<\/p>\n<p><img decoding=\"async\" loading=\"lazy\" src=\"https:\/\/www.tafeldeko.de\/news\/wp-content\/uploads\/2016\/09\/IMG_5145-1024x683.jpg\" sizes=\"(max-width: 800px) 100vw, 800px\" srcset=\"https:\/\/www.tafeldeko.de\/news\/wp-content\/uploads\/2016\/09\/IMG_5145-1024x683.jpg 1024w, https:\/\/www.tafeldeko.de\/news\/wp-content\/uploads\/2016\/09\/IMG_5145-300x200.jpg 300w, https:\/\/www.tafeldeko.de\/news\/wp-content\/uploads\/2016\/09\/IMG_5145-768x512.jpg 768w, https:\/\/www.tafeldeko.de\/news\/wp-content\/uploads\/2016\/09\/IMG_5145-1536x1024.jpg 1536w, https:\/\/www.tafeldeko.de\/news\/wp-content\/uploads\/2016\/09\/IMG_5145-2048x1365.jpg 2048w, https:\/\/www.tafeldeko.de\/news\/wp-content\/uploads\/2016\/09\/IMG_5145-640x427.jpg 640w\" alt=\"Dekotrend Natur\" width=\"800\" height=\"534\" \/><\/p>\n<h2>Die Jahreszeiten und der Dekotrend Natur<\/h2>\n<p>Nat\u00fcrlich sch\u00f6n, mit Elementen aus der Natur \u2013 so k\u00f6nnte man den Dekotrend Natur kurz beschreiben. Arrangements mit diversen Fundst\u00fccken aus der Natur k\u00f6nnen auch Ihre Deko in den R\u00e4umen versch\u00f6nern und ein ganz besonderes Flair zaubern.<\/p>\n<h2>Wurzeln, Zweige und Co<\/h2>\n<p>Mit diesen Elementen aus der Natur bieten sich viele Deko-Varianten. Als einzelne Elemente auf dem Tisch arrangiert oder als Bestandteil einer Schalen-Dekoration eignen sich die Sch\u00e4tze der Natur hervorragend. Auch einzelne <strong>Blumenarrangements<\/strong> k\u00f6nnen mit einzelnen Zweigen tolle Hingucker erhalten, indem Sie die Zweige rundum die Blumen arrangieren; eine Schleife kann die Enden zusammenhalten.<br \/>\nZur <strong>Weihnachtszeit<\/strong> eignen sich diese Naturelemente hervorragend, um mit glitzernden Weihnachtskugeln und Dekofiguren wahre Dekowunder zu kreieren. Gro\u00dfe, hohe Vasen, bef\u00fcllt mit Zweigen, schmalen Rindenteilen und kleinen Weihnachtskugeln, eventuell mit einer Lichterkette erg\u00e4nzt, werden zu wahren Wunderwerken.<br \/>\nSie sehen, der Dekotrend Natur bietet uns viele M\u00f6glichkeiten, Sie m\u00fcssen eben nur mit offenen Augen durch die W\u00e4lder und \u00fcber die Wiesen ziehen. Sie werden wundervolle Naturelemente entdecken, die hervorragend in diversen Dekorationen zum Einsatz kommen k\u00f6nnen.<\/p>\n<p>Der Dekotrend Natur erstreckt sich auf<strong> sommerliche Accessoires<\/strong> aus der Natur. Mit einem frischen Strau\u00df mit Wiesenblumen k\u00f6nnen Sie schnell und einfach jedem Tisch etwas Frische und Nat\u00fcrlichkeit verleihen. Gerste, Hafer und Weizen eignen sich ebenfalls hervorragend, Tischdekorationen oder auch r\u00e4umliche Dekorationen aufzuwerten. Arrangieren Sie zum Beispiel einen Getreidestrau\u00df in einer gro\u00dfen, hohen Glasvase und stellen diese in den Hausflur \u2013 ein toller Blickfang und netter Gru\u00df aus der Natur.<\/p>\n","protected":false},"excerpt":{"rendered":"<p>Der Dekotrend Natur zieht sich durch alle Jahreszeiten. Mit wundersch\u00f6nen, ausdrucksstarken Elementen die Deko in den R\u00e4umen auszustatten, hat was f\u00fcr sich. Der Natur ein St\u00fcck n\u00e4her, nat\u00fcrliche Elemente sorgen f\u00fcr die tollen Blickf\u00e4nge und Hingucker auf Tischen, M\u00f6beln und Fensterb\u00e4nken. Denkt man an eine Deko mit Naturelementen, fallen einem spontan verschiedene Gegenst\u00e4nde ein, die [&hellip;]<\/p>\n","protected":false},"author":6,"featured_media":14050,"comment_status":"closed","ping_status":"closed","sticky":false,"template":"","format":"standard","meta":{"footnotes":""},"categories":[1],"tags":[],"yoast_head":"<!-- This site is optimized with the Yoast SEO plugin v20.4 - https:\/\/yoast.com\/wordpress\/plugins\/seo\/ -->\n<title>Dekotrend Natur \u2013 zu jeder Jahreszeit - Tafeldeko<\/title>\n<meta name=\"description\" content=\"Nat\u00fcrlich sch\u00f6n, mit Elementen aus der Natur \u2013 so k\u00f6nnte man den Dekotrend Natur kurz beschreiben und passend zu jeder Jahreszeit.\" \/>\n<meta name=\"robots\" content=\"index, follow, max-snippet:-1, max-image-preview:large, max-video-preview:-1\" \/>\n<link rel=\"canonical\" href=\"https:\/\/www.tafeldeko.de\/news\/dekotrend-natur-zu-jeder-jahreszeit\/\" \/>\n<meta property=\"og:locale\" content=\"de_DE\" \/>\n<meta property=\"og:type\" content=\"article\" \/>\n<meta property=\"og:title\" content=\"Dekotrend Natur \u2013 zu jeder Jahreszeit - Tafeldeko\" \/>\n<meta property=\"og:description\" content=\"Nat\u00fcrlich sch\u00f6n, mit Elementen aus der Natur \u2013 so k\u00f6nnte man den Dekotrend Natur kurz beschreiben und passend zu jeder Jahreszeit.\" \/>\n<meta property=\"og:url\" content=\"https:\/\/www.tafeldeko.de\/news\/dekotrend-natur-zu-jeder-jahreszeit\/\" \/>\n<meta property=\"og:site_name\" content=\"Tafeldeko\" \/>\n<meta property=\"article:publisher\" content=\"https:\/\/www.facebook.com\/pages\/Tafeldeko-einzigartige-Tischdekoration\/174202655894\" \/>\n<meta property=\"article:published_time\" content=\"2015-07-20T16:47:21+00:00\" \/>\n<meta property=\"article:modified_time\" content=\"2023-01-24T09:27:55+00:00\" \/>\n<meta property=\"og:image\" content=\"https:\/\/www.tafeldeko.de\/news\/wp-content\/uploads\/2016\/09\/IMG_5145-scaled.jpg\" \/>\n\t<meta property=\"og:image:width\" content=\"2560\" \/>\n\t<meta property=\"og:image:height\" content=\"1707\" \/>\n\t<meta property=\"og:image:type\" content=\"image\/jpeg\" \/>\n<meta name=\"author\" content=\"Tafeldeko Deko Team\" \/>\n<meta name=\"twitter:label1\" content=\"Verfasst von\" \/>\n\t<meta name=\"twitter:data1\" content=\"Tafeldeko Deko Team\" \/>\n\t<meta name=\"twitter:label2\" content=\"Gesch\u00e4tzte Lesezeit\" \/>\n\t<meta name=\"twitter:data2\" content=\"2 Minuten\" \/>\n<script type=\"application\/ld+json\" class=\"yoast-schema-graph\">{\"@context\":\"https:\/\/schema.org\",\"@graph\":[{\"@type\":\"WebPage\",\"@id\":\"https:\/\/www.tafeldeko.de\/news\/dekotrend-natur-zu-jeder-jahreszeit\/\",\"url\":\"https:\/\/www.tafeldeko.de\/news\/dekotrend-natur-zu-jeder-jahreszeit\/\",\"name\":\"Dekotrend Natur \u2013 zu jeder Jahreszeit - Tafeldeko\",\"isPartOf\":{\"@id\":\"https:\/\/www.tafeldeko.de\/news\/#website\"},\"datePublished\":\"2015-07-20T16:47:21+00:00\",\"dateModified\":\"2023-01-24T09:27:55+00:00\",\"author\":{\"@id\":\"https:\/\/www.tafeldeko.de\/news\/#\/schema\/person\/dc309fbb6a3e380919fc08342c3cc233\"},\"description\":\"Nat\u00fcrlich sch\u00f6n, mit Elementen aus der Natur \u2013 so k\u00f6nnte man den Dekotrend Natur kurz beschreiben und passend zu jeder Jahreszeit.\",\"breadcrumb\":{\"@id\":\"https:\/\/www.tafeldeko.de\/news\/dekotrend-natur-zu-jeder-jahreszeit\/#breadcrumb\"},\"inLanguage\":\"de-DE\",\"potentialAction\":[{\"@type\":\"ReadAction\",\"target\":[\"https:\/\/www.tafeldeko.de\/news\/dekotrend-natur-zu-jeder-jahreszeit\/\"]}]},{\"@type\":\"BreadcrumbList\",\"@id\":\"https:\/\/www.tafeldeko.de\/news\/dekotrend-natur-zu-jeder-jahreszeit\/#breadcrumb\",\"itemListElement\":[{\"@type\":\"ListItem\",\"position\":1,\"name\":\"Tafeldeko\",\"item\":\"https:\/\/www.tafeldeko.de\/news\/\"},{\"@type\":\"ListItem\",\"position\":2,\"name\":\"Alte Beitr\u00e4ge\",\"item\":\"https:\/\/www.tafeldeko.de\/news\/alte-beitraege\/\"},{\"@type\":\"ListItem\",\"position\":3,\"name\":\"Tischdeko - Blog\",\"item\":\"https:\/\/www.tafeldeko.de\/news\/alte-beitraege\/tischdeko-blog\/\"},{\"@type\":\"ListItem\",\"position\":4,\"name\":\"Dekotrend Natur \u2013 zu jeder Jahreszeit\"}]},{\"@type\":\"WebSite\",\"@id\":\"https:\/\/www.tafeldeko.de\/news\/#website\",\"url\":\"https:\/\/www.tafeldeko.de\/news\/\",\"name\":\"Tafeldeko\",\"description\":\"Blog mit Tischdeko und Tischdekoration Ideen\",\"potentialAction\":[{\"@type\":\"SearchAction\",\"target\":{\"@type\":\"EntryPoint\",\"urlTemplate\":\"https:\/\/www.tafeldeko.de\/news\/?s={search_term_string}\"},\"query-input\":\"required name=search_term_string\"}],\"inLanguage\":\"de-DE\"},{\"@type\":\"Person\",\"@id\":\"https:\/\/www.tafeldeko.de\/news\/#\/schema\/person\/dc309fbb6a3e380919fc08342c3cc233\",\"name\":\"Tafeldeko Deko Team\",\"image\":{\"@type\":\"ImageObject\",\"inLanguage\":\"de-DE\",\"@id\":\"https:\/\/www.tafeldeko.de\/news\/#\/schema\/person\/image\/\",\"url\":\"https:\/\/secure.gravatar.com\/avatar\/1e962f4040dc9996f0d200db31598854?s=96&d=mm&r=g\",\"contentUrl\":\"https:\/\/secure.gravatar.com\/avatar\/1e962f4040dc9996f0d200db31598854?s=96&d=mm&r=g\",\"caption\":\"Tafeldeko Deko Team\"}}]}<\/script>\n<!-- \/ Yoast SEO plugin. -->","yoast_head_json":{"title":"Dekotrend Natur \u2013 zu jeder Jahreszeit - Tafeldeko","description":"Nat\u00fcrlich sch\u00f6n, mit Elementen aus der Natur \u2013 so k\u00f6nnte man den Dekotrend Natur kurz beschreiben und passend zu jeder Jahreszeit.","robots":{"index":"index","follow":"follow","max-snippet":"max-snippet:-1","max-image-preview":"max-image-preview:large","max-video-preview":"max-video-preview:-1"},"canonical":"https:\/\/www.tafeldeko.de\/news\/dekotrend-natur-zu-jeder-jahreszeit\/","og_locale":"de_DE","og_type":"article","og_title":"Dekotrend Natur \u2013 zu jeder Jahreszeit - Tafeldeko","og_description":"Nat\u00fcrlich sch\u00f6n, mit Elementen aus der Natur \u2013 so k\u00f6nnte man den Dekotrend Natur kurz beschreiben und passend zu jeder Jahreszeit.","og_url":"https:\/\/www.tafeldeko.de\/news\/dekotrend-natur-zu-jeder-jahreszeit\/","og_site_name":"Tafeldeko","article_publisher":"https:\/\/www.facebook.com\/pages\/Tafeldeko-einzigartige-Tischdekoration\/174202655894","article_published_time":"2015-07-20T16:47:21+00:00","article_modified_time":"2023-01-24T09:27:55+00:00","og_image":[{"width":2560,"height":1707,"url":"https:\/\/www.tafeldeko.de\/news\/wp-content\/uploads\/2016\/09\/IMG_5145-scaled.jpg","type":"image\/jpeg"}],"author":"Tafeldeko Deko Team","twitter_misc":{"Verfasst von":"Tafeldeko Deko Team","Gesch\u00e4tzte Lesezeit":"2 Minuten"},"schema":{"@context":"https:\/\/schema.org","@graph":[{"@type":"WebPage","@id":"https:\/\/www.tafeldeko.de\/news\/dekotrend-natur-zu-jeder-jahreszeit\/","url":"https:\/\/www.tafeldeko.de\/news\/dekotrend-natur-zu-jeder-jahreszeit\/","name":"Dekotrend Natur \u2013 zu jeder Jahreszeit - Tafeldeko","isPartOf":{"@id":"https:\/\/www.tafeldeko.de\/news\/#website"},"datePublished":"2015-07-20T16:47:21+00:00","dateModified":"2023-01-24T09:27:55+00:00","author":{"@id":"https:\/\/www.tafeldeko.de\/news\/#\/schema\/person\/dc309fbb6a3e380919fc08342c3cc233"},"description":"Nat\u00fcrlich sch\u00f6n, mit Elementen aus der Natur \u2013 so k\u00f6nnte man den Dekotrend Natur kurz beschreiben und passend zu jeder Jahreszeit.","breadcrumb":{"@id":"https:\/\/www.tafeldeko.de\/news\/dekotrend-natur-zu-jeder-jahreszeit\/#breadcrumb"},"inLanguage":"de-DE","potentialAction":[{"@type":"ReadAction","target":["https:\/\/www.tafeldeko.de\/news\/dekotrend-natur-zu-jeder-jahreszeit\/"]}]},{"@type":"BreadcrumbList","@id":"https:\/\/www.tafeldeko.de\/news\/dekotrend-natur-zu-jeder-jahreszeit\/#breadcrumb","itemListElement":[{"@type":"ListItem","position":1,"name":"Tafeldeko","item":"https:\/\/www.tafeldeko.de\/news\/"},{"@type":"ListItem","position":2,"name":"Alte Beitr\u00e4ge","item":"https:\/\/www.tafeldeko.de\/news\/alte-beitraege\/"},{"@type":"ListItem","position":3,"name":"Tischdeko - Blog","item":"https:\/\/www.tafeldeko.de\/news\/alte-beitraege\/tischdeko-blog\/"},{"@type":"ListItem","position":4,"name":"Dekotrend Natur \u2013 zu jeder Jahreszeit"}]},{"@type":"WebSite","@id":"https:\/\/www.tafeldeko.de\/news\/#website","url":"https:\/\/www.tafeldeko.de\/news\/","name":"Tafeldeko","description":"Blog mit Tischdeko und Tischdekoration Ideen","potentialAction":[{"@type":"SearchAction","target":{"@type":"EntryPoint","urlTemplate":"https:\/\/www.tafeldeko.de\/news\/?s={search_term_string}"},"query-input":"required name=search_term_string"}],"inLanguage":"de-DE"},{"@type":"Person","@id":"https:\/\/www.tafeldeko.de\/news\/#\/schema\/person\/dc309fbb6a3e380919fc08342c3cc233","name":"Tafeldeko Deko Team","image":{"@type":"ImageObject","inLanguage":"de-DE","@id":"https:\/\/www.tafeldeko.de\/news\/#\/schema\/person\/image\/","url":"https:\/\/secure.gravatar.com\/avatar\/1e962f4040dc9996f0d200db31598854?s=96&d=mm&r=g","contentUrl":"https:\/\/secure.gravatar.com\/avatar\/1e962f4040dc9996f0d200db31598854?s=96&d=mm&r=g","caption":"Tafeldeko Deko Team"}}]}},"_links":{"self":[{"href":"https:\/\/www.tafeldeko.de\/news\/wp-json\/wp\/v2\/posts\/6473"}],"collection":[{"href":"https:\/\/www.tafeldeko.de\/news\/wp-json\/wp\/v2\/posts"}],"about":[{"href":"https:\/\/www.tafeldeko.de\/news\/wp-json\/wp\/v2\/types\/post"}],"author":[{"embeddable":true,"href":"https:\/\/www.tafeldeko.de\/news\/wp-json\/wp\/v2\/users\/6"}],"replies":[{"embeddable":true,"href":"https:\/\/www.tafeldeko.de\/news\/wp-json\/wp\/v2\/comments?post=6473"}],"version-history":[{"count":6,"href":"https:\/\/www.tafeldeko.de\/news\/wp-json\/wp\/v2\/posts\/6473\/revisions"}],"predecessor-version":[{"id":22097,"href":"https:\/\/www.tafeldeko.de\/news\/wp-json\/wp\/v2\/posts\/6473\/revisions\/22097"}],"wp:featuredmedia":[{"embeddable":true,"href":"https:\/\/www.tafeldeko.de\/news\/wp-json\/wp\/v2\/media\/14050"}],"wp:attachment":[{"href":"https:\/\/www.tafeldeko.de\/news\/wp-json\/wp\/v2\/media?parent=6473"}],"wp:term":[{"taxonomy":"category","embeddable":true,"href":"https:\/\/www.tafeldeko.de\/news\/wp-json\/wp\/v2\/categories?post=6473"},{"taxonomy":"post_tag","embeddable":true,"href":"https:\/\/www.tafeldeko.de\/news\/wp-json\/wp\/v2\/tags?post=6473"}],"curies":[{"name":"wp","href":"https:\/\/api.w.org\/{rel}","templated":true}]}}