{"id":6463,"date":"2015-07-16T14:59:49","date_gmt":"2015-07-16T12:59:49","guid":{"rendered":"http:\/\/www.tafeldeko.de\/news\/?p=6463"},"modified":"2023-01-24T11:21:22","modified_gmt":"2023-01-24T10:21:22","slug":"tischdeko-fruehstueck-gemuetlich-und-schoen","status":"publish","type":"post","link":"https:\/\/www.tafeldeko.de\/news\/tischdeko-fruehstueck-gemuetlich-und-schoen\/","title":{"rendered":"Tischdeko Fr\u00fchst\u00fcck \u2013 gem\u00fctlich und sch\u00f6n"},"content":{"rendered":"<p>Das Fr\u00fchst\u00fcck mit der Familie wird mit einer wundersch\u00f6n ausgestatteten <strong>Tischdeko Fr\u00fchst\u00fcck<\/strong> nochmals viel sch\u00f6ner. In aller Ruhe zusammen sitzen, kleine K\u00f6stlichkeiten fr\u00fchst\u00fccken und miteinander reden \u2013 ohne Zeitdruck, ganz gem\u00fctlich \u2013 eine tolle Vorstellung, den Sonntag zu beginnen. Wie schon geschrieben, die passend zum Fr\u00fchst\u00fcck ausgerichtete <a href=\"https:\/\/www.tafeldeko.de\" target=\"_blank\" rel=\"noopener\"><strong>Tischdeko<\/strong><\/a> sorgt f\u00fcr die gem\u00fctlich sch\u00f6ne Basis.<br \/>\nDuni bietet Ihnen f\u00fcr die Tischdeko eine wundervolle Serie \u2013 Duni Morning Sun. Accessoires mit leuchtendem Gelb und dezentem Beigeton als Basis w\u00fcnschen einen guten Morgen.<\/p>\n<p><img decoding=\"async\" loading=\"lazy\" src=\"https:\/\/www.tafeldeko.de\/news\/wp-content\/uploads\/2015\/07\/morningsun.jpg\" alt=\"Tischdeko Fr\u00fchst\u00fcck\" width=\"250\" height=\"170\" \/><\/p>\n<h2>F\u00fcr einen guten Start in den Tag \u2013 die Tischdeko Fr\u00fchst\u00fcck<\/h2>\n<p>Tischdekorationen bieten einfach <strong>eine tolle Basis<\/strong> f\u00fcr jede Art von Anlass. Und auch beim Fr\u00fchst\u00fcck kann man mit einer tollen Tischdeko schon f\u00fcr das gewisse Etwas und einen angenehmen Start in den Tag sorgen. Dabei ist diese oftmals sehr farbenfroh, allein wegen der vielen leckeren K\u00f6stlichkeiten, die zum Fr\u00fchst\u00fcck serviert werden.<br \/>\nWie schon geschrieben: die Duni Serie Morning Sun bietet eine sch\u00f6ne Basis f\u00fcr Ihre <strong>Fr\u00fchst\u00fcckstischdeko<\/strong>. F\u00fcr einen ersten Hingucker sorgen die Tischsets Morning Sun, die eine wundersch\u00f6ne Kombination mit dem Tisch bilden. Die Servietten im Ma\u00dfe 20 x 40 Zentimeter mit dem sch\u00f6nen Schriftzug sind wirklich besonders \u2013 nicht nur aufgrund des Ma\u00dfes. Arrangieren Sie auf diesen Servietten das Besteck neben den Tellern.<br \/>\nEbenfalls zur Serie geh\u00f6ren die <strong>Servietten<\/strong> in der Gr\u00f6\u00dfe 24 x 24 Zentimeter und 33 x 33 Zentimeter \u2013 so k\u00f6nnen Sie die entsprechende Wahl treffen, welche dieser Servietten besser zu Ihrer Tischdeko Fr\u00fchst\u00fcck passen.<br \/>\nWei\u00dfes Geschirr passt nat\u00fcrlich hervorragend zu der Serie, <strong>bildet sch\u00f6ne Kontraste<\/strong>. Und auch beim Fr\u00fchst\u00fcck d\u00fcrfen Sie mit Kerzen und Blumen die Tischdeko versch\u00f6nern. Ein mattwei\u00dfes Kerzenglas erg\u00e4nzt Ihre Fr\u00fchst\u00fccksdeko auf tolle Weise, bildet einen weiteren Kontrast zum Gelb der Duni Serie.<br \/>\nDie Deko ist nun fertig arrangiert, jetzt fehlen nur noch die leckeren K\u00f6stlichkeiten und die Familienmitglieder und dann hei\u00dft es: Guten Appetit und einen hervorragenden Start in den Tag!<\/p>\n<h2>Weitere Beitr\u00e4ge:<\/h2>\n<h2>Dekoartikel von A-Z<\/h2>\n<p><a href=\"https:\/\/www.tafeldeko.de\/tischdeko-artikel\/\"><br \/>\nJetzt entdecken <\/a><\/p>\n","protected":false},"excerpt":{"rendered":"<p>Das Fr\u00fchst\u00fcck mit der Familie wird mit einer wundersch\u00f6n ausgestatteten Tischdeko Fr\u00fchst\u00fcck nochmals viel sch\u00f6ner. In aller Ruhe zusammen sitzen, kleine K\u00f6stlichkeiten fr\u00fchst\u00fccken und miteinander reden \u2013 ohne Zeitdruck, ganz gem\u00fctlich \u2013 eine tolle Vorstellung, den Sonntag zu beginnen. Wie schon geschrieben, die passend zum Fr\u00fchst\u00fcck ausgerichtete Tischdeko sorgt f\u00fcr die gem\u00fctlich sch\u00f6ne Basis. Duni [&hellip;]<\/p>\n","protected":false},"author":6,"featured_media":6464,"comment_status":"closed","ping_status":"closed","sticky":false,"template":"","format":"standard","meta":{"footnotes":""},"categories":[1],"tags":[],"yoast_head":"<!-- This site is optimized with the Yoast SEO plugin v20.4 - https:\/\/yoast.com\/wordpress\/plugins\/seo\/ -->\n<title>Tischdeko Fr\u00fchst\u00fcck \u2013 gem\u00fctlich und sch\u00f6n - Tafeldeko<\/title>\n<meta name=\"description\" content=\"Die Tischdeko Fr\u00fchst\u00fcck ist nun fertig arrangiert, jetzt fehlen nur noch die leckeren K\u00f6stlichkeiten und die Familienmitglieder.\" \/>\n<meta name=\"robots\" content=\"index, follow, max-snippet:-1, max-image-preview:large, max-video-preview:-1\" \/>\n<link rel=\"canonical\" href=\"https:\/\/www.tafeldeko.de\/news\/tischdeko-fruehstueck-gemuetlich-und-schoen\/\" \/>\n<meta property=\"og:locale\" content=\"de_DE\" \/>\n<meta property=\"og:type\" content=\"article\" \/>\n<meta property=\"og:title\" content=\"Tischdeko Fr\u00fchst\u00fcck \u2013 gem\u00fctlich und sch\u00f6n - Tafeldeko\" \/>\n<meta property=\"og:description\" content=\"Die Tischdeko Fr\u00fchst\u00fcck ist nun fertig arrangiert, jetzt fehlen nur noch die leckeren K\u00f6stlichkeiten und die Familienmitglieder.\" \/>\n<meta property=\"og:url\" content=\"https:\/\/www.tafeldeko.de\/news\/tischdeko-fruehstueck-gemuetlich-und-schoen\/\" \/>\n<meta property=\"og:site_name\" content=\"Tafeldeko\" \/>\n<meta property=\"article:publisher\" content=\"https:\/\/www.facebook.com\/pages\/Tafeldeko-einzigartige-Tischdekoration\/174202655894\" \/>\n<meta property=\"article:published_time\" content=\"2015-07-16T12:59:49+00:00\" \/>\n<meta property=\"article:modified_time\" content=\"2023-01-24T10:21:22+00:00\" \/>\n<meta property=\"og:image\" content=\"https:\/\/www.tafeldeko.de\/news\/wp-content\/uploads\/2015\/07\/morningsun.jpg\" \/>\n\t<meta property=\"og:image:width\" content=\"250\" \/>\n\t<meta property=\"og:image:height\" content=\"170\" \/>\n\t<meta property=\"og:image:type\" content=\"image\/jpeg\" \/>\n<meta name=\"author\" content=\"Tafeldeko Deko Team\" \/>\n<meta name=\"twitter:label1\" content=\"Verfasst von\" \/>\n\t<meta name=\"twitter:data1\" content=\"Tafeldeko Deko Team\" \/>\n\t<meta name=\"twitter:label2\" content=\"Gesch\u00e4tzte Lesezeit\" \/>\n\t<meta name=\"twitter:data2\" content=\"2 Minuten\" \/>\n<script type=\"application\/ld+json\" class=\"yoast-schema-graph\">{\"@context\":\"https:\/\/schema.org\",\"@graph\":[{\"@type\":\"WebPage\",\"@id\":\"https:\/\/www.tafeldeko.de\/news\/tischdeko-fruehstueck-gemuetlich-und-schoen\/\",\"url\":\"https:\/\/www.tafeldeko.de\/news\/tischdeko-fruehstueck-gemuetlich-und-schoen\/\",\"name\":\"Tischdeko Fr\u00fchst\u00fcck \u2013 gem\u00fctlich und sch\u00f6n - Tafeldeko\",\"isPartOf\":{\"@id\":\"https:\/\/www.tafeldeko.de\/news\/#website\"},\"datePublished\":\"2015-07-16T12:59:49+00:00\",\"dateModified\":\"2023-01-24T10:21:22+00:00\",\"author\":{\"@id\":\"https:\/\/www.tafeldeko.de\/news\/#\/schema\/person\/dc309fbb6a3e380919fc08342c3cc233\"},\"description\":\"Die Tischdeko Fr\u00fchst\u00fcck ist nun fertig arrangiert, jetzt fehlen nur noch die leckeren K\u00f6stlichkeiten und die Familienmitglieder.\",\"breadcrumb\":{\"@id\":\"https:\/\/www.tafeldeko.de\/news\/tischdeko-fruehstueck-gemuetlich-und-schoen\/#breadcrumb\"},\"inLanguage\":\"de-DE\",\"potentialAction\":[{\"@type\":\"ReadAction\",\"target\":[\"https:\/\/www.tafeldeko.de\/news\/tischdeko-fruehstueck-gemuetlich-und-schoen\/\"]}]},{\"@type\":\"BreadcrumbList\",\"@id\":\"https:\/\/www.tafeldeko.de\/news\/tischdeko-fruehstueck-gemuetlich-und-schoen\/#breadcrumb\",\"itemListElement\":[{\"@type\":\"ListItem\",\"position\":1,\"name\":\"Tafeldeko\",\"item\":\"https:\/\/www.tafeldeko.de\/news\/\"},{\"@type\":\"ListItem\",\"position\":2,\"name\":\"Alte Beitr\u00e4ge\",\"item\":\"https:\/\/www.tafeldeko.de\/news\/alte-beitraege\/\"},{\"@type\":\"ListItem\",\"position\":3,\"name\":\"Tischdeko - Blog\",\"item\":\"https:\/\/www.tafeldeko.de\/news\/alte-beitraege\/tischdeko-blog\/\"},{\"@type\":\"ListItem\",\"position\":4,\"name\":\"Tischdeko Fr\u00fchst\u00fcck \u2013 gem\u00fctlich und sch\u00f6n\"}]},{\"@type\":\"WebSite\",\"@id\":\"https:\/\/www.tafeldeko.de\/news\/#website\",\"url\":\"https:\/\/www.tafeldeko.de\/news\/\",\"name\":\"Tafeldeko\",\"description\":\"Blog mit Tischdeko und Tischdekoration Ideen\",\"potentialAction\":[{\"@type\":\"SearchAction\",\"target\":{\"@type\":\"EntryPoint\",\"urlTemplate\":\"https:\/\/www.tafeldeko.de\/news\/?s={search_term_string}\"},\"query-input\":\"required name=search_term_string\"}],\"inLanguage\":\"de-DE\"},{\"@type\":\"Person\",\"@id\":\"https:\/\/www.tafeldeko.de\/news\/#\/schema\/person\/dc309fbb6a3e380919fc08342c3cc233\",\"name\":\"Tafeldeko Deko Team\",\"image\":{\"@type\":\"ImageObject\",\"inLanguage\":\"de-DE\",\"@id\":\"https:\/\/www.tafeldeko.de\/news\/#\/schema\/person\/image\/\",\"url\":\"https:\/\/secure.gravatar.com\/avatar\/1e962f4040dc9996f0d200db31598854?s=96&d=mm&r=g\",\"contentUrl\":\"https:\/\/secure.gravatar.com\/avatar\/1e962f4040dc9996f0d200db31598854?s=96&d=mm&r=g\",\"caption\":\"Tafeldeko Deko Team\"}}]}<\/script>\n<!-- \/ Yoast SEO plugin. -->","yoast_head_json":{"title":"Tischdeko Fr\u00fchst\u00fcck \u2013 gem\u00fctlich und sch\u00f6n - Tafeldeko","description":"Die Tischdeko Fr\u00fchst\u00fcck ist nun fertig arrangiert, jetzt fehlen nur noch die leckeren K\u00f6stlichkeiten und die Familienmitglieder.","robots":{"index":"index","follow":"follow","max-snippet":"max-snippet:-1","max-image-preview":"max-image-preview:large","max-video-preview":"max-video-preview:-1"},"canonical":"https:\/\/www.tafeldeko.de\/news\/tischdeko-fruehstueck-gemuetlich-und-schoen\/","og_locale":"de_DE","og_type":"article","og_title":"Tischdeko Fr\u00fchst\u00fcck \u2013 gem\u00fctlich und sch\u00f6n - Tafeldeko","og_description":"Die Tischdeko Fr\u00fchst\u00fcck ist nun fertig arrangiert, jetzt fehlen nur noch die leckeren K\u00f6stlichkeiten und die Familienmitglieder.","og_url":"https:\/\/www.tafeldeko.de\/news\/tischdeko-fruehstueck-gemuetlich-und-schoen\/","og_site_name":"Tafeldeko","article_publisher":"https:\/\/www.facebook.com\/pages\/Tafeldeko-einzigartige-Tischdekoration\/174202655894","article_published_time":"2015-07-16T12:59:49+00:00","article_modified_time":"2023-01-24T10:21:22+00:00","og_image":[{"width":250,"height":170,"url":"https:\/\/www.tafeldeko.de\/news\/wp-content\/uploads\/2015\/07\/morningsun.jpg","type":"image\/jpeg"}],"author":"Tafeldeko Deko Team","twitter_misc":{"Verfasst von":"Tafeldeko Deko Team","Gesch\u00e4tzte Lesezeit":"2 Minuten"},"schema":{"@context":"https:\/\/schema.org","@graph":[{"@type":"WebPage","@id":"https:\/\/www.tafeldeko.de\/news\/tischdeko-fruehstueck-gemuetlich-und-schoen\/","url":"https:\/\/www.tafeldeko.de\/news\/tischdeko-fruehstueck-gemuetlich-und-schoen\/","name":"Tischdeko Fr\u00fchst\u00fcck \u2013 gem\u00fctlich und sch\u00f6n - Tafeldeko","isPartOf":{"@id":"https:\/\/www.tafeldeko.de\/news\/#website"},"datePublished":"2015-07-16T12:59:49+00:00","dateModified":"2023-01-24T10:21:22+00:00","author":{"@id":"https:\/\/www.tafeldeko.de\/news\/#\/schema\/person\/dc309fbb6a3e380919fc08342c3cc233"},"description":"Die Tischdeko Fr\u00fchst\u00fcck ist nun fertig arrangiert, jetzt fehlen nur noch die leckeren K\u00f6stlichkeiten und die Familienmitglieder.","breadcrumb":{"@id":"https:\/\/www.tafeldeko.de\/news\/tischdeko-fruehstueck-gemuetlich-und-schoen\/#breadcrumb"},"inLanguage":"de-DE","potentialAction":[{"@type":"ReadAction","target":["https:\/\/www.tafeldeko.de\/news\/tischdeko-fruehstueck-gemuetlich-und-schoen\/"]}]},{"@type":"BreadcrumbList","@id":"https:\/\/www.tafeldeko.de\/news\/tischdeko-fruehstueck-gemuetlich-und-schoen\/#breadcrumb","itemListElement":[{"@type":"ListItem","position":1,"name":"Tafeldeko","item":"https:\/\/www.tafeldeko.de\/news\/"},{"@type":"ListItem","position":2,"name":"Alte Beitr\u00e4ge","item":"https:\/\/www.tafeldeko.de\/news\/alte-beitraege\/"},{"@type":"ListItem","position":3,"name":"Tischdeko - Blog","item":"https:\/\/www.tafeldeko.de\/news\/alte-beitraege\/tischdeko-blog\/"},{"@type":"ListItem","position":4,"name":"Tischdeko Fr\u00fchst\u00fcck \u2013 gem\u00fctlich und sch\u00f6n"}]},{"@type":"WebSite","@id":"https:\/\/www.tafeldeko.de\/news\/#website","url":"https:\/\/www.tafeldeko.de\/news\/","name":"Tafeldeko","description":"Blog mit Tischdeko und Tischdekoration Ideen","potentialAction":[{"@type":"SearchAction","target":{"@type":"EntryPoint","urlTemplate":"https:\/\/www.tafeldeko.de\/news\/?s={search_term_string}"},"query-input":"required name=search_term_string"}],"inLanguage":"de-DE"},{"@type":"Person","@id":"https:\/\/www.tafeldeko.de\/news\/#\/schema\/person\/dc309fbb6a3e380919fc08342c3cc233","name":"Tafeldeko Deko Team","image":{"@type":"ImageObject","inLanguage":"de-DE","@id":"https:\/\/www.tafeldeko.de\/news\/#\/schema\/person\/image\/","url":"https:\/\/secure.gravatar.com\/avatar\/1e962f4040dc9996f0d200db31598854?s=96&d=mm&r=g","contentUrl":"https:\/\/secure.gravatar.com\/avatar\/1e962f4040dc9996f0d200db31598854?s=96&d=mm&r=g","caption":"Tafeldeko Deko Team"}}]}},"_links":{"self":[{"href":"https:\/\/www.tafeldeko.de\/news\/wp-json\/wp\/v2\/posts\/6463"}],"collection":[{"href":"https:\/\/www.tafeldeko.de\/news\/wp-json\/wp\/v2\/posts"}],"about":[{"href":"https:\/\/www.tafeldeko.de\/news\/wp-json\/wp\/v2\/types\/post"}],"author":[{"embeddable":true,"href":"https:\/\/www.tafeldeko.de\/news\/wp-json\/wp\/v2\/users\/6"}],"replies":[{"embeddable":true,"href":"https:\/\/www.tafeldeko.de\/news\/wp-json\/wp\/v2\/comments?post=6463"}],"version-history":[{"count":6,"href":"https:\/\/www.tafeldeko.de\/news\/wp-json\/wp\/v2\/posts\/6463\/revisions"}],"predecessor-version":[{"id":22131,"href":"https:\/\/www.tafeldeko.de\/news\/wp-json\/wp\/v2\/posts\/6463\/revisions\/22131"}],"wp:featuredmedia":[{"embeddable":true,"href":"https:\/\/www.tafeldeko.de\/news\/wp-json\/wp\/v2\/media\/6464"}],"wp:attachment":[{"href":"https:\/\/www.tafeldeko.de\/news\/wp-json\/wp\/v2\/media?parent=6463"}],"wp:term":[{"taxonomy":"category","embeddable":true,"href":"https:\/\/www.tafeldeko.de\/news\/wp-json\/wp\/v2\/categories?post=6463"},{"taxonomy":"post_tag","embeddable":true,"href":"https:\/\/www.tafeldeko.de\/news\/wp-json\/wp\/v2\/tags?post=6463"}],"curies":[{"name":"wp","href":"https:\/\/api.w.org\/{rel}","templated":true}]}}