{"id":6460,"date":"2015-07-17T13:21:17","date_gmt":"2015-07-17T11:21:17","guid":{"rendered":"http:\/\/www.tafeldeko.de\/news\/?p=6460"},"modified":"2023-01-24T11:16:29","modified_gmt":"2023-01-24T10:16:29","slug":"sommerliche-deko-ideen","status":"publish","type":"post","link":"https:\/\/www.tafeldeko.de\/news\/sommerliche-deko-ideen\/","title":{"rendered":"Sommerliche Deko \u2013 Ideen"},"content":{"rendered":"<p>Eine <strong>sommerliche Deko<\/strong> sorgt f\u00fcr etwas Urlaubsflair in den eigenen vier W\u00e4nden \u2013 ob der Urlaub schon hinter Ihnen oder noch vor Ihnen liegt. Es ist doch wundersch\u00f6n, im Schatten eines Baumes zu sitzen, die Abendstunden zu genie\u00dfen, dem Zwitschern der V\u00f6gel zu lauschen und mit Freunden zu feiern. Und all das k\u00f6nnen Sie mit einer sommerlichen Deko auf dem Tisch oder im Garten unterstreichen und f\u00fcr Gem\u00fctlichkeit sorgen. Wie kann die sommerliche Deko aussehen? Welche Accessoires sorgen f\u00fcr das sommerliche Flair und schaffen Highlights<\/p>\n<p><img decoding=\"async\" loading=\"lazy\" src=\"https:\/\/www.tafeldeko.de\/news\/wp-content\/uploads\/2015\/07\/IMG_0390-1024x683.jpg\" sizes=\"(max-width: 800px) 100vw, 800px\" srcset=\"https:\/\/www.tafeldeko.de\/news\/wp-content\/uploads\/2015\/07\/IMG_0390-1024x683.jpg 1024w, https:\/\/www.tafeldeko.de\/news\/wp-content\/uploads\/2015\/07\/IMG_0390-300x200.jpg 300w, https:\/\/www.tafeldeko.de\/news\/wp-content\/uploads\/2015\/07\/IMG_0390-768x512.jpg 768w, https:\/\/www.tafeldeko.de\/news\/wp-content\/uploads\/2015\/07\/IMG_0390-1536x1024.jpg 1536w, https:\/\/www.tafeldeko.de\/news\/wp-content\/uploads\/2015\/07\/IMG_0390-2048x1365.jpg 2048w, https:\/\/www.tafeldeko.de\/news\/wp-content\/uploads\/2015\/07\/IMG_0390-640x427.jpg 640w\" alt=\"sommerliche Deko Ideen\" width=\"800\" height=\"534\" \/><\/p>\n<h2>Ideen f\u00fcr die sommerliche Deko<\/h2>\n<p>Der Sommer ist bunt \u2013 und so kann sich auch Ihre sommerliche Deko pr\u00e4sentieren. Kr\u00e4ftig, erfrischende und leuchtende Farben \u2013 mit diesen k\u00f6nnen Sie f\u00fcr die ersten sommerlichen Akzente sorgen.<\/p>\n<h3>Sommerliche Deko mit Blumen<\/h3>\n<p>Bunte, leuchtende Blumen geh\u00f6ren einfach zum Sommer. Bl\u00fcten in sattem Gelb, leuchtendem Rot oder Orange bringen uns den Sommer ein St\u00fcck n\u00e4her. <strong>Dekorationen mit Blumen<\/strong> besitzen einen erfrischenden, sonnigen Charakter und verbreiten gute Laune. Wie Sie die Blumen arrangieren, bleibt Ihnen \u00fcberlassen. Aber auch hier haben wir einige Ideen f\u00fcr Sie zusammengetragen: Schmale Vasen sind in! Eine schlichte, schmale Vase mit einer einzelnen Bl\u00fcte arrangiert, setzt tolle Akzente \u2013 auf dem Tisch, der Fensterbank, auf den M\u00f6beln.<br \/>\nOder arrangieren Sie einzelne Bl\u00fcten in einer mit Wasser gef\u00fcllten Glasschale. F\u00fcr den tollen Effekt geben Sie noch einige Schwimmkerzen zu diesem Arrangement. Gerade im Garten macht sich diese Art der sommerlichen Deko hervorragend.<\/p>\n<h3>Sommerliche Deko im maritimen Look<\/h3>\n<p>Dekorationen im maritimen Stil sind immer wieder sch\u00f6n und \u00e4u\u00dferst beliebt. Bei dieser Art der Deko finden oftmals die Mitbringsel aus den Urlauben ihren Platz. Muscheln, Sand vom Strand, Treibholz und vieles mehr kann in der <strong>maritimen, sommerlichen Deko<\/strong> Verwendung finden. Mit einigen weiteren Accessoires wie zum Beispiel Fischernetze, maritime Dekofiguren, Leuchtt\u00fcrme und kleine Schiffe k\u00f6nnen Sie der maritimen Deko ein tolles Urlaubsflair verleihen.<br \/>\nOder kombinieren Sie doch einfach die maritime Deko mit der Blumen-Deko und zaubern Sie <strong>ausdrucksstarke Hingucker<\/strong> in Ihre R\u00e4ume.<\/p>\n<h2>Weitere Beitr\u00e4ge:<\/h2>\n<h2>Dekoartikel von A-Z<\/h2>\n<p><a href=\"https:\/\/www.tafeldeko.de\/tischdeko-artikel\/\"><br \/>\nJetzt entdecken <\/a><\/p>\n","protected":false},"excerpt":{"rendered":"<p>Eine sommerliche Deko sorgt f\u00fcr etwas Urlaubsflair in den eigenen vier W\u00e4nden \u2013 ob der Urlaub schon hinter Ihnen oder noch vor Ihnen liegt. Es ist doch wundersch\u00f6n, im Schatten eines Baumes zu sitzen, die Abendstunden zu genie\u00dfen, dem Zwitschern der V\u00f6gel zu lauschen und mit Freunden zu feiern. Und all das k\u00f6nnen Sie mit [&hellip;]<\/p>\n","protected":false},"author":6,"featured_media":22123,"comment_status":"closed","ping_status":"closed","sticky":false,"template":"","format":"standard","meta":{"footnotes":""},"categories":[1],"tags":[],"yoast_head":"<!-- This site is optimized with the Yoast SEO plugin v20.4 - https:\/\/yoast.com\/wordpress\/plugins\/seo\/ -->\n<title>Sommerliche Deko \u2013 Ideen - Tafeldeko<\/title>\n<meta name=\"description\" content=\"Der Sommer ist bunt \u2013 und so kann sich auch Ihre sommerliche Deko Ideen pr\u00e4sentieren: kr\u00e4ftig, erfrischend und in leuchtenden Farben...\" \/>\n<meta name=\"robots\" content=\"index, follow, max-snippet:-1, max-image-preview:large, max-video-preview:-1\" \/>\n<link rel=\"canonical\" href=\"https:\/\/www.tafeldeko.de\/news\/sommerliche-deko-ideen\/\" \/>\n<meta property=\"og:locale\" content=\"de_DE\" \/>\n<meta property=\"og:type\" content=\"article\" \/>\n<meta property=\"og:title\" content=\"Sommerliche Deko \u2013 Ideen - Tafeldeko\" \/>\n<meta property=\"og:description\" content=\"Der Sommer ist bunt \u2013 und so kann sich auch Ihre sommerliche Deko Ideen pr\u00e4sentieren: kr\u00e4ftig, erfrischend und in leuchtenden Farben...\" \/>\n<meta property=\"og:url\" content=\"https:\/\/www.tafeldeko.de\/news\/sommerliche-deko-ideen\/\" \/>\n<meta property=\"og:site_name\" content=\"Tafeldeko\" \/>\n<meta property=\"article:publisher\" content=\"https:\/\/www.facebook.com\/pages\/Tafeldeko-einzigartige-Tischdekoration\/174202655894\" \/>\n<meta property=\"article:published_time\" content=\"2015-07-17T11:21:17+00:00\" \/>\n<meta property=\"article:modified_time\" content=\"2023-01-24T10:16:29+00:00\" \/>\n<meta property=\"og:image\" content=\"https:\/\/www.tafeldeko.de\/news\/wp-content\/uploads\/2015\/07\/IMG_0390-scaled.jpg\" \/>\n\t<meta property=\"og:image:width\" content=\"2560\" \/>\n\t<meta property=\"og:image:height\" content=\"1707\" \/>\n\t<meta property=\"og:image:type\" content=\"image\/jpeg\" \/>\n<meta name=\"author\" content=\"Tafeldeko Deko Team\" \/>\n<meta name=\"twitter:label1\" content=\"Verfasst von\" \/>\n\t<meta name=\"twitter:data1\" content=\"Tafeldeko Deko Team\" \/>\n\t<meta name=\"twitter:label2\" content=\"Gesch\u00e4tzte Lesezeit\" \/>\n\t<meta name=\"twitter:data2\" content=\"3 Minuten\" \/>\n<script type=\"application\/ld+json\" class=\"yoast-schema-graph\">{\"@context\":\"https:\/\/schema.org\",\"@graph\":[{\"@type\":\"WebPage\",\"@id\":\"https:\/\/www.tafeldeko.de\/news\/sommerliche-deko-ideen\/\",\"url\":\"https:\/\/www.tafeldeko.de\/news\/sommerliche-deko-ideen\/\",\"name\":\"Sommerliche Deko \u2013 Ideen - Tafeldeko\",\"isPartOf\":{\"@id\":\"https:\/\/www.tafeldeko.de\/news\/#website\"},\"datePublished\":\"2015-07-17T11:21:17+00:00\",\"dateModified\":\"2023-01-24T10:16:29+00:00\",\"author\":{\"@id\":\"https:\/\/www.tafeldeko.de\/news\/#\/schema\/person\/dc309fbb6a3e380919fc08342c3cc233\"},\"description\":\"Der Sommer ist bunt \u2013 und so kann sich auch Ihre sommerliche Deko Ideen pr\u00e4sentieren: kr\u00e4ftig, erfrischend und in leuchtenden Farben...\",\"breadcrumb\":{\"@id\":\"https:\/\/www.tafeldeko.de\/news\/sommerliche-deko-ideen\/#breadcrumb\"},\"inLanguage\":\"de-DE\",\"potentialAction\":[{\"@type\":\"ReadAction\",\"target\":[\"https:\/\/www.tafeldeko.de\/news\/sommerliche-deko-ideen\/\"]}]},{\"@type\":\"BreadcrumbList\",\"@id\":\"https:\/\/www.tafeldeko.de\/news\/sommerliche-deko-ideen\/#breadcrumb\",\"itemListElement\":[{\"@type\":\"ListItem\",\"position\":1,\"name\":\"Tafeldeko\",\"item\":\"https:\/\/www.tafeldeko.de\/news\/\"},{\"@type\":\"ListItem\",\"position\":2,\"name\":\"Alte Beitr\u00e4ge\",\"item\":\"https:\/\/www.tafeldeko.de\/news\/alte-beitraege\/\"},{\"@type\":\"ListItem\",\"position\":3,\"name\":\"Tischdeko - Blog\",\"item\":\"https:\/\/www.tafeldeko.de\/news\/alte-beitraege\/tischdeko-blog\/\"},{\"@type\":\"ListItem\",\"position\":4,\"name\":\"Sommerliche Deko \u2013 Ideen\"}]},{\"@type\":\"WebSite\",\"@id\":\"https:\/\/www.tafeldeko.de\/news\/#website\",\"url\":\"https:\/\/www.tafeldeko.de\/news\/\",\"name\":\"Tafeldeko\",\"description\":\"Blog mit Tischdeko und Tischdekoration Ideen\",\"potentialAction\":[{\"@type\":\"SearchAction\",\"target\":{\"@type\":\"EntryPoint\",\"urlTemplate\":\"https:\/\/www.tafeldeko.de\/news\/?s={search_term_string}\"},\"query-input\":\"required name=search_term_string\"}],\"inLanguage\":\"de-DE\"},{\"@type\":\"Person\",\"@id\":\"https:\/\/www.tafeldeko.de\/news\/#\/schema\/person\/dc309fbb6a3e380919fc08342c3cc233\",\"name\":\"Tafeldeko Deko Team\",\"image\":{\"@type\":\"ImageObject\",\"inLanguage\":\"de-DE\",\"@id\":\"https:\/\/www.tafeldeko.de\/news\/#\/schema\/person\/image\/\",\"url\":\"https:\/\/secure.gravatar.com\/avatar\/1e962f4040dc9996f0d200db31598854?s=96&d=mm&r=g\",\"contentUrl\":\"https:\/\/secure.gravatar.com\/avatar\/1e962f4040dc9996f0d200db31598854?s=96&d=mm&r=g\",\"caption\":\"Tafeldeko Deko Team\"}}]}<\/script>\n<!-- \/ Yoast SEO plugin. -->","yoast_head_json":{"title":"Sommerliche Deko \u2013 Ideen - Tafeldeko","description":"Der Sommer ist bunt \u2013 und so kann sich auch Ihre sommerliche Deko Ideen pr\u00e4sentieren: kr\u00e4ftig, erfrischend und in leuchtenden Farben...","robots":{"index":"index","follow":"follow","max-snippet":"max-snippet:-1","max-image-preview":"max-image-preview:large","max-video-preview":"max-video-preview:-1"},"canonical":"https:\/\/www.tafeldeko.de\/news\/sommerliche-deko-ideen\/","og_locale":"de_DE","og_type":"article","og_title":"Sommerliche Deko \u2013 Ideen - Tafeldeko","og_description":"Der Sommer ist bunt \u2013 und so kann sich auch Ihre sommerliche Deko Ideen pr\u00e4sentieren: kr\u00e4ftig, erfrischend und in leuchtenden Farben...","og_url":"https:\/\/www.tafeldeko.de\/news\/sommerliche-deko-ideen\/","og_site_name":"Tafeldeko","article_publisher":"https:\/\/www.facebook.com\/pages\/Tafeldeko-einzigartige-Tischdekoration\/174202655894","article_published_time":"2015-07-17T11:21:17+00:00","article_modified_time":"2023-01-24T10:16:29+00:00","og_image":[{"width":2560,"height":1707,"url":"https:\/\/www.tafeldeko.de\/news\/wp-content\/uploads\/2015\/07\/IMG_0390-scaled.jpg","type":"image\/jpeg"}],"author":"Tafeldeko Deko Team","twitter_misc":{"Verfasst von":"Tafeldeko Deko Team","Gesch\u00e4tzte Lesezeit":"3 Minuten"},"schema":{"@context":"https:\/\/schema.org","@graph":[{"@type":"WebPage","@id":"https:\/\/www.tafeldeko.de\/news\/sommerliche-deko-ideen\/","url":"https:\/\/www.tafeldeko.de\/news\/sommerliche-deko-ideen\/","name":"Sommerliche Deko \u2013 Ideen - Tafeldeko","isPartOf":{"@id":"https:\/\/www.tafeldeko.de\/news\/#website"},"datePublished":"2015-07-17T11:21:17+00:00","dateModified":"2023-01-24T10:16:29+00:00","author":{"@id":"https:\/\/www.tafeldeko.de\/news\/#\/schema\/person\/dc309fbb6a3e380919fc08342c3cc233"},"description":"Der Sommer ist bunt \u2013 und so kann sich auch Ihre sommerliche Deko Ideen pr\u00e4sentieren: kr\u00e4ftig, erfrischend und in leuchtenden Farben...","breadcrumb":{"@id":"https:\/\/www.tafeldeko.de\/news\/sommerliche-deko-ideen\/#breadcrumb"},"inLanguage":"de-DE","potentialAction":[{"@type":"ReadAction","target":["https:\/\/www.tafeldeko.de\/news\/sommerliche-deko-ideen\/"]}]},{"@type":"BreadcrumbList","@id":"https:\/\/www.tafeldeko.de\/news\/sommerliche-deko-ideen\/#breadcrumb","itemListElement":[{"@type":"ListItem","position":1,"name":"Tafeldeko","item":"https:\/\/www.tafeldeko.de\/news\/"},{"@type":"ListItem","position":2,"name":"Alte Beitr\u00e4ge","item":"https:\/\/www.tafeldeko.de\/news\/alte-beitraege\/"},{"@type":"ListItem","position":3,"name":"Tischdeko - Blog","item":"https:\/\/www.tafeldeko.de\/news\/alte-beitraege\/tischdeko-blog\/"},{"@type":"ListItem","position":4,"name":"Sommerliche Deko \u2013 Ideen"}]},{"@type":"WebSite","@id":"https:\/\/www.tafeldeko.de\/news\/#website","url":"https:\/\/www.tafeldeko.de\/news\/","name":"Tafeldeko","description":"Blog mit Tischdeko und Tischdekoration Ideen","potentialAction":[{"@type":"SearchAction","target":{"@type":"EntryPoint","urlTemplate":"https:\/\/www.tafeldeko.de\/news\/?s={search_term_string}"},"query-input":"required name=search_term_string"}],"inLanguage":"de-DE"},{"@type":"Person","@id":"https:\/\/www.tafeldeko.de\/news\/#\/schema\/person\/dc309fbb6a3e380919fc08342c3cc233","name":"Tafeldeko Deko Team","image":{"@type":"ImageObject","inLanguage":"de-DE","@id":"https:\/\/www.tafeldeko.de\/news\/#\/schema\/person\/image\/","url":"https:\/\/secure.gravatar.com\/avatar\/1e962f4040dc9996f0d200db31598854?s=96&d=mm&r=g","contentUrl":"https:\/\/secure.gravatar.com\/avatar\/1e962f4040dc9996f0d200db31598854?s=96&d=mm&r=g","caption":"Tafeldeko Deko Team"}}]}},"_links":{"self":[{"href":"https:\/\/www.tafeldeko.de\/news\/wp-json\/wp\/v2\/posts\/6460"}],"collection":[{"href":"https:\/\/www.tafeldeko.de\/news\/wp-json\/wp\/v2\/posts"}],"about":[{"href":"https:\/\/www.tafeldeko.de\/news\/wp-json\/wp\/v2\/types\/post"}],"author":[{"embeddable":true,"href":"https:\/\/www.tafeldeko.de\/news\/wp-json\/wp\/v2\/users\/6"}],"replies":[{"embeddable":true,"href":"https:\/\/www.tafeldeko.de\/news\/wp-json\/wp\/v2\/comments?post=6460"}],"version-history":[{"count":5,"href":"https:\/\/www.tafeldeko.de\/news\/wp-json\/wp\/v2\/posts\/6460\/revisions"}],"predecessor-version":[{"id":22127,"href":"https:\/\/www.tafeldeko.de\/news\/wp-json\/wp\/v2\/posts\/6460\/revisions\/22127"}],"wp:featuredmedia":[{"embeddable":true,"href":"https:\/\/www.tafeldeko.de\/news\/wp-json\/wp\/v2\/media\/22123"}],"wp:attachment":[{"href":"https:\/\/www.tafeldeko.de\/news\/wp-json\/wp\/v2\/media?parent=6460"}],"wp:term":[{"taxonomy":"category","embeddable":true,"href":"https:\/\/www.tafeldeko.de\/news\/wp-json\/wp\/v2\/categories?post=6460"},{"taxonomy":"post_tag","embeddable":true,"href":"https:\/\/www.tafeldeko.de\/news\/wp-json\/wp\/v2\/tags?post=6460"}],"curies":[{"name":"wp","href":"https:\/\/api.w.org\/{rel}","templated":true}]}}