{"id":6449,"date":"2015-07-20T15:46:28","date_gmt":"2015-07-20T13:46:28","guid":{"rendered":"http:\/\/www.tafeldeko.de\/news\/?p=6449"},"modified":"2023-01-24T10:51:01","modified_gmt":"2023-01-24T09:51:01","slug":"tischdeko-black-and-white","status":"publish","type":"post","link":"https:\/\/www.tafeldeko.de\/news\/tischdeko-black-and-white\/","title":{"rendered":"Tischdeko Black and White"},"content":{"rendered":"<p>Ganz gleich, was Sie feiern: die <strong>Tischdeko Black and White<\/strong> bietet eine wundersch\u00f6ne und vor allem kontrastreiche Basis. Tischdekorationen, der Hauptbestandteile schwarz und wei\u00df sind, bringen das gewisse Etwas mit sich. Nun werden einige, die dies lesen, denken: \u201eNaja, das ist doch bestimmt etwas trostlos und kalt, wo ist da das gewisse Etwas?\u201c Sie k\u00f6nnen die Tischdeko Black and White <strong>mit kleinen optischen Highlights<\/strong> ganz besonders aufwerten. Zudem wird der Tisch nicht nur in Wei\u00df und Schwarz eingedeckt, sondern mit gezielt platzierten Accessoires gekonnt arrangiert.<\/p>\n<p><img decoding=\"async\" loading=\"lazy\" src=\"https:\/\/www.tafeldeko.de\/news\/wp-content\/uploads\/2015\/07\/blackandwhite.jpg\" alt=\"Tischdeko Black and White\" width=\"250\" height=\"170\" \/><\/p>\n<h2>Tischdeko Black and White mit Duni<\/h2>\n<p>Duni, der Name, der f\u00fcr Servietten und Co steht, setzt ebenfalls auf den schwarz-wei\u00dfen Trend. <a href=\"https:\/\/www.tafeldeko.de\" target=\"_blank\" rel=\"noopener\"><strong>Tischdekorationen<\/strong><\/a> in Schwarz und Wei\u00df, k\u00f6nnen mit den gleichnamigen Accessoires von Duni im Handumdrehen arrangiert werden. Die Serie nennt sich: Black &amp; White und sorgt f\u00fcr einen<strong> stylischen Look<\/strong> auf dem Tisch.<br \/>\nBei dieser Serie dreht sich alles um Schwarz und Wei\u00df \u2013 werden diese beiden Farben in diversen Varianten miteinander gemischt und kombiniert. Im Zickzack-Muster, im Streifendesign, als Blockstreifen, als Streifenverlauf und l\u00e4ngs und quer gestreift, kommen die Accessoires daher. Jedes einzelne Element, ob Servietten, die Tischdeckenrolle, die Tischsets oder die Glasuntersetzer, bestechen durch die<strong> tolle Optik<\/strong>.<br \/>\nMit diesen Accessoires haben Sie im Handumdrehen eine tolle Tischdeko kreiert. Kombinieren Sie zum Beispiel die <strong>Tischsets im Zickzack-Muster<\/strong> mit den Duni Zelltuch Servietten, eine wundersch\u00f6ne Kombination, die Akzente setzt.<br \/>\nGerade mit Tischsets bieten sich ausdrucksstarke Kreationen, da sie nicht den gesamten Tisch bedecken und so stets noch den Blick auf den Tisch offen lassen. Und genau diese Kombination sieht wundersch\u00f6n aus.<br \/>\nDie Tischdeko k\u00f6nnen Sie mit bunten, vereinzelt eingesetzten Accessoires, aufpeppen. Platzieren Sie beispielsweise in der Tischmitte einen dieser tollen Duni Kerzenhalter Poppie Wei\u00df in drei Farben. Das Besondere an diesem Kerzenhalter: das Innenleben ist bunt, w\u00e4hrend die Au\u00dfenseite wei\u00df ist. Und das passt nat\u00fcrlich perfekt zur Tischdeko Black and White.<\/p>\n<h2>Weitere Beitr\u00e4ge:<\/h2>\n<h2>Dekoartikel von A-Z<\/h2>\n<p><a href=\"https:\/\/www.tafeldeko.de\/tischdeko-artikel\/\"><br \/>\nJetzt entdecken <\/a><\/p>\n","protected":false},"excerpt":{"rendered":"<p>Ganz gleich, was Sie feiern: die Tischdeko Black and White bietet eine wundersch\u00f6ne und vor allem kontrastreiche Basis. Tischdekorationen, der Hauptbestandteile schwarz und wei\u00df sind, bringen das gewisse Etwas mit sich. Nun werden einige, die dies lesen, denken: \u201eNaja, das ist doch bestimmt etwas trostlos und kalt, wo ist da das gewisse Etwas?\u201c Sie k\u00f6nnen [&hellip;]<\/p>\n","protected":false},"author":6,"featured_media":6450,"comment_status":"closed","ping_status":"closed","sticky":false,"template":"","format":"standard","meta":{"footnotes":""},"categories":[1],"tags":[],"yoast_head":"<!-- This site is optimized with the Yoast SEO plugin v20.4 - https:\/\/yoast.com\/wordpress\/plugins\/seo\/ -->\n<title>Tischdeko Black and White - Tafeldeko<\/title>\n<meta name=\"description\" content=\"Ganz gleich, was Sie feiern: die Tischdeko Black and White bietet eine wundersch\u00f6ne und vor allem kontrastreiche Basis - ein Blickfang.\" \/>\n<meta name=\"robots\" content=\"index, follow, max-snippet:-1, max-image-preview:large, max-video-preview:-1\" \/>\n<link rel=\"canonical\" href=\"https:\/\/www.tafeldeko.de\/news\/tischdeko-black-and-white\/\" \/>\n<meta property=\"og:locale\" content=\"de_DE\" \/>\n<meta property=\"og:type\" content=\"article\" \/>\n<meta property=\"og:title\" content=\"Tischdeko Black and White - Tafeldeko\" \/>\n<meta property=\"og:description\" content=\"Ganz gleich, was Sie feiern: die Tischdeko Black and White bietet eine wundersch\u00f6ne und vor allem kontrastreiche Basis - ein Blickfang.\" \/>\n<meta property=\"og:url\" content=\"https:\/\/www.tafeldeko.de\/news\/tischdeko-black-and-white\/\" \/>\n<meta property=\"og:site_name\" content=\"Tafeldeko\" \/>\n<meta property=\"article:publisher\" content=\"https:\/\/www.facebook.com\/pages\/Tafeldeko-einzigartige-Tischdekoration\/174202655894\" \/>\n<meta property=\"article:published_time\" content=\"2015-07-20T13:46:28+00:00\" \/>\n<meta property=\"article:modified_time\" content=\"2023-01-24T09:51:01+00:00\" \/>\n<meta property=\"og:image\" content=\"https:\/\/www.tafeldeko.de\/news\/wp-content\/uploads\/2015\/07\/blackandwhite.jpg\" \/>\n\t<meta property=\"og:image:width\" content=\"250\" \/>\n\t<meta property=\"og:image:height\" content=\"170\" \/>\n\t<meta property=\"og:image:type\" content=\"image\/jpeg\" \/>\n<meta name=\"author\" content=\"Tafeldeko Deko Team\" \/>\n<meta name=\"twitter:label1\" content=\"Verfasst von\" \/>\n\t<meta name=\"twitter:data1\" content=\"Tafeldeko Deko Team\" \/>\n\t<meta name=\"twitter:label2\" content=\"Gesch\u00e4tzte Lesezeit\" \/>\n\t<meta name=\"twitter:data2\" content=\"2 Minuten\" \/>\n<script type=\"application\/ld+json\" class=\"yoast-schema-graph\">{\"@context\":\"https:\/\/schema.org\",\"@graph\":[{\"@type\":\"WebPage\",\"@id\":\"https:\/\/www.tafeldeko.de\/news\/tischdeko-black-and-white\/\",\"url\":\"https:\/\/www.tafeldeko.de\/news\/tischdeko-black-and-white\/\",\"name\":\"Tischdeko Black and White - Tafeldeko\",\"isPartOf\":{\"@id\":\"https:\/\/www.tafeldeko.de\/news\/#website\"},\"datePublished\":\"2015-07-20T13:46:28+00:00\",\"dateModified\":\"2023-01-24T09:51:01+00:00\",\"author\":{\"@id\":\"https:\/\/www.tafeldeko.de\/news\/#\/schema\/person\/dc309fbb6a3e380919fc08342c3cc233\"},\"description\":\"Ganz gleich, was Sie feiern: die Tischdeko Black and White bietet eine wundersch\u00f6ne und vor allem kontrastreiche Basis - ein Blickfang.\",\"breadcrumb\":{\"@id\":\"https:\/\/www.tafeldeko.de\/news\/tischdeko-black-and-white\/#breadcrumb\"},\"inLanguage\":\"de-DE\",\"potentialAction\":[{\"@type\":\"ReadAction\",\"target\":[\"https:\/\/www.tafeldeko.de\/news\/tischdeko-black-and-white\/\"]}]},{\"@type\":\"BreadcrumbList\",\"@id\":\"https:\/\/www.tafeldeko.de\/news\/tischdeko-black-and-white\/#breadcrumb\",\"itemListElement\":[{\"@type\":\"ListItem\",\"position\":1,\"name\":\"Tafeldeko\",\"item\":\"https:\/\/www.tafeldeko.de\/news\/\"},{\"@type\":\"ListItem\",\"position\":2,\"name\":\"Alte Beitr\u00e4ge\",\"item\":\"https:\/\/www.tafeldeko.de\/news\/alte-beitraege\/\"},{\"@type\":\"ListItem\",\"position\":3,\"name\":\"Tischdeko - Blog\",\"item\":\"https:\/\/www.tafeldeko.de\/news\/alte-beitraege\/tischdeko-blog\/\"},{\"@type\":\"ListItem\",\"position\":4,\"name\":\"Tischdeko Black and White\"}]},{\"@type\":\"WebSite\",\"@id\":\"https:\/\/www.tafeldeko.de\/news\/#website\",\"url\":\"https:\/\/www.tafeldeko.de\/news\/\",\"name\":\"Tafeldeko\",\"description\":\"Blog mit Tischdeko und Tischdekoration Ideen\",\"potentialAction\":[{\"@type\":\"SearchAction\",\"target\":{\"@type\":\"EntryPoint\",\"urlTemplate\":\"https:\/\/www.tafeldeko.de\/news\/?s={search_term_string}\"},\"query-input\":\"required name=search_term_string\"}],\"inLanguage\":\"de-DE\"},{\"@type\":\"Person\",\"@id\":\"https:\/\/www.tafeldeko.de\/news\/#\/schema\/person\/dc309fbb6a3e380919fc08342c3cc233\",\"name\":\"Tafeldeko Deko Team\",\"image\":{\"@type\":\"ImageObject\",\"inLanguage\":\"de-DE\",\"@id\":\"https:\/\/www.tafeldeko.de\/news\/#\/schema\/person\/image\/\",\"url\":\"https:\/\/secure.gravatar.com\/avatar\/1e962f4040dc9996f0d200db31598854?s=96&d=mm&r=g\",\"contentUrl\":\"https:\/\/secure.gravatar.com\/avatar\/1e962f4040dc9996f0d200db31598854?s=96&d=mm&r=g\",\"caption\":\"Tafeldeko Deko Team\"}}]}<\/script>\n<!-- \/ Yoast SEO plugin. -->","yoast_head_json":{"title":"Tischdeko Black and White - Tafeldeko","description":"Ganz gleich, was Sie feiern: die Tischdeko Black and White bietet eine wundersch\u00f6ne und vor allem kontrastreiche Basis - ein Blickfang.","robots":{"index":"index","follow":"follow","max-snippet":"max-snippet:-1","max-image-preview":"max-image-preview:large","max-video-preview":"max-video-preview:-1"},"canonical":"https:\/\/www.tafeldeko.de\/news\/tischdeko-black-and-white\/","og_locale":"de_DE","og_type":"article","og_title":"Tischdeko Black and White - Tafeldeko","og_description":"Ganz gleich, was Sie feiern: die Tischdeko Black and White bietet eine wundersch\u00f6ne und vor allem kontrastreiche Basis - ein Blickfang.","og_url":"https:\/\/www.tafeldeko.de\/news\/tischdeko-black-and-white\/","og_site_name":"Tafeldeko","article_publisher":"https:\/\/www.facebook.com\/pages\/Tafeldeko-einzigartige-Tischdekoration\/174202655894","article_published_time":"2015-07-20T13:46:28+00:00","article_modified_time":"2023-01-24T09:51:01+00:00","og_image":[{"width":250,"height":170,"url":"https:\/\/www.tafeldeko.de\/news\/wp-content\/uploads\/2015\/07\/blackandwhite.jpg","type":"image\/jpeg"}],"author":"Tafeldeko Deko Team","twitter_misc":{"Verfasst von":"Tafeldeko Deko Team","Gesch\u00e4tzte Lesezeit":"2 Minuten"},"schema":{"@context":"https:\/\/schema.org","@graph":[{"@type":"WebPage","@id":"https:\/\/www.tafeldeko.de\/news\/tischdeko-black-and-white\/","url":"https:\/\/www.tafeldeko.de\/news\/tischdeko-black-and-white\/","name":"Tischdeko Black and White - Tafeldeko","isPartOf":{"@id":"https:\/\/www.tafeldeko.de\/news\/#website"},"datePublished":"2015-07-20T13:46:28+00:00","dateModified":"2023-01-24T09:51:01+00:00","author":{"@id":"https:\/\/www.tafeldeko.de\/news\/#\/schema\/person\/dc309fbb6a3e380919fc08342c3cc233"},"description":"Ganz gleich, was Sie feiern: die Tischdeko Black and White bietet eine wundersch\u00f6ne und vor allem kontrastreiche Basis - ein Blickfang.","breadcrumb":{"@id":"https:\/\/www.tafeldeko.de\/news\/tischdeko-black-and-white\/#breadcrumb"},"inLanguage":"de-DE","potentialAction":[{"@type":"ReadAction","target":["https:\/\/www.tafeldeko.de\/news\/tischdeko-black-and-white\/"]}]},{"@type":"BreadcrumbList","@id":"https:\/\/www.tafeldeko.de\/news\/tischdeko-black-and-white\/#breadcrumb","itemListElement":[{"@type":"ListItem","position":1,"name":"Tafeldeko","item":"https:\/\/www.tafeldeko.de\/news\/"},{"@type":"ListItem","position":2,"name":"Alte Beitr\u00e4ge","item":"https:\/\/www.tafeldeko.de\/news\/alte-beitraege\/"},{"@type":"ListItem","position":3,"name":"Tischdeko - Blog","item":"https:\/\/www.tafeldeko.de\/news\/alte-beitraege\/tischdeko-blog\/"},{"@type":"ListItem","position":4,"name":"Tischdeko Black and White"}]},{"@type":"WebSite","@id":"https:\/\/www.tafeldeko.de\/news\/#website","url":"https:\/\/www.tafeldeko.de\/news\/","name":"Tafeldeko","description":"Blog mit Tischdeko und Tischdekoration Ideen","potentialAction":[{"@type":"SearchAction","target":{"@type":"EntryPoint","urlTemplate":"https:\/\/www.tafeldeko.de\/news\/?s={search_term_string}"},"query-input":"required name=search_term_string"}],"inLanguage":"de-DE"},{"@type":"Person","@id":"https:\/\/www.tafeldeko.de\/news\/#\/schema\/person\/dc309fbb6a3e380919fc08342c3cc233","name":"Tafeldeko Deko Team","image":{"@type":"ImageObject","inLanguage":"de-DE","@id":"https:\/\/www.tafeldeko.de\/news\/#\/schema\/person\/image\/","url":"https:\/\/secure.gravatar.com\/avatar\/1e962f4040dc9996f0d200db31598854?s=96&d=mm&r=g","contentUrl":"https:\/\/secure.gravatar.com\/avatar\/1e962f4040dc9996f0d200db31598854?s=96&d=mm&r=g","caption":"Tafeldeko Deko Team"}}]}},"_links":{"self":[{"href":"https:\/\/www.tafeldeko.de\/news\/wp-json\/wp\/v2\/posts\/6449"}],"collection":[{"href":"https:\/\/www.tafeldeko.de\/news\/wp-json\/wp\/v2\/posts"}],"about":[{"href":"https:\/\/www.tafeldeko.de\/news\/wp-json\/wp\/v2\/types\/post"}],"author":[{"embeddable":true,"href":"https:\/\/www.tafeldeko.de\/news\/wp-json\/wp\/v2\/users\/6"}],"replies":[{"embeddable":true,"href":"https:\/\/www.tafeldeko.de\/news\/wp-json\/wp\/v2\/comments?post=6449"}],"version-history":[{"count":8,"href":"https:\/\/www.tafeldeko.de\/news\/wp-json\/wp\/v2\/posts\/6449\/revisions"}],"predecessor-version":[{"id":22105,"href":"https:\/\/www.tafeldeko.de\/news\/wp-json\/wp\/v2\/posts\/6449\/revisions\/22105"}],"wp:featuredmedia":[{"embeddable":true,"href":"https:\/\/www.tafeldeko.de\/news\/wp-json\/wp\/v2\/media\/6450"}],"wp:attachment":[{"href":"https:\/\/www.tafeldeko.de\/news\/wp-json\/wp\/v2\/media?parent=6449"}],"wp:term":[{"taxonomy":"category","embeddable":true,"href":"https:\/\/www.tafeldeko.de\/news\/wp-json\/wp\/v2\/categories?post=6449"},{"taxonomy":"post_tag","embeddable":true,"href":"https:\/\/www.tafeldeko.de\/news\/wp-json\/wp\/v2\/tags?post=6449"}],"curies":[{"name":"wp","href":"https:\/\/api.w.org\/{rel}","templated":true}]}}